









{"id":3799,"date":"2016-12-21T17:16:17","date_gmt":"2016-12-21T15:16:17","guid":{"rendered":"http:\/\/www.peoplesphere.be\/fr\/?p=3799"},"modified":"2016-12-21T17:16:17","modified_gmt":"2016-12-21T15:16:17","slug":"conference-formaform-le-0302-la-cooperation-entreprise-formation-un-duo-gagnant","status":"publish","type":"post","link":"https:\/\/peoplesphere.be\/fr\/conference-formaform-le-0302-la-cooperation-entreprise-formation-un-duo-gagnant\/","title":{"rendered":"Conf\u00e9rence FormaForm le 03\/02 : \u00ab\u00a0La coop\u00e9ration Entreprise-Formation, un duo gagnant.\u00a0\u00bb"},"content":{"rendered":"<p>Save the date! Dans le cadre du cycle de conf\u00e9rences FormaForm, le prochain rendez-vous est fix\u00e9 au 3 f\u00e9vrier 2017, \u00e0 Charleroi. L&rsquo;ambition de cette nouvelle rencontre organis\u00e9e \u00e0 l&rsquo;intention des professionnels de la Formation, r\u00e9pondre \u00e0 la question suivante: comment s\u2019y prendre pour apprendre tout au long de la vie?<!--more--><\/p>\n<p>Seront pr\u00e9sents au cours de cette conf\u00e9rence des repr\u00e9sentants issus de la formation, de l\u2019enseignement et du secteur syndical qui agissent tant au niveau de la Communaut\u00e9 fran\u00e7aise qu\u2019\u00e0 l\u2019\u00e9chelon r\u00e9gional et europ\u00e9en.<br \/>\nLe programme complet de la conf\u00e9rence intitul\u00e9e <strong><em>\u00ab\u00a0La coop\u00e9ration entreprise-formation, un duo gagnant\u00a0\u00bb<\/em><\/strong> sera diffus\u00e9 prochainement.Bloquez d\u00e8s \u00e0 pr\u00e9sent la date du 3 f\u00e9vrier dans votre agenda.<\/p>\n<p>&nbsp;<\/p>\n<p>&nbsp;<\/p>\n","protected":false},"excerpt":{"rendered":"<p>Save the date! Dans le cadre du cycle de conf\u00e9rences FormaForm, le prochain rendez-vous est fix\u00e9 au 3 f\u00e9vrier 2017, \u00e0 Charleroi. L&rsquo;ambition de cette nouvelle rencontre organis\u00e9e \u00e0 l&rsquo;intention des professionnels de la Formation, r\u00e9pondre \u00e0 la question suivante: [&hellip;]<\/p>\n","protected":false},"author":2,"featured_media":0,"comment_status":"closed","ping_status":"open","sticky":false,"template":"","format":"standard","meta":[],"categories":[67,8],"tags":[47,48,1050],"yoast_head":"<!-- This site is optimized with the Yoast SEO plugin v21.0 - https:\/\/yoast.com\/wordpress\/plugins\/seo\/ -->\n<title>Conf\u00e9rence FormaForm le 03\/02 : &quot;La coop\u00e9ration Entreprise-Formation, un duo gagnant.&quot; - Peoplesphere<\/title>\n<meta name=\"robots\" content=\"index, follow, max-snippet:-1, max-image-preview:large, max-video-preview:-1\" \/>\n<link rel=\"canonical\" href=\"https:\/\/peoplesphere.be\/fr\/conference-formaform-le-0302-la-cooperation-entreprise-formation-un-duo-gagnant\/\" \/>\n<meta property=\"og:locale\" content=\"fr_FR\" \/>\n<meta property=\"og:type\" content=\"article\" \/>\n<meta property=\"og:title\" content=\"Conf\u00e9rence FormaForm le 03\/02 : &quot;La coop\u00e9ration Entreprise-Formation, un duo gagnant.&quot; - Peoplesphere\" \/>\n<meta property=\"og:description\" content=\"Save the date! Dans le cadre du cycle de conf\u00e9rences FormaForm, le prochain rendez-vous est fix\u00e9 au 3 f\u00e9vrier 2017, \u00e0 Charleroi. L&rsquo;ambition de cette nouvelle rencontre organis\u00e9e \u00e0 l&rsquo;intention des professionnels de la Formation, r\u00e9pondre \u00e0 la question suivante: [&hellip;]\" \/>\n<meta property=\"og:url\" content=\"https:\/\/peoplesphere.be\/fr\/conference-formaform-le-0302-la-cooperation-entreprise-formation-un-duo-gagnant\/\" \/>\n<meta property=\"og:site_name\" content=\"Peoplesphere\" \/>\n<meta property=\"article:publisher\" content=\"https:\/\/www.facebook.com\/peoplesphere\" \/>\n<meta property=\"article:published_time\" content=\"2016-12-21T15:16:17+00:00\" \/>\n<meta property=\"og:image\" content=\"http:\/\/www.peoplesphere.be\/fr\/wp-content\/uploads\/2016\/07\/facebook-default-posting-1200x628px.jpg\" \/>\n<meta name=\"author\" content=\"Jean-Paul Erhard\" \/>\n<meta name=\"twitter:card\" content=\"summary_large_image\" \/>\n<meta name=\"twitter:creator\" content=\"@PeoplesphereMag\" \/>\n<meta name=\"twitter:site\" content=\"@PeoplesphereMag\" \/>\n<meta name=\"twitter:label1\" content=\"\u00c9crit par\" \/>\n\t<meta name=\"twitter:data1\" content=\"Jean-Paul Erhard\" \/>\n\t<meta name=\"twitter:label2\" content=\"Dur\u00e9e de lecture estim\u00e9e\" \/>\n\t<meta name=\"twitter:data2\" content=\"1 minute\" \/>\n<script type=\"application\/ld+json\" class=\"yoast-schema-graph\">{\"@context\":\"https:\/\/schema.org\",\"@graph\":[{\"@type\":\"Article\",\"@id\":\"https:\/\/peoplesphere.be\/fr\/conference-formaform-le-0302-la-cooperation-entreprise-formation-un-duo-gagnant\/#article\",\"isPartOf\":{\"@id\":\"https:\/\/peoplesphere.be\/fr\/conference-formaform-le-0302-la-cooperation-entreprise-formation-un-duo-gagnant\/\"},\"author\":{\"name\":\"Jean-Paul Erhard\",\"@id\":\"https:\/\/peoplesphere.be\/fr\/#\/schema\/person\/7976225ff17988604334abb7b3536a7e\"},\"headline\":\"Conf\u00e9rence FormaForm le 03\/02 : \u00ab\u00a0La coop\u00e9ration Entreprise-Formation, un duo gagnant.\u00a0\u00bb\",\"datePublished\":\"2016-12-21T15:16:17+00:00\",\"dateModified\":\"2016-12-21T15:16:17+00:00\",\"mainEntityOfPage\":{\"@id\":\"https:\/\/peoplesphere.be\/fr\/conference-formaform-le-0302-la-cooperation-entreprise-formation-un-duo-gagnant\/\"},\"wordCount\":137,\"publisher\":{\"@id\":\"https:\/\/peoplesphere.be\/fr\/#organization\"},\"keywords\":[\"Apprentissage\",\"Formation\",\"learning &amp; development\"],\"articleSection\":[\"Calendrier\",\"Events\"],\"inLanguage\":\"fr-FR\"},{\"@type\":\"WebPage\",\"@id\":\"https:\/\/peoplesphere.be\/fr\/conference-formaform-le-0302-la-cooperation-entreprise-formation-un-duo-gagnant\/\",\"url\":\"https:\/\/peoplesphere.be\/fr\/conference-formaform-le-0302-la-cooperation-entreprise-formation-un-duo-gagnant\/\",\"name\":\"Conf\u00e9rence FormaForm le 03\/02 : \\\"La coop\u00e9ration Entreprise-Formation, un duo gagnant.\\\" - Peoplesphere\",\"isPartOf\":{\"@id\":\"https:\/\/peoplesphere.be\/fr\/#website\"},\"datePublished\":\"2016-12-21T15:16:17+00:00\",\"dateModified\":\"2016-12-21T15:16:17+00:00\",\"breadcrumb\":{\"@id\":\"https:\/\/peoplesphere.be\/fr\/conference-formaform-le-0302-la-cooperation-entreprise-formation-un-duo-gagnant\/#breadcrumb\"},\"inLanguage\":\"fr-FR\",\"potentialAction\":[{\"@type\":\"ReadAction\",\"target\":[\"https:\/\/peoplesphere.be\/fr\/conference-formaform-le-0302-la-cooperation-entreprise-formation-un-duo-gagnant\/\"]}]},{\"@type\":\"BreadcrumbList\",\"@id\":\"https:\/\/peoplesphere.be\/fr\/conference-formaform-le-0302-la-cooperation-entreprise-formation-un-duo-gagnant\/#breadcrumb\",\"itemListElement\":[{\"@type\":\"ListItem\",\"position\":1,\"name\":\"Accueil\",\"item\":\"https:\/\/peoplesphere.be\/fr\/\"},{\"@type\":\"ListItem\",\"position\":2,\"name\":\"Conf\u00e9rence FormaForm le 03\/02 : \u00ab\u00a0La coop\u00e9ration Entreprise-Formation, un duo gagnant.\u00a0\u00bb\"}]},{\"@type\":\"WebSite\",\"@id\":\"https:\/\/peoplesphere.be\/fr\/#website\",\"url\":\"https:\/\/peoplesphere.be\/fr\/\",\"name\":\"Peoplesphere\",\"description\":\"The People Managers Magazine\",\"publisher\":{\"@id\":\"https:\/\/peoplesphere.be\/fr\/#organization\"},\"potentialAction\":[{\"@type\":\"SearchAction\",\"target\":{\"@type\":\"EntryPoint\",\"urlTemplate\":\"https:\/\/peoplesphere.be\/fr\/?s={search_term_string}\"},\"query-input\":\"required name=search_term_string\"}],\"inLanguage\":\"fr-FR\"},{\"@type\":\"Organization\",\"@id\":\"https:\/\/peoplesphere.be\/fr\/#organization\",\"name\":\"Peoplesphere Company srl\",\"url\":\"https:\/\/peoplesphere.be\/fr\/\",\"logo\":{\"@type\":\"ImageObject\",\"inLanguage\":\"fr-FR\",\"@id\":\"https:\/\/peoplesphere.be\/fr\/#\/schema\/logo\/image\/\",\"url\":\"https:\/\/peoplesphere.be\/fr\/wp-content\/uploads\/2023\/07\/peoplesphere-lgo-new-generik.jpg\",\"contentUrl\":\"https:\/\/peoplesphere.be\/fr\/wp-content\/uploads\/2023\/07\/peoplesphere-lgo-new-generik.jpg\",\"width\":1031,\"height\":1479,\"caption\":\"Peoplesphere Company srl\"},\"image\":{\"@id\":\"https:\/\/peoplesphere.be\/fr\/#\/schema\/logo\/image\/\"},\"sameAs\":[\"https:\/\/www.facebook.com\/peoplesphere\",\"https:\/\/twitter.com\/PeoplesphereMag\",\"https:\/\/www.linkedin.com\/company\/7587361?trk\",\"http:\/\/youtube.com\/peoplesphere\"]},{\"@type\":\"Person\",\"@id\":\"https:\/\/peoplesphere.be\/fr\/#\/schema\/person\/7976225ff17988604334abb7b3536a7e\",\"name\":\"Jean-Paul Erhard\",\"image\":{\"@type\":\"ImageObject\",\"inLanguage\":\"fr-FR\",\"@id\":\"https:\/\/peoplesphere.be\/fr\/#\/schema\/person\/image\/\",\"url\":\"https:\/\/secure.gravatar.com\/avatar\/f941e681460179738071629a51574930?s=96&d=mm&r=g\",\"contentUrl\":\"https:\/\/secure.gravatar.com\/avatar\/f941e681460179738071629a51574930?s=96&d=mm&r=g\",\"caption\":\"Jean-Paul Erhard\"},\"url\":\"https:\/\/peoplesphere.be\/fr\/author\/jpe\/\"}]}<\/script>\n<!-- \/ Yoast SEO plugin. -->","yoast_head_json":{"title":"Conf\u00e9rence FormaForm le 03\/02 : \"La coop\u00e9ration Entreprise-Formation, un duo gagnant.\" - Peoplesphere","robots":{"index":"index","follow":"follow","max-snippet":"max-snippet:-1","max-image-preview":"max-image-preview:large","max-video-preview":"max-video-preview:-1"},"canonical":"https:\/\/peoplesphere.be\/fr\/conference-formaform-le-0302-la-cooperation-entreprise-formation-un-duo-gagnant\/","og_locale":"fr_FR","og_type":"article","og_title":"Conf\u00e9rence FormaForm le 03\/02 : \"La coop\u00e9ration Entreprise-Formation, un duo gagnant.\" - Peoplesphere","og_description":"Save the date! Dans le cadre du cycle de conf\u00e9rences FormaForm, le prochain rendez-vous est fix\u00e9 au 3 f\u00e9vrier 2017, \u00e0 Charleroi. L&rsquo;ambition de cette nouvelle rencontre organis\u00e9e \u00e0 l&rsquo;intention des professionnels de la Formation, r\u00e9pondre \u00e0 la question suivante: [&hellip;]","og_url":"https:\/\/peoplesphere.be\/fr\/conference-formaform-le-0302-la-cooperation-entreprise-formation-un-duo-gagnant\/","og_site_name":"Peoplesphere","article_publisher":"https:\/\/www.facebook.com\/peoplesphere","article_published_time":"2016-12-21T15:16:17+00:00","og_image":[{"url":"http:\/\/www.peoplesphere.be\/fr\/wp-content\/uploads\/2016\/07\/facebook-default-posting-1200x628px.jpg"}],"author":"Jean-Paul Erhard","twitter_card":"summary_large_image","twitter_creator":"@PeoplesphereMag","twitter_site":"@PeoplesphereMag","twitter_misc":{"\u00c9crit par":"Jean-Paul Erhard","Dur\u00e9e de lecture estim\u00e9e":"1 minute"},"schema":{"@context":"https:\/\/schema.org","@graph":[{"@type":"Article","@id":"https:\/\/peoplesphere.be\/fr\/conference-formaform-le-0302-la-cooperation-entreprise-formation-un-duo-gagnant\/#article","isPartOf":{"@id":"https:\/\/peoplesphere.be\/fr\/conference-formaform-le-0302-la-cooperation-entreprise-formation-un-duo-gagnant\/"},"author":{"name":"Jean-Paul Erhard","@id":"https:\/\/peoplesphere.be\/fr\/#\/schema\/person\/7976225ff17988604334abb7b3536a7e"},"headline":"Conf\u00e9rence FormaForm le 03\/02 : \u00ab\u00a0La coop\u00e9ration Entreprise-Formation, un duo gagnant.\u00a0\u00bb","datePublished":"2016-12-21T15:16:17+00:00","dateModified":"2016-12-21T15:16:17+00:00","mainEntityOfPage":{"@id":"https:\/\/peoplesphere.be\/fr\/conference-formaform-le-0302-la-cooperation-entreprise-formation-un-duo-gagnant\/"},"wordCount":137,"publisher":{"@id":"https:\/\/peoplesphere.be\/fr\/#organization"},"keywords":["Apprentissage","Formation","learning &amp; development"],"articleSection":["Calendrier","Events"],"inLanguage":"fr-FR"},{"@type":"WebPage","@id":"https:\/\/peoplesphere.be\/fr\/conference-formaform-le-0302-la-cooperation-entreprise-formation-un-duo-gagnant\/","url":"https:\/\/peoplesphere.be\/fr\/conference-formaform-le-0302-la-cooperation-entreprise-formation-un-duo-gagnant\/","name":"Conf\u00e9rence FormaForm le 03\/02 : \"La coop\u00e9ration Entreprise-Formation, un duo gagnant.\" - Peoplesphere","isPartOf":{"@id":"https:\/\/peoplesphere.be\/fr\/#website"},"datePublished":"2016-12-21T15:16:17+00:00","dateModified":"2016-12-21T15:16:17+00:00","breadcrumb":{"@id":"https:\/\/peoplesphere.be\/fr\/conference-formaform-le-0302-la-cooperation-entreprise-formation-un-duo-gagnant\/#breadcrumb"},"inLanguage":"fr-FR","potentialAction":[{"@type":"ReadAction","target":["https:\/\/peoplesphere.be\/fr\/conference-formaform-le-0302-la-cooperation-entreprise-formation-un-duo-gagnant\/"]}]},{"@type":"BreadcrumbList","@id":"https:\/\/peoplesphere.be\/fr\/conference-formaform-le-0302-la-cooperation-entreprise-formation-un-duo-gagnant\/#breadcrumb","itemListElement":[{"@type":"ListItem","position":1,"name":"Accueil","item":"https:\/\/peoplesphere.be\/fr\/"},{"@type":"ListItem","position":2,"name":"Conf\u00e9rence FormaForm le 03\/02 : \u00ab\u00a0La coop\u00e9ration Entreprise-Formation, un duo gagnant.\u00a0\u00bb"}]},{"@type":"WebSite","@id":"https:\/\/peoplesphere.be\/fr\/#website","url":"https:\/\/peoplesphere.be\/fr\/","name":"Peoplesphere","description":"The People Managers Magazine","publisher":{"@id":"https:\/\/peoplesphere.be\/fr\/#organization"},"potentialAction":[{"@type":"SearchAction","target":{"@type":"EntryPoint","urlTemplate":"https:\/\/peoplesphere.be\/fr\/?s={search_term_string}"},"query-input":"required name=search_term_string"}],"inLanguage":"fr-FR"},{"@type":"Organization","@id":"https:\/\/peoplesphere.be\/fr\/#organization","name":"Peoplesphere Company srl","url":"https:\/\/peoplesphere.be\/fr\/","logo":{"@type":"ImageObject","inLanguage":"fr-FR","@id":"https:\/\/peoplesphere.be\/fr\/#\/schema\/logo\/image\/","url":"https:\/\/peoplesphere.be\/fr\/wp-content\/uploads\/2023\/07\/peoplesphere-lgo-new-generik.jpg","contentUrl":"https:\/\/peoplesphere.be\/fr\/wp-content\/uploads\/2023\/07\/peoplesphere-lgo-new-generik.jpg","width":1031,"height":1479,"caption":"Peoplesphere Company srl"},"image":{"@id":"https:\/\/peoplesphere.be\/fr\/#\/schema\/logo\/image\/"},"sameAs":["https:\/\/www.facebook.com\/peoplesphere","https:\/\/twitter.com\/PeoplesphereMag","https:\/\/www.linkedin.com\/company\/7587361?trk","http:\/\/youtube.com\/peoplesphere"]},{"@type":"Person","@id":"https:\/\/peoplesphere.be\/fr\/#\/schema\/person\/7976225ff17988604334abb7b3536a7e","name":"Jean-Paul Erhard","image":{"@type":"ImageObject","inLanguage":"fr-FR","@id":"https:\/\/peoplesphere.be\/fr\/#\/schema\/person\/image\/","url":"https:\/\/secure.gravatar.com\/avatar\/f941e681460179738071629a51574930?s=96&d=mm&r=g","contentUrl":"https:\/\/secure.gravatar.com\/avatar\/f941e681460179738071629a51574930?s=96&d=mm&r=g","caption":"Jean-Paul Erhard"},"url":"https:\/\/peoplesphere.be\/fr\/author\/jpe\/"}]}},"_links":{"self":[{"href":"https:\/\/peoplesphere.be\/fr\/wp-json\/wp\/v2\/posts\/3799"}],"collection":[{"href":"https:\/\/peoplesphere.be\/fr\/wp-json\/wp\/v2\/posts"}],"about":[{"href":"https:\/\/peoplesphere.be\/fr\/wp-json\/wp\/v2\/types\/post"}],"author":[{"embeddable":true,"href":"https:\/\/peoplesphere.be\/fr\/wp-json\/wp\/v2\/users\/2"}],"replies":[{"embeddable":true,"href":"https:\/\/peoplesphere.be\/fr\/wp-json\/wp\/v2\/comments?post=3799"}],"version-history":[{"count":1,"href":"https:\/\/peoplesphere.be\/fr\/wp-json\/wp\/v2\/posts\/3799\/revisions"}],"predecessor-version":[{"id":3800,"href":"https:\/\/peoplesphere.be\/fr\/wp-json\/wp\/v2\/posts\/3799\/revisions\/3800"}],"wp:attachment":[{"href":"https:\/\/peoplesphere.be\/fr\/wp-json\/wp\/v2\/media?parent=3799"}],"wp:term":[{"taxonomy":"category","embeddable":true,"href":"https:\/\/peoplesphere.be\/fr\/wp-json\/wp\/v2\/categories?post=3799"},{"taxonomy":"post_tag","embeddable":true,"href":"https:\/\/peoplesphere.be\/fr\/wp-json\/wp\/v2\/tags?post=3799"}],"curies":[{"name":"wp","href":"https:\/\/api.w.org\/{rel}","templated":true}]}}