









{"id":3849,"date":"2017-01-12T16:24:56","date_gmt":"2017-01-12T14:24:56","guid":{"rendered":"http:\/\/www.peoplesphere.be\/fr\/?p=3849"},"modified":"2017-01-12T16:24:56","modified_gmt":"2017-01-12T14:24:56","slug":"precipitations-neigeuses-et-absences-annoncees-anticipez","status":"publish","type":"post","link":"https:\/\/peoplesphere.be\/fr\/precipitations-neigeuses-et-absences-annoncees-anticipez\/","title":{"rendered":"Pr\u00e9cipitations neigeuses&#8230; et absences annonc\u00e9es : anticipez!"},"content":{"rendered":"<p>Les camions d&rsquo;\u00e9pandage se pr\u00e9parent aux intemp\u00e9ries. Les d\u00e9partements RH et les managers aussi. La plupart des secr\u00e9tariats sociaux profitent de l&rsquo;occasion pour rappeler les obligations auxquelles les salari\u00e9s sont soumis afin d&rsquo;anticiper l&rsquo;impact des probables chutes de neige sur leur pr\u00e9sence au travail.<!--more-->Comme le rappelle l&rsquo;UCM, <em>\u00ab\u00a0les intemp\u00e9ries ne justifient pas un retard ou une absence. Les heures non prest\u00e9es ne sont pas pay\u00e9es. L&rsquo;article 27 de la loi sur le contrat de travail est tr\u00e8s clair : seule une cause \u00ab\u00a0\u00e9trang\u00e8re et fortuite\u00a0\u00bb justifie un retard ou une absence, et donc le maintien de salaire. Le mauvais temps hivernal n&rsquo;est pas une cause \u00ab\u00a0\u00e9trang\u00e8re et fortuite\u00a0\u00bb. La jurisprudence confirme que la neige ou le verglas, en janvier, sont pr\u00e9visibles. Leurs cons\u00e9quences (routes glissantes, difficult\u00e9s de circulation) le sont tout autant. Dans les faits, chaque salari\u00e9 a donc le devoir de s&rsquo;informer de la situation m\u00e9t\u00e9orologique et de prendre les mesures ad\u00e9quates : quitter son domicile plus t\u00f4t, pr\u00e9voir des pneus hiver, covoiturer, etc.\u00a0De m\u00eame, en cas de chutes de neige durant la journ\u00e9e, il faut l&rsquo;accord de son employeur pour quitter pr\u00e9matur\u00e9ment son poste de travail et les heures non prest\u00e9es ne doivent pas \u00eatre pay\u00e9es.\u00a0\u00bb<\/em><\/p>\n<p>Dans le chef de l&#8217;employeur, les options permettant de garantir la continuit\u00e9 des activit\u00e9s existent \u00e9galement : <em>\u00ab\u00a0le recours au t\u00e9l\u00e9travail est une excellente solution, dans la mesure du possible. La r\u00e9forme en cours des relations de travail va d&rsquo;ailleurs faciliter le t\u00e9l\u00e9travail occasionnel.\u00a0\u00bb<\/em><\/p>\n<p>Cette solution n&rsquo;est pas toujours envisageable. Dans les autres cas, <em>\u00ab\u00a0l&#8217;employeur peut demander le \u00ab\u00a0ch\u00f4mage temporaire pour motif d&rsquo;intemp\u00e9ries\u00a0\u00bb, s&rsquo;il peut d\u00e9montrer, aupr\u00e8s du bureau r\u00e9gional de l&rsquo;Onem, que les conditions climatiques ont rendu l'\u00a0\u00bbex\u00e9cution du contrat impossible\u00a0\u00bb. L&rsquo;Onem n&rsquo;indemnise que des jours complets.\u00a0Le salari\u00e9 qui ne veut pas prendre la route peut \u00e9videmment demander \u00e0 son employeur un jour de vacances, de r\u00e9cup\u00e9ration ou de cong\u00e9 sans solde.<\/em><\/p>\n","protected":false},"excerpt":{"rendered":"<p>Les camions d&rsquo;\u00e9pandage se pr\u00e9parent aux intemp\u00e9ries. Les d\u00e9partements RH et les managers aussi. La plupart des secr\u00e9tariats sociaux profitent de l&rsquo;occasion pour rappeler les obligations auxquelles les salari\u00e9s sont soumis afin d&rsquo;anticiper l&rsquo;impact des probables chutes de neige sur [&hellip;]<\/p>\n","protected":false},"author":2,"featured_media":0,"comment_status":"closed","ping_status":"open","sticky":false,"template":"","format":"standard","meta":[],"categories":[65,10],"tags":[5,619,1113,30,219],"yoast_head":"<!-- This site is optimized with the Yoast SEO plugin v21.0 - https:\/\/yoast.com\/wordpress\/plugins\/seo\/ -->\n<title>Pr\u00e9cipitations neigeuses... et absences annonc\u00e9es : anticipez! - Peoplesphere<\/title>\n<meta name=\"robots\" content=\"index, follow, max-snippet:-1, max-image-preview:large, max-video-preview:-1\" \/>\n<link rel=\"canonical\" href=\"https:\/\/peoplesphere.be\/fr\/precipitations-neigeuses-et-absences-annoncees-anticipez\/\" \/>\n<meta property=\"og:locale\" content=\"fr_FR\" \/>\n<meta property=\"og:type\" content=\"article\" \/>\n<meta property=\"og:title\" content=\"Pr\u00e9cipitations neigeuses... et absences annonc\u00e9es : anticipez! - Peoplesphere\" \/>\n<meta property=\"og:description\" content=\"Les camions d&rsquo;\u00e9pandage se pr\u00e9parent aux intemp\u00e9ries. Les d\u00e9partements RH et les managers aussi. La plupart des secr\u00e9tariats sociaux profitent de l&rsquo;occasion pour rappeler les obligations auxquelles les salari\u00e9s sont soumis afin d&rsquo;anticiper l&rsquo;impact des probables chutes de neige sur [&hellip;]\" \/>\n<meta property=\"og:url\" content=\"https:\/\/peoplesphere.be\/fr\/precipitations-neigeuses-et-absences-annoncees-anticipez\/\" \/>\n<meta property=\"og:site_name\" content=\"Peoplesphere\" \/>\n<meta property=\"article:publisher\" content=\"https:\/\/www.facebook.com\/peoplesphere\" \/>\n<meta property=\"article:published_time\" content=\"2017-01-12T14:24:56+00:00\" \/>\n<meta property=\"og:image\" content=\"http:\/\/www.peoplesphere.be\/fr\/wp-content\/uploads\/2016\/07\/facebook-default-posting-1200x628px.jpg\" \/>\n<meta name=\"author\" content=\"Jean-Paul Erhard\" \/>\n<meta name=\"twitter:card\" content=\"summary_large_image\" \/>\n<meta name=\"twitter:creator\" content=\"@PeoplesphereMag\" \/>\n<meta name=\"twitter:site\" content=\"@PeoplesphereMag\" \/>\n<meta name=\"twitter:label1\" content=\"\u00c9crit par\" \/>\n\t<meta name=\"twitter:data1\" content=\"Jean-Paul Erhard\" \/>\n\t<meta name=\"twitter:label2\" content=\"Dur\u00e9e de lecture estim\u00e9e\" \/>\n\t<meta name=\"twitter:data2\" content=\"2 minutes\" \/>\n<script type=\"application\/ld+json\" class=\"yoast-schema-graph\">{\"@context\":\"https:\/\/schema.org\",\"@graph\":[{\"@type\":\"Article\",\"@id\":\"https:\/\/peoplesphere.be\/fr\/precipitations-neigeuses-et-absences-annoncees-anticipez\/#article\",\"isPartOf\":{\"@id\":\"https:\/\/peoplesphere.be\/fr\/precipitations-neigeuses-et-absences-annoncees-anticipez\/\"},\"author\":{\"name\":\"Jean-Paul Erhard\",\"@id\":\"https:\/\/peoplesphere.be\/fr\/#\/schema\/person\/7976225ff17988604334abb7b3536a7e\"},\"headline\":\"Pr\u00e9cipitations neigeuses&#8230; et absences annonc\u00e9es : anticipez!\",\"datePublished\":\"2017-01-12T14:24:56+00:00\",\"dateModified\":\"2017-01-12T14:24:56+00:00\",\"mainEntityOfPage\":{\"@id\":\"https:\/\/peoplesphere.be\/fr\/precipitations-neigeuses-et-absences-annoncees-anticipez\/\"},\"wordCount\":359,\"publisher\":{\"@id\":\"https:\/\/peoplesphere.be\/fr\/#organization\"},\"keywords\":[\"Cong\u00e9\",\"organisation du travail\",\"relations de travail\",\"r\u00e9mun\u00e9ration\",\"t\u00e9l\u00e9travail\"],\"articleSection\":[\"Actualit\u00e9s\",\"Digital\"],\"inLanguage\":\"fr-FR\"},{\"@type\":\"WebPage\",\"@id\":\"https:\/\/peoplesphere.be\/fr\/precipitations-neigeuses-et-absences-annoncees-anticipez\/\",\"url\":\"https:\/\/peoplesphere.be\/fr\/precipitations-neigeuses-et-absences-annoncees-anticipez\/\",\"name\":\"Pr\u00e9cipitations neigeuses... et absences annonc\u00e9es : anticipez! - Peoplesphere\",\"isPartOf\":{\"@id\":\"https:\/\/peoplesphere.be\/fr\/#website\"},\"datePublished\":\"2017-01-12T14:24:56+00:00\",\"dateModified\":\"2017-01-12T14:24:56+00:00\",\"breadcrumb\":{\"@id\":\"https:\/\/peoplesphere.be\/fr\/precipitations-neigeuses-et-absences-annoncees-anticipez\/#breadcrumb\"},\"inLanguage\":\"fr-FR\",\"potentialAction\":[{\"@type\":\"ReadAction\",\"target\":[\"https:\/\/peoplesphere.be\/fr\/precipitations-neigeuses-et-absences-annoncees-anticipez\/\"]}]},{\"@type\":\"BreadcrumbList\",\"@id\":\"https:\/\/peoplesphere.be\/fr\/precipitations-neigeuses-et-absences-annoncees-anticipez\/#breadcrumb\",\"itemListElement\":[{\"@type\":\"ListItem\",\"position\":1,\"name\":\"Accueil\",\"item\":\"https:\/\/peoplesphere.be\/fr\/\"},{\"@type\":\"ListItem\",\"position\":2,\"name\":\"Pr\u00e9cipitations neigeuses&#8230; et absences annonc\u00e9es : anticipez!\"}]},{\"@type\":\"WebSite\",\"@id\":\"https:\/\/peoplesphere.be\/fr\/#website\",\"url\":\"https:\/\/peoplesphere.be\/fr\/\",\"name\":\"Peoplesphere\",\"description\":\"The People Managers Magazine\",\"publisher\":{\"@id\":\"https:\/\/peoplesphere.be\/fr\/#organization\"},\"potentialAction\":[{\"@type\":\"SearchAction\",\"target\":{\"@type\":\"EntryPoint\",\"urlTemplate\":\"https:\/\/peoplesphere.be\/fr\/?s={search_term_string}\"},\"query-input\":\"required name=search_term_string\"}],\"inLanguage\":\"fr-FR\"},{\"@type\":\"Organization\",\"@id\":\"https:\/\/peoplesphere.be\/fr\/#organization\",\"name\":\"Peoplesphere Company srl\",\"url\":\"https:\/\/peoplesphere.be\/fr\/\",\"logo\":{\"@type\":\"ImageObject\",\"inLanguage\":\"fr-FR\",\"@id\":\"https:\/\/peoplesphere.be\/fr\/#\/schema\/logo\/image\/\",\"url\":\"https:\/\/peoplesphere.be\/fr\/wp-content\/uploads\/2023\/07\/peoplesphere-lgo-new-generik.jpg\",\"contentUrl\":\"https:\/\/peoplesphere.be\/fr\/wp-content\/uploads\/2023\/07\/peoplesphere-lgo-new-generik.jpg\",\"width\":1031,\"height\":1479,\"caption\":\"Peoplesphere Company srl\"},\"image\":{\"@id\":\"https:\/\/peoplesphere.be\/fr\/#\/schema\/logo\/image\/\"},\"sameAs\":[\"https:\/\/www.facebook.com\/peoplesphere\",\"https:\/\/twitter.com\/PeoplesphereMag\",\"https:\/\/www.linkedin.com\/company\/7587361?trk\",\"http:\/\/youtube.com\/peoplesphere\"]},{\"@type\":\"Person\",\"@id\":\"https:\/\/peoplesphere.be\/fr\/#\/schema\/person\/7976225ff17988604334abb7b3536a7e\",\"name\":\"Jean-Paul Erhard\",\"image\":{\"@type\":\"ImageObject\",\"inLanguage\":\"fr-FR\",\"@id\":\"https:\/\/peoplesphere.be\/fr\/#\/schema\/person\/image\/\",\"url\":\"https:\/\/secure.gravatar.com\/avatar\/f941e681460179738071629a51574930?s=96&d=mm&r=g\",\"contentUrl\":\"https:\/\/secure.gravatar.com\/avatar\/f941e681460179738071629a51574930?s=96&d=mm&r=g\",\"caption\":\"Jean-Paul Erhard\"},\"url\":\"https:\/\/peoplesphere.be\/fr\/author\/jpe\/\"}]}<\/script>\n<!-- \/ Yoast SEO plugin. -->","yoast_head_json":{"title":"Pr\u00e9cipitations neigeuses... et absences annonc\u00e9es : anticipez! - Peoplesphere","robots":{"index":"index","follow":"follow","max-snippet":"max-snippet:-1","max-image-preview":"max-image-preview:large","max-video-preview":"max-video-preview:-1"},"canonical":"https:\/\/peoplesphere.be\/fr\/precipitations-neigeuses-et-absences-annoncees-anticipez\/","og_locale":"fr_FR","og_type":"article","og_title":"Pr\u00e9cipitations neigeuses... et absences annonc\u00e9es : anticipez! - Peoplesphere","og_description":"Les camions d&rsquo;\u00e9pandage se pr\u00e9parent aux intemp\u00e9ries. Les d\u00e9partements RH et les managers aussi. La plupart des secr\u00e9tariats sociaux profitent de l&rsquo;occasion pour rappeler les obligations auxquelles les salari\u00e9s sont soumis afin d&rsquo;anticiper l&rsquo;impact des probables chutes de neige sur [&hellip;]","og_url":"https:\/\/peoplesphere.be\/fr\/precipitations-neigeuses-et-absences-annoncees-anticipez\/","og_site_name":"Peoplesphere","article_publisher":"https:\/\/www.facebook.com\/peoplesphere","article_published_time":"2017-01-12T14:24:56+00:00","og_image":[{"url":"http:\/\/www.peoplesphere.be\/fr\/wp-content\/uploads\/2016\/07\/facebook-default-posting-1200x628px.jpg"}],"author":"Jean-Paul Erhard","twitter_card":"summary_large_image","twitter_creator":"@PeoplesphereMag","twitter_site":"@PeoplesphereMag","twitter_misc":{"\u00c9crit par":"Jean-Paul Erhard","Dur\u00e9e de lecture estim\u00e9e":"2 minutes"},"schema":{"@context":"https:\/\/schema.org","@graph":[{"@type":"Article","@id":"https:\/\/peoplesphere.be\/fr\/precipitations-neigeuses-et-absences-annoncees-anticipez\/#article","isPartOf":{"@id":"https:\/\/peoplesphere.be\/fr\/precipitations-neigeuses-et-absences-annoncees-anticipez\/"},"author":{"name":"Jean-Paul Erhard","@id":"https:\/\/peoplesphere.be\/fr\/#\/schema\/person\/7976225ff17988604334abb7b3536a7e"},"headline":"Pr\u00e9cipitations neigeuses&#8230; et absences annonc\u00e9es : anticipez!","datePublished":"2017-01-12T14:24:56+00:00","dateModified":"2017-01-12T14:24:56+00:00","mainEntityOfPage":{"@id":"https:\/\/peoplesphere.be\/fr\/precipitations-neigeuses-et-absences-annoncees-anticipez\/"},"wordCount":359,"publisher":{"@id":"https:\/\/peoplesphere.be\/fr\/#organization"},"keywords":["Cong\u00e9","organisation du travail","relations de travail","r\u00e9mun\u00e9ration","t\u00e9l\u00e9travail"],"articleSection":["Actualit\u00e9s","Digital"],"inLanguage":"fr-FR"},{"@type":"WebPage","@id":"https:\/\/peoplesphere.be\/fr\/precipitations-neigeuses-et-absences-annoncees-anticipez\/","url":"https:\/\/peoplesphere.be\/fr\/precipitations-neigeuses-et-absences-annoncees-anticipez\/","name":"Pr\u00e9cipitations neigeuses... et absences annonc\u00e9es : anticipez! - Peoplesphere","isPartOf":{"@id":"https:\/\/peoplesphere.be\/fr\/#website"},"datePublished":"2017-01-12T14:24:56+00:00","dateModified":"2017-01-12T14:24:56+00:00","breadcrumb":{"@id":"https:\/\/peoplesphere.be\/fr\/precipitations-neigeuses-et-absences-annoncees-anticipez\/#breadcrumb"},"inLanguage":"fr-FR","potentialAction":[{"@type":"ReadAction","target":["https:\/\/peoplesphere.be\/fr\/precipitations-neigeuses-et-absences-annoncees-anticipez\/"]}]},{"@type":"BreadcrumbList","@id":"https:\/\/peoplesphere.be\/fr\/precipitations-neigeuses-et-absences-annoncees-anticipez\/#breadcrumb","itemListElement":[{"@type":"ListItem","position":1,"name":"Accueil","item":"https:\/\/peoplesphere.be\/fr\/"},{"@type":"ListItem","position":2,"name":"Pr\u00e9cipitations neigeuses&#8230; et absences annonc\u00e9es : anticipez!"}]},{"@type":"WebSite","@id":"https:\/\/peoplesphere.be\/fr\/#website","url":"https:\/\/peoplesphere.be\/fr\/","name":"Peoplesphere","description":"The People Managers Magazine","publisher":{"@id":"https:\/\/peoplesphere.be\/fr\/#organization"},"potentialAction":[{"@type":"SearchAction","target":{"@type":"EntryPoint","urlTemplate":"https:\/\/peoplesphere.be\/fr\/?s={search_term_string}"},"query-input":"required name=search_term_string"}],"inLanguage":"fr-FR"},{"@type":"Organization","@id":"https:\/\/peoplesphere.be\/fr\/#organization","name":"Peoplesphere Company srl","url":"https:\/\/peoplesphere.be\/fr\/","logo":{"@type":"ImageObject","inLanguage":"fr-FR","@id":"https:\/\/peoplesphere.be\/fr\/#\/schema\/logo\/image\/","url":"https:\/\/peoplesphere.be\/fr\/wp-content\/uploads\/2023\/07\/peoplesphere-lgo-new-generik.jpg","contentUrl":"https:\/\/peoplesphere.be\/fr\/wp-content\/uploads\/2023\/07\/peoplesphere-lgo-new-generik.jpg","width":1031,"height":1479,"caption":"Peoplesphere Company srl"},"image":{"@id":"https:\/\/peoplesphere.be\/fr\/#\/schema\/logo\/image\/"},"sameAs":["https:\/\/www.facebook.com\/peoplesphere","https:\/\/twitter.com\/PeoplesphereMag","https:\/\/www.linkedin.com\/company\/7587361?trk","http:\/\/youtube.com\/peoplesphere"]},{"@type":"Person","@id":"https:\/\/peoplesphere.be\/fr\/#\/schema\/person\/7976225ff17988604334abb7b3536a7e","name":"Jean-Paul Erhard","image":{"@type":"ImageObject","inLanguage":"fr-FR","@id":"https:\/\/peoplesphere.be\/fr\/#\/schema\/person\/image\/","url":"https:\/\/secure.gravatar.com\/avatar\/f941e681460179738071629a51574930?s=96&d=mm&r=g","contentUrl":"https:\/\/secure.gravatar.com\/avatar\/f941e681460179738071629a51574930?s=96&d=mm&r=g","caption":"Jean-Paul Erhard"},"url":"https:\/\/peoplesphere.be\/fr\/author\/jpe\/"}]}},"_links":{"self":[{"href":"https:\/\/peoplesphere.be\/fr\/wp-json\/wp\/v2\/posts\/3849"}],"collection":[{"href":"https:\/\/peoplesphere.be\/fr\/wp-json\/wp\/v2\/posts"}],"about":[{"href":"https:\/\/peoplesphere.be\/fr\/wp-json\/wp\/v2\/types\/post"}],"author":[{"embeddable":true,"href":"https:\/\/peoplesphere.be\/fr\/wp-json\/wp\/v2\/users\/2"}],"replies":[{"embeddable":true,"href":"https:\/\/peoplesphere.be\/fr\/wp-json\/wp\/v2\/comments?post=3849"}],"version-history":[{"count":1,"href":"https:\/\/peoplesphere.be\/fr\/wp-json\/wp\/v2\/posts\/3849\/revisions"}],"predecessor-version":[{"id":3850,"href":"https:\/\/peoplesphere.be\/fr\/wp-json\/wp\/v2\/posts\/3849\/revisions\/3850"}],"wp:attachment":[{"href":"https:\/\/peoplesphere.be\/fr\/wp-json\/wp\/v2\/media?parent=3849"}],"wp:term":[{"taxonomy":"category","embeddable":true,"href":"https:\/\/peoplesphere.be\/fr\/wp-json\/wp\/v2\/categories?post=3849"},{"taxonomy":"post_tag","embeddable":true,"href":"https:\/\/peoplesphere.be\/fr\/wp-json\/wp\/v2\/tags?post=3849"}],"curies":[{"name":"wp","href":"https:\/\/api.w.org\/{rel}","templated":true}]}}