









{"id":3861,"date":"2017-01-18T10:24:53","date_gmt":"2017-01-18T08:24:53","guid":{"rendered":"http:\/\/www.peoplesphere.be\/fr\/?p=3861"},"modified":"2017-01-18T10:24:53","modified_gmt":"2017-01-18T08:24:53","slug":"demarrage-du-certificat-en-people-management-de-lichec-formation-continue-le-7-fevrier-prochain","status":"publish","type":"post","link":"https:\/\/peoplesphere.be\/fr\/demarrage-du-certificat-en-people-management-de-lichec-formation-continue-le-7-fevrier-prochain\/","title":{"rendered":"D\u00e9marrage du certificat en People Management de l&rsquo;ICHEC Formation Continue le 7 f\u00e9vrier prochain."},"content":{"rendered":"<p>Comment d\u00e9velopper vos comp\u00e9tences manag\u00e9riales en conciliant savoir \u00eatre et savoir-faire? L&rsquo;ICHEC Formation Continue vous propose d&rsquo;y r\u00e9pondre en prenant part au certificat en People Management \u00e0 partir du 7 f\u00e9vrier prochain.<!--more-->En tant que manager, vous d\u00e9sirez ma\u00eetriser tous les leviers de la gestion d&rsquo;une \u00e9quipe ?\u00a0Vous recherchez une formation qui vous offre des outils de diagnostic et de gestion concrets, \u00e0 la pointe des recherches et pratiques en people management ? Les formateurs experts et familiers du terrain vous conseilleront et vous donneront des outils concrets pour mettre l&rsquo;humain au centre et gagner en efficacit\u00e9.<\/p>\n<p><strong><em>Organisation pratique du certificat : <\/em><\/strong><\/p>\n<p>En 4 mois &#8211; 29 soir\u00e9es et 4 samedis (2 soir\u00e9es\/semaine)<\/p>\n<p>Les mardis et jeudis de 18h15 \u00e0 21h15 + 4 samedis de 9h00 \u00e0 17h00<\/p>\n<p>Session 2017 : du 7 f\u00e9vrier au 30 juin 2017 + 4 samedis : les 18 f\u00e9vrier, 25 mars, 29 avril et 3 juin 2017 (sous r\u00e9serve de changements \u00e9ventuels).<\/p>\n<p>PRIX (TVAC) : 2500 \u20ac,\u00a0dont 1100 \u20ac de droits d&rsquo;inscription<\/p>\n<p>20% de r\u00e9duction aux personnes qui s&rsquo;inscrivent \u00e0 titre priv\u00e9.<\/p>\n<p>10% pour les anciens participants \u00e0 la formation \u00ab\u00a0Le Leadership du Manager\u00a0\u00bb<\/p>\n<p>Possibilit\u00e9 d&rsquo;aides r\u00e9gionales ou sectorielles ou r\u00e9ductions ICHEC Formation Continue<\/p>\n<p>Plus d&rsquo;infos \u00e0 l&rsquo;adresse suivante :\u00a0<a href=\"http:\/\/www.ichecformationcontinue.be\/fr\/certificat-en-people-management.html?IDD=553648264&amp;IDC=138#sthash.bYeqvQsG.dpuf\">http:\/\/www.ichecformationcontinue.be\/fr\/certificat-en-people-management.html?IDD=553648264&amp;IDC=138#sthash.bYeqvQsG.dpuf<\/a><\/p>\n","protected":false},"excerpt":{"rendered":"<p>Comment d\u00e9velopper vos comp\u00e9tences manag\u00e9riales en conciliant savoir \u00eatre et savoir-faire? L&rsquo;ICHEC Formation Continue vous propose d&rsquo;y r\u00e9pondre en prenant part au certificat en People Management \u00e0 partir du 7 f\u00e9vrier prochain.<\/p>\n","protected":false},"author":2,"featured_media":0,"comment_status":"closed","ping_status":"open","sticky":false,"template":"","format":"standard","meta":[],"categories":[67,8],"tags":[597,467,596,595,1050,232],"yoast_head":"<!-- This site is optimized with the Yoast SEO plugin v21.0 - https:\/\/yoast.com\/wordpress\/plugins\/seo\/ -->\n<title>D\u00e9marrage du certificat en People Management de l&#039;ICHEC Formation Continue le 7 f\u00e9vrier prochain. - Peoplesphere<\/title>\n<meta name=\"robots\" content=\"index, follow, max-snippet:-1, max-image-preview:large, max-video-preview:-1\" \/>\n<link rel=\"canonical\" href=\"https:\/\/peoplesphere.be\/fr\/demarrage-du-certificat-en-people-management-de-lichec-formation-continue-le-7-fevrier-prochain\/\" \/>\n<meta property=\"og:locale\" content=\"fr_FR\" \/>\n<meta property=\"og:type\" content=\"article\" \/>\n<meta property=\"og:title\" content=\"D\u00e9marrage du certificat en People Management de l&#039;ICHEC Formation Continue le 7 f\u00e9vrier prochain. - Peoplesphere\" \/>\n<meta property=\"og:description\" content=\"Comment d\u00e9velopper vos comp\u00e9tences manag\u00e9riales en conciliant savoir \u00eatre et savoir-faire? L&rsquo;ICHEC Formation Continue vous propose d&rsquo;y r\u00e9pondre en prenant part au certificat en People Management \u00e0 partir du 7 f\u00e9vrier prochain.\" \/>\n<meta property=\"og:url\" content=\"https:\/\/peoplesphere.be\/fr\/demarrage-du-certificat-en-people-management-de-lichec-formation-continue-le-7-fevrier-prochain\/\" \/>\n<meta property=\"og:site_name\" content=\"Peoplesphere\" \/>\n<meta property=\"article:publisher\" content=\"https:\/\/www.facebook.com\/peoplesphere\" \/>\n<meta property=\"article:published_time\" content=\"2017-01-18T08:24:53+00:00\" \/>\n<meta property=\"og:image\" content=\"http:\/\/www.peoplesphere.be\/fr\/wp-content\/uploads\/2016\/07\/facebook-default-posting-1200x628px.jpg\" \/>\n<meta name=\"author\" content=\"Jean-Paul Erhard\" \/>\n<meta name=\"twitter:card\" content=\"summary_large_image\" \/>\n<meta name=\"twitter:creator\" content=\"@PeoplesphereMag\" \/>\n<meta name=\"twitter:site\" content=\"@PeoplesphereMag\" \/>\n<meta name=\"twitter:label1\" content=\"\u00c9crit par\" \/>\n\t<meta name=\"twitter:data1\" content=\"Jean-Paul Erhard\" \/>\n\t<meta name=\"twitter:label2\" content=\"Dur\u00e9e de lecture estim\u00e9e\" \/>\n\t<meta name=\"twitter:data2\" content=\"1 minute\" \/>\n<script type=\"application\/ld+json\" class=\"yoast-schema-graph\">{\"@context\":\"https:\/\/schema.org\",\"@graph\":[{\"@type\":\"Article\",\"@id\":\"https:\/\/peoplesphere.be\/fr\/demarrage-du-certificat-en-people-management-de-lichec-formation-continue-le-7-fevrier-prochain\/#article\",\"isPartOf\":{\"@id\":\"https:\/\/peoplesphere.be\/fr\/demarrage-du-certificat-en-people-management-de-lichec-formation-continue-le-7-fevrier-prochain\/\"},\"author\":{\"name\":\"Jean-Paul Erhard\",\"@id\":\"https:\/\/peoplesphere.be\/fr\/#\/schema\/person\/7976225ff17988604334abb7b3536a7e\"},\"headline\":\"D\u00e9marrage du certificat en People Management de l&rsquo;ICHEC Formation Continue le 7 f\u00e9vrier prochain.\",\"datePublished\":\"2017-01-18T08:24:53+00:00\",\"dateModified\":\"2017-01-18T08:24:53+00:00\",\"mainEntityOfPage\":{\"@id\":\"https:\/\/peoplesphere.be\/fr\/demarrage-du-certificat-en-people-management-de-lichec-formation-continue-le-7-fevrier-prochain\/\"},\"wordCount\":214,\"publisher\":{\"@id\":\"https:\/\/peoplesphere.be\/fr\/#organization\"},\"keywords\":[\"certificat\",\"enseignement\",\"Formation continue\",\"ICHEC\",\"learning &amp; development\",\"people management\"],\"articleSection\":[\"Calendrier\",\"Events\"],\"inLanguage\":\"fr-FR\"},{\"@type\":\"WebPage\",\"@id\":\"https:\/\/peoplesphere.be\/fr\/demarrage-du-certificat-en-people-management-de-lichec-formation-continue-le-7-fevrier-prochain\/\",\"url\":\"https:\/\/peoplesphere.be\/fr\/demarrage-du-certificat-en-people-management-de-lichec-formation-continue-le-7-fevrier-prochain\/\",\"name\":\"D\u00e9marrage du certificat en People Management de l'ICHEC Formation Continue le 7 f\u00e9vrier prochain. - Peoplesphere\",\"isPartOf\":{\"@id\":\"https:\/\/peoplesphere.be\/fr\/#website\"},\"datePublished\":\"2017-01-18T08:24:53+00:00\",\"dateModified\":\"2017-01-18T08:24:53+00:00\",\"breadcrumb\":{\"@id\":\"https:\/\/peoplesphere.be\/fr\/demarrage-du-certificat-en-people-management-de-lichec-formation-continue-le-7-fevrier-prochain\/#breadcrumb\"},\"inLanguage\":\"fr-FR\",\"potentialAction\":[{\"@type\":\"ReadAction\",\"target\":[\"https:\/\/peoplesphere.be\/fr\/demarrage-du-certificat-en-people-management-de-lichec-formation-continue-le-7-fevrier-prochain\/\"]}]},{\"@type\":\"BreadcrumbList\",\"@id\":\"https:\/\/peoplesphere.be\/fr\/demarrage-du-certificat-en-people-management-de-lichec-formation-continue-le-7-fevrier-prochain\/#breadcrumb\",\"itemListElement\":[{\"@type\":\"ListItem\",\"position\":1,\"name\":\"Accueil\",\"item\":\"https:\/\/peoplesphere.be\/fr\/\"},{\"@type\":\"ListItem\",\"position\":2,\"name\":\"D\u00e9marrage du certificat en People Management de l&rsquo;ICHEC Formation Continue le 7 f\u00e9vrier prochain.\"}]},{\"@type\":\"WebSite\",\"@id\":\"https:\/\/peoplesphere.be\/fr\/#website\",\"url\":\"https:\/\/peoplesphere.be\/fr\/\",\"name\":\"Peoplesphere\",\"description\":\"The People Managers Magazine\",\"publisher\":{\"@id\":\"https:\/\/peoplesphere.be\/fr\/#organization\"},\"potentialAction\":[{\"@type\":\"SearchAction\",\"target\":{\"@type\":\"EntryPoint\",\"urlTemplate\":\"https:\/\/peoplesphere.be\/fr\/?s={search_term_string}\"},\"query-input\":\"required name=search_term_string\"}],\"inLanguage\":\"fr-FR\"},{\"@type\":\"Organization\",\"@id\":\"https:\/\/peoplesphere.be\/fr\/#organization\",\"name\":\"Peoplesphere Company srl\",\"url\":\"https:\/\/peoplesphere.be\/fr\/\",\"logo\":{\"@type\":\"ImageObject\",\"inLanguage\":\"fr-FR\",\"@id\":\"https:\/\/peoplesphere.be\/fr\/#\/schema\/logo\/image\/\",\"url\":\"https:\/\/peoplesphere.be\/fr\/wp-content\/uploads\/2023\/07\/peoplesphere-lgo-new-generik.jpg\",\"contentUrl\":\"https:\/\/peoplesphere.be\/fr\/wp-content\/uploads\/2023\/07\/peoplesphere-lgo-new-generik.jpg\",\"width\":1031,\"height\":1479,\"caption\":\"Peoplesphere Company srl\"},\"image\":{\"@id\":\"https:\/\/peoplesphere.be\/fr\/#\/schema\/logo\/image\/\"},\"sameAs\":[\"https:\/\/www.facebook.com\/peoplesphere\",\"https:\/\/twitter.com\/PeoplesphereMag\",\"https:\/\/www.linkedin.com\/company\/7587361?trk\",\"http:\/\/youtube.com\/peoplesphere\"]},{\"@type\":\"Person\",\"@id\":\"https:\/\/peoplesphere.be\/fr\/#\/schema\/person\/7976225ff17988604334abb7b3536a7e\",\"name\":\"Jean-Paul Erhard\",\"image\":{\"@type\":\"ImageObject\",\"inLanguage\":\"fr-FR\",\"@id\":\"https:\/\/peoplesphere.be\/fr\/#\/schema\/person\/image\/\",\"url\":\"https:\/\/secure.gravatar.com\/avatar\/f941e681460179738071629a51574930?s=96&d=mm&r=g\",\"contentUrl\":\"https:\/\/secure.gravatar.com\/avatar\/f941e681460179738071629a51574930?s=96&d=mm&r=g\",\"caption\":\"Jean-Paul Erhard\"},\"url\":\"https:\/\/peoplesphere.be\/fr\/author\/jpe\/\"}]}<\/script>\n<!-- \/ Yoast SEO plugin. -->","yoast_head_json":{"title":"D\u00e9marrage du certificat en People Management de l'ICHEC Formation Continue le 7 f\u00e9vrier prochain. - Peoplesphere","robots":{"index":"index","follow":"follow","max-snippet":"max-snippet:-1","max-image-preview":"max-image-preview:large","max-video-preview":"max-video-preview:-1"},"canonical":"https:\/\/peoplesphere.be\/fr\/demarrage-du-certificat-en-people-management-de-lichec-formation-continue-le-7-fevrier-prochain\/","og_locale":"fr_FR","og_type":"article","og_title":"D\u00e9marrage du certificat en People Management de l'ICHEC Formation Continue le 7 f\u00e9vrier prochain. - Peoplesphere","og_description":"Comment d\u00e9velopper vos comp\u00e9tences manag\u00e9riales en conciliant savoir \u00eatre et savoir-faire? L&rsquo;ICHEC Formation Continue vous propose d&rsquo;y r\u00e9pondre en prenant part au certificat en People Management \u00e0 partir du 7 f\u00e9vrier prochain.","og_url":"https:\/\/peoplesphere.be\/fr\/demarrage-du-certificat-en-people-management-de-lichec-formation-continue-le-7-fevrier-prochain\/","og_site_name":"Peoplesphere","article_publisher":"https:\/\/www.facebook.com\/peoplesphere","article_published_time":"2017-01-18T08:24:53+00:00","og_image":[{"url":"http:\/\/www.peoplesphere.be\/fr\/wp-content\/uploads\/2016\/07\/facebook-default-posting-1200x628px.jpg"}],"author":"Jean-Paul Erhard","twitter_card":"summary_large_image","twitter_creator":"@PeoplesphereMag","twitter_site":"@PeoplesphereMag","twitter_misc":{"\u00c9crit par":"Jean-Paul Erhard","Dur\u00e9e de lecture estim\u00e9e":"1 minute"},"schema":{"@context":"https:\/\/schema.org","@graph":[{"@type":"Article","@id":"https:\/\/peoplesphere.be\/fr\/demarrage-du-certificat-en-people-management-de-lichec-formation-continue-le-7-fevrier-prochain\/#article","isPartOf":{"@id":"https:\/\/peoplesphere.be\/fr\/demarrage-du-certificat-en-people-management-de-lichec-formation-continue-le-7-fevrier-prochain\/"},"author":{"name":"Jean-Paul Erhard","@id":"https:\/\/peoplesphere.be\/fr\/#\/schema\/person\/7976225ff17988604334abb7b3536a7e"},"headline":"D\u00e9marrage du certificat en People Management de l&rsquo;ICHEC Formation Continue le 7 f\u00e9vrier prochain.","datePublished":"2017-01-18T08:24:53+00:00","dateModified":"2017-01-18T08:24:53+00:00","mainEntityOfPage":{"@id":"https:\/\/peoplesphere.be\/fr\/demarrage-du-certificat-en-people-management-de-lichec-formation-continue-le-7-fevrier-prochain\/"},"wordCount":214,"publisher":{"@id":"https:\/\/peoplesphere.be\/fr\/#organization"},"keywords":["certificat","enseignement","Formation continue","ICHEC","learning &amp; development","people management"],"articleSection":["Calendrier","Events"],"inLanguage":"fr-FR"},{"@type":"WebPage","@id":"https:\/\/peoplesphere.be\/fr\/demarrage-du-certificat-en-people-management-de-lichec-formation-continue-le-7-fevrier-prochain\/","url":"https:\/\/peoplesphere.be\/fr\/demarrage-du-certificat-en-people-management-de-lichec-formation-continue-le-7-fevrier-prochain\/","name":"D\u00e9marrage du certificat en People Management de l'ICHEC Formation Continue le 7 f\u00e9vrier prochain. - Peoplesphere","isPartOf":{"@id":"https:\/\/peoplesphere.be\/fr\/#website"},"datePublished":"2017-01-18T08:24:53+00:00","dateModified":"2017-01-18T08:24:53+00:00","breadcrumb":{"@id":"https:\/\/peoplesphere.be\/fr\/demarrage-du-certificat-en-people-management-de-lichec-formation-continue-le-7-fevrier-prochain\/#breadcrumb"},"inLanguage":"fr-FR","potentialAction":[{"@type":"ReadAction","target":["https:\/\/peoplesphere.be\/fr\/demarrage-du-certificat-en-people-management-de-lichec-formation-continue-le-7-fevrier-prochain\/"]}]},{"@type":"BreadcrumbList","@id":"https:\/\/peoplesphere.be\/fr\/demarrage-du-certificat-en-people-management-de-lichec-formation-continue-le-7-fevrier-prochain\/#breadcrumb","itemListElement":[{"@type":"ListItem","position":1,"name":"Accueil","item":"https:\/\/peoplesphere.be\/fr\/"},{"@type":"ListItem","position":2,"name":"D\u00e9marrage du certificat en People Management de l&rsquo;ICHEC Formation Continue le 7 f\u00e9vrier prochain."}]},{"@type":"WebSite","@id":"https:\/\/peoplesphere.be\/fr\/#website","url":"https:\/\/peoplesphere.be\/fr\/","name":"Peoplesphere","description":"The People Managers Magazine","publisher":{"@id":"https:\/\/peoplesphere.be\/fr\/#organization"},"potentialAction":[{"@type":"SearchAction","target":{"@type":"EntryPoint","urlTemplate":"https:\/\/peoplesphere.be\/fr\/?s={search_term_string}"},"query-input":"required name=search_term_string"}],"inLanguage":"fr-FR"},{"@type":"Organization","@id":"https:\/\/peoplesphere.be\/fr\/#organization","name":"Peoplesphere Company srl","url":"https:\/\/peoplesphere.be\/fr\/","logo":{"@type":"ImageObject","inLanguage":"fr-FR","@id":"https:\/\/peoplesphere.be\/fr\/#\/schema\/logo\/image\/","url":"https:\/\/peoplesphere.be\/fr\/wp-content\/uploads\/2023\/07\/peoplesphere-lgo-new-generik.jpg","contentUrl":"https:\/\/peoplesphere.be\/fr\/wp-content\/uploads\/2023\/07\/peoplesphere-lgo-new-generik.jpg","width":1031,"height":1479,"caption":"Peoplesphere Company srl"},"image":{"@id":"https:\/\/peoplesphere.be\/fr\/#\/schema\/logo\/image\/"},"sameAs":["https:\/\/www.facebook.com\/peoplesphere","https:\/\/twitter.com\/PeoplesphereMag","https:\/\/www.linkedin.com\/company\/7587361?trk","http:\/\/youtube.com\/peoplesphere"]},{"@type":"Person","@id":"https:\/\/peoplesphere.be\/fr\/#\/schema\/person\/7976225ff17988604334abb7b3536a7e","name":"Jean-Paul Erhard","image":{"@type":"ImageObject","inLanguage":"fr-FR","@id":"https:\/\/peoplesphere.be\/fr\/#\/schema\/person\/image\/","url":"https:\/\/secure.gravatar.com\/avatar\/f941e681460179738071629a51574930?s=96&d=mm&r=g","contentUrl":"https:\/\/secure.gravatar.com\/avatar\/f941e681460179738071629a51574930?s=96&d=mm&r=g","caption":"Jean-Paul Erhard"},"url":"https:\/\/peoplesphere.be\/fr\/author\/jpe\/"}]}},"_links":{"self":[{"href":"https:\/\/peoplesphere.be\/fr\/wp-json\/wp\/v2\/posts\/3861"}],"collection":[{"href":"https:\/\/peoplesphere.be\/fr\/wp-json\/wp\/v2\/posts"}],"about":[{"href":"https:\/\/peoplesphere.be\/fr\/wp-json\/wp\/v2\/types\/post"}],"author":[{"embeddable":true,"href":"https:\/\/peoplesphere.be\/fr\/wp-json\/wp\/v2\/users\/2"}],"replies":[{"embeddable":true,"href":"https:\/\/peoplesphere.be\/fr\/wp-json\/wp\/v2\/comments?post=3861"}],"version-history":[{"count":1,"href":"https:\/\/peoplesphere.be\/fr\/wp-json\/wp\/v2\/posts\/3861\/revisions"}],"predecessor-version":[{"id":3862,"href":"https:\/\/peoplesphere.be\/fr\/wp-json\/wp\/v2\/posts\/3861\/revisions\/3862"}],"wp:attachment":[{"href":"https:\/\/peoplesphere.be\/fr\/wp-json\/wp\/v2\/media?parent=3861"}],"wp:term":[{"taxonomy":"category","embeddable":true,"href":"https:\/\/peoplesphere.be\/fr\/wp-json\/wp\/v2\/categories?post=3861"},{"taxonomy":"post_tag","embeddable":true,"href":"https:\/\/peoplesphere.be\/fr\/wp-json\/wp\/v2\/tags?post=3861"}],"curies":[{"name":"wp","href":"https:\/\/api.w.org\/{rel}","templated":true}]}}