









{"id":3875,"date":"2017-01-20T16:36:53","date_gmt":"2017-01-20T14:36:53","guid":{"rendered":"http:\/\/www.peoplesphere.be\/fr\/?p=3875"},"modified":"2017-01-20T16:36:53","modified_gmt":"2017-01-20T14:36:53","slug":"job-rh-croix-rouge-de-belgique-recherche-recruteur-experimente-mf-departement-rh","status":"publish","type":"post","link":"https:\/\/peoplesphere.be\/fr\/job-rh-croix-rouge-de-belgique-recherche-recruteur-experimente-mf-departement-rh\/","title":{"rendered":"Job RH : la Croix-Rouge de Belgique recherche un(e) Recruteur Exp\u00e9riment\u00e9\u00a0(m\/f) pour le D\u00e9partement RH"},"content":{"rendered":"<table border=\"0\" width=\"100%\" cellspacing=\"0\" cellpadding=\"5\">\n<tbody>\n<tr>\n<td align=\"left\" valign=\"top\" width=\"40\"><a href=\"http:\/\/www.peoplesphere.be\/fr\/wp-content\/uploads\/2017\/01\/image002.jpg\"><img decoding=\"async\" loading=\"lazy\" class=\"alignnone size-full wp-image-3876\" src=\"http:\/\/www.peoplesphere.be\/fr\/wp-content\/uploads\/2017\/01\/image002.jpg\" alt=\"\" width=\"142\" height=\"41\" \/><\/a><\/td>\n<td align=\"left\" valign=\"middle\" width=\"1060\">Dans le cadre du nouveau plan strat\u00e9gique 2020, le D\u00e9partement RH repousse encore les limites de ses ambitions et par cons\u00e9quent, doit renforcer son \u00e9quipe d\u2019un Recruteur Exp\u00e9riment\u00e9 (m\/f).<br \/>\n<!--more--><\/td>\n<\/tr>\n<\/tbody>\n<\/table>\n<p>Acteur de r\u00e9f\u00e9rence dans le domaine de l&rsquo;action humanitaire, la Croix-Rouge de Belgique m\u00e8ne un combat de tous les instants pour soulager la souffrance des hommes et pr\u00e9venir les crises humanitaires.<\/p>\n<p>Les actions de la Croix-Rouge sont en toutes circonstances guid\u00e9es par les Principes fondamentaux d&rsquo;humanit\u00e9, d&rsquo;impartialit\u00e9, de neutralit\u00e9, d&rsquo;ind\u00e9pendance, de volontariat, d&rsquo;unit\u00e9 et d&rsquo;universalit\u00e9.<\/p>\n<p>La Croix-Rouge de Belgique focalise ses activit\u00e9s entre autre dans les domaines d&rsquo;activit\u00e9s suivants :<\/p>\n<p>&#8211; Actions solidarit\u00e9 : La Croix-Rouge lutte quotidiennement pour am\u00e9liorer les conditions d&rsquo;existence des personnes vuln\u00e9rables.<br \/>\n&#8211; Interventions Catastrophes : La Croix-Rouge travaille chaque jour pour pr\u00e9venir et all\u00e9ger les souffrances des victimes de catastrophes.<br \/>\n&#8211; Sensibilisation Humanitaire : La Croix-Rouge promeut activement le respect des principes humanitaires, la non-discrimination et la tol\u00e9rance.<br \/>\n&#8211; Protection Sant\u00e9 : La Croix-Rouge prot\u00e8ge la vie et la sant\u00e9 de chacun, sans aucune discrimination.<br \/>\n&#8211; Les Actions Internationales : Renforcement des Soci\u00e9t\u00e9s Nationales partenaires et sp\u00e9cifiquement dans les pays du Sud (Urgence, Coop\u00e9ration au D\u00e9veloppement).<\/p>\n<p>Le D\u00e9partement Ressources Humaines assure au quotidien la gestion administrative de plus de 1.300 travailleurs salari\u00e9s, aux profils aussi diversifi\u00e9s que les activit\u00e9s de la Croix-Rouge de Belgique (formateurs, collaborateurs sociaux, ambulanciers, coordinateurs de projets, cadres, profils marketing, IT\u2026). En marge de tous les aspects li\u00e9s \u00e0 la l\u00e9gislations sociale (paie, contrats, subsides), le D\u00e9partement RH a pour vocation de contribuer \u00e0 l\u2019\u00e9panouissement professionnel de tous les collaborateurs, \u00e0 travers notamment le recrutement de talents, le d\u00e9veloppement des comp\u00e9tences, l\u2019organisation de journ\u00e9es d\u2019accueil, le programme d\u2019int\u00e9gration, l\u2019accompagnement des responsables de service dans l\u2019\u00e9valuation de leurs \u00e9quipes, etc.<br \/>\nDans le cadre du nouveau plan strat\u00e9gique 2020, le D\u00e9partement RH repousse encore les limites de ses ambitions et par cons\u00e9quent, doit renforcer son \u00e9quipe d\u2019un Recruteur Exp\u00e9riment\u00e9 (m\/f).<\/p>\n<p><strong><em>Fonction :<\/em><\/strong><br \/>\nSous la supervision directe de la Directrice des Ressources Humaines et en \u00e9troite collaboration avec l\u2019\u00e9quipe Recrutement (3 pers), en votre qualit\u00e9 de Recruteur Exp\u00e9riment\u00e9 (m\/f), vous intervenez dans diff\u00e9rents processus RH, tous en lien avec le p\u00f4le Soft HR.<br \/>\nPlus sp\u00e9cifiquement et selon les urgences, vous prenez en charge le recrutement et la s\u00e9lection des nouveaux collaborateurs, toutes th\u00e9matiques confondues :<br \/>\n&#8211; R\u00e9daction des descriptions de fonction, refl\u00e9tant au mieux les besoins que vous aurez cern\u00e9s lors d\u2019un intake avec le client interne ;<br \/>\n&#8211; Screening des candidatures re\u00e7ues via notre site web et l\u2019application interne de gestion des CV ;<br \/>\n&#8211; R\u00e9alisations d\u2019entretiens t\u00e9l\u00e9phoniques ;<br \/>\n&#8211; Pr\u00e9paration et participation aux entretiens de s\u00e9lection, aux c\u00f4t\u00e9s des d\u00e9partements recruteurs ;<br \/>\n&#8211; Etablissement et suivi du programme d\u2019int\u00e9gration des nouveaux engag\u00e9s;<br \/>\n&#8211; Suivi de la page LinkedIn de la Croix-Rouge de Belgique.<\/p>\n<p><strong><em>Profil :<\/em><\/strong><\/p>\n<p>&#8211; Vous disposez d\u2019une exp\u00e9rience de minimum 3 ans en recrutement, id\u00e9alement accompagn\u00e9e de solides connaissances en r\u00e9seaux sociaux (essentiellement LinkedIn) ;<br \/>\n&#8211; Vous disposez \u00e9galement d\u2019une exp\u00e9rience dans le secteur priv\u00e9 non marchand et avez de tr\u00e8s fortes affinit\u00e9s avec celui-ci ;<br \/>\n&#8211; Vous avez un r\u00e9el int\u00e9r\u00eat pour l\u2019action sociale et humanitaire en g\u00e9n\u00e9ral, pour la Croix-Rouge en particulier et vous \u00eates par ailleurs en accord avec ses principes et valeurs ;<br \/>\n&#8211; Vous \u00eates capable de g\u00e9rer les priorit\u00e9s en fonction des urgences, dans un environnement complexe et multiculturel ;<br \/>\n&#8211; R\u00e9sistant au stress, vous \u00eates efficace et fiable malgr\u00e9 un rythme de travail soutenu ;<br \/>\n&#8211; Rigoureux, pr\u00e9cis, discret, consciencieux, votre sens du service est irr\u00e9prochable ;<br \/>\n&#8211; Vous faites preuve d\u2019autonomie et d\u2019initiative dans les limites des responsabilit\u00e9s qui vous sont confi\u00e9es ;<br \/>\n&#8211; Vous \u00eates un utilisateur averti de la Suite MS-Office ;<\/p>\n<p>Si vous vous reconnaissez dans ce profil, nous vous invitons \u00e0 envoyer votre candidature (curriculum vitae et lettre de motivation en deux fichiers attach\u00e9s) via le bouton \u00ab\u00a0POSTULER\u00a0\u00bb en suivant ce lien\u00a0:<br \/>\n<a href=\"http:\/\/www.croix-rouge.be\/jobs\/nos-offres-en-belgique\/details\/?offreid=3664\">http:\/\/www.croix-rouge.be\/jobs\/nos-offres-en-belgique\/details\/?offreid=3664<\/a><\/p>\n<p><em>Contrat \u00e0 dur\u00e9e ind\u00e9termin\u00e9e &#8211; Temps plein<\/em><br \/>\n<em> D\u00e9but du contrat pr\u00e9vu : d\u00e8s que possible<\/em><br \/>\n<em> Lieu de travail : 1180 Bruxelles + d\u00e9placements en Wallonie et \u00e0 Bruxelles<\/em><\/p>\n","protected":false},"excerpt":{"rendered":"<p>Dans le cadre du nouveau plan strat\u00e9gique 2020, le D\u00e9partement RH repousse encore les limites de ses ambitions et par cons\u00e9quent, doit renforcer son \u00e9quipe d\u2019un Recruteur Exp\u00e9riment\u00e9 (m\/f).<\/p>\n","protected":false},"author":2,"featured_media":0,"comment_status":"closed","ping_status":"open","sticky":false,"template":"","format":"standard","meta":[],"categories":[88],"tags":[1123,937,72],"yoast_head":"<!-- This site is optimized with the Yoast SEO plugin v21.0 - https:\/\/yoast.com\/wordpress\/plugins\/seo\/ -->\n<title>Job RH : la Croix-Rouge de Belgique recherche un(e) Recruteur Exp\u00e9riment\u00e9\u00a0(m\/f) pour le D\u00e9partement RH - Peoplesphere<\/title>\n<meta name=\"robots\" content=\"index, follow, max-snippet:-1, max-image-preview:large, max-video-preview:-1\" \/>\n<link rel=\"canonical\" href=\"https:\/\/peoplesphere.be\/fr\/job-rh-croix-rouge-de-belgique-recherche-recruteur-experimente-mf-departement-rh\/\" \/>\n<meta property=\"og:locale\" content=\"fr_FR\" \/>\n<meta property=\"og:type\" content=\"article\" \/>\n<meta property=\"og:title\" content=\"Job RH : la Croix-Rouge de Belgique recherche un(e) Recruteur Exp\u00e9riment\u00e9\u00a0(m\/f) pour le D\u00e9partement RH - Peoplesphere\" \/>\n<meta property=\"og:description\" content=\"Dans le cadre du nouveau plan strat\u00e9gique 2020, le D\u00e9partement RH repousse encore les limites de ses ambitions et par cons\u00e9quent, doit renforcer son \u00e9quipe d\u2019un Recruteur Exp\u00e9riment\u00e9 (m\/f).\" \/>\n<meta property=\"og:url\" content=\"https:\/\/peoplesphere.be\/fr\/job-rh-croix-rouge-de-belgique-recherche-recruteur-experimente-mf-departement-rh\/\" \/>\n<meta property=\"og:site_name\" content=\"Peoplesphere\" \/>\n<meta property=\"article:publisher\" content=\"https:\/\/www.facebook.com\/peoplesphere\" \/>\n<meta property=\"article:published_time\" content=\"2017-01-20T14:36:53+00:00\" \/>\n<meta property=\"og:image\" content=\"http:\/\/www.peoplesphere.be\/fr\/wp-content\/uploads\/2017\/01\/image002.jpg\" \/>\n<meta name=\"author\" content=\"Jean-Paul Erhard\" \/>\n<meta name=\"twitter:card\" content=\"summary_large_image\" \/>\n<meta name=\"twitter:creator\" content=\"@PeoplesphereMag\" \/>\n<meta name=\"twitter:site\" content=\"@PeoplesphereMag\" \/>\n<meta name=\"twitter:label1\" content=\"\u00c9crit par\" \/>\n\t<meta name=\"twitter:data1\" content=\"Jean-Paul Erhard\" \/>\n\t<meta name=\"twitter:label2\" content=\"Dur\u00e9e de lecture estim\u00e9e\" \/>\n\t<meta name=\"twitter:data2\" content=\"4 minutes\" \/>\n<script type=\"application\/ld+json\" class=\"yoast-schema-graph\">{\"@context\":\"https:\/\/schema.org\",\"@graph\":[{\"@type\":\"Article\",\"@id\":\"https:\/\/peoplesphere.be\/fr\/job-rh-croix-rouge-de-belgique-recherche-recruteur-experimente-mf-departement-rh\/#article\",\"isPartOf\":{\"@id\":\"https:\/\/peoplesphere.be\/fr\/job-rh-croix-rouge-de-belgique-recherche-recruteur-experimente-mf-departement-rh\/\"},\"author\":{\"name\":\"Jean-Paul Erhard\",\"@id\":\"https:\/\/peoplesphere.be\/fr\/#\/schema\/person\/7976225ff17988604334abb7b3536a7e\"},\"headline\":\"Job RH : la Croix-Rouge de Belgique recherche un(e) Recruteur Exp\u00e9riment\u00e9\u00a0(m\/f) pour le D\u00e9partement RH\",\"datePublished\":\"2017-01-20T14:36:53+00:00\",\"dateModified\":\"2017-01-20T14:36:53+00:00\",\"mainEntityOfPage\":{\"@id\":\"https:\/\/peoplesphere.be\/fr\/job-rh-croix-rouge-de-belgique-recherche-recruteur-experimente-mf-departement-rh\/\"},\"wordCount\":768,\"publisher\":{\"@id\":\"https:\/\/peoplesphere.be\/fr\/#organization\"},\"keywords\":[\"croix-rouge de belgique\",\"job RH\",\"recrutement\"],\"articleSection\":[\"Jobs\"],\"inLanguage\":\"fr-FR\"},{\"@type\":\"WebPage\",\"@id\":\"https:\/\/peoplesphere.be\/fr\/job-rh-croix-rouge-de-belgique-recherche-recruteur-experimente-mf-departement-rh\/\",\"url\":\"https:\/\/peoplesphere.be\/fr\/job-rh-croix-rouge-de-belgique-recherche-recruteur-experimente-mf-departement-rh\/\",\"name\":\"Job RH : la Croix-Rouge de Belgique recherche un(e) Recruteur Exp\u00e9riment\u00e9\u00a0(m\/f) pour le D\u00e9partement RH - Peoplesphere\",\"isPartOf\":{\"@id\":\"https:\/\/peoplesphere.be\/fr\/#website\"},\"datePublished\":\"2017-01-20T14:36:53+00:00\",\"dateModified\":\"2017-01-20T14:36:53+00:00\",\"breadcrumb\":{\"@id\":\"https:\/\/peoplesphere.be\/fr\/job-rh-croix-rouge-de-belgique-recherche-recruteur-experimente-mf-departement-rh\/#breadcrumb\"},\"inLanguage\":\"fr-FR\",\"potentialAction\":[{\"@type\":\"ReadAction\",\"target\":[\"https:\/\/peoplesphere.be\/fr\/job-rh-croix-rouge-de-belgique-recherche-recruteur-experimente-mf-departement-rh\/\"]}]},{\"@type\":\"BreadcrumbList\",\"@id\":\"https:\/\/peoplesphere.be\/fr\/job-rh-croix-rouge-de-belgique-recherche-recruteur-experimente-mf-departement-rh\/#breadcrumb\",\"itemListElement\":[{\"@type\":\"ListItem\",\"position\":1,\"name\":\"Accueil\",\"item\":\"https:\/\/peoplesphere.be\/fr\/\"},{\"@type\":\"ListItem\",\"position\":2,\"name\":\"Job RH : la Croix-Rouge de Belgique recherche un(e) Recruteur Exp\u00e9riment\u00e9\u00a0(m\/f) pour le D\u00e9partement RH\"}]},{\"@type\":\"WebSite\",\"@id\":\"https:\/\/peoplesphere.be\/fr\/#website\",\"url\":\"https:\/\/peoplesphere.be\/fr\/\",\"name\":\"Peoplesphere\",\"description\":\"The People Managers Magazine\",\"publisher\":{\"@id\":\"https:\/\/peoplesphere.be\/fr\/#organization\"},\"potentialAction\":[{\"@type\":\"SearchAction\",\"target\":{\"@type\":\"EntryPoint\",\"urlTemplate\":\"https:\/\/peoplesphere.be\/fr\/?s={search_term_string}\"},\"query-input\":\"required name=search_term_string\"}],\"inLanguage\":\"fr-FR\"},{\"@type\":\"Organization\",\"@id\":\"https:\/\/peoplesphere.be\/fr\/#organization\",\"name\":\"Peoplesphere Company srl\",\"url\":\"https:\/\/peoplesphere.be\/fr\/\",\"logo\":{\"@type\":\"ImageObject\",\"inLanguage\":\"fr-FR\",\"@id\":\"https:\/\/peoplesphere.be\/fr\/#\/schema\/logo\/image\/\",\"url\":\"https:\/\/peoplesphere.be\/fr\/wp-content\/uploads\/2023\/07\/peoplesphere-lgo-new-generik.jpg\",\"contentUrl\":\"https:\/\/peoplesphere.be\/fr\/wp-content\/uploads\/2023\/07\/peoplesphere-lgo-new-generik.jpg\",\"width\":1031,\"height\":1479,\"caption\":\"Peoplesphere Company srl\"},\"image\":{\"@id\":\"https:\/\/peoplesphere.be\/fr\/#\/schema\/logo\/image\/\"},\"sameAs\":[\"https:\/\/www.facebook.com\/peoplesphere\",\"https:\/\/twitter.com\/PeoplesphereMag\",\"https:\/\/www.linkedin.com\/company\/7587361?trk\",\"http:\/\/youtube.com\/peoplesphere\"]},{\"@type\":\"Person\",\"@id\":\"https:\/\/peoplesphere.be\/fr\/#\/schema\/person\/7976225ff17988604334abb7b3536a7e\",\"name\":\"Jean-Paul Erhard\",\"image\":{\"@type\":\"ImageObject\",\"inLanguage\":\"fr-FR\",\"@id\":\"https:\/\/peoplesphere.be\/fr\/#\/schema\/person\/image\/\",\"url\":\"https:\/\/secure.gravatar.com\/avatar\/f941e681460179738071629a51574930?s=96&d=mm&r=g\",\"contentUrl\":\"https:\/\/secure.gravatar.com\/avatar\/f941e681460179738071629a51574930?s=96&d=mm&r=g\",\"caption\":\"Jean-Paul Erhard\"},\"url\":\"https:\/\/peoplesphere.be\/fr\/author\/jpe\/\"}]}<\/script>\n<!-- \/ Yoast SEO plugin. -->","yoast_head_json":{"title":"Job RH : la Croix-Rouge de Belgique recherche un(e) Recruteur Exp\u00e9riment\u00e9\u00a0(m\/f) pour le D\u00e9partement RH - Peoplesphere","robots":{"index":"index","follow":"follow","max-snippet":"max-snippet:-1","max-image-preview":"max-image-preview:large","max-video-preview":"max-video-preview:-1"},"canonical":"https:\/\/peoplesphere.be\/fr\/job-rh-croix-rouge-de-belgique-recherche-recruteur-experimente-mf-departement-rh\/","og_locale":"fr_FR","og_type":"article","og_title":"Job RH : la Croix-Rouge de Belgique recherche un(e) Recruteur Exp\u00e9riment\u00e9\u00a0(m\/f) pour le D\u00e9partement RH - Peoplesphere","og_description":"Dans le cadre du nouveau plan strat\u00e9gique 2020, le D\u00e9partement RH repousse encore les limites de ses ambitions et par cons\u00e9quent, doit renforcer son \u00e9quipe d\u2019un Recruteur Exp\u00e9riment\u00e9 (m\/f).","og_url":"https:\/\/peoplesphere.be\/fr\/job-rh-croix-rouge-de-belgique-recherche-recruteur-experimente-mf-departement-rh\/","og_site_name":"Peoplesphere","article_publisher":"https:\/\/www.facebook.com\/peoplesphere","article_published_time":"2017-01-20T14:36:53+00:00","og_image":[{"url":"http:\/\/www.peoplesphere.be\/fr\/wp-content\/uploads\/2017\/01\/image002.jpg"}],"author":"Jean-Paul Erhard","twitter_card":"summary_large_image","twitter_creator":"@PeoplesphereMag","twitter_site":"@PeoplesphereMag","twitter_misc":{"\u00c9crit par":"Jean-Paul Erhard","Dur\u00e9e de lecture estim\u00e9e":"4 minutes"},"schema":{"@context":"https:\/\/schema.org","@graph":[{"@type":"Article","@id":"https:\/\/peoplesphere.be\/fr\/job-rh-croix-rouge-de-belgique-recherche-recruteur-experimente-mf-departement-rh\/#article","isPartOf":{"@id":"https:\/\/peoplesphere.be\/fr\/job-rh-croix-rouge-de-belgique-recherche-recruteur-experimente-mf-departement-rh\/"},"author":{"name":"Jean-Paul Erhard","@id":"https:\/\/peoplesphere.be\/fr\/#\/schema\/person\/7976225ff17988604334abb7b3536a7e"},"headline":"Job RH : la Croix-Rouge de Belgique recherche un(e) Recruteur Exp\u00e9riment\u00e9\u00a0(m\/f) pour le D\u00e9partement RH","datePublished":"2017-01-20T14:36:53+00:00","dateModified":"2017-01-20T14:36:53+00:00","mainEntityOfPage":{"@id":"https:\/\/peoplesphere.be\/fr\/job-rh-croix-rouge-de-belgique-recherche-recruteur-experimente-mf-departement-rh\/"},"wordCount":768,"publisher":{"@id":"https:\/\/peoplesphere.be\/fr\/#organization"},"keywords":["croix-rouge de belgique","job RH","recrutement"],"articleSection":["Jobs"],"inLanguage":"fr-FR"},{"@type":"WebPage","@id":"https:\/\/peoplesphere.be\/fr\/job-rh-croix-rouge-de-belgique-recherche-recruteur-experimente-mf-departement-rh\/","url":"https:\/\/peoplesphere.be\/fr\/job-rh-croix-rouge-de-belgique-recherche-recruteur-experimente-mf-departement-rh\/","name":"Job RH : la Croix-Rouge de Belgique recherche un(e) Recruteur Exp\u00e9riment\u00e9\u00a0(m\/f) pour le D\u00e9partement RH - Peoplesphere","isPartOf":{"@id":"https:\/\/peoplesphere.be\/fr\/#website"},"datePublished":"2017-01-20T14:36:53+00:00","dateModified":"2017-01-20T14:36:53+00:00","breadcrumb":{"@id":"https:\/\/peoplesphere.be\/fr\/job-rh-croix-rouge-de-belgique-recherche-recruteur-experimente-mf-departement-rh\/#breadcrumb"},"inLanguage":"fr-FR","potentialAction":[{"@type":"ReadAction","target":["https:\/\/peoplesphere.be\/fr\/job-rh-croix-rouge-de-belgique-recherche-recruteur-experimente-mf-departement-rh\/"]}]},{"@type":"BreadcrumbList","@id":"https:\/\/peoplesphere.be\/fr\/job-rh-croix-rouge-de-belgique-recherche-recruteur-experimente-mf-departement-rh\/#breadcrumb","itemListElement":[{"@type":"ListItem","position":1,"name":"Accueil","item":"https:\/\/peoplesphere.be\/fr\/"},{"@type":"ListItem","position":2,"name":"Job RH : la Croix-Rouge de Belgique recherche un(e) Recruteur Exp\u00e9riment\u00e9\u00a0(m\/f) pour le D\u00e9partement RH"}]},{"@type":"WebSite","@id":"https:\/\/peoplesphere.be\/fr\/#website","url":"https:\/\/peoplesphere.be\/fr\/","name":"Peoplesphere","description":"The People Managers Magazine","publisher":{"@id":"https:\/\/peoplesphere.be\/fr\/#organization"},"potentialAction":[{"@type":"SearchAction","target":{"@type":"EntryPoint","urlTemplate":"https:\/\/peoplesphere.be\/fr\/?s={search_term_string}"},"query-input":"required name=search_term_string"}],"inLanguage":"fr-FR"},{"@type":"Organization","@id":"https:\/\/peoplesphere.be\/fr\/#organization","name":"Peoplesphere Company srl","url":"https:\/\/peoplesphere.be\/fr\/","logo":{"@type":"ImageObject","inLanguage":"fr-FR","@id":"https:\/\/peoplesphere.be\/fr\/#\/schema\/logo\/image\/","url":"https:\/\/peoplesphere.be\/fr\/wp-content\/uploads\/2023\/07\/peoplesphere-lgo-new-generik.jpg","contentUrl":"https:\/\/peoplesphere.be\/fr\/wp-content\/uploads\/2023\/07\/peoplesphere-lgo-new-generik.jpg","width":1031,"height":1479,"caption":"Peoplesphere Company srl"},"image":{"@id":"https:\/\/peoplesphere.be\/fr\/#\/schema\/logo\/image\/"},"sameAs":["https:\/\/www.facebook.com\/peoplesphere","https:\/\/twitter.com\/PeoplesphereMag","https:\/\/www.linkedin.com\/company\/7587361?trk","http:\/\/youtube.com\/peoplesphere"]},{"@type":"Person","@id":"https:\/\/peoplesphere.be\/fr\/#\/schema\/person\/7976225ff17988604334abb7b3536a7e","name":"Jean-Paul Erhard","image":{"@type":"ImageObject","inLanguage":"fr-FR","@id":"https:\/\/peoplesphere.be\/fr\/#\/schema\/person\/image\/","url":"https:\/\/secure.gravatar.com\/avatar\/f941e681460179738071629a51574930?s=96&d=mm&r=g","contentUrl":"https:\/\/secure.gravatar.com\/avatar\/f941e681460179738071629a51574930?s=96&d=mm&r=g","caption":"Jean-Paul Erhard"},"url":"https:\/\/peoplesphere.be\/fr\/author\/jpe\/"}]}},"_links":{"self":[{"href":"https:\/\/peoplesphere.be\/fr\/wp-json\/wp\/v2\/posts\/3875"}],"collection":[{"href":"https:\/\/peoplesphere.be\/fr\/wp-json\/wp\/v2\/posts"}],"about":[{"href":"https:\/\/peoplesphere.be\/fr\/wp-json\/wp\/v2\/types\/post"}],"author":[{"embeddable":true,"href":"https:\/\/peoplesphere.be\/fr\/wp-json\/wp\/v2\/users\/2"}],"replies":[{"embeddable":true,"href":"https:\/\/peoplesphere.be\/fr\/wp-json\/wp\/v2\/comments?post=3875"}],"version-history":[{"count":1,"href":"https:\/\/peoplesphere.be\/fr\/wp-json\/wp\/v2\/posts\/3875\/revisions"}],"predecessor-version":[{"id":3877,"href":"https:\/\/peoplesphere.be\/fr\/wp-json\/wp\/v2\/posts\/3875\/revisions\/3877"}],"wp:attachment":[{"href":"https:\/\/peoplesphere.be\/fr\/wp-json\/wp\/v2\/media?parent=3875"}],"wp:term":[{"taxonomy":"category","embeddable":true,"href":"https:\/\/peoplesphere.be\/fr\/wp-json\/wp\/v2\/categories?post=3875"},{"taxonomy":"post_tag","embeddable":true,"href":"https:\/\/peoplesphere.be\/fr\/wp-json\/wp\/v2\/tags?post=3875"}],"curies":[{"name":"wp","href":"https:\/\/api.w.org\/{rel}","templated":true}]}}