









{"id":3881,"date":"2017-01-22T16:54:36","date_gmt":"2017-01-22T14:54:36","guid":{"rendered":"http:\/\/www.peoplesphere.be\/fr\/?p=3881"},"modified":"2017-01-22T16:54:36","modified_gmt":"2017-01-22T14:54:36","slug":"renforcer-lien-entre-lentreprise-formation-participez-aux-echanges-03-fevrier-2017","status":"publish","type":"post","link":"https:\/\/peoplesphere.be\/fr\/renforcer-lien-entre-lentreprise-formation-participez-aux-echanges-03-fevrier-2017\/","title":{"rendered":"Comment renforcer le lien entre l&rsquo;entreprise et la formation? Participez aux \u00e9changes le 03 f\u00e9vrier 2017"},"content":{"rendered":"<p>L\u2019apprentissage tout au long de la vie passe n\u00e9cessairement par une coop\u00e9ration renforc\u00e9e entre l\u2019entreprise et la formation.\u00a0Les formateurs\/trices en sont les premiers acteurs&#8230; La prochaine conf\u00e9rence organis\u00e9e par FormaForm tentera de r\u00e9pondre aux d\u00e9fis que rencontrent nos organisations dans leur approche de la formation.<!--more--><\/p>\n<p>\u2022 Comment int\u00e9grer le d\u00e9veloppement des comp\u00e9tences des formateurs\/trices dans l\u2019entreprise ?<br \/>\n\u2022 Quelles collaborations mettre en \u0153uvre avec les acteurs de la formation professionnelle ?<br \/>\n\u2022 Comment tirer profit des opportunit\u00e9s d\u2019apprendre que rec\u00e8le l\u2019entreprise?<br \/>\n\u2022 Quels sont les projets inspirants dans ce domaine ?<\/p>\n<p>FormaForm vous convie \u00e0 une conf\u00e9rence qui s\u2019annonce riche en \u00e9changes de pratiques et perspectives.<\/p>\n<p>Seront pr\u00e9sents des repr\u00e9sentants issus de la formation, de l\u2019enseignement et du monde de l\u2019entreprise qui agissent tant au niveau de la Communaut\u00e9 fran\u00e7aise qu\u2019\u00e0 l\u2019\u00e9chelon r\u00e9gional et europ\u00e9en.<\/p>\n<p><em><strong>Programme<\/strong><\/em><\/p>\n<p>\u2022 Introduction<br \/>\n\u2022 Keynote speech: Jan Noterdaeme, Conseiller senior pour les Relations ext\u00e9rieures au sein de CSR Europe ( Corporate Social Responsibility Europe)<br \/>\n\u2022 Panel d&rsquo;experts : \u00e9changes de pratiques et prospective avec la participation de M.\u00a0Olivier Remels &#8211; Secr\u00e9taire g\u00e9n\u00e9ral et Administrateur d\u00e9l\u00e9gu\u00e9 \u00e0 la Fondation pour l\u2019Enseignement, Mme\u00a0Estelle Brentnall &#8211; Secr\u00e9taire politique de la F\u00e9d\u00e9ration Europ\u00e9enne des Syndicats de l&rsquo;Alimentation, de l&rsquo;Agriculture et du Tourisme, M.\u00a0No\u00ebl Scherer, Directeur g\u00e9n\u00e9ral du centre de comp\u00e9tence Technifutur, et M.\u00a0Laurent Gall, Coordinateur formation Wallonie-Bxl chez Alimenta IFP asbl<br \/>\n\u2022 Conclusions par l&rsquo;IFAPME<\/p>\n<p>Inscription : <a href=\"https:\/\/www.eventbrite.fr\/e\/billets-conference-la-cooperation-entreprise-formation-un-duo-gagnant-comment-developper-ensemble-les-30548369997?utm-medium=discovery&amp;utm-campaign=social&amp;utm-content=attendeeshare&amp;aff=escb&amp;utm-source=cp&amp;utm-term=listing\">https:\/\/www.eventbrite.fr\/e\/billets-conference-la-cooperation-entreprise-formation-un-duo-gagnant-comment-developper-ensemble-les-30548369997?utm-medium=discovery&amp;utm-campaign=social&amp;utm-content=attendeeshare&amp;aff=escb&amp;utm-source=cp&amp;utm-term=listing<\/a><\/p>\n","protected":false},"excerpt":{"rendered":"<p>L\u2019apprentissage tout au long de la vie passe n\u00e9cessairement par une coop\u00e9ration renforc\u00e9e entre l\u2019entreprise et la formation.\u00a0Les formateurs\/trices en sont les premiers acteurs&#8230; La prochaine conf\u00e9rence organis\u00e9e par FormaForm tentera de r\u00e9pondre aux d\u00e9fis que rencontrent nos organisations dans [&hellip;]<\/p>\n","protected":false},"author":2,"featured_media":0,"comment_status":"closed","ping_status":"open","sticky":false,"template":"","format":"standard","meta":[],"categories":[67,8],"tags":[47,116,1024,1126,735,48,1050],"yoast_head":"<!-- This site is optimized with the Yoast SEO plugin v21.0 - https:\/\/yoast.com\/wordpress\/plugins\/seo\/ -->\n<title>Comment renforcer le lien entre l&#039;entreprise et la formation? Participez aux \u00e9changes le 03 f\u00e9vrier 2017 - Peoplesphere<\/title>\n<meta name=\"robots\" content=\"index, follow, max-snippet:-1, max-image-preview:large, max-video-preview:-1\" \/>\n<link rel=\"canonical\" href=\"https:\/\/peoplesphere.be\/fr\/renforcer-lien-entre-lentreprise-formation-participez-aux-echanges-03-fevrier-2017\/\" \/>\n<meta property=\"og:locale\" content=\"fr_FR\" \/>\n<meta property=\"og:type\" content=\"article\" \/>\n<meta property=\"og:title\" content=\"Comment renforcer le lien entre l&#039;entreprise et la formation? Participez aux \u00e9changes le 03 f\u00e9vrier 2017 - Peoplesphere\" \/>\n<meta property=\"og:description\" content=\"L\u2019apprentissage tout au long de la vie passe n\u00e9cessairement par une coop\u00e9ration renforc\u00e9e entre l\u2019entreprise et la formation.\u00a0Les formateurs\/trices en sont les premiers acteurs&#8230; La prochaine conf\u00e9rence organis\u00e9e par FormaForm tentera de r\u00e9pondre aux d\u00e9fis que rencontrent nos organisations dans [&hellip;]\" \/>\n<meta property=\"og:url\" content=\"https:\/\/peoplesphere.be\/fr\/renforcer-lien-entre-lentreprise-formation-participez-aux-echanges-03-fevrier-2017\/\" \/>\n<meta property=\"og:site_name\" content=\"Peoplesphere\" \/>\n<meta property=\"article:publisher\" content=\"https:\/\/www.facebook.com\/peoplesphere\" \/>\n<meta property=\"article:published_time\" content=\"2017-01-22T14:54:36+00:00\" \/>\n<meta property=\"og:image\" content=\"http:\/\/www.peoplesphere.be\/fr\/wp-content\/uploads\/2016\/07\/facebook-default-posting-1200x628px.jpg\" \/>\n<meta name=\"author\" content=\"Jean-Paul Erhard\" \/>\n<meta name=\"twitter:card\" content=\"summary_large_image\" \/>\n<meta name=\"twitter:creator\" content=\"@PeoplesphereMag\" \/>\n<meta name=\"twitter:site\" content=\"@PeoplesphereMag\" \/>\n<meta name=\"twitter:label1\" content=\"\u00c9crit par\" \/>\n\t<meta name=\"twitter:data1\" content=\"Jean-Paul Erhard\" \/>\n\t<meta name=\"twitter:label2\" content=\"Dur\u00e9e de lecture estim\u00e9e\" \/>\n\t<meta name=\"twitter:data2\" content=\"1 minute\" \/>\n<script type=\"application\/ld+json\" class=\"yoast-schema-graph\">{\"@context\":\"https:\/\/schema.org\",\"@graph\":[{\"@type\":\"Article\",\"@id\":\"https:\/\/peoplesphere.be\/fr\/renforcer-lien-entre-lentreprise-formation-participez-aux-echanges-03-fevrier-2017\/#article\",\"isPartOf\":{\"@id\":\"https:\/\/peoplesphere.be\/fr\/renforcer-lien-entre-lentreprise-formation-participez-aux-echanges-03-fevrier-2017\/\"},\"author\":{\"name\":\"Jean-Paul Erhard\",\"@id\":\"https:\/\/peoplesphere.be\/fr\/#\/schema\/person\/7976225ff17988604334abb7b3536a7e\"},\"headline\":\"Comment renforcer le lien entre l&rsquo;entreprise et la formation? Participez aux \u00e9changes le 03 f\u00e9vrier 2017\",\"datePublished\":\"2017-01-22T14:54:36+00:00\",\"dateModified\":\"2017-01-22T14:54:36+00:00\",\"mainEntityOfPage\":{\"@id\":\"https:\/\/peoplesphere.be\/fr\/renforcer-lien-entre-lentreprise-formation-participez-aux-echanges-03-fevrier-2017\/\"},\"wordCount\":299,\"publisher\":{\"@id\":\"https:\/\/peoplesphere.be\/fr\/#organization\"},\"keywords\":[\"Apprentissage\",\"comp\u00e9tences\",\"conf\u00e9rence\",\"CSR\",\"formaform\",\"Formation\",\"learning &amp; development\"],\"articleSection\":[\"Calendrier\",\"Events\"],\"inLanguage\":\"fr-FR\"},{\"@type\":\"WebPage\",\"@id\":\"https:\/\/peoplesphere.be\/fr\/renforcer-lien-entre-lentreprise-formation-participez-aux-echanges-03-fevrier-2017\/\",\"url\":\"https:\/\/peoplesphere.be\/fr\/renforcer-lien-entre-lentreprise-formation-participez-aux-echanges-03-fevrier-2017\/\",\"name\":\"Comment renforcer le lien entre l'entreprise et la formation? Participez aux \u00e9changes le 03 f\u00e9vrier 2017 - Peoplesphere\",\"isPartOf\":{\"@id\":\"https:\/\/peoplesphere.be\/fr\/#website\"},\"datePublished\":\"2017-01-22T14:54:36+00:00\",\"dateModified\":\"2017-01-22T14:54:36+00:00\",\"breadcrumb\":{\"@id\":\"https:\/\/peoplesphere.be\/fr\/renforcer-lien-entre-lentreprise-formation-participez-aux-echanges-03-fevrier-2017\/#breadcrumb\"},\"inLanguage\":\"fr-FR\",\"potentialAction\":[{\"@type\":\"ReadAction\",\"target\":[\"https:\/\/peoplesphere.be\/fr\/renforcer-lien-entre-lentreprise-formation-participez-aux-echanges-03-fevrier-2017\/\"]}]},{\"@type\":\"BreadcrumbList\",\"@id\":\"https:\/\/peoplesphere.be\/fr\/renforcer-lien-entre-lentreprise-formation-participez-aux-echanges-03-fevrier-2017\/#breadcrumb\",\"itemListElement\":[{\"@type\":\"ListItem\",\"position\":1,\"name\":\"Accueil\",\"item\":\"https:\/\/peoplesphere.be\/fr\/\"},{\"@type\":\"ListItem\",\"position\":2,\"name\":\"Comment renforcer le lien entre l&rsquo;entreprise et la formation? Participez aux \u00e9changes le 03 f\u00e9vrier 2017\"}]},{\"@type\":\"WebSite\",\"@id\":\"https:\/\/peoplesphere.be\/fr\/#website\",\"url\":\"https:\/\/peoplesphere.be\/fr\/\",\"name\":\"Peoplesphere\",\"description\":\"The People Managers Magazine\",\"publisher\":{\"@id\":\"https:\/\/peoplesphere.be\/fr\/#organization\"},\"potentialAction\":[{\"@type\":\"SearchAction\",\"target\":{\"@type\":\"EntryPoint\",\"urlTemplate\":\"https:\/\/peoplesphere.be\/fr\/?s={search_term_string}\"},\"query-input\":\"required name=search_term_string\"}],\"inLanguage\":\"fr-FR\"},{\"@type\":\"Organization\",\"@id\":\"https:\/\/peoplesphere.be\/fr\/#organization\",\"name\":\"Peoplesphere Company srl\",\"url\":\"https:\/\/peoplesphere.be\/fr\/\",\"logo\":{\"@type\":\"ImageObject\",\"inLanguage\":\"fr-FR\",\"@id\":\"https:\/\/peoplesphere.be\/fr\/#\/schema\/logo\/image\/\",\"url\":\"https:\/\/peoplesphere.be\/fr\/wp-content\/uploads\/2023\/07\/peoplesphere-lgo-new-generik.jpg\",\"contentUrl\":\"https:\/\/peoplesphere.be\/fr\/wp-content\/uploads\/2023\/07\/peoplesphere-lgo-new-generik.jpg\",\"width\":1031,\"height\":1479,\"caption\":\"Peoplesphere Company srl\"},\"image\":{\"@id\":\"https:\/\/peoplesphere.be\/fr\/#\/schema\/logo\/image\/\"},\"sameAs\":[\"https:\/\/www.facebook.com\/peoplesphere\",\"https:\/\/twitter.com\/PeoplesphereMag\",\"https:\/\/www.linkedin.com\/company\/7587361?trk\",\"http:\/\/youtube.com\/peoplesphere\"]},{\"@type\":\"Person\",\"@id\":\"https:\/\/peoplesphere.be\/fr\/#\/schema\/person\/7976225ff17988604334abb7b3536a7e\",\"name\":\"Jean-Paul Erhard\",\"image\":{\"@type\":\"ImageObject\",\"inLanguage\":\"fr-FR\",\"@id\":\"https:\/\/peoplesphere.be\/fr\/#\/schema\/person\/image\/\",\"url\":\"https:\/\/secure.gravatar.com\/avatar\/f941e681460179738071629a51574930?s=96&d=mm&r=g\",\"contentUrl\":\"https:\/\/secure.gravatar.com\/avatar\/f941e681460179738071629a51574930?s=96&d=mm&r=g\",\"caption\":\"Jean-Paul Erhard\"},\"url\":\"https:\/\/peoplesphere.be\/fr\/author\/jpe\/\"}]}<\/script>\n<!-- \/ Yoast SEO plugin. -->","yoast_head_json":{"title":"Comment renforcer le lien entre l'entreprise et la formation? Participez aux \u00e9changes le 03 f\u00e9vrier 2017 - Peoplesphere","robots":{"index":"index","follow":"follow","max-snippet":"max-snippet:-1","max-image-preview":"max-image-preview:large","max-video-preview":"max-video-preview:-1"},"canonical":"https:\/\/peoplesphere.be\/fr\/renforcer-lien-entre-lentreprise-formation-participez-aux-echanges-03-fevrier-2017\/","og_locale":"fr_FR","og_type":"article","og_title":"Comment renforcer le lien entre l'entreprise et la formation? Participez aux \u00e9changes le 03 f\u00e9vrier 2017 - Peoplesphere","og_description":"L\u2019apprentissage tout au long de la vie passe n\u00e9cessairement par une coop\u00e9ration renforc\u00e9e entre l\u2019entreprise et la formation.\u00a0Les formateurs\/trices en sont les premiers acteurs&#8230; La prochaine conf\u00e9rence organis\u00e9e par FormaForm tentera de r\u00e9pondre aux d\u00e9fis que rencontrent nos organisations dans [&hellip;]","og_url":"https:\/\/peoplesphere.be\/fr\/renforcer-lien-entre-lentreprise-formation-participez-aux-echanges-03-fevrier-2017\/","og_site_name":"Peoplesphere","article_publisher":"https:\/\/www.facebook.com\/peoplesphere","article_published_time":"2017-01-22T14:54:36+00:00","og_image":[{"url":"http:\/\/www.peoplesphere.be\/fr\/wp-content\/uploads\/2016\/07\/facebook-default-posting-1200x628px.jpg"}],"author":"Jean-Paul Erhard","twitter_card":"summary_large_image","twitter_creator":"@PeoplesphereMag","twitter_site":"@PeoplesphereMag","twitter_misc":{"\u00c9crit par":"Jean-Paul Erhard","Dur\u00e9e de lecture estim\u00e9e":"1 minute"},"schema":{"@context":"https:\/\/schema.org","@graph":[{"@type":"Article","@id":"https:\/\/peoplesphere.be\/fr\/renforcer-lien-entre-lentreprise-formation-participez-aux-echanges-03-fevrier-2017\/#article","isPartOf":{"@id":"https:\/\/peoplesphere.be\/fr\/renforcer-lien-entre-lentreprise-formation-participez-aux-echanges-03-fevrier-2017\/"},"author":{"name":"Jean-Paul Erhard","@id":"https:\/\/peoplesphere.be\/fr\/#\/schema\/person\/7976225ff17988604334abb7b3536a7e"},"headline":"Comment renforcer le lien entre l&rsquo;entreprise et la formation? Participez aux \u00e9changes le 03 f\u00e9vrier 2017","datePublished":"2017-01-22T14:54:36+00:00","dateModified":"2017-01-22T14:54:36+00:00","mainEntityOfPage":{"@id":"https:\/\/peoplesphere.be\/fr\/renforcer-lien-entre-lentreprise-formation-participez-aux-echanges-03-fevrier-2017\/"},"wordCount":299,"publisher":{"@id":"https:\/\/peoplesphere.be\/fr\/#organization"},"keywords":["Apprentissage","comp\u00e9tences","conf\u00e9rence","CSR","formaform","Formation","learning &amp; development"],"articleSection":["Calendrier","Events"],"inLanguage":"fr-FR"},{"@type":"WebPage","@id":"https:\/\/peoplesphere.be\/fr\/renforcer-lien-entre-lentreprise-formation-participez-aux-echanges-03-fevrier-2017\/","url":"https:\/\/peoplesphere.be\/fr\/renforcer-lien-entre-lentreprise-formation-participez-aux-echanges-03-fevrier-2017\/","name":"Comment renforcer le lien entre l'entreprise et la formation? Participez aux \u00e9changes le 03 f\u00e9vrier 2017 - Peoplesphere","isPartOf":{"@id":"https:\/\/peoplesphere.be\/fr\/#website"},"datePublished":"2017-01-22T14:54:36+00:00","dateModified":"2017-01-22T14:54:36+00:00","breadcrumb":{"@id":"https:\/\/peoplesphere.be\/fr\/renforcer-lien-entre-lentreprise-formation-participez-aux-echanges-03-fevrier-2017\/#breadcrumb"},"inLanguage":"fr-FR","potentialAction":[{"@type":"ReadAction","target":["https:\/\/peoplesphere.be\/fr\/renforcer-lien-entre-lentreprise-formation-participez-aux-echanges-03-fevrier-2017\/"]}]},{"@type":"BreadcrumbList","@id":"https:\/\/peoplesphere.be\/fr\/renforcer-lien-entre-lentreprise-formation-participez-aux-echanges-03-fevrier-2017\/#breadcrumb","itemListElement":[{"@type":"ListItem","position":1,"name":"Accueil","item":"https:\/\/peoplesphere.be\/fr\/"},{"@type":"ListItem","position":2,"name":"Comment renforcer le lien entre l&rsquo;entreprise et la formation? Participez aux \u00e9changes le 03 f\u00e9vrier 2017"}]},{"@type":"WebSite","@id":"https:\/\/peoplesphere.be\/fr\/#website","url":"https:\/\/peoplesphere.be\/fr\/","name":"Peoplesphere","description":"The People Managers Magazine","publisher":{"@id":"https:\/\/peoplesphere.be\/fr\/#organization"},"potentialAction":[{"@type":"SearchAction","target":{"@type":"EntryPoint","urlTemplate":"https:\/\/peoplesphere.be\/fr\/?s={search_term_string}"},"query-input":"required name=search_term_string"}],"inLanguage":"fr-FR"},{"@type":"Organization","@id":"https:\/\/peoplesphere.be\/fr\/#organization","name":"Peoplesphere Company srl","url":"https:\/\/peoplesphere.be\/fr\/","logo":{"@type":"ImageObject","inLanguage":"fr-FR","@id":"https:\/\/peoplesphere.be\/fr\/#\/schema\/logo\/image\/","url":"https:\/\/peoplesphere.be\/fr\/wp-content\/uploads\/2023\/07\/peoplesphere-lgo-new-generik.jpg","contentUrl":"https:\/\/peoplesphere.be\/fr\/wp-content\/uploads\/2023\/07\/peoplesphere-lgo-new-generik.jpg","width":1031,"height":1479,"caption":"Peoplesphere Company srl"},"image":{"@id":"https:\/\/peoplesphere.be\/fr\/#\/schema\/logo\/image\/"},"sameAs":["https:\/\/www.facebook.com\/peoplesphere","https:\/\/twitter.com\/PeoplesphereMag","https:\/\/www.linkedin.com\/company\/7587361?trk","http:\/\/youtube.com\/peoplesphere"]},{"@type":"Person","@id":"https:\/\/peoplesphere.be\/fr\/#\/schema\/person\/7976225ff17988604334abb7b3536a7e","name":"Jean-Paul Erhard","image":{"@type":"ImageObject","inLanguage":"fr-FR","@id":"https:\/\/peoplesphere.be\/fr\/#\/schema\/person\/image\/","url":"https:\/\/secure.gravatar.com\/avatar\/f941e681460179738071629a51574930?s=96&d=mm&r=g","contentUrl":"https:\/\/secure.gravatar.com\/avatar\/f941e681460179738071629a51574930?s=96&d=mm&r=g","caption":"Jean-Paul Erhard"},"url":"https:\/\/peoplesphere.be\/fr\/author\/jpe\/"}]}},"_links":{"self":[{"href":"https:\/\/peoplesphere.be\/fr\/wp-json\/wp\/v2\/posts\/3881"}],"collection":[{"href":"https:\/\/peoplesphere.be\/fr\/wp-json\/wp\/v2\/posts"}],"about":[{"href":"https:\/\/peoplesphere.be\/fr\/wp-json\/wp\/v2\/types\/post"}],"author":[{"embeddable":true,"href":"https:\/\/peoplesphere.be\/fr\/wp-json\/wp\/v2\/users\/2"}],"replies":[{"embeddable":true,"href":"https:\/\/peoplesphere.be\/fr\/wp-json\/wp\/v2\/comments?post=3881"}],"version-history":[{"count":1,"href":"https:\/\/peoplesphere.be\/fr\/wp-json\/wp\/v2\/posts\/3881\/revisions"}],"predecessor-version":[{"id":3882,"href":"https:\/\/peoplesphere.be\/fr\/wp-json\/wp\/v2\/posts\/3881\/revisions\/3882"}],"wp:attachment":[{"href":"https:\/\/peoplesphere.be\/fr\/wp-json\/wp\/v2\/media?parent=3881"}],"wp:term":[{"taxonomy":"category","embeddable":true,"href":"https:\/\/peoplesphere.be\/fr\/wp-json\/wp\/v2\/categories?post=3881"},{"taxonomy":"post_tag","embeddable":true,"href":"https:\/\/peoplesphere.be\/fr\/wp-json\/wp\/v2\/tags?post=3881"}],"curies":[{"name":"wp","href":"https:\/\/api.w.org\/{rel}","templated":true}]}}