









{"id":3916,"date":"2017-01-30T08:59:45","date_gmt":"2017-01-30T06:59:45","guid":{"rendered":"http:\/\/www.peoplesphere.be\/fr\/?p=3916"},"modified":"2017-01-30T08:59:45","modified_gmt":"2017-01-30T06:59:45","slug":"petit-dej-adp-liege-17-fevrier-media-sociaux-actions-rh","status":"publish","type":"post","link":"https:\/\/peoplesphere.be\/fr\/petit-dej-adp-liege-17-fevrier-media-sociaux-actions-rh\/","title":{"rendered":"Petit-d\u00e9j. ADP Li\u00e8ge le 17 f\u00e9vrier : m\u00e9dia sociaux et actions RH."},"content":{"rendered":"<p>Le prochain \u00ab Petit D\u00e9jeuner ressources humaines \u00bb organis\u00e9 par l\u2019ADP Li\u00e8ge se tiendra le vendredi 17 f\u00e9vrier 2017 de 8h \u00e0 10h et abordera la question de l&rsquo;utilisation des r\u00e9seaux sociaux par les professionnels RH.<!--more--><strong><em>\u00ab\u00a0M\u00e9dias sociaux et actions ressources humaines : outils \u00e0 tout faire ou couteaux suisses?\u00a0\u00bb , <\/em><\/strong>voici le titre de la conf\u00e9rence propos\u00e9e par l&rsquo;ADP Li\u00e8ge et prise en charge par Fred Colantonio, positionn\u00e9 en tant qu&rsquo;expert\u00a0quant aux sujets li\u00e9s \u00e0 la\u00a0num\u00e9risation, le leadership, l&rsquo;innovation et la diff\u00e9renciation.<\/p>\n<p>Nous sommes nombreux \u00e0 nous essayer sur les m\u00e9dias sociaux, avec plus ou moins de bonheur. Souvent, comme un retour de manivelle, nous nous interrogeons sur ce qu\u2019il est\/aurait \u00e9t\u00e9 pertinent de faire et d\u2019utiliser parmi la pl\u00e9thore d\u2019outils pr\u00e9sent\u00e9s chacun comme LA solution pour communiquer et mener \u00e0 bien les diff\u00e9rentes actions RH dans nos organisations. De nombreuses questions subsistent&#8230;<br \/>\n<em>\u2022 Que repr\u00e9sentent aujourd\u2019hui les m\u00e9dias sociaux en terme d\u2019utilisation et de pertinence pour les entreprises ?<\/em><br \/>\n<em> \u2022 Comment choisir entre LKI, FB, Twitter, Instagram, Yammer,&#8230; pour recruter, r\u00e9seauter, communiquer,&#8230; ?<\/em><br \/>\n<em> \u2022 A quoi \u00eatre vigilant pour ne pas s\u2019\u00e9parpiller ou manquer de coh\u00e9rence ?<\/em><\/p>\n<p>L\u2019expos\u00e9 sera pr\u00e9c\u00e9d\u00e9 des traditionnelles \u00ab10 minutes d\u2019actualit\u00e9s socio-juridiques\u00bb.<\/p>\n<p>Comme de coutume, le petit-d\u00e9jeuner de l&rsquo;ADP Li\u00e8ge sera organis\u00e9\u00a0\u00e0 Li\u00e8ge Airport (BIERSET), dans le restaurant \u00abLE LONG COURS\u00bb (Hall de d\u00e9part 2\u00e8me \u00e9tage) 4460 Gr\u00e2ce-Hollogne. Parking n\u00b02 surveill\u00e9 et gratuit pour les trois premi\u00e8res heures.<\/p>\n<p>Participation aux frais : 25,00\u20ac pour les non-membres &#8211; gratuit pour les membres ADP.<br \/>\nLe montant est \u00e0 verser ANTICIPATIVEMENT sur le compte BE46 0680 4057 6036 de l\u2019ADP avec mention : \u00abPetit D\u00e9jeuner ADP 17.02.2017 : NOM et Pr\u00e9nom\u00bb.<br \/>\nToute inscription enregistr\u00e9e et qui n\u2019est pas annul\u00e9e 24 heures avant la manifestation est due.<\/p>\n<p>Inscription de pr\u00e9f\u00e9rence en ligne via le lien suivant : <a href=\"http:\/\/adp-liege.be\/fr\/inscription-petit-dejeuner-adp\">http:\/\/adp-liege.be\/fr\/inscription-petit-dejeuner-adp<\/a><\/p>\n","protected":false},"excerpt":{"rendered":"<p>Le prochain \u00ab Petit D\u00e9jeuner ressources humaines \u00bb organis\u00e9 par l\u2019ADP Li\u00e8ge se tiendra le vendredi 17 f\u00e9vrier 2017 de 8h \u00e0 10h et abordera la question de l&rsquo;utilisation des r\u00e9seaux sociaux par les professionnels RH.<\/p>\n","protected":false},"author":2,"featured_media":0,"comment_status":"closed","ping_status":"open","sticky":false,"template":"","format":"standard","meta":[],"categories":[67,8],"tags":[389,210,1136,1134,1135],"yoast_head":"<!-- This site is optimized with the Yoast SEO plugin v21.0 - https:\/\/yoast.com\/wordpress\/plugins\/seo\/ -->\n<title>Petit-d\u00e9j. ADP Li\u00e8ge le 17 f\u00e9vrier : m\u00e9dia sociaux et actions RH. - Peoplesphere<\/title>\n<meta name=\"robots\" content=\"index, follow, max-snippet:-1, max-image-preview:large, max-video-preview:-1\" \/>\n<link rel=\"canonical\" href=\"https:\/\/peoplesphere.be\/fr\/petit-dej-adp-liege-17-fevrier-media-sociaux-actions-rh\/\" \/>\n<meta property=\"og:locale\" content=\"fr_FR\" \/>\n<meta property=\"og:type\" content=\"article\" \/>\n<meta property=\"og:title\" content=\"Petit-d\u00e9j. ADP Li\u00e8ge le 17 f\u00e9vrier : m\u00e9dia sociaux et actions RH. - Peoplesphere\" \/>\n<meta property=\"og:description\" content=\"Le prochain \u00ab Petit D\u00e9jeuner ressources humaines \u00bb organis\u00e9 par l\u2019ADP Li\u00e8ge se tiendra le vendredi 17 f\u00e9vrier 2017 de 8h \u00e0 10h et abordera la question de l&rsquo;utilisation des r\u00e9seaux sociaux par les professionnels RH.\" \/>\n<meta property=\"og:url\" content=\"https:\/\/peoplesphere.be\/fr\/petit-dej-adp-liege-17-fevrier-media-sociaux-actions-rh\/\" \/>\n<meta property=\"og:site_name\" content=\"Peoplesphere\" \/>\n<meta property=\"article:publisher\" content=\"https:\/\/www.facebook.com\/peoplesphere\" \/>\n<meta property=\"article:published_time\" content=\"2017-01-30T06:59:45+00:00\" \/>\n<meta property=\"og:image\" content=\"http:\/\/www.peoplesphere.be\/fr\/wp-content\/uploads\/2016\/07\/facebook-default-posting-1200x628px.jpg\" \/>\n<meta name=\"author\" content=\"Jean-Paul Erhard\" \/>\n<meta name=\"twitter:card\" content=\"summary_large_image\" \/>\n<meta name=\"twitter:creator\" content=\"@PeoplesphereMag\" \/>\n<meta name=\"twitter:site\" content=\"@PeoplesphereMag\" \/>\n<meta name=\"twitter:label1\" content=\"\u00c9crit par\" \/>\n\t<meta name=\"twitter:data1\" content=\"Jean-Paul Erhard\" \/>\n\t<meta name=\"twitter:label2\" content=\"Dur\u00e9e de lecture estim\u00e9e\" \/>\n\t<meta name=\"twitter:data2\" content=\"2 minutes\" \/>\n<script type=\"application\/ld+json\" class=\"yoast-schema-graph\">{\"@context\":\"https:\/\/schema.org\",\"@graph\":[{\"@type\":\"Article\",\"@id\":\"https:\/\/peoplesphere.be\/fr\/petit-dej-adp-liege-17-fevrier-media-sociaux-actions-rh\/#article\",\"isPartOf\":{\"@id\":\"https:\/\/peoplesphere.be\/fr\/petit-dej-adp-liege-17-fevrier-media-sociaux-actions-rh\/\"},\"author\":{\"name\":\"Jean-Paul Erhard\",\"@id\":\"https:\/\/peoplesphere.be\/fr\/#\/schema\/person\/7976225ff17988604334abb7b3536a7e\"},\"headline\":\"Petit-d\u00e9j. ADP Li\u00e8ge le 17 f\u00e9vrier : m\u00e9dia sociaux et actions RH.\",\"datePublished\":\"2017-01-30T06:59:45+00:00\",\"dateModified\":\"2017-01-30T06:59:45+00:00\",\"mainEntityOfPage\":{\"@id\":\"https:\/\/peoplesphere.be\/fr\/petit-dej-adp-liege-17-fevrier-media-sociaux-actions-rh\/\"},\"wordCount\":337,\"publisher\":{\"@id\":\"https:\/\/peoplesphere.be\/fr\/#organization\"},\"keywords\":[\"communication\",\"employer branding\",\"hrm2.0\",\"m\u00e9dia sociaux\",\"r\u00e9seaux\"],\"articleSection\":[\"Calendrier\",\"Events\"],\"inLanguage\":\"fr-FR\"},{\"@type\":\"WebPage\",\"@id\":\"https:\/\/peoplesphere.be\/fr\/petit-dej-adp-liege-17-fevrier-media-sociaux-actions-rh\/\",\"url\":\"https:\/\/peoplesphere.be\/fr\/petit-dej-adp-liege-17-fevrier-media-sociaux-actions-rh\/\",\"name\":\"Petit-d\u00e9j. ADP Li\u00e8ge le 17 f\u00e9vrier : m\u00e9dia sociaux et actions RH. - Peoplesphere\",\"isPartOf\":{\"@id\":\"https:\/\/peoplesphere.be\/fr\/#website\"},\"datePublished\":\"2017-01-30T06:59:45+00:00\",\"dateModified\":\"2017-01-30T06:59:45+00:00\",\"breadcrumb\":{\"@id\":\"https:\/\/peoplesphere.be\/fr\/petit-dej-adp-liege-17-fevrier-media-sociaux-actions-rh\/#breadcrumb\"},\"inLanguage\":\"fr-FR\",\"potentialAction\":[{\"@type\":\"ReadAction\",\"target\":[\"https:\/\/peoplesphere.be\/fr\/petit-dej-adp-liege-17-fevrier-media-sociaux-actions-rh\/\"]}]},{\"@type\":\"BreadcrumbList\",\"@id\":\"https:\/\/peoplesphere.be\/fr\/petit-dej-adp-liege-17-fevrier-media-sociaux-actions-rh\/#breadcrumb\",\"itemListElement\":[{\"@type\":\"ListItem\",\"position\":1,\"name\":\"Accueil\",\"item\":\"https:\/\/peoplesphere.be\/fr\/\"},{\"@type\":\"ListItem\",\"position\":2,\"name\":\"Petit-d\u00e9j. ADP Li\u00e8ge le 17 f\u00e9vrier : m\u00e9dia sociaux et actions RH.\"}]},{\"@type\":\"WebSite\",\"@id\":\"https:\/\/peoplesphere.be\/fr\/#website\",\"url\":\"https:\/\/peoplesphere.be\/fr\/\",\"name\":\"Peoplesphere\",\"description\":\"The People Managers Magazine\",\"publisher\":{\"@id\":\"https:\/\/peoplesphere.be\/fr\/#organization\"},\"potentialAction\":[{\"@type\":\"SearchAction\",\"target\":{\"@type\":\"EntryPoint\",\"urlTemplate\":\"https:\/\/peoplesphere.be\/fr\/?s={search_term_string}\"},\"query-input\":\"required name=search_term_string\"}],\"inLanguage\":\"fr-FR\"},{\"@type\":\"Organization\",\"@id\":\"https:\/\/peoplesphere.be\/fr\/#organization\",\"name\":\"Peoplesphere Company srl\",\"url\":\"https:\/\/peoplesphere.be\/fr\/\",\"logo\":{\"@type\":\"ImageObject\",\"inLanguage\":\"fr-FR\",\"@id\":\"https:\/\/peoplesphere.be\/fr\/#\/schema\/logo\/image\/\",\"url\":\"https:\/\/peoplesphere.be\/fr\/wp-content\/uploads\/2023\/07\/peoplesphere-lgo-new-generik.jpg\",\"contentUrl\":\"https:\/\/peoplesphere.be\/fr\/wp-content\/uploads\/2023\/07\/peoplesphere-lgo-new-generik.jpg\",\"width\":1031,\"height\":1479,\"caption\":\"Peoplesphere Company srl\"},\"image\":{\"@id\":\"https:\/\/peoplesphere.be\/fr\/#\/schema\/logo\/image\/\"},\"sameAs\":[\"https:\/\/www.facebook.com\/peoplesphere\",\"https:\/\/twitter.com\/PeoplesphereMag\",\"https:\/\/www.linkedin.com\/company\/7587361?trk\",\"http:\/\/youtube.com\/peoplesphere\"]},{\"@type\":\"Person\",\"@id\":\"https:\/\/peoplesphere.be\/fr\/#\/schema\/person\/7976225ff17988604334abb7b3536a7e\",\"name\":\"Jean-Paul Erhard\",\"image\":{\"@type\":\"ImageObject\",\"inLanguage\":\"fr-FR\",\"@id\":\"https:\/\/peoplesphere.be\/fr\/#\/schema\/person\/image\/\",\"url\":\"https:\/\/secure.gravatar.com\/avatar\/f941e681460179738071629a51574930?s=96&d=mm&r=g\",\"contentUrl\":\"https:\/\/secure.gravatar.com\/avatar\/f941e681460179738071629a51574930?s=96&d=mm&r=g\",\"caption\":\"Jean-Paul Erhard\"},\"url\":\"https:\/\/peoplesphere.be\/fr\/author\/jpe\/\"}]}<\/script>\n<!-- \/ Yoast SEO plugin. -->","yoast_head_json":{"title":"Petit-d\u00e9j. ADP Li\u00e8ge le 17 f\u00e9vrier : m\u00e9dia sociaux et actions RH. - Peoplesphere","robots":{"index":"index","follow":"follow","max-snippet":"max-snippet:-1","max-image-preview":"max-image-preview:large","max-video-preview":"max-video-preview:-1"},"canonical":"https:\/\/peoplesphere.be\/fr\/petit-dej-adp-liege-17-fevrier-media-sociaux-actions-rh\/","og_locale":"fr_FR","og_type":"article","og_title":"Petit-d\u00e9j. ADP Li\u00e8ge le 17 f\u00e9vrier : m\u00e9dia sociaux et actions RH. - Peoplesphere","og_description":"Le prochain \u00ab Petit D\u00e9jeuner ressources humaines \u00bb organis\u00e9 par l\u2019ADP Li\u00e8ge se tiendra le vendredi 17 f\u00e9vrier 2017 de 8h \u00e0 10h et abordera la question de l&rsquo;utilisation des r\u00e9seaux sociaux par les professionnels RH.","og_url":"https:\/\/peoplesphere.be\/fr\/petit-dej-adp-liege-17-fevrier-media-sociaux-actions-rh\/","og_site_name":"Peoplesphere","article_publisher":"https:\/\/www.facebook.com\/peoplesphere","article_published_time":"2017-01-30T06:59:45+00:00","og_image":[{"url":"http:\/\/www.peoplesphere.be\/fr\/wp-content\/uploads\/2016\/07\/facebook-default-posting-1200x628px.jpg"}],"author":"Jean-Paul Erhard","twitter_card":"summary_large_image","twitter_creator":"@PeoplesphereMag","twitter_site":"@PeoplesphereMag","twitter_misc":{"\u00c9crit par":"Jean-Paul Erhard","Dur\u00e9e de lecture estim\u00e9e":"2 minutes"},"schema":{"@context":"https:\/\/schema.org","@graph":[{"@type":"Article","@id":"https:\/\/peoplesphere.be\/fr\/petit-dej-adp-liege-17-fevrier-media-sociaux-actions-rh\/#article","isPartOf":{"@id":"https:\/\/peoplesphere.be\/fr\/petit-dej-adp-liege-17-fevrier-media-sociaux-actions-rh\/"},"author":{"name":"Jean-Paul Erhard","@id":"https:\/\/peoplesphere.be\/fr\/#\/schema\/person\/7976225ff17988604334abb7b3536a7e"},"headline":"Petit-d\u00e9j. ADP Li\u00e8ge le 17 f\u00e9vrier : m\u00e9dia sociaux et actions RH.","datePublished":"2017-01-30T06:59:45+00:00","dateModified":"2017-01-30T06:59:45+00:00","mainEntityOfPage":{"@id":"https:\/\/peoplesphere.be\/fr\/petit-dej-adp-liege-17-fevrier-media-sociaux-actions-rh\/"},"wordCount":337,"publisher":{"@id":"https:\/\/peoplesphere.be\/fr\/#organization"},"keywords":["communication","employer branding","hrm2.0","m\u00e9dia sociaux","r\u00e9seaux"],"articleSection":["Calendrier","Events"],"inLanguage":"fr-FR"},{"@type":"WebPage","@id":"https:\/\/peoplesphere.be\/fr\/petit-dej-adp-liege-17-fevrier-media-sociaux-actions-rh\/","url":"https:\/\/peoplesphere.be\/fr\/petit-dej-adp-liege-17-fevrier-media-sociaux-actions-rh\/","name":"Petit-d\u00e9j. ADP Li\u00e8ge le 17 f\u00e9vrier : m\u00e9dia sociaux et actions RH. - Peoplesphere","isPartOf":{"@id":"https:\/\/peoplesphere.be\/fr\/#website"},"datePublished":"2017-01-30T06:59:45+00:00","dateModified":"2017-01-30T06:59:45+00:00","breadcrumb":{"@id":"https:\/\/peoplesphere.be\/fr\/petit-dej-adp-liege-17-fevrier-media-sociaux-actions-rh\/#breadcrumb"},"inLanguage":"fr-FR","potentialAction":[{"@type":"ReadAction","target":["https:\/\/peoplesphere.be\/fr\/petit-dej-adp-liege-17-fevrier-media-sociaux-actions-rh\/"]}]},{"@type":"BreadcrumbList","@id":"https:\/\/peoplesphere.be\/fr\/petit-dej-adp-liege-17-fevrier-media-sociaux-actions-rh\/#breadcrumb","itemListElement":[{"@type":"ListItem","position":1,"name":"Accueil","item":"https:\/\/peoplesphere.be\/fr\/"},{"@type":"ListItem","position":2,"name":"Petit-d\u00e9j. ADP Li\u00e8ge le 17 f\u00e9vrier : m\u00e9dia sociaux et actions RH."}]},{"@type":"WebSite","@id":"https:\/\/peoplesphere.be\/fr\/#website","url":"https:\/\/peoplesphere.be\/fr\/","name":"Peoplesphere","description":"The People Managers Magazine","publisher":{"@id":"https:\/\/peoplesphere.be\/fr\/#organization"},"potentialAction":[{"@type":"SearchAction","target":{"@type":"EntryPoint","urlTemplate":"https:\/\/peoplesphere.be\/fr\/?s={search_term_string}"},"query-input":"required name=search_term_string"}],"inLanguage":"fr-FR"},{"@type":"Organization","@id":"https:\/\/peoplesphere.be\/fr\/#organization","name":"Peoplesphere Company srl","url":"https:\/\/peoplesphere.be\/fr\/","logo":{"@type":"ImageObject","inLanguage":"fr-FR","@id":"https:\/\/peoplesphere.be\/fr\/#\/schema\/logo\/image\/","url":"https:\/\/peoplesphere.be\/fr\/wp-content\/uploads\/2023\/07\/peoplesphere-lgo-new-generik.jpg","contentUrl":"https:\/\/peoplesphere.be\/fr\/wp-content\/uploads\/2023\/07\/peoplesphere-lgo-new-generik.jpg","width":1031,"height":1479,"caption":"Peoplesphere Company srl"},"image":{"@id":"https:\/\/peoplesphere.be\/fr\/#\/schema\/logo\/image\/"},"sameAs":["https:\/\/www.facebook.com\/peoplesphere","https:\/\/twitter.com\/PeoplesphereMag","https:\/\/www.linkedin.com\/company\/7587361?trk","http:\/\/youtube.com\/peoplesphere"]},{"@type":"Person","@id":"https:\/\/peoplesphere.be\/fr\/#\/schema\/person\/7976225ff17988604334abb7b3536a7e","name":"Jean-Paul Erhard","image":{"@type":"ImageObject","inLanguage":"fr-FR","@id":"https:\/\/peoplesphere.be\/fr\/#\/schema\/person\/image\/","url":"https:\/\/secure.gravatar.com\/avatar\/f941e681460179738071629a51574930?s=96&d=mm&r=g","contentUrl":"https:\/\/secure.gravatar.com\/avatar\/f941e681460179738071629a51574930?s=96&d=mm&r=g","caption":"Jean-Paul Erhard"},"url":"https:\/\/peoplesphere.be\/fr\/author\/jpe\/"}]}},"_links":{"self":[{"href":"https:\/\/peoplesphere.be\/fr\/wp-json\/wp\/v2\/posts\/3916"}],"collection":[{"href":"https:\/\/peoplesphere.be\/fr\/wp-json\/wp\/v2\/posts"}],"about":[{"href":"https:\/\/peoplesphere.be\/fr\/wp-json\/wp\/v2\/types\/post"}],"author":[{"embeddable":true,"href":"https:\/\/peoplesphere.be\/fr\/wp-json\/wp\/v2\/users\/2"}],"replies":[{"embeddable":true,"href":"https:\/\/peoplesphere.be\/fr\/wp-json\/wp\/v2\/comments?post=3916"}],"version-history":[{"count":1,"href":"https:\/\/peoplesphere.be\/fr\/wp-json\/wp\/v2\/posts\/3916\/revisions"}],"predecessor-version":[{"id":3917,"href":"https:\/\/peoplesphere.be\/fr\/wp-json\/wp\/v2\/posts\/3916\/revisions\/3917"}],"wp:attachment":[{"href":"https:\/\/peoplesphere.be\/fr\/wp-json\/wp\/v2\/media?parent=3916"}],"wp:term":[{"taxonomy":"category","embeddable":true,"href":"https:\/\/peoplesphere.be\/fr\/wp-json\/wp\/v2\/categories?post=3916"},{"taxonomy":"post_tag","embeddable":true,"href":"https:\/\/peoplesphere.be\/fr\/wp-json\/wp\/v2\/tags?post=3916"}],"curies":[{"name":"wp","href":"https:\/\/api.w.org\/{rel}","templated":true}]}}