









{"id":393,"date":"2014-10-30T15:27:16","date_gmt":"2014-10-30T13:27:16","guid":{"rendered":"http:\/\/www.peoplesphere.be\/wp\/?p=393"},"modified":"2015-01-19T15:54:01","modified_gmt":"2015-01-19T13:54:01","slug":"5eme-wo-menwork-award-les-votes-ouverts-a-partir-du-03-novembre","status":"publish","type":"post","link":"https:\/\/peoplesphere.be\/fr\/5eme-wo-menwork-award-les-votes-ouverts-a-partir-du-03-novembre\/","title":{"rendered":"5\u00e8me Wo.Men@Work Award: les votes ouverts \u00e0 partir du 03 novembre"},"content":{"rendered":"<div class=\"chapeau\">Une certitude d\u00e9j\u00e0: c\u2019est une laur\u00e9ate qui sera ambassadrice de l\u2019\u00e9galit\u00e9 professionnelle en 2015. Pour rappel, le Wo.Men@Work Award r\u00e9compense le CEO ayant le plus contribu\u00e9 au d\u00e9veloppement de l\u2019\u00e9galit\u00e9 professionnelle au sein d\u2019une entreprise implant\u00e9e en Belgique. En \u00e9lisant chaque ann\u00e9e un tel ambassadeur, les organisateurs veulent donner un coup de projecteur sur l\u2019\u00e9galit\u00e9 professionnelle et diffuser les meilleurs pratiques pour encourager l\u2019avancement des femmes dans le monde du travail.<!--more--><\/div>\n<p>Les nomin\u00e9es pour cette 5\u00e8me \u00e9dition ont d\u00e9sormais \u00e9t\u00e9 s\u00e9lectionn\u00e9es par le jury. Il s\u2019agit de Annik Bosschaerts (COO The Bank of New York Mellon), Mich\u00e8le Paque (Managing Director Quintiles Belgium) et Caro van Eekelen (COO Accord HotelServices Benelux).<br \/>\nLe public est invit\u00e9 \u00e0 voter du 3 au 16 novembre sur le site web <a href=\"http:\/\/www.womenatworkaward.be\" target=\"_blank\">www.womenatworkaward.be<\/a>. Le poids des votes \u00e9lectroniques face \u00e0 celui du jury repr\u00e9sente 40% du r\u00e9sultat final. <\/p>\n<p>La c\u00e9r\u00e9monie de remise du Wo.Men @ Work Award se tiendra quant \u00e0 elle le <strong>jeudi 27 novembre \u00e0 17h30<\/strong> chez Coca-Cola Entreprises Belgique (Chauss\u00e9e de Mons 1424, 1070 Bruxelles).<br \/>\nVous souhaitez y participer en b\u00e9n\u00e9ficiant d\u2019une invitation Peoplesphere? Contactez-nous via email \u00e0 l\u2019adresse: <a href=\"mailto:jpe@peoplesphere.be\" target=\"_blank\">jpe@peoplesphere.be<\/a><\/p>\n","protected":false},"excerpt":{"rendered":"<p>Une certitude d\u00e9j\u00e0: c\u2019est une laur\u00e9ate qui sera ambassadrice de l\u2019\u00e9galit\u00e9 professionnelle en 2015. Pour rappel, le Wo.Men@Work Award r\u00e9compense le CEO ayant le plus contribu\u00e9 au d\u00e9veloppement de l\u2019\u00e9galit\u00e9 professionnelle au sein d\u2019une entreprise implant\u00e9e en Belgique. En \u00e9lisant [&hellip;]<\/p>\n","protected":false},"author":1,"featured_media":0,"comment_status":"closed","ping_status":"open","sticky":false,"template":"","format":"standard","meta":[],"categories":[65],"tags":[],"yoast_head":"<!-- This site is optimized with the Yoast SEO plugin v21.0 - https:\/\/yoast.com\/wordpress\/plugins\/seo\/ -->\n<title>5\u00e8me Wo.Men@Work Award: les votes ouverts \u00e0 partir du 03 novembre - Peoplesphere<\/title>\n<meta name=\"robots\" content=\"index, follow, max-snippet:-1, max-image-preview:large, max-video-preview:-1\" \/>\n<link rel=\"canonical\" href=\"https:\/\/peoplesphere.be\/fr\/5eme-wo-menwork-award-les-votes-ouverts-a-partir-du-03-novembre\/\" \/>\n<meta property=\"og:locale\" content=\"fr_FR\" \/>\n<meta property=\"og:type\" content=\"article\" \/>\n<meta property=\"og:title\" content=\"5\u00e8me Wo.Men@Work Award: les votes ouverts \u00e0 partir du 03 novembre - Peoplesphere\" \/>\n<meta property=\"og:description\" content=\"Une certitude d\u00e9j\u00e0: c\u2019est une laur\u00e9ate qui sera ambassadrice de l\u2019\u00e9galit\u00e9 professionnelle en 2015. Pour rappel, le Wo.Men@Work Award r\u00e9compense le CEO ayant le plus contribu\u00e9 au d\u00e9veloppement de l\u2019\u00e9galit\u00e9 professionnelle au sein d\u2019une entreprise implant\u00e9e en Belgique. En \u00e9lisant [&hellip;]\" \/>\n<meta property=\"og:url\" content=\"https:\/\/peoplesphere.be\/fr\/5eme-wo-menwork-award-les-votes-ouverts-a-partir-du-03-novembre\/\" \/>\n<meta property=\"og:site_name\" content=\"Peoplesphere\" \/>\n<meta property=\"article:publisher\" content=\"https:\/\/www.facebook.com\/peoplesphere\" \/>\n<meta property=\"article:published_time\" content=\"2014-10-30T13:27:16+00:00\" \/>\n<meta property=\"article:modified_time\" content=\"2015-01-19T13:54:01+00:00\" \/>\n<meta property=\"og:image\" content=\"http:\/\/www.peoplesphere.be\/fr\/wp-content\/uploads\/2016\/07\/facebook-default-posting-1200x628px.jpg\" \/>\n<meta name=\"author\" content=\"admin\" \/>\n<meta name=\"twitter:card\" content=\"summary_large_image\" \/>\n<meta name=\"twitter:creator\" content=\"@PeoplesphereMag\" \/>\n<meta name=\"twitter:site\" content=\"@PeoplesphereMag\" \/>\n<meta name=\"twitter:label1\" content=\"\u00c9crit par\" \/>\n\t<meta name=\"twitter:data1\" content=\"admin\" \/>\n\t<meta name=\"twitter:label2\" content=\"Dur\u00e9e de lecture estim\u00e9e\" \/>\n\t<meta name=\"twitter:data2\" content=\"1 minute\" \/>\n<script type=\"application\/ld+json\" class=\"yoast-schema-graph\">{\"@context\":\"https:\/\/schema.org\",\"@graph\":[{\"@type\":\"Article\",\"@id\":\"https:\/\/peoplesphere.be\/fr\/5eme-wo-menwork-award-les-votes-ouverts-a-partir-du-03-novembre\/#article\",\"isPartOf\":{\"@id\":\"https:\/\/peoplesphere.be\/fr\/5eme-wo-menwork-award-les-votes-ouverts-a-partir-du-03-novembre\/\"},\"author\":{\"name\":\"admin\",\"@id\":\"https:\/\/peoplesphere.be\/fr\/#\/schema\/person\/31e983479d7c6c2adc52372e64a85ae6\"},\"headline\":\"5\u00e8me Wo.Men@Work Award: les votes ouverts \u00e0 partir du 03 novembre\",\"datePublished\":\"2014-10-30T13:27:16+00:00\",\"dateModified\":\"2015-01-19T13:54:01+00:00\",\"mainEntityOfPage\":{\"@id\":\"https:\/\/peoplesphere.be\/fr\/5eme-wo-menwork-award-les-votes-ouverts-a-partir-du-03-novembre\/\"},\"wordCount\":218,\"publisher\":{\"@id\":\"https:\/\/peoplesphere.be\/fr\/#organization\"},\"articleSection\":[\"Actualit\u00e9s\"],\"inLanguage\":\"fr-FR\"},{\"@type\":\"WebPage\",\"@id\":\"https:\/\/peoplesphere.be\/fr\/5eme-wo-menwork-award-les-votes-ouverts-a-partir-du-03-novembre\/\",\"url\":\"https:\/\/peoplesphere.be\/fr\/5eme-wo-menwork-award-les-votes-ouverts-a-partir-du-03-novembre\/\",\"name\":\"5\u00e8me Wo.Men@Work Award: les votes ouverts \u00e0 partir du 03 novembre - Peoplesphere\",\"isPartOf\":{\"@id\":\"https:\/\/peoplesphere.be\/fr\/#website\"},\"datePublished\":\"2014-10-30T13:27:16+00:00\",\"dateModified\":\"2015-01-19T13:54:01+00:00\",\"breadcrumb\":{\"@id\":\"https:\/\/peoplesphere.be\/fr\/5eme-wo-menwork-award-les-votes-ouverts-a-partir-du-03-novembre\/#breadcrumb\"},\"inLanguage\":\"fr-FR\",\"potentialAction\":[{\"@type\":\"ReadAction\",\"target\":[\"https:\/\/peoplesphere.be\/fr\/5eme-wo-menwork-award-les-votes-ouverts-a-partir-du-03-novembre\/\"]}]},{\"@type\":\"BreadcrumbList\",\"@id\":\"https:\/\/peoplesphere.be\/fr\/5eme-wo-menwork-award-les-votes-ouverts-a-partir-du-03-novembre\/#breadcrumb\",\"itemListElement\":[{\"@type\":\"ListItem\",\"position\":1,\"name\":\"Accueil\",\"item\":\"https:\/\/peoplesphere.be\/fr\/\"},{\"@type\":\"ListItem\",\"position\":2,\"name\":\"5\u00e8me Wo.Men@Work Award: les votes ouverts \u00e0 partir du 03 novembre\"}]},{\"@type\":\"WebSite\",\"@id\":\"https:\/\/peoplesphere.be\/fr\/#website\",\"url\":\"https:\/\/peoplesphere.be\/fr\/\",\"name\":\"Peoplesphere\",\"description\":\"The People Managers Magazine\",\"publisher\":{\"@id\":\"https:\/\/peoplesphere.be\/fr\/#organization\"},\"potentialAction\":[{\"@type\":\"SearchAction\",\"target\":{\"@type\":\"EntryPoint\",\"urlTemplate\":\"https:\/\/peoplesphere.be\/fr\/?s={search_term_string}\"},\"query-input\":\"required name=search_term_string\"}],\"inLanguage\":\"fr-FR\"},{\"@type\":\"Organization\",\"@id\":\"https:\/\/peoplesphere.be\/fr\/#organization\",\"name\":\"Peoplesphere Company srl\",\"url\":\"https:\/\/peoplesphere.be\/fr\/\",\"logo\":{\"@type\":\"ImageObject\",\"inLanguage\":\"fr-FR\",\"@id\":\"https:\/\/peoplesphere.be\/fr\/#\/schema\/logo\/image\/\",\"url\":\"https:\/\/peoplesphere.be\/fr\/wp-content\/uploads\/2023\/07\/peoplesphere-lgo-new-generik.jpg\",\"contentUrl\":\"https:\/\/peoplesphere.be\/fr\/wp-content\/uploads\/2023\/07\/peoplesphere-lgo-new-generik.jpg\",\"width\":1031,\"height\":1479,\"caption\":\"Peoplesphere Company srl\"},\"image\":{\"@id\":\"https:\/\/peoplesphere.be\/fr\/#\/schema\/logo\/image\/\"},\"sameAs\":[\"https:\/\/www.facebook.com\/peoplesphere\",\"https:\/\/twitter.com\/PeoplesphereMag\",\"https:\/\/www.linkedin.com\/company\/7587361?trk\",\"http:\/\/youtube.com\/peoplesphere\"]},{\"@type\":\"Person\",\"@id\":\"https:\/\/peoplesphere.be\/fr\/#\/schema\/person\/31e983479d7c6c2adc52372e64a85ae6\",\"name\":\"admin\",\"image\":{\"@type\":\"ImageObject\",\"inLanguage\":\"fr-FR\",\"@id\":\"https:\/\/peoplesphere.be\/fr\/#\/schema\/person\/image\/\",\"url\":\"https:\/\/secure.gravatar.com\/avatar\/d20f4a44ec8508c3a90cb5021a329512?s=96&d=mm&r=g\",\"contentUrl\":\"https:\/\/secure.gravatar.com\/avatar\/d20f4a44ec8508c3a90cb5021a329512?s=96&d=mm&r=g\",\"caption\":\"admin\"},\"url\":\"https:\/\/peoplesphere.be\/fr\/author\/admin\/\"}]}<\/script>\n<!-- \/ Yoast SEO plugin. -->","yoast_head_json":{"title":"5\u00e8me Wo.Men@Work Award: les votes ouverts \u00e0 partir du 03 novembre - Peoplesphere","robots":{"index":"index","follow":"follow","max-snippet":"max-snippet:-1","max-image-preview":"max-image-preview:large","max-video-preview":"max-video-preview:-1"},"canonical":"https:\/\/peoplesphere.be\/fr\/5eme-wo-menwork-award-les-votes-ouverts-a-partir-du-03-novembre\/","og_locale":"fr_FR","og_type":"article","og_title":"5\u00e8me Wo.Men@Work Award: les votes ouverts \u00e0 partir du 03 novembre - Peoplesphere","og_description":"Une certitude d\u00e9j\u00e0: c\u2019est une laur\u00e9ate qui sera ambassadrice de l\u2019\u00e9galit\u00e9 professionnelle en 2015. Pour rappel, le Wo.Men@Work Award r\u00e9compense le CEO ayant le plus contribu\u00e9 au d\u00e9veloppement de l\u2019\u00e9galit\u00e9 professionnelle au sein d\u2019une entreprise implant\u00e9e en Belgique. En \u00e9lisant [&hellip;]","og_url":"https:\/\/peoplesphere.be\/fr\/5eme-wo-menwork-award-les-votes-ouverts-a-partir-du-03-novembre\/","og_site_name":"Peoplesphere","article_publisher":"https:\/\/www.facebook.com\/peoplesphere","article_published_time":"2014-10-30T13:27:16+00:00","article_modified_time":"2015-01-19T13:54:01+00:00","og_image":[{"url":"http:\/\/www.peoplesphere.be\/fr\/wp-content\/uploads\/2016\/07\/facebook-default-posting-1200x628px.jpg"}],"author":"admin","twitter_card":"summary_large_image","twitter_creator":"@PeoplesphereMag","twitter_site":"@PeoplesphereMag","twitter_misc":{"\u00c9crit par":"admin","Dur\u00e9e de lecture estim\u00e9e":"1 minute"},"schema":{"@context":"https:\/\/schema.org","@graph":[{"@type":"Article","@id":"https:\/\/peoplesphere.be\/fr\/5eme-wo-menwork-award-les-votes-ouverts-a-partir-du-03-novembre\/#article","isPartOf":{"@id":"https:\/\/peoplesphere.be\/fr\/5eme-wo-menwork-award-les-votes-ouverts-a-partir-du-03-novembre\/"},"author":{"name":"admin","@id":"https:\/\/peoplesphere.be\/fr\/#\/schema\/person\/31e983479d7c6c2adc52372e64a85ae6"},"headline":"5\u00e8me Wo.Men@Work Award: les votes ouverts \u00e0 partir du 03 novembre","datePublished":"2014-10-30T13:27:16+00:00","dateModified":"2015-01-19T13:54:01+00:00","mainEntityOfPage":{"@id":"https:\/\/peoplesphere.be\/fr\/5eme-wo-menwork-award-les-votes-ouverts-a-partir-du-03-novembre\/"},"wordCount":218,"publisher":{"@id":"https:\/\/peoplesphere.be\/fr\/#organization"},"articleSection":["Actualit\u00e9s"],"inLanguage":"fr-FR"},{"@type":"WebPage","@id":"https:\/\/peoplesphere.be\/fr\/5eme-wo-menwork-award-les-votes-ouverts-a-partir-du-03-novembre\/","url":"https:\/\/peoplesphere.be\/fr\/5eme-wo-menwork-award-les-votes-ouverts-a-partir-du-03-novembre\/","name":"5\u00e8me Wo.Men@Work Award: les votes ouverts \u00e0 partir du 03 novembre - Peoplesphere","isPartOf":{"@id":"https:\/\/peoplesphere.be\/fr\/#website"},"datePublished":"2014-10-30T13:27:16+00:00","dateModified":"2015-01-19T13:54:01+00:00","breadcrumb":{"@id":"https:\/\/peoplesphere.be\/fr\/5eme-wo-menwork-award-les-votes-ouverts-a-partir-du-03-novembre\/#breadcrumb"},"inLanguage":"fr-FR","potentialAction":[{"@type":"ReadAction","target":["https:\/\/peoplesphere.be\/fr\/5eme-wo-menwork-award-les-votes-ouverts-a-partir-du-03-novembre\/"]}]},{"@type":"BreadcrumbList","@id":"https:\/\/peoplesphere.be\/fr\/5eme-wo-menwork-award-les-votes-ouverts-a-partir-du-03-novembre\/#breadcrumb","itemListElement":[{"@type":"ListItem","position":1,"name":"Accueil","item":"https:\/\/peoplesphere.be\/fr\/"},{"@type":"ListItem","position":2,"name":"5\u00e8me Wo.Men@Work Award: les votes ouverts \u00e0 partir du 03 novembre"}]},{"@type":"WebSite","@id":"https:\/\/peoplesphere.be\/fr\/#website","url":"https:\/\/peoplesphere.be\/fr\/","name":"Peoplesphere","description":"The People Managers Magazine","publisher":{"@id":"https:\/\/peoplesphere.be\/fr\/#organization"},"potentialAction":[{"@type":"SearchAction","target":{"@type":"EntryPoint","urlTemplate":"https:\/\/peoplesphere.be\/fr\/?s={search_term_string}"},"query-input":"required name=search_term_string"}],"inLanguage":"fr-FR"},{"@type":"Organization","@id":"https:\/\/peoplesphere.be\/fr\/#organization","name":"Peoplesphere Company srl","url":"https:\/\/peoplesphere.be\/fr\/","logo":{"@type":"ImageObject","inLanguage":"fr-FR","@id":"https:\/\/peoplesphere.be\/fr\/#\/schema\/logo\/image\/","url":"https:\/\/peoplesphere.be\/fr\/wp-content\/uploads\/2023\/07\/peoplesphere-lgo-new-generik.jpg","contentUrl":"https:\/\/peoplesphere.be\/fr\/wp-content\/uploads\/2023\/07\/peoplesphere-lgo-new-generik.jpg","width":1031,"height":1479,"caption":"Peoplesphere Company srl"},"image":{"@id":"https:\/\/peoplesphere.be\/fr\/#\/schema\/logo\/image\/"},"sameAs":["https:\/\/www.facebook.com\/peoplesphere","https:\/\/twitter.com\/PeoplesphereMag","https:\/\/www.linkedin.com\/company\/7587361?trk","http:\/\/youtube.com\/peoplesphere"]},{"@type":"Person","@id":"https:\/\/peoplesphere.be\/fr\/#\/schema\/person\/31e983479d7c6c2adc52372e64a85ae6","name":"admin","image":{"@type":"ImageObject","inLanguage":"fr-FR","@id":"https:\/\/peoplesphere.be\/fr\/#\/schema\/person\/image\/","url":"https:\/\/secure.gravatar.com\/avatar\/d20f4a44ec8508c3a90cb5021a329512?s=96&d=mm&r=g","contentUrl":"https:\/\/secure.gravatar.com\/avatar\/d20f4a44ec8508c3a90cb5021a329512?s=96&d=mm&r=g","caption":"admin"},"url":"https:\/\/peoplesphere.be\/fr\/author\/admin\/"}]}},"_links":{"self":[{"href":"https:\/\/peoplesphere.be\/fr\/wp-json\/wp\/v2\/posts\/393"}],"collection":[{"href":"https:\/\/peoplesphere.be\/fr\/wp-json\/wp\/v2\/posts"}],"about":[{"href":"https:\/\/peoplesphere.be\/fr\/wp-json\/wp\/v2\/types\/post"}],"author":[{"embeddable":true,"href":"https:\/\/peoplesphere.be\/fr\/wp-json\/wp\/v2\/users\/1"}],"replies":[{"embeddable":true,"href":"https:\/\/peoplesphere.be\/fr\/wp-json\/wp\/v2\/comments?post=393"}],"version-history":[{"count":1,"href":"https:\/\/peoplesphere.be\/fr\/wp-json\/wp\/v2\/posts\/393\/revisions"}],"predecessor-version":[{"id":394,"href":"https:\/\/peoplesphere.be\/fr\/wp-json\/wp\/v2\/posts\/393\/revisions\/394"}],"wp:attachment":[{"href":"https:\/\/peoplesphere.be\/fr\/wp-json\/wp\/v2\/media?parent=393"}],"wp:term":[{"taxonomy":"category","embeddable":true,"href":"https:\/\/peoplesphere.be\/fr\/wp-json\/wp\/v2\/categories?post=393"},{"taxonomy":"post_tag","embeddable":true,"href":"https:\/\/peoplesphere.be\/fr\/wp-json\/wp\/v2\/tags?post=393"}],"curies":[{"name":"wp","href":"https:\/\/api.w.org\/{rel}","templated":true}]}}