









{"id":3948,"date":"2017-02-03T17:42:17","date_gmt":"2017-02-03T15:42:17","guid":{"rendered":"http:\/\/www.peoplesphere.be\/fr\/?p=3948"},"modified":"2017-02-03T17:42:17","modified_gmt":"2017-02-03T15:42:17","slug":"suppression-de-prime-a-lemploi-tpe-wallonie-absurde-necessaire","status":"publish","type":"post","link":"https:\/\/peoplesphere.be\/fr\/suppression-de-prime-a-lemploi-tpe-wallonie-absurde-necessaire\/","title":{"rendered":"Suppression de la prime \u00e0 l&#8217;emploi pour les TPE en Wallonie : absurde ou n\u00e9cessaire?"},"content":{"rendered":"<p>Le gouvernement wallon veut supprimer la prime \u00e0 l&#8217;emploi que peuvent obtenir les TPE (moins de dix personnes) qui engagent. Les partenaires sociaux wallons s&rsquo;interrogent sur les motivations de l&rsquo;ex\u00e9cutif. Pourquoi prendre une telle mesure alors que le co\u00fbt du travail est le principal frein \u00e0 l&#8217;embauche?<!--more-->La prime wallonne \u00e0 l&#8217;emploi soutient les TPE en croissance via\u00a0un montant maximum de 3.250 \u20ac par emploi cr\u00e9\u00e9, avec un bonus de 1.750 \u20ac pour le premier salari\u00e9. Cette aide n&rsquo;est octroy\u00e9e que si l&rsquo;entreprise maintient l&#8217;emploi cr\u00e9\u00e9 pendant deux ans minimum. Une TPE ne peut pas introduire plus de cinq demandes en cinq ans.<\/p>\n<p>L&rsquo;UCM rel\u00e8ve que : <em>\u00ab\u00a0En 2015, 3.795 primes de ce type ont \u00e9t\u00e9 octroy\u00e9es pour un budget global de quelque 16 millions d&rsquo;euros. La mesure rencontre donc un succ\u00e8s important aupr\u00e8s des patrons de petites structures, qui ont besoin d&rsquo;un coup de pouce pour engager.\u00a0\u00bb<\/em><\/p>\n<p>Difficile donc d&rsquo;adh\u00e9rer \u00e0 cette mesure : <em>\u00ab\u00a0Subitement, le gouvernement wallon annonce son intention de supprimer cette aide \u00e0 l&#8217;emploi. Cette suppression n&rsquo;avait jamais \u00e9t\u00e9 \u00e9voqu\u00e9e jusqu&rsquo;\u00e0 pr\u00e9sent, ni dans la d\u00e9claration de politique g\u00e9n\u00e9rale de la majorit\u00e9, ni dans le plan Marshall 4.0, ni dans le plan PME, ni m\u00eame dans le cadre de la r\u00e9forme des aides \u00e0 l&#8217;emploi intervenue r\u00e9cemment.\u00a0Les derni\u00e8res \u00e9tudes men\u00e9es aupr\u00e8s des PME montrent que la tr\u00e8s grande majorit\u00e9 d&rsquo;entre elles (71 %) souhaitent se d\u00e9velopper et que 77,3 % ont un r\u00e9el potentiel de croissance. Quand on interroge les patrons sur les freins au d\u00e9veloppement, le premier cit\u00e9 est&#8230; le co\u00fbt du travail.<\/em><br \/>\n<em> La prime \u00e0 l&#8217;emploi r\u00e9pond \u00e0 un vrai probl\u00e8me. Ce n&rsquo;est donc pas un hasard si elle est tr\u00e8s sollicit\u00e9e par les TPE. Elles en ont besoin.\u00a0\u00bb<\/em><\/p>\n<p>Les partenaires sociaux wallons, dans un avis qu&rsquo;ils viennent de rendre au Conseil \u00e9conomique et social (CESW), s&rsquo;opposent par ailleurs \u00e0 la r\u00e9troactivit\u00e9 souhait\u00e9e par le gouvernement : cette suppression devrait porter\u00a0sur les emplois cr\u00e9\u00e9s \u00e0 partir du troisi\u00e8me trimestre 2014. Quid des entreprises qui ont embauch\u00e9 alors et qui ont int\u00e9gr\u00e9 cette prime dans leurs pr\u00e9visions?<\/p>\n","protected":false},"excerpt":{"rendered":"<p>Le gouvernement wallon veut supprimer la prime \u00e0 l&#8217;emploi que peuvent obtenir les TPE (moins de dix personnes) qui engagent. Les partenaires sociaux wallons s&rsquo;interrogent sur les motivations de l&rsquo;ex\u00e9cutif. Pourquoi prendre une telle mesure alors que le co\u00fbt du [&hellip;]<\/p>\n","protected":false},"author":2,"featured_media":0,"comment_status":"closed","ping_status":"open","sticky":false,"template":"","format":"standard","meta":[],"categories":[65,10],"tags":[92,263,11,903,27,1143,1144],"yoast_head":"<!-- This site is optimized with the Yoast SEO plugin v21.0 - https:\/\/yoast.com\/wordpress\/plugins\/seo\/ -->\n<title>Suppression de la prime \u00e0 l&#039;emploi pour les TPE en Wallonie : absurde ou n\u00e9cessaire? - Peoplesphere<\/title>\n<meta name=\"robots\" content=\"index, follow, max-snippet:-1, max-image-preview:large, max-video-preview:-1\" \/>\n<link rel=\"canonical\" href=\"https:\/\/peoplesphere.be\/fr\/suppression-de-prime-a-lemploi-tpe-wallonie-absurde-necessaire\/\" \/>\n<meta property=\"og:locale\" content=\"fr_FR\" \/>\n<meta property=\"og:type\" content=\"article\" \/>\n<meta property=\"og:title\" content=\"Suppression de la prime \u00e0 l&#039;emploi pour les TPE en Wallonie : absurde ou n\u00e9cessaire? - Peoplesphere\" \/>\n<meta property=\"og:description\" content=\"Le gouvernement wallon veut supprimer la prime \u00e0 l&#8217;emploi que peuvent obtenir les TPE (moins de dix personnes) qui engagent. Les partenaires sociaux wallons s&rsquo;interrogent sur les motivations de l&rsquo;ex\u00e9cutif. Pourquoi prendre une telle mesure alors que le co\u00fbt du [&hellip;]\" \/>\n<meta property=\"og:url\" content=\"https:\/\/peoplesphere.be\/fr\/suppression-de-prime-a-lemploi-tpe-wallonie-absurde-necessaire\/\" \/>\n<meta property=\"og:site_name\" content=\"Peoplesphere\" \/>\n<meta property=\"article:publisher\" content=\"https:\/\/www.facebook.com\/peoplesphere\" \/>\n<meta property=\"article:published_time\" content=\"2017-02-03T15:42:17+00:00\" \/>\n<meta property=\"og:image\" content=\"http:\/\/www.peoplesphere.be\/fr\/wp-content\/uploads\/2016\/07\/facebook-default-posting-1200x628px.jpg\" \/>\n<meta name=\"author\" content=\"Jean-Paul Erhard\" \/>\n<meta name=\"twitter:card\" content=\"summary_large_image\" \/>\n<meta name=\"twitter:creator\" content=\"@PeoplesphereMag\" \/>\n<meta name=\"twitter:site\" content=\"@PeoplesphereMag\" \/>\n<meta name=\"twitter:label1\" content=\"\u00c9crit par\" \/>\n\t<meta name=\"twitter:data1\" content=\"Jean-Paul Erhard\" \/>\n\t<meta name=\"twitter:label2\" content=\"Dur\u00e9e de lecture estim\u00e9e\" \/>\n\t<meta name=\"twitter:data2\" content=\"2 minutes\" \/>\n<script type=\"application\/ld+json\" class=\"yoast-schema-graph\">{\"@context\":\"https:\/\/schema.org\",\"@graph\":[{\"@type\":\"Article\",\"@id\":\"https:\/\/peoplesphere.be\/fr\/suppression-de-prime-a-lemploi-tpe-wallonie-absurde-necessaire\/#article\",\"isPartOf\":{\"@id\":\"https:\/\/peoplesphere.be\/fr\/suppression-de-prime-a-lemploi-tpe-wallonie-absurde-necessaire\/\"},\"author\":{\"name\":\"Jean-Paul Erhard\",\"@id\":\"https:\/\/peoplesphere.be\/fr\/#\/schema\/person\/7976225ff17988604334abb7b3536a7e\"},\"headline\":\"Suppression de la prime \u00e0 l&#8217;emploi pour les TPE en Wallonie : absurde ou n\u00e9cessaire?\",\"datePublished\":\"2017-02-03T15:42:17+00:00\",\"dateModified\":\"2017-02-03T15:42:17+00:00\",\"mainEntityOfPage\":{\"@id\":\"https:\/\/peoplesphere.be\/fr\/suppression-de-prime-a-lemploi-tpe-wallonie-absurde-necessaire\/\"},\"wordCount\":367,\"publisher\":{\"@id\":\"https:\/\/peoplesphere.be\/fr\/#organization\"},\"keywords\":[\"ch\u00f4mage\",\"embauche\",\"emploi\",\"gouvernement wallon\",\"PME\",\"primes \u00e0 l'emploi\",\"TPE\"],\"articleSection\":[\"Actualit\u00e9s\",\"Digital\"],\"inLanguage\":\"fr-FR\"},{\"@type\":\"WebPage\",\"@id\":\"https:\/\/peoplesphere.be\/fr\/suppression-de-prime-a-lemploi-tpe-wallonie-absurde-necessaire\/\",\"url\":\"https:\/\/peoplesphere.be\/fr\/suppression-de-prime-a-lemploi-tpe-wallonie-absurde-necessaire\/\",\"name\":\"Suppression de la prime \u00e0 l'emploi pour les TPE en Wallonie : absurde ou n\u00e9cessaire? - Peoplesphere\",\"isPartOf\":{\"@id\":\"https:\/\/peoplesphere.be\/fr\/#website\"},\"datePublished\":\"2017-02-03T15:42:17+00:00\",\"dateModified\":\"2017-02-03T15:42:17+00:00\",\"breadcrumb\":{\"@id\":\"https:\/\/peoplesphere.be\/fr\/suppression-de-prime-a-lemploi-tpe-wallonie-absurde-necessaire\/#breadcrumb\"},\"inLanguage\":\"fr-FR\",\"potentialAction\":[{\"@type\":\"ReadAction\",\"target\":[\"https:\/\/peoplesphere.be\/fr\/suppression-de-prime-a-lemploi-tpe-wallonie-absurde-necessaire\/\"]}]},{\"@type\":\"BreadcrumbList\",\"@id\":\"https:\/\/peoplesphere.be\/fr\/suppression-de-prime-a-lemploi-tpe-wallonie-absurde-necessaire\/#breadcrumb\",\"itemListElement\":[{\"@type\":\"ListItem\",\"position\":1,\"name\":\"Accueil\",\"item\":\"https:\/\/peoplesphere.be\/fr\/\"},{\"@type\":\"ListItem\",\"position\":2,\"name\":\"Suppression de la prime \u00e0 l&#8217;emploi pour les TPE en Wallonie : absurde ou n\u00e9cessaire?\"}]},{\"@type\":\"WebSite\",\"@id\":\"https:\/\/peoplesphere.be\/fr\/#website\",\"url\":\"https:\/\/peoplesphere.be\/fr\/\",\"name\":\"Peoplesphere\",\"description\":\"The People Managers Magazine\",\"publisher\":{\"@id\":\"https:\/\/peoplesphere.be\/fr\/#organization\"},\"potentialAction\":[{\"@type\":\"SearchAction\",\"target\":{\"@type\":\"EntryPoint\",\"urlTemplate\":\"https:\/\/peoplesphere.be\/fr\/?s={search_term_string}\"},\"query-input\":\"required name=search_term_string\"}],\"inLanguage\":\"fr-FR\"},{\"@type\":\"Organization\",\"@id\":\"https:\/\/peoplesphere.be\/fr\/#organization\",\"name\":\"Peoplesphere Company srl\",\"url\":\"https:\/\/peoplesphere.be\/fr\/\",\"logo\":{\"@type\":\"ImageObject\",\"inLanguage\":\"fr-FR\",\"@id\":\"https:\/\/peoplesphere.be\/fr\/#\/schema\/logo\/image\/\",\"url\":\"https:\/\/peoplesphere.be\/fr\/wp-content\/uploads\/2023\/07\/peoplesphere-lgo-new-generik.jpg\",\"contentUrl\":\"https:\/\/peoplesphere.be\/fr\/wp-content\/uploads\/2023\/07\/peoplesphere-lgo-new-generik.jpg\",\"width\":1031,\"height\":1479,\"caption\":\"Peoplesphere Company srl\"},\"image\":{\"@id\":\"https:\/\/peoplesphere.be\/fr\/#\/schema\/logo\/image\/\"},\"sameAs\":[\"https:\/\/www.facebook.com\/peoplesphere\",\"https:\/\/twitter.com\/PeoplesphereMag\",\"https:\/\/www.linkedin.com\/company\/7587361?trk\",\"http:\/\/youtube.com\/peoplesphere\"]},{\"@type\":\"Person\",\"@id\":\"https:\/\/peoplesphere.be\/fr\/#\/schema\/person\/7976225ff17988604334abb7b3536a7e\",\"name\":\"Jean-Paul Erhard\",\"image\":{\"@type\":\"ImageObject\",\"inLanguage\":\"fr-FR\",\"@id\":\"https:\/\/peoplesphere.be\/fr\/#\/schema\/person\/image\/\",\"url\":\"https:\/\/secure.gravatar.com\/avatar\/f941e681460179738071629a51574930?s=96&d=mm&r=g\",\"contentUrl\":\"https:\/\/secure.gravatar.com\/avatar\/f941e681460179738071629a51574930?s=96&d=mm&r=g\",\"caption\":\"Jean-Paul Erhard\"},\"url\":\"https:\/\/peoplesphere.be\/fr\/author\/jpe\/\"}]}<\/script>\n<!-- \/ Yoast SEO plugin. -->","yoast_head_json":{"title":"Suppression de la prime \u00e0 l'emploi pour les TPE en Wallonie : absurde ou n\u00e9cessaire? - Peoplesphere","robots":{"index":"index","follow":"follow","max-snippet":"max-snippet:-1","max-image-preview":"max-image-preview:large","max-video-preview":"max-video-preview:-1"},"canonical":"https:\/\/peoplesphere.be\/fr\/suppression-de-prime-a-lemploi-tpe-wallonie-absurde-necessaire\/","og_locale":"fr_FR","og_type":"article","og_title":"Suppression de la prime \u00e0 l'emploi pour les TPE en Wallonie : absurde ou n\u00e9cessaire? - Peoplesphere","og_description":"Le gouvernement wallon veut supprimer la prime \u00e0 l&#8217;emploi que peuvent obtenir les TPE (moins de dix personnes) qui engagent. Les partenaires sociaux wallons s&rsquo;interrogent sur les motivations de l&rsquo;ex\u00e9cutif. Pourquoi prendre une telle mesure alors que le co\u00fbt du [&hellip;]","og_url":"https:\/\/peoplesphere.be\/fr\/suppression-de-prime-a-lemploi-tpe-wallonie-absurde-necessaire\/","og_site_name":"Peoplesphere","article_publisher":"https:\/\/www.facebook.com\/peoplesphere","article_published_time":"2017-02-03T15:42:17+00:00","og_image":[{"url":"http:\/\/www.peoplesphere.be\/fr\/wp-content\/uploads\/2016\/07\/facebook-default-posting-1200x628px.jpg"}],"author":"Jean-Paul Erhard","twitter_card":"summary_large_image","twitter_creator":"@PeoplesphereMag","twitter_site":"@PeoplesphereMag","twitter_misc":{"\u00c9crit par":"Jean-Paul Erhard","Dur\u00e9e de lecture estim\u00e9e":"2 minutes"},"schema":{"@context":"https:\/\/schema.org","@graph":[{"@type":"Article","@id":"https:\/\/peoplesphere.be\/fr\/suppression-de-prime-a-lemploi-tpe-wallonie-absurde-necessaire\/#article","isPartOf":{"@id":"https:\/\/peoplesphere.be\/fr\/suppression-de-prime-a-lemploi-tpe-wallonie-absurde-necessaire\/"},"author":{"name":"Jean-Paul Erhard","@id":"https:\/\/peoplesphere.be\/fr\/#\/schema\/person\/7976225ff17988604334abb7b3536a7e"},"headline":"Suppression de la prime \u00e0 l&#8217;emploi pour les TPE en Wallonie : absurde ou n\u00e9cessaire?","datePublished":"2017-02-03T15:42:17+00:00","dateModified":"2017-02-03T15:42:17+00:00","mainEntityOfPage":{"@id":"https:\/\/peoplesphere.be\/fr\/suppression-de-prime-a-lemploi-tpe-wallonie-absurde-necessaire\/"},"wordCount":367,"publisher":{"@id":"https:\/\/peoplesphere.be\/fr\/#organization"},"keywords":["ch\u00f4mage","embauche","emploi","gouvernement wallon","PME","primes \u00e0 l'emploi","TPE"],"articleSection":["Actualit\u00e9s","Digital"],"inLanguage":"fr-FR"},{"@type":"WebPage","@id":"https:\/\/peoplesphere.be\/fr\/suppression-de-prime-a-lemploi-tpe-wallonie-absurde-necessaire\/","url":"https:\/\/peoplesphere.be\/fr\/suppression-de-prime-a-lemploi-tpe-wallonie-absurde-necessaire\/","name":"Suppression de la prime \u00e0 l'emploi pour les TPE en Wallonie : absurde ou n\u00e9cessaire? - Peoplesphere","isPartOf":{"@id":"https:\/\/peoplesphere.be\/fr\/#website"},"datePublished":"2017-02-03T15:42:17+00:00","dateModified":"2017-02-03T15:42:17+00:00","breadcrumb":{"@id":"https:\/\/peoplesphere.be\/fr\/suppression-de-prime-a-lemploi-tpe-wallonie-absurde-necessaire\/#breadcrumb"},"inLanguage":"fr-FR","potentialAction":[{"@type":"ReadAction","target":["https:\/\/peoplesphere.be\/fr\/suppression-de-prime-a-lemploi-tpe-wallonie-absurde-necessaire\/"]}]},{"@type":"BreadcrumbList","@id":"https:\/\/peoplesphere.be\/fr\/suppression-de-prime-a-lemploi-tpe-wallonie-absurde-necessaire\/#breadcrumb","itemListElement":[{"@type":"ListItem","position":1,"name":"Accueil","item":"https:\/\/peoplesphere.be\/fr\/"},{"@type":"ListItem","position":2,"name":"Suppression de la prime \u00e0 l&#8217;emploi pour les TPE en Wallonie : absurde ou n\u00e9cessaire?"}]},{"@type":"WebSite","@id":"https:\/\/peoplesphere.be\/fr\/#website","url":"https:\/\/peoplesphere.be\/fr\/","name":"Peoplesphere","description":"The People Managers Magazine","publisher":{"@id":"https:\/\/peoplesphere.be\/fr\/#organization"},"potentialAction":[{"@type":"SearchAction","target":{"@type":"EntryPoint","urlTemplate":"https:\/\/peoplesphere.be\/fr\/?s={search_term_string}"},"query-input":"required name=search_term_string"}],"inLanguage":"fr-FR"},{"@type":"Organization","@id":"https:\/\/peoplesphere.be\/fr\/#organization","name":"Peoplesphere Company srl","url":"https:\/\/peoplesphere.be\/fr\/","logo":{"@type":"ImageObject","inLanguage":"fr-FR","@id":"https:\/\/peoplesphere.be\/fr\/#\/schema\/logo\/image\/","url":"https:\/\/peoplesphere.be\/fr\/wp-content\/uploads\/2023\/07\/peoplesphere-lgo-new-generik.jpg","contentUrl":"https:\/\/peoplesphere.be\/fr\/wp-content\/uploads\/2023\/07\/peoplesphere-lgo-new-generik.jpg","width":1031,"height":1479,"caption":"Peoplesphere Company srl"},"image":{"@id":"https:\/\/peoplesphere.be\/fr\/#\/schema\/logo\/image\/"},"sameAs":["https:\/\/www.facebook.com\/peoplesphere","https:\/\/twitter.com\/PeoplesphereMag","https:\/\/www.linkedin.com\/company\/7587361?trk","http:\/\/youtube.com\/peoplesphere"]},{"@type":"Person","@id":"https:\/\/peoplesphere.be\/fr\/#\/schema\/person\/7976225ff17988604334abb7b3536a7e","name":"Jean-Paul Erhard","image":{"@type":"ImageObject","inLanguage":"fr-FR","@id":"https:\/\/peoplesphere.be\/fr\/#\/schema\/person\/image\/","url":"https:\/\/secure.gravatar.com\/avatar\/f941e681460179738071629a51574930?s=96&d=mm&r=g","contentUrl":"https:\/\/secure.gravatar.com\/avatar\/f941e681460179738071629a51574930?s=96&d=mm&r=g","caption":"Jean-Paul Erhard"},"url":"https:\/\/peoplesphere.be\/fr\/author\/jpe\/"}]}},"_links":{"self":[{"href":"https:\/\/peoplesphere.be\/fr\/wp-json\/wp\/v2\/posts\/3948"}],"collection":[{"href":"https:\/\/peoplesphere.be\/fr\/wp-json\/wp\/v2\/posts"}],"about":[{"href":"https:\/\/peoplesphere.be\/fr\/wp-json\/wp\/v2\/types\/post"}],"author":[{"embeddable":true,"href":"https:\/\/peoplesphere.be\/fr\/wp-json\/wp\/v2\/users\/2"}],"replies":[{"embeddable":true,"href":"https:\/\/peoplesphere.be\/fr\/wp-json\/wp\/v2\/comments?post=3948"}],"version-history":[{"count":1,"href":"https:\/\/peoplesphere.be\/fr\/wp-json\/wp\/v2\/posts\/3948\/revisions"}],"predecessor-version":[{"id":3951,"href":"https:\/\/peoplesphere.be\/fr\/wp-json\/wp\/v2\/posts\/3948\/revisions\/3951"}],"wp:attachment":[{"href":"https:\/\/peoplesphere.be\/fr\/wp-json\/wp\/v2\/media?parent=3948"}],"wp:term":[{"taxonomy":"category","embeddable":true,"href":"https:\/\/peoplesphere.be\/fr\/wp-json\/wp\/v2\/categories?post=3948"},{"taxonomy":"post_tag","embeddable":true,"href":"https:\/\/peoplesphere.be\/fr\/wp-json\/wp\/v2\/tags?post=3948"}],"curies":[{"name":"wp","href":"https:\/\/api.w.org\/{rel}","templated":true}]}}