









{"id":397,"date":"2014-10-31T15:59:44","date_gmt":"2014-10-31T13:59:44","guid":{"rendered":"http:\/\/www.peoplesphere.be\/wp\/?p=397"},"modified":"2015-01-19T16:37:47","modified_gmt":"2015-01-19T14:37:47","slug":"et-vous-vous-gerez-votre-parc-dappareils-mobiles","status":"publish","type":"post","link":"https:\/\/peoplesphere.be\/fr\/et-vous-vous-gerez-votre-parc-dappareils-mobiles\/","title":{"rendered":"Et vous, vous g\u00e9rez votre parc d\u2019appareils mobiles?"},"content":{"rendered":"<div class=\"chapeau\">Une \u00e9tude r\u00e9alis\u00e9e par le bureau d\u2019\u00e9tude Gfk en mars 2014, r\u00e9v\u00e8le qu\u2019une entreprise belge sur 4 compte s\u2019\u00e9quiper de tablettes d\u2019ici la fin de l\u2019ann\u00e9e et a l\u2019intention d\u2019acheter ou de d\u00e9velopper des applications mobiles. Par contre, 1 entreprise sur 3 n\u2019a pas mis en place de solution de gestion de sa flotte d\u2019\u00e9quipements mobiles (smartphones ou tablettes), par exemple pour g\u00e9rer leurs utilisateurs, leur donner du support ou g\u00e9rer les aspects de s\u00e9curit\u00e9.<!--more--><\/div>\n<p>Dans le contexte d\u2019utilisation intensive des appareils mobiles pour un nombre de plus en plus important de fonctions, il \u00e9tait logique que deux acteurs issus des secteurs de la t\u00e9l\u00e9phonie et des TIC s\u2019associent en vue de proposer une r\u00e9ponse aux besoins de mobilit\u00e9 de nos organisations. L\u2019annonce du partenariat intervenu entre Systemat et Mobistar &#8211; d\u00e9nomm\u00e9 logiquement Mobifleet &#8211; constitue une solution destin\u00e9e aux petites et moyennes entreprises. Cet outil devrait assurer la gestion des appareils mobiles de mani\u00e8re s\u00e9curis\u00e9e, professionnelle et simple.<\/p>\n<p>Pour St\u00e9phane Beauduin, Chief Enterprise and Wholesales Officer de Mobistar: <em>\u00ab\u00a0La mobilit\u00e9 d\u2019entreprise est un axe strat\u00e9gique fort pour nous. Nous \u00e9tions \u00e0 la recherche d\u2019un partenaire en Belgique qui partage notre vision.  Systemat nous a permis de concevoir notre service Mobifleet en b\u00e9n\u00e9ficiant de leur expertise. Nous sommes d\u00e9sormais en mesure de proposer une offre de gestion de flottes d\u2019appareils mobiles tr\u00e8s qualitative. Mobifleet fait partie int\u00e9grante de la palette de services qui permet aux entreprises de tirer profit de l\u2019explosion de la mobilit\u00e9.\u00a0\u00bb<\/em><\/p>\n<p>Les utilisateurs du service b\u00e9n\u00e9ficieront par ailleurs de services tels que la mise \u00e0 disposition des appareils mobiles pr\u00e9configur\u00e9s avec les applications de l\u2019entreprise; un helpdesk disponible 6\/7j pour les utilisateurs des appareils; la s\u00e9curisation des donn\u00e9es et  applications des appareils entre autres&#8230;<\/p>\n","protected":false},"excerpt":{"rendered":"<p>Une \u00e9tude r\u00e9alis\u00e9e par le bureau d\u2019\u00e9tude Gfk en mars 2014, r\u00e9v\u00e8le qu\u2019une entreprise belge sur 4 compte s\u2019\u00e9quiper de tablettes d\u2019ici la fin de l\u2019ann\u00e9e et a l\u2019intention d\u2019acheter ou de d\u00e9velopper des applications mobiles. Par contre, 1 entreprise [&hellip;]<\/p>\n","protected":false},"author":1,"featured_media":0,"comment_status":"closed","ping_status":"open","sticky":false,"template":"","format":"standard","meta":[],"categories":[65],"tags":[],"yoast_head":"<!-- This site is optimized with the Yoast SEO plugin v21.0 - https:\/\/yoast.com\/wordpress\/plugins\/seo\/ -->\n<title>Et vous, vous g\u00e9rez votre parc d\u2019appareils mobiles? - Peoplesphere<\/title>\n<meta name=\"robots\" content=\"index, follow, max-snippet:-1, max-image-preview:large, max-video-preview:-1\" \/>\n<link rel=\"canonical\" href=\"https:\/\/peoplesphere.be\/fr\/et-vous-vous-gerez-votre-parc-dappareils-mobiles\/\" \/>\n<meta property=\"og:locale\" content=\"fr_FR\" \/>\n<meta property=\"og:type\" content=\"article\" \/>\n<meta property=\"og:title\" content=\"Et vous, vous g\u00e9rez votre parc d\u2019appareils mobiles? - Peoplesphere\" \/>\n<meta property=\"og:description\" content=\"Une \u00e9tude r\u00e9alis\u00e9e par le bureau d\u2019\u00e9tude Gfk en mars 2014, r\u00e9v\u00e8le qu\u2019une entreprise belge sur 4 compte s\u2019\u00e9quiper de tablettes d\u2019ici la fin de l\u2019ann\u00e9e et a l\u2019intention d\u2019acheter ou de d\u00e9velopper des applications mobiles. Par contre, 1 entreprise [&hellip;]\" \/>\n<meta property=\"og:url\" content=\"https:\/\/peoplesphere.be\/fr\/et-vous-vous-gerez-votre-parc-dappareils-mobiles\/\" \/>\n<meta property=\"og:site_name\" content=\"Peoplesphere\" \/>\n<meta property=\"article:publisher\" content=\"https:\/\/www.facebook.com\/peoplesphere\" \/>\n<meta property=\"article:published_time\" content=\"2014-10-31T13:59:44+00:00\" \/>\n<meta property=\"article:modified_time\" content=\"2015-01-19T14:37:47+00:00\" \/>\n<meta property=\"og:image\" content=\"http:\/\/www.peoplesphere.be\/fr\/wp-content\/uploads\/2016\/07\/facebook-default-posting-1200x628px.jpg\" \/>\n<meta name=\"author\" content=\"admin\" \/>\n<meta name=\"twitter:card\" content=\"summary_large_image\" \/>\n<meta name=\"twitter:creator\" content=\"@PeoplesphereMag\" \/>\n<meta name=\"twitter:site\" content=\"@PeoplesphereMag\" \/>\n<meta name=\"twitter:label1\" content=\"\u00c9crit par\" \/>\n\t<meta name=\"twitter:data1\" content=\"admin\" \/>\n\t<meta name=\"twitter:label2\" content=\"Dur\u00e9e de lecture estim\u00e9e\" \/>\n\t<meta name=\"twitter:data2\" content=\"2 minutes\" \/>\n<script type=\"application\/ld+json\" class=\"yoast-schema-graph\">{\"@context\":\"https:\/\/schema.org\",\"@graph\":[{\"@type\":\"Article\",\"@id\":\"https:\/\/peoplesphere.be\/fr\/et-vous-vous-gerez-votre-parc-dappareils-mobiles\/#article\",\"isPartOf\":{\"@id\":\"https:\/\/peoplesphere.be\/fr\/et-vous-vous-gerez-votre-parc-dappareils-mobiles\/\"},\"author\":{\"name\":\"admin\",\"@id\":\"https:\/\/peoplesphere.be\/fr\/#\/schema\/person\/31e983479d7c6c2adc52372e64a85ae6\"},\"headline\":\"Et vous, vous g\u00e9rez votre parc d\u2019appareils mobiles?\",\"datePublished\":\"2014-10-31T13:59:44+00:00\",\"dateModified\":\"2015-01-19T14:37:47+00:00\",\"mainEntityOfPage\":{\"@id\":\"https:\/\/peoplesphere.be\/fr\/et-vous-vous-gerez-votre-parc-dappareils-mobiles\/\"},\"wordCount\":338,\"publisher\":{\"@id\":\"https:\/\/peoplesphere.be\/fr\/#organization\"},\"articleSection\":[\"Actualit\u00e9s\"],\"inLanguage\":\"fr-FR\"},{\"@type\":\"WebPage\",\"@id\":\"https:\/\/peoplesphere.be\/fr\/et-vous-vous-gerez-votre-parc-dappareils-mobiles\/\",\"url\":\"https:\/\/peoplesphere.be\/fr\/et-vous-vous-gerez-votre-parc-dappareils-mobiles\/\",\"name\":\"Et vous, vous g\u00e9rez votre parc d\u2019appareils mobiles? - Peoplesphere\",\"isPartOf\":{\"@id\":\"https:\/\/peoplesphere.be\/fr\/#website\"},\"datePublished\":\"2014-10-31T13:59:44+00:00\",\"dateModified\":\"2015-01-19T14:37:47+00:00\",\"breadcrumb\":{\"@id\":\"https:\/\/peoplesphere.be\/fr\/et-vous-vous-gerez-votre-parc-dappareils-mobiles\/#breadcrumb\"},\"inLanguage\":\"fr-FR\",\"potentialAction\":[{\"@type\":\"ReadAction\",\"target\":[\"https:\/\/peoplesphere.be\/fr\/et-vous-vous-gerez-votre-parc-dappareils-mobiles\/\"]}]},{\"@type\":\"BreadcrumbList\",\"@id\":\"https:\/\/peoplesphere.be\/fr\/et-vous-vous-gerez-votre-parc-dappareils-mobiles\/#breadcrumb\",\"itemListElement\":[{\"@type\":\"ListItem\",\"position\":1,\"name\":\"Accueil\",\"item\":\"https:\/\/peoplesphere.be\/fr\/\"},{\"@type\":\"ListItem\",\"position\":2,\"name\":\"Et vous, vous g\u00e9rez votre parc d\u2019appareils mobiles?\"}]},{\"@type\":\"WebSite\",\"@id\":\"https:\/\/peoplesphere.be\/fr\/#website\",\"url\":\"https:\/\/peoplesphere.be\/fr\/\",\"name\":\"Peoplesphere\",\"description\":\"The People Managers Magazine\",\"publisher\":{\"@id\":\"https:\/\/peoplesphere.be\/fr\/#organization\"},\"potentialAction\":[{\"@type\":\"SearchAction\",\"target\":{\"@type\":\"EntryPoint\",\"urlTemplate\":\"https:\/\/peoplesphere.be\/fr\/?s={search_term_string}\"},\"query-input\":\"required name=search_term_string\"}],\"inLanguage\":\"fr-FR\"},{\"@type\":\"Organization\",\"@id\":\"https:\/\/peoplesphere.be\/fr\/#organization\",\"name\":\"Peoplesphere Company srl\",\"url\":\"https:\/\/peoplesphere.be\/fr\/\",\"logo\":{\"@type\":\"ImageObject\",\"inLanguage\":\"fr-FR\",\"@id\":\"https:\/\/peoplesphere.be\/fr\/#\/schema\/logo\/image\/\",\"url\":\"https:\/\/peoplesphere.be\/fr\/wp-content\/uploads\/2023\/07\/peoplesphere-lgo-new-generik.jpg\",\"contentUrl\":\"https:\/\/peoplesphere.be\/fr\/wp-content\/uploads\/2023\/07\/peoplesphere-lgo-new-generik.jpg\",\"width\":1031,\"height\":1479,\"caption\":\"Peoplesphere Company srl\"},\"image\":{\"@id\":\"https:\/\/peoplesphere.be\/fr\/#\/schema\/logo\/image\/\"},\"sameAs\":[\"https:\/\/www.facebook.com\/peoplesphere\",\"https:\/\/twitter.com\/PeoplesphereMag\",\"https:\/\/www.linkedin.com\/company\/7587361?trk\",\"http:\/\/youtube.com\/peoplesphere\"]},{\"@type\":\"Person\",\"@id\":\"https:\/\/peoplesphere.be\/fr\/#\/schema\/person\/31e983479d7c6c2adc52372e64a85ae6\",\"name\":\"admin\",\"image\":{\"@type\":\"ImageObject\",\"inLanguage\":\"fr-FR\",\"@id\":\"https:\/\/peoplesphere.be\/fr\/#\/schema\/person\/image\/\",\"url\":\"https:\/\/secure.gravatar.com\/avatar\/d20f4a44ec8508c3a90cb5021a329512?s=96&d=mm&r=g\",\"contentUrl\":\"https:\/\/secure.gravatar.com\/avatar\/d20f4a44ec8508c3a90cb5021a329512?s=96&d=mm&r=g\",\"caption\":\"admin\"},\"url\":\"https:\/\/peoplesphere.be\/fr\/author\/admin\/\"}]}<\/script>\n<!-- \/ Yoast SEO plugin. -->","yoast_head_json":{"title":"Et vous, vous g\u00e9rez votre parc d\u2019appareils mobiles? - Peoplesphere","robots":{"index":"index","follow":"follow","max-snippet":"max-snippet:-1","max-image-preview":"max-image-preview:large","max-video-preview":"max-video-preview:-1"},"canonical":"https:\/\/peoplesphere.be\/fr\/et-vous-vous-gerez-votre-parc-dappareils-mobiles\/","og_locale":"fr_FR","og_type":"article","og_title":"Et vous, vous g\u00e9rez votre parc d\u2019appareils mobiles? - Peoplesphere","og_description":"Une \u00e9tude r\u00e9alis\u00e9e par le bureau d\u2019\u00e9tude Gfk en mars 2014, r\u00e9v\u00e8le qu\u2019une entreprise belge sur 4 compte s\u2019\u00e9quiper de tablettes d\u2019ici la fin de l\u2019ann\u00e9e et a l\u2019intention d\u2019acheter ou de d\u00e9velopper des applications mobiles. Par contre, 1 entreprise [&hellip;]","og_url":"https:\/\/peoplesphere.be\/fr\/et-vous-vous-gerez-votre-parc-dappareils-mobiles\/","og_site_name":"Peoplesphere","article_publisher":"https:\/\/www.facebook.com\/peoplesphere","article_published_time":"2014-10-31T13:59:44+00:00","article_modified_time":"2015-01-19T14:37:47+00:00","og_image":[{"url":"http:\/\/www.peoplesphere.be\/fr\/wp-content\/uploads\/2016\/07\/facebook-default-posting-1200x628px.jpg"}],"author":"admin","twitter_card":"summary_large_image","twitter_creator":"@PeoplesphereMag","twitter_site":"@PeoplesphereMag","twitter_misc":{"\u00c9crit par":"admin","Dur\u00e9e de lecture estim\u00e9e":"2 minutes"},"schema":{"@context":"https:\/\/schema.org","@graph":[{"@type":"Article","@id":"https:\/\/peoplesphere.be\/fr\/et-vous-vous-gerez-votre-parc-dappareils-mobiles\/#article","isPartOf":{"@id":"https:\/\/peoplesphere.be\/fr\/et-vous-vous-gerez-votre-parc-dappareils-mobiles\/"},"author":{"name":"admin","@id":"https:\/\/peoplesphere.be\/fr\/#\/schema\/person\/31e983479d7c6c2adc52372e64a85ae6"},"headline":"Et vous, vous g\u00e9rez votre parc d\u2019appareils mobiles?","datePublished":"2014-10-31T13:59:44+00:00","dateModified":"2015-01-19T14:37:47+00:00","mainEntityOfPage":{"@id":"https:\/\/peoplesphere.be\/fr\/et-vous-vous-gerez-votre-parc-dappareils-mobiles\/"},"wordCount":338,"publisher":{"@id":"https:\/\/peoplesphere.be\/fr\/#organization"},"articleSection":["Actualit\u00e9s"],"inLanguage":"fr-FR"},{"@type":"WebPage","@id":"https:\/\/peoplesphere.be\/fr\/et-vous-vous-gerez-votre-parc-dappareils-mobiles\/","url":"https:\/\/peoplesphere.be\/fr\/et-vous-vous-gerez-votre-parc-dappareils-mobiles\/","name":"Et vous, vous g\u00e9rez votre parc d\u2019appareils mobiles? - Peoplesphere","isPartOf":{"@id":"https:\/\/peoplesphere.be\/fr\/#website"},"datePublished":"2014-10-31T13:59:44+00:00","dateModified":"2015-01-19T14:37:47+00:00","breadcrumb":{"@id":"https:\/\/peoplesphere.be\/fr\/et-vous-vous-gerez-votre-parc-dappareils-mobiles\/#breadcrumb"},"inLanguage":"fr-FR","potentialAction":[{"@type":"ReadAction","target":["https:\/\/peoplesphere.be\/fr\/et-vous-vous-gerez-votre-parc-dappareils-mobiles\/"]}]},{"@type":"BreadcrumbList","@id":"https:\/\/peoplesphere.be\/fr\/et-vous-vous-gerez-votre-parc-dappareils-mobiles\/#breadcrumb","itemListElement":[{"@type":"ListItem","position":1,"name":"Accueil","item":"https:\/\/peoplesphere.be\/fr\/"},{"@type":"ListItem","position":2,"name":"Et vous, vous g\u00e9rez votre parc d\u2019appareils mobiles?"}]},{"@type":"WebSite","@id":"https:\/\/peoplesphere.be\/fr\/#website","url":"https:\/\/peoplesphere.be\/fr\/","name":"Peoplesphere","description":"The People Managers Magazine","publisher":{"@id":"https:\/\/peoplesphere.be\/fr\/#organization"},"potentialAction":[{"@type":"SearchAction","target":{"@type":"EntryPoint","urlTemplate":"https:\/\/peoplesphere.be\/fr\/?s={search_term_string}"},"query-input":"required name=search_term_string"}],"inLanguage":"fr-FR"},{"@type":"Organization","@id":"https:\/\/peoplesphere.be\/fr\/#organization","name":"Peoplesphere Company srl","url":"https:\/\/peoplesphere.be\/fr\/","logo":{"@type":"ImageObject","inLanguage":"fr-FR","@id":"https:\/\/peoplesphere.be\/fr\/#\/schema\/logo\/image\/","url":"https:\/\/peoplesphere.be\/fr\/wp-content\/uploads\/2023\/07\/peoplesphere-lgo-new-generik.jpg","contentUrl":"https:\/\/peoplesphere.be\/fr\/wp-content\/uploads\/2023\/07\/peoplesphere-lgo-new-generik.jpg","width":1031,"height":1479,"caption":"Peoplesphere Company srl"},"image":{"@id":"https:\/\/peoplesphere.be\/fr\/#\/schema\/logo\/image\/"},"sameAs":["https:\/\/www.facebook.com\/peoplesphere","https:\/\/twitter.com\/PeoplesphereMag","https:\/\/www.linkedin.com\/company\/7587361?trk","http:\/\/youtube.com\/peoplesphere"]},{"@type":"Person","@id":"https:\/\/peoplesphere.be\/fr\/#\/schema\/person\/31e983479d7c6c2adc52372e64a85ae6","name":"admin","image":{"@type":"ImageObject","inLanguage":"fr-FR","@id":"https:\/\/peoplesphere.be\/fr\/#\/schema\/person\/image\/","url":"https:\/\/secure.gravatar.com\/avatar\/d20f4a44ec8508c3a90cb5021a329512?s=96&d=mm&r=g","contentUrl":"https:\/\/secure.gravatar.com\/avatar\/d20f4a44ec8508c3a90cb5021a329512?s=96&d=mm&r=g","caption":"admin"},"url":"https:\/\/peoplesphere.be\/fr\/author\/admin\/"}]}},"_links":{"self":[{"href":"https:\/\/peoplesphere.be\/fr\/wp-json\/wp\/v2\/posts\/397"}],"collection":[{"href":"https:\/\/peoplesphere.be\/fr\/wp-json\/wp\/v2\/posts"}],"about":[{"href":"https:\/\/peoplesphere.be\/fr\/wp-json\/wp\/v2\/types\/post"}],"author":[{"embeddable":true,"href":"https:\/\/peoplesphere.be\/fr\/wp-json\/wp\/v2\/users\/1"}],"replies":[{"embeddable":true,"href":"https:\/\/peoplesphere.be\/fr\/wp-json\/wp\/v2\/comments?post=397"}],"version-history":[{"count":1,"href":"https:\/\/peoplesphere.be\/fr\/wp-json\/wp\/v2\/posts\/397\/revisions"}],"predecessor-version":[{"id":398,"href":"https:\/\/peoplesphere.be\/fr\/wp-json\/wp\/v2\/posts\/397\/revisions\/398"}],"wp:attachment":[{"href":"https:\/\/peoplesphere.be\/fr\/wp-json\/wp\/v2\/media?parent=397"}],"wp:term":[{"taxonomy":"category","embeddable":true,"href":"https:\/\/peoplesphere.be\/fr\/wp-json\/wp\/v2\/categories?post=397"},{"taxonomy":"post_tag","embeddable":true,"href":"https:\/\/peoplesphere.be\/fr\/wp-json\/wp\/v2\/tags?post=397"}],"curies":[{"name":"wp","href":"https:\/\/api.w.org\/{rel}","templated":true}]}}