









{"id":399,"date":"2014-11-05T16:41:19","date_gmt":"2014-11-05T14:41:19","guid":{"rendered":"http:\/\/www.peoplesphere.be\/wp\/?p=399"},"modified":"2015-01-19T16:42:10","modified_gmt":"2015-01-19T14:42:10","slug":"emploi-des-jeunes-les-signaux-sont-positifs","status":"publish","type":"post","link":"https:\/\/peoplesphere.be\/fr\/emploi-des-jeunes-les-signaux-sont-positifs\/","title":{"rendered":"Emploi des jeunes: les signaux sont positifs!"},"content":{"rendered":"<div class=\"chapeau\">Comme chaque mois, le Forem dresse la situation d\u00e9taill\u00e9e de l\u2019emploi en Wallonie. La plupart des indicateurs sont en am\u00e9lioration, ce qui ne manquera pas de nous r\u00e9jouir.<!--more--><\/div>\n<p>Comme l\u2019indique en effet le communiqu\u00e9 de l\u2019organisme public, <em>\u00ab\u00a0Pour le cinqui\u00e8me mois cons\u00e9cutif, le nombre de demandeurs d\u2019emploi diminue par rapport \u00e0 2013. Ainsi, \u00e0 fin octobre 2014, la baisse est de &#8211; 3,5 % \u00e0 un an d\u2019\u00e9cart. \u00c0 la fin du mois d\u2019octobre 2014, la Wallonie compte 190.325 demandeurs d\u2019emploi (dont 2.202 en Communaut\u00e9 germanophone) et 25.961 jeunes en stage d\u2019insertion professionnelle (dont 284 en Communaut\u00e9 germanophone). Pour une vue compl\u00e8te du volume de demandeurs d\u2019emploi inoccup\u00e9s (D.E.I.), il convient d\u2019ajouter \u00e0 ces personnes 26.136 demandeurs d\u2019emploi inscrits obligatoirement et 12.030 demandeurs d\u2019emploi inscrits librement, pour un total de 254.452 D.E.I. Ceux-ci repr\u00e9sentent 16,2 % de la population active wallonne (taux de demande d\u2019emploi).\u00a0\u00bb<\/em><\/p>\n<p>A noter parmi les 216.286 demandeurs d\u2019emploi, la sur-repr\u00e9sentation des publics situ\u00e9s aux extr\u00eames de la pyramide des \u00e2ges puisque 23% sont \u00e2g\u00e9s de moins de 25 ans et 26% ont 50 ans et plus.<br \/>\nHormis le volume de demandeurs d\u2019emploi \u00e2g\u00e9s de 50 ans et plus, qui cro\u00eet de 3,6 % \u00e0 un an d\u2019\u00e9cart, toutes les classes d\u2019\u00e2ge s\u2019affichent \u00e0 la baisse.<br \/>\nIl y a cependant un motif de satisfaction important au terme du mois d\u2019octobre 2014: <em>la baisse la plus remarquable concerne \u00e0 nouveau la cat\u00e9gorie des jeunes de moins de 25 ans avec une diminution de 7,4 %<\/em>. <\/p>\n<p>Enfin, le Forem souligne l\u2019am\u00e9lioration des statistiques r\u00e9gionales dans une perspective court terme. En effet, <em>\u00ab\u00a0entre septembre et octobre 2014, le nombre de D.E. demandeurs d\u2019allocations et de jeunes en stage d\u2019insertion a baiss\u00e9 de 4,2 %. Cette diminution de 9.566 personnes est port\u00e9e par la baisse simultan\u00e9e du nombre de D.E. demandeurs d\u2019allocations (- 7.001 personnes, soit &#8211; 3,5 %) et de jeunes en stage d\u2019insertion (- 2.565 personnes, soit &#8211; 9,0 %).\u00a0\u00bb<\/em><\/p>\n","protected":false},"excerpt":{"rendered":"<p>Comme chaque mois, le Forem dresse la situation d\u00e9taill\u00e9e de l\u2019emploi en Wallonie. La plupart des indicateurs sont en am\u00e9lioration, ce qui ne manquera pas de nous r\u00e9jouir.<\/p>\n","protected":false},"author":1,"featured_media":0,"comment_status":"closed","ping_status":"open","sticky":false,"template":"","format":"standard","meta":[],"categories":[65],"tags":[],"yoast_head":"<!-- This site is optimized with the Yoast SEO plugin v21.0 - https:\/\/yoast.com\/wordpress\/plugins\/seo\/ -->\n<title>Emploi des jeunes: les signaux sont positifs! - Peoplesphere<\/title>\n<meta name=\"robots\" content=\"index, follow, max-snippet:-1, max-image-preview:large, max-video-preview:-1\" \/>\n<link rel=\"canonical\" href=\"https:\/\/peoplesphere.be\/fr\/emploi-des-jeunes-les-signaux-sont-positifs\/\" \/>\n<meta property=\"og:locale\" content=\"fr_FR\" \/>\n<meta property=\"og:type\" content=\"article\" \/>\n<meta property=\"og:title\" content=\"Emploi des jeunes: les signaux sont positifs! - Peoplesphere\" \/>\n<meta property=\"og:description\" content=\"Comme chaque mois, le Forem dresse la situation d\u00e9taill\u00e9e de l\u2019emploi en Wallonie. La plupart des indicateurs sont en am\u00e9lioration, ce qui ne manquera pas de nous r\u00e9jouir.\" \/>\n<meta property=\"og:url\" content=\"https:\/\/peoplesphere.be\/fr\/emploi-des-jeunes-les-signaux-sont-positifs\/\" \/>\n<meta property=\"og:site_name\" content=\"Peoplesphere\" \/>\n<meta property=\"article:publisher\" content=\"https:\/\/www.facebook.com\/peoplesphere\" \/>\n<meta property=\"article:published_time\" content=\"2014-11-05T14:41:19+00:00\" \/>\n<meta property=\"article:modified_time\" content=\"2015-01-19T14:42:10+00:00\" \/>\n<meta property=\"og:image\" content=\"http:\/\/www.peoplesphere.be\/fr\/wp-content\/uploads\/2016\/07\/facebook-default-posting-1200x628px.jpg\" \/>\n<meta name=\"author\" content=\"admin\" \/>\n<meta name=\"twitter:card\" content=\"summary_large_image\" \/>\n<meta name=\"twitter:creator\" content=\"@PeoplesphereMag\" \/>\n<meta name=\"twitter:site\" content=\"@PeoplesphereMag\" \/>\n<meta name=\"twitter:label1\" content=\"\u00c9crit par\" \/>\n\t<meta name=\"twitter:data1\" content=\"admin\" \/>\n\t<meta name=\"twitter:label2\" content=\"Dur\u00e9e de lecture estim\u00e9e\" \/>\n\t<meta name=\"twitter:data2\" content=\"2 minutes\" \/>\n<script type=\"application\/ld+json\" class=\"yoast-schema-graph\">{\"@context\":\"https:\/\/schema.org\",\"@graph\":[{\"@type\":\"Article\",\"@id\":\"https:\/\/peoplesphere.be\/fr\/emploi-des-jeunes-les-signaux-sont-positifs\/#article\",\"isPartOf\":{\"@id\":\"https:\/\/peoplesphere.be\/fr\/emploi-des-jeunes-les-signaux-sont-positifs\/\"},\"author\":{\"name\":\"admin\",\"@id\":\"https:\/\/peoplesphere.be\/fr\/#\/schema\/person\/31e983479d7c6c2adc52372e64a85ae6\"},\"headline\":\"Emploi des jeunes: les signaux sont positifs!\",\"datePublished\":\"2014-11-05T14:41:19+00:00\",\"dateModified\":\"2015-01-19T14:42:10+00:00\",\"mainEntityOfPage\":{\"@id\":\"https:\/\/peoplesphere.be\/fr\/emploi-des-jeunes-les-signaux-sont-positifs\/\"},\"wordCount\":334,\"publisher\":{\"@id\":\"https:\/\/peoplesphere.be\/fr\/#organization\"},\"articleSection\":[\"Actualit\u00e9s\"],\"inLanguage\":\"fr-FR\"},{\"@type\":\"WebPage\",\"@id\":\"https:\/\/peoplesphere.be\/fr\/emploi-des-jeunes-les-signaux-sont-positifs\/\",\"url\":\"https:\/\/peoplesphere.be\/fr\/emploi-des-jeunes-les-signaux-sont-positifs\/\",\"name\":\"Emploi des jeunes: les signaux sont positifs! - Peoplesphere\",\"isPartOf\":{\"@id\":\"https:\/\/peoplesphere.be\/fr\/#website\"},\"datePublished\":\"2014-11-05T14:41:19+00:00\",\"dateModified\":\"2015-01-19T14:42:10+00:00\",\"breadcrumb\":{\"@id\":\"https:\/\/peoplesphere.be\/fr\/emploi-des-jeunes-les-signaux-sont-positifs\/#breadcrumb\"},\"inLanguage\":\"fr-FR\",\"potentialAction\":[{\"@type\":\"ReadAction\",\"target\":[\"https:\/\/peoplesphere.be\/fr\/emploi-des-jeunes-les-signaux-sont-positifs\/\"]}]},{\"@type\":\"BreadcrumbList\",\"@id\":\"https:\/\/peoplesphere.be\/fr\/emploi-des-jeunes-les-signaux-sont-positifs\/#breadcrumb\",\"itemListElement\":[{\"@type\":\"ListItem\",\"position\":1,\"name\":\"Accueil\",\"item\":\"https:\/\/peoplesphere.be\/fr\/\"},{\"@type\":\"ListItem\",\"position\":2,\"name\":\"Emploi des jeunes: les signaux sont positifs!\"}]},{\"@type\":\"WebSite\",\"@id\":\"https:\/\/peoplesphere.be\/fr\/#website\",\"url\":\"https:\/\/peoplesphere.be\/fr\/\",\"name\":\"Peoplesphere\",\"description\":\"The People Managers Magazine\",\"publisher\":{\"@id\":\"https:\/\/peoplesphere.be\/fr\/#organization\"},\"potentialAction\":[{\"@type\":\"SearchAction\",\"target\":{\"@type\":\"EntryPoint\",\"urlTemplate\":\"https:\/\/peoplesphere.be\/fr\/?s={search_term_string}\"},\"query-input\":\"required name=search_term_string\"}],\"inLanguage\":\"fr-FR\"},{\"@type\":\"Organization\",\"@id\":\"https:\/\/peoplesphere.be\/fr\/#organization\",\"name\":\"Peoplesphere Company srl\",\"url\":\"https:\/\/peoplesphere.be\/fr\/\",\"logo\":{\"@type\":\"ImageObject\",\"inLanguage\":\"fr-FR\",\"@id\":\"https:\/\/peoplesphere.be\/fr\/#\/schema\/logo\/image\/\",\"url\":\"https:\/\/peoplesphere.be\/fr\/wp-content\/uploads\/2023\/07\/peoplesphere-lgo-new-generik.jpg\",\"contentUrl\":\"https:\/\/peoplesphere.be\/fr\/wp-content\/uploads\/2023\/07\/peoplesphere-lgo-new-generik.jpg\",\"width\":1031,\"height\":1479,\"caption\":\"Peoplesphere Company srl\"},\"image\":{\"@id\":\"https:\/\/peoplesphere.be\/fr\/#\/schema\/logo\/image\/\"},\"sameAs\":[\"https:\/\/www.facebook.com\/peoplesphere\",\"https:\/\/twitter.com\/PeoplesphereMag\",\"https:\/\/www.linkedin.com\/company\/7587361?trk\",\"http:\/\/youtube.com\/peoplesphere\"]},{\"@type\":\"Person\",\"@id\":\"https:\/\/peoplesphere.be\/fr\/#\/schema\/person\/31e983479d7c6c2adc52372e64a85ae6\",\"name\":\"admin\",\"image\":{\"@type\":\"ImageObject\",\"inLanguage\":\"fr-FR\",\"@id\":\"https:\/\/peoplesphere.be\/fr\/#\/schema\/person\/image\/\",\"url\":\"https:\/\/secure.gravatar.com\/avatar\/d20f4a44ec8508c3a90cb5021a329512?s=96&d=mm&r=g\",\"contentUrl\":\"https:\/\/secure.gravatar.com\/avatar\/d20f4a44ec8508c3a90cb5021a329512?s=96&d=mm&r=g\",\"caption\":\"admin\"},\"url\":\"https:\/\/peoplesphere.be\/fr\/author\/admin\/\"}]}<\/script>\n<!-- \/ Yoast SEO plugin. -->","yoast_head_json":{"title":"Emploi des jeunes: les signaux sont positifs! - Peoplesphere","robots":{"index":"index","follow":"follow","max-snippet":"max-snippet:-1","max-image-preview":"max-image-preview:large","max-video-preview":"max-video-preview:-1"},"canonical":"https:\/\/peoplesphere.be\/fr\/emploi-des-jeunes-les-signaux-sont-positifs\/","og_locale":"fr_FR","og_type":"article","og_title":"Emploi des jeunes: les signaux sont positifs! - Peoplesphere","og_description":"Comme chaque mois, le Forem dresse la situation d\u00e9taill\u00e9e de l\u2019emploi en Wallonie. La plupart des indicateurs sont en am\u00e9lioration, ce qui ne manquera pas de nous r\u00e9jouir.","og_url":"https:\/\/peoplesphere.be\/fr\/emploi-des-jeunes-les-signaux-sont-positifs\/","og_site_name":"Peoplesphere","article_publisher":"https:\/\/www.facebook.com\/peoplesphere","article_published_time":"2014-11-05T14:41:19+00:00","article_modified_time":"2015-01-19T14:42:10+00:00","og_image":[{"url":"http:\/\/www.peoplesphere.be\/fr\/wp-content\/uploads\/2016\/07\/facebook-default-posting-1200x628px.jpg"}],"author":"admin","twitter_card":"summary_large_image","twitter_creator":"@PeoplesphereMag","twitter_site":"@PeoplesphereMag","twitter_misc":{"\u00c9crit par":"admin","Dur\u00e9e de lecture estim\u00e9e":"2 minutes"},"schema":{"@context":"https:\/\/schema.org","@graph":[{"@type":"Article","@id":"https:\/\/peoplesphere.be\/fr\/emploi-des-jeunes-les-signaux-sont-positifs\/#article","isPartOf":{"@id":"https:\/\/peoplesphere.be\/fr\/emploi-des-jeunes-les-signaux-sont-positifs\/"},"author":{"name":"admin","@id":"https:\/\/peoplesphere.be\/fr\/#\/schema\/person\/31e983479d7c6c2adc52372e64a85ae6"},"headline":"Emploi des jeunes: les signaux sont positifs!","datePublished":"2014-11-05T14:41:19+00:00","dateModified":"2015-01-19T14:42:10+00:00","mainEntityOfPage":{"@id":"https:\/\/peoplesphere.be\/fr\/emploi-des-jeunes-les-signaux-sont-positifs\/"},"wordCount":334,"publisher":{"@id":"https:\/\/peoplesphere.be\/fr\/#organization"},"articleSection":["Actualit\u00e9s"],"inLanguage":"fr-FR"},{"@type":"WebPage","@id":"https:\/\/peoplesphere.be\/fr\/emploi-des-jeunes-les-signaux-sont-positifs\/","url":"https:\/\/peoplesphere.be\/fr\/emploi-des-jeunes-les-signaux-sont-positifs\/","name":"Emploi des jeunes: les signaux sont positifs! - Peoplesphere","isPartOf":{"@id":"https:\/\/peoplesphere.be\/fr\/#website"},"datePublished":"2014-11-05T14:41:19+00:00","dateModified":"2015-01-19T14:42:10+00:00","breadcrumb":{"@id":"https:\/\/peoplesphere.be\/fr\/emploi-des-jeunes-les-signaux-sont-positifs\/#breadcrumb"},"inLanguage":"fr-FR","potentialAction":[{"@type":"ReadAction","target":["https:\/\/peoplesphere.be\/fr\/emploi-des-jeunes-les-signaux-sont-positifs\/"]}]},{"@type":"BreadcrumbList","@id":"https:\/\/peoplesphere.be\/fr\/emploi-des-jeunes-les-signaux-sont-positifs\/#breadcrumb","itemListElement":[{"@type":"ListItem","position":1,"name":"Accueil","item":"https:\/\/peoplesphere.be\/fr\/"},{"@type":"ListItem","position":2,"name":"Emploi des jeunes: les signaux sont positifs!"}]},{"@type":"WebSite","@id":"https:\/\/peoplesphere.be\/fr\/#website","url":"https:\/\/peoplesphere.be\/fr\/","name":"Peoplesphere","description":"The People Managers Magazine","publisher":{"@id":"https:\/\/peoplesphere.be\/fr\/#organization"},"potentialAction":[{"@type":"SearchAction","target":{"@type":"EntryPoint","urlTemplate":"https:\/\/peoplesphere.be\/fr\/?s={search_term_string}"},"query-input":"required name=search_term_string"}],"inLanguage":"fr-FR"},{"@type":"Organization","@id":"https:\/\/peoplesphere.be\/fr\/#organization","name":"Peoplesphere Company srl","url":"https:\/\/peoplesphere.be\/fr\/","logo":{"@type":"ImageObject","inLanguage":"fr-FR","@id":"https:\/\/peoplesphere.be\/fr\/#\/schema\/logo\/image\/","url":"https:\/\/peoplesphere.be\/fr\/wp-content\/uploads\/2023\/07\/peoplesphere-lgo-new-generik.jpg","contentUrl":"https:\/\/peoplesphere.be\/fr\/wp-content\/uploads\/2023\/07\/peoplesphere-lgo-new-generik.jpg","width":1031,"height":1479,"caption":"Peoplesphere Company srl"},"image":{"@id":"https:\/\/peoplesphere.be\/fr\/#\/schema\/logo\/image\/"},"sameAs":["https:\/\/www.facebook.com\/peoplesphere","https:\/\/twitter.com\/PeoplesphereMag","https:\/\/www.linkedin.com\/company\/7587361?trk","http:\/\/youtube.com\/peoplesphere"]},{"@type":"Person","@id":"https:\/\/peoplesphere.be\/fr\/#\/schema\/person\/31e983479d7c6c2adc52372e64a85ae6","name":"admin","image":{"@type":"ImageObject","inLanguage":"fr-FR","@id":"https:\/\/peoplesphere.be\/fr\/#\/schema\/person\/image\/","url":"https:\/\/secure.gravatar.com\/avatar\/d20f4a44ec8508c3a90cb5021a329512?s=96&d=mm&r=g","contentUrl":"https:\/\/secure.gravatar.com\/avatar\/d20f4a44ec8508c3a90cb5021a329512?s=96&d=mm&r=g","caption":"admin"},"url":"https:\/\/peoplesphere.be\/fr\/author\/admin\/"}]}},"_links":{"self":[{"href":"https:\/\/peoplesphere.be\/fr\/wp-json\/wp\/v2\/posts\/399"}],"collection":[{"href":"https:\/\/peoplesphere.be\/fr\/wp-json\/wp\/v2\/posts"}],"about":[{"href":"https:\/\/peoplesphere.be\/fr\/wp-json\/wp\/v2\/types\/post"}],"author":[{"embeddable":true,"href":"https:\/\/peoplesphere.be\/fr\/wp-json\/wp\/v2\/users\/1"}],"replies":[{"embeddable":true,"href":"https:\/\/peoplesphere.be\/fr\/wp-json\/wp\/v2\/comments?post=399"}],"version-history":[{"count":1,"href":"https:\/\/peoplesphere.be\/fr\/wp-json\/wp\/v2\/posts\/399\/revisions"}],"predecessor-version":[{"id":400,"href":"https:\/\/peoplesphere.be\/fr\/wp-json\/wp\/v2\/posts\/399\/revisions\/400"}],"wp:attachment":[{"href":"https:\/\/peoplesphere.be\/fr\/wp-json\/wp\/v2\/media?parent=399"}],"wp:term":[{"taxonomy":"category","embeddable":true,"href":"https:\/\/peoplesphere.be\/fr\/wp-json\/wp\/v2\/categories?post=399"},{"taxonomy":"post_tag","embeddable":true,"href":"https:\/\/peoplesphere.be\/fr\/wp-json\/wp\/v2\/tags?post=399"}],"curies":[{"name":"wp","href":"https:\/\/api.w.org\/{rel}","templated":true}]}}