









{"id":401,"date":"2014-11-05T16:42:33","date_gmt":"2014-11-05T14:42:33","guid":{"rendered":"http:\/\/www.peoplesphere.be\/wp\/?p=401"},"modified":"2015-01-19T16:43:16","modified_gmt":"2015-01-19T14:43:16","slug":"les-taxis-nouveaux-bureaux-mobiles","status":"publish","type":"post","link":"https:\/\/peoplesphere.be\/fr\/les-taxis-nouveaux-bureaux-mobiles\/","title":{"rendered":"Les taxis, nouveaux bureaux mobiles?"},"content":{"rendered":"<div class=\"chapeau\">Les op\u00e9rateurs de t\u00e9l\u00e9communications s\u2019int\u00e9ressent d\u00e9cid\u00e9ment de plus en plus \u00e0 l\u2019efficience de nos organisations. L\u2019annonce d\u2019un projet pilote \u00e9labor\u00e9 conjointement par un de nos trois op\u00e9rateurs nationaux et l\u2019op\u00e9rateur leader des compagnies de taxis de la R\u00e9gion de Bruxelles-Capitale en est une nouvelle illustration.<!--more--><\/div>\n<p>Gr\u00e2ce \u00e0 son partenariat avec Mobistar, Taxis Verts offrira, d\u00e8s le mois de novembre, l\u2019internet gratuit dans 50 taxis de la R\u00e9gion de Bruxelles-Capitale. Les passagers auront acc\u00e8s \u00e0 internet via le r\u00e9seau 4G de Mobistar dont la couverture est de 99 % \u00e0 Bruxelles. Une carte SIM sera install\u00e9e dans les taxis. Cette exclusivit\u00e9 belge transformera les taxis en v\u00e9ritables \u2018bureaux mobiles\u2019 qui permettront aux passagers de rentabiliser le temps pass\u00e9 dans le taxi. Pendant leur trajet (d\u2019une dur\u00e9e moyenne de 20 minutes dans la capitale europ\u00e9enne), les travailleurs flexibles pourront tenir une vid\u00e9oconf\u00e9rence, mettre \u00e0 jour leur agenda et consulter des documents en ligne. Ils pourront, en outre, recharger leurs appareils mobiles sur une station de recharge.<\/p>\n<p>La nouvelle offre s\u2019inscrit dans le prolongement du partenariat existant entre les deux entreprises.qui visent de la sorte \u00e0 r\u00e9pondre au souhait du client mobile de rentabiliser au mieux le temps pass\u00e9 dans le taxi.<\/p>\n<p>Ce partenariat cadre parfaitement avec la strat\u00e9gie \u2018Enterprise Mobility 3.0\u2019 de l\u2019op\u00e9rateur t\u00e9l\u00e9com qui avance, par communiqu\u00e9: <em>\u00ab\u00a0Aujourd\u2019hui, la mobilit\u00e9 n\u2019a plus seulement un impact sur les appareils et les travailleurs. Elle influence aussi l\u2019organisation dans son ensemble ainsi que tous les processus d\u2019entreprise. Avec cette offre, nous ajoutons une pi\u00e8ce cl\u00e9 au puzzle du \u2018travail partout et tout le temps\u2019. Le bureau mobile devient une r\u00e9alit\u00e9 pour les clients de Taxis Verts \u00e0 Bruxelles. Un autre partenariat avait d\u00e9j\u00e0 \u00e9t\u00e9 conclu d\u00e9but septembre avec De Lijn. Il pr\u00e9voyait un acc\u00e8s gratuit \u00e0 internet dans les bus et les trams de Gand et Anvers.\u00a0\u00bb<\/em><\/p>\n<p>A l\u2019issue de la phase de test, fin du premier trimestre 2015, les partenaires pourraient \u00e9tendre l\u2019offre si les r\u00e9sultats sont positifs.<\/p>\n","protected":false},"excerpt":{"rendered":"<p>Les op\u00e9rateurs de t\u00e9l\u00e9communications s\u2019int\u00e9ressent d\u00e9cid\u00e9ment de plus en plus \u00e0 l\u2019efficience de nos organisations. L\u2019annonce d\u2019un projet pilote \u00e9labor\u00e9 conjointement par un de nos trois op\u00e9rateurs nationaux et l\u2019op\u00e9rateur leader des compagnies de taxis de la R\u00e9gion de Bruxelles-Capitale [&hellip;]<\/p>\n","protected":false},"author":1,"featured_media":0,"comment_status":"closed","ping_status":"open","sticky":false,"template":"","format":"standard","meta":[],"categories":[65],"tags":[],"yoast_head":"<!-- This site is optimized with the Yoast SEO plugin v21.0 - https:\/\/yoast.com\/wordpress\/plugins\/seo\/ -->\n<title>Les taxis, nouveaux bureaux mobiles? - Peoplesphere<\/title>\n<meta name=\"robots\" content=\"index, follow, max-snippet:-1, max-image-preview:large, max-video-preview:-1\" \/>\n<link rel=\"canonical\" href=\"https:\/\/peoplesphere.be\/fr\/les-taxis-nouveaux-bureaux-mobiles\/\" \/>\n<meta property=\"og:locale\" content=\"fr_FR\" \/>\n<meta property=\"og:type\" content=\"article\" \/>\n<meta property=\"og:title\" content=\"Les taxis, nouveaux bureaux mobiles? - Peoplesphere\" \/>\n<meta property=\"og:description\" content=\"Les op\u00e9rateurs de t\u00e9l\u00e9communications s\u2019int\u00e9ressent d\u00e9cid\u00e9ment de plus en plus \u00e0 l\u2019efficience de nos organisations. L\u2019annonce d\u2019un projet pilote \u00e9labor\u00e9 conjointement par un de nos trois op\u00e9rateurs nationaux et l\u2019op\u00e9rateur leader des compagnies de taxis de la R\u00e9gion de Bruxelles-Capitale [&hellip;]\" \/>\n<meta property=\"og:url\" content=\"https:\/\/peoplesphere.be\/fr\/les-taxis-nouveaux-bureaux-mobiles\/\" \/>\n<meta property=\"og:site_name\" content=\"Peoplesphere\" \/>\n<meta property=\"article:publisher\" content=\"https:\/\/www.facebook.com\/peoplesphere\" \/>\n<meta property=\"article:published_time\" content=\"2014-11-05T14:42:33+00:00\" \/>\n<meta property=\"article:modified_time\" content=\"2015-01-19T14:43:16+00:00\" \/>\n<meta property=\"og:image\" content=\"http:\/\/www.peoplesphere.be\/fr\/wp-content\/uploads\/2016\/07\/facebook-default-posting-1200x628px.jpg\" \/>\n<meta name=\"author\" content=\"admin\" \/>\n<meta name=\"twitter:card\" content=\"summary_large_image\" \/>\n<meta name=\"twitter:creator\" content=\"@PeoplesphereMag\" \/>\n<meta name=\"twitter:site\" content=\"@PeoplesphereMag\" \/>\n<meta name=\"twitter:label1\" content=\"\u00c9crit par\" \/>\n\t<meta name=\"twitter:data1\" content=\"admin\" \/>\n\t<meta name=\"twitter:label2\" content=\"Dur\u00e9e de lecture estim\u00e9e\" \/>\n\t<meta name=\"twitter:data2\" content=\"2 minutes\" \/>\n<script type=\"application\/ld+json\" class=\"yoast-schema-graph\">{\"@context\":\"https:\/\/schema.org\",\"@graph\":[{\"@type\":\"Article\",\"@id\":\"https:\/\/peoplesphere.be\/fr\/les-taxis-nouveaux-bureaux-mobiles\/#article\",\"isPartOf\":{\"@id\":\"https:\/\/peoplesphere.be\/fr\/les-taxis-nouveaux-bureaux-mobiles\/\"},\"author\":{\"name\":\"admin\",\"@id\":\"https:\/\/peoplesphere.be\/fr\/#\/schema\/person\/31e983479d7c6c2adc52372e64a85ae6\"},\"headline\":\"Les taxis, nouveaux bureaux mobiles?\",\"datePublished\":\"2014-11-05T14:42:33+00:00\",\"dateModified\":\"2015-01-19T14:43:16+00:00\",\"mainEntityOfPage\":{\"@id\":\"https:\/\/peoplesphere.be\/fr\/les-taxis-nouveaux-bureaux-mobiles\/\"},\"wordCount\":364,\"publisher\":{\"@id\":\"https:\/\/peoplesphere.be\/fr\/#organization\"},\"articleSection\":[\"Actualit\u00e9s\"],\"inLanguage\":\"fr-FR\"},{\"@type\":\"WebPage\",\"@id\":\"https:\/\/peoplesphere.be\/fr\/les-taxis-nouveaux-bureaux-mobiles\/\",\"url\":\"https:\/\/peoplesphere.be\/fr\/les-taxis-nouveaux-bureaux-mobiles\/\",\"name\":\"Les taxis, nouveaux bureaux mobiles? - Peoplesphere\",\"isPartOf\":{\"@id\":\"https:\/\/peoplesphere.be\/fr\/#website\"},\"datePublished\":\"2014-11-05T14:42:33+00:00\",\"dateModified\":\"2015-01-19T14:43:16+00:00\",\"breadcrumb\":{\"@id\":\"https:\/\/peoplesphere.be\/fr\/les-taxis-nouveaux-bureaux-mobiles\/#breadcrumb\"},\"inLanguage\":\"fr-FR\",\"potentialAction\":[{\"@type\":\"ReadAction\",\"target\":[\"https:\/\/peoplesphere.be\/fr\/les-taxis-nouveaux-bureaux-mobiles\/\"]}]},{\"@type\":\"BreadcrumbList\",\"@id\":\"https:\/\/peoplesphere.be\/fr\/les-taxis-nouveaux-bureaux-mobiles\/#breadcrumb\",\"itemListElement\":[{\"@type\":\"ListItem\",\"position\":1,\"name\":\"Accueil\",\"item\":\"https:\/\/peoplesphere.be\/fr\/\"},{\"@type\":\"ListItem\",\"position\":2,\"name\":\"Les taxis, nouveaux bureaux mobiles?\"}]},{\"@type\":\"WebSite\",\"@id\":\"https:\/\/peoplesphere.be\/fr\/#website\",\"url\":\"https:\/\/peoplesphere.be\/fr\/\",\"name\":\"Peoplesphere\",\"description\":\"The People Managers Magazine\",\"publisher\":{\"@id\":\"https:\/\/peoplesphere.be\/fr\/#organization\"},\"potentialAction\":[{\"@type\":\"SearchAction\",\"target\":{\"@type\":\"EntryPoint\",\"urlTemplate\":\"https:\/\/peoplesphere.be\/fr\/?s={search_term_string}\"},\"query-input\":\"required name=search_term_string\"}],\"inLanguage\":\"fr-FR\"},{\"@type\":\"Organization\",\"@id\":\"https:\/\/peoplesphere.be\/fr\/#organization\",\"name\":\"Peoplesphere Company srl\",\"url\":\"https:\/\/peoplesphere.be\/fr\/\",\"logo\":{\"@type\":\"ImageObject\",\"inLanguage\":\"fr-FR\",\"@id\":\"https:\/\/peoplesphere.be\/fr\/#\/schema\/logo\/image\/\",\"url\":\"https:\/\/peoplesphere.be\/fr\/wp-content\/uploads\/2023\/07\/peoplesphere-lgo-new-generik.jpg\",\"contentUrl\":\"https:\/\/peoplesphere.be\/fr\/wp-content\/uploads\/2023\/07\/peoplesphere-lgo-new-generik.jpg\",\"width\":1031,\"height\":1479,\"caption\":\"Peoplesphere Company srl\"},\"image\":{\"@id\":\"https:\/\/peoplesphere.be\/fr\/#\/schema\/logo\/image\/\"},\"sameAs\":[\"https:\/\/www.facebook.com\/peoplesphere\",\"https:\/\/twitter.com\/PeoplesphereMag\",\"https:\/\/www.linkedin.com\/company\/7587361?trk\",\"http:\/\/youtube.com\/peoplesphere\"]},{\"@type\":\"Person\",\"@id\":\"https:\/\/peoplesphere.be\/fr\/#\/schema\/person\/31e983479d7c6c2adc52372e64a85ae6\",\"name\":\"admin\",\"image\":{\"@type\":\"ImageObject\",\"inLanguage\":\"fr-FR\",\"@id\":\"https:\/\/peoplesphere.be\/fr\/#\/schema\/person\/image\/\",\"url\":\"https:\/\/secure.gravatar.com\/avatar\/d20f4a44ec8508c3a90cb5021a329512?s=96&d=mm&r=g\",\"contentUrl\":\"https:\/\/secure.gravatar.com\/avatar\/d20f4a44ec8508c3a90cb5021a329512?s=96&d=mm&r=g\",\"caption\":\"admin\"},\"url\":\"https:\/\/peoplesphere.be\/fr\/author\/admin\/\"}]}<\/script>\n<!-- \/ Yoast SEO plugin. -->","yoast_head_json":{"title":"Les taxis, nouveaux bureaux mobiles? - Peoplesphere","robots":{"index":"index","follow":"follow","max-snippet":"max-snippet:-1","max-image-preview":"max-image-preview:large","max-video-preview":"max-video-preview:-1"},"canonical":"https:\/\/peoplesphere.be\/fr\/les-taxis-nouveaux-bureaux-mobiles\/","og_locale":"fr_FR","og_type":"article","og_title":"Les taxis, nouveaux bureaux mobiles? - Peoplesphere","og_description":"Les op\u00e9rateurs de t\u00e9l\u00e9communications s\u2019int\u00e9ressent d\u00e9cid\u00e9ment de plus en plus \u00e0 l\u2019efficience de nos organisations. L\u2019annonce d\u2019un projet pilote \u00e9labor\u00e9 conjointement par un de nos trois op\u00e9rateurs nationaux et l\u2019op\u00e9rateur leader des compagnies de taxis de la R\u00e9gion de Bruxelles-Capitale [&hellip;]","og_url":"https:\/\/peoplesphere.be\/fr\/les-taxis-nouveaux-bureaux-mobiles\/","og_site_name":"Peoplesphere","article_publisher":"https:\/\/www.facebook.com\/peoplesphere","article_published_time":"2014-11-05T14:42:33+00:00","article_modified_time":"2015-01-19T14:43:16+00:00","og_image":[{"url":"http:\/\/www.peoplesphere.be\/fr\/wp-content\/uploads\/2016\/07\/facebook-default-posting-1200x628px.jpg"}],"author":"admin","twitter_card":"summary_large_image","twitter_creator":"@PeoplesphereMag","twitter_site":"@PeoplesphereMag","twitter_misc":{"\u00c9crit par":"admin","Dur\u00e9e de lecture estim\u00e9e":"2 minutes"},"schema":{"@context":"https:\/\/schema.org","@graph":[{"@type":"Article","@id":"https:\/\/peoplesphere.be\/fr\/les-taxis-nouveaux-bureaux-mobiles\/#article","isPartOf":{"@id":"https:\/\/peoplesphere.be\/fr\/les-taxis-nouveaux-bureaux-mobiles\/"},"author":{"name":"admin","@id":"https:\/\/peoplesphere.be\/fr\/#\/schema\/person\/31e983479d7c6c2adc52372e64a85ae6"},"headline":"Les taxis, nouveaux bureaux mobiles?","datePublished":"2014-11-05T14:42:33+00:00","dateModified":"2015-01-19T14:43:16+00:00","mainEntityOfPage":{"@id":"https:\/\/peoplesphere.be\/fr\/les-taxis-nouveaux-bureaux-mobiles\/"},"wordCount":364,"publisher":{"@id":"https:\/\/peoplesphere.be\/fr\/#organization"},"articleSection":["Actualit\u00e9s"],"inLanguage":"fr-FR"},{"@type":"WebPage","@id":"https:\/\/peoplesphere.be\/fr\/les-taxis-nouveaux-bureaux-mobiles\/","url":"https:\/\/peoplesphere.be\/fr\/les-taxis-nouveaux-bureaux-mobiles\/","name":"Les taxis, nouveaux bureaux mobiles? - Peoplesphere","isPartOf":{"@id":"https:\/\/peoplesphere.be\/fr\/#website"},"datePublished":"2014-11-05T14:42:33+00:00","dateModified":"2015-01-19T14:43:16+00:00","breadcrumb":{"@id":"https:\/\/peoplesphere.be\/fr\/les-taxis-nouveaux-bureaux-mobiles\/#breadcrumb"},"inLanguage":"fr-FR","potentialAction":[{"@type":"ReadAction","target":["https:\/\/peoplesphere.be\/fr\/les-taxis-nouveaux-bureaux-mobiles\/"]}]},{"@type":"BreadcrumbList","@id":"https:\/\/peoplesphere.be\/fr\/les-taxis-nouveaux-bureaux-mobiles\/#breadcrumb","itemListElement":[{"@type":"ListItem","position":1,"name":"Accueil","item":"https:\/\/peoplesphere.be\/fr\/"},{"@type":"ListItem","position":2,"name":"Les taxis, nouveaux bureaux mobiles?"}]},{"@type":"WebSite","@id":"https:\/\/peoplesphere.be\/fr\/#website","url":"https:\/\/peoplesphere.be\/fr\/","name":"Peoplesphere","description":"The People Managers Magazine","publisher":{"@id":"https:\/\/peoplesphere.be\/fr\/#organization"},"potentialAction":[{"@type":"SearchAction","target":{"@type":"EntryPoint","urlTemplate":"https:\/\/peoplesphere.be\/fr\/?s={search_term_string}"},"query-input":"required name=search_term_string"}],"inLanguage":"fr-FR"},{"@type":"Organization","@id":"https:\/\/peoplesphere.be\/fr\/#organization","name":"Peoplesphere Company srl","url":"https:\/\/peoplesphere.be\/fr\/","logo":{"@type":"ImageObject","inLanguage":"fr-FR","@id":"https:\/\/peoplesphere.be\/fr\/#\/schema\/logo\/image\/","url":"https:\/\/peoplesphere.be\/fr\/wp-content\/uploads\/2023\/07\/peoplesphere-lgo-new-generik.jpg","contentUrl":"https:\/\/peoplesphere.be\/fr\/wp-content\/uploads\/2023\/07\/peoplesphere-lgo-new-generik.jpg","width":1031,"height":1479,"caption":"Peoplesphere Company srl"},"image":{"@id":"https:\/\/peoplesphere.be\/fr\/#\/schema\/logo\/image\/"},"sameAs":["https:\/\/www.facebook.com\/peoplesphere","https:\/\/twitter.com\/PeoplesphereMag","https:\/\/www.linkedin.com\/company\/7587361?trk","http:\/\/youtube.com\/peoplesphere"]},{"@type":"Person","@id":"https:\/\/peoplesphere.be\/fr\/#\/schema\/person\/31e983479d7c6c2adc52372e64a85ae6","name":"admin","image":{"@type":"ImageObject","inLanguage":"fr-FR","@id":"https:\/\/peoplesphere.be\/fr\/#\/schema\/person\/image\/","url":"https:\/\/secure.gravatar.com\/avatar\/d20f4a44ec8508c3a90cb5021a329512?s=96&d=mm&r=g","contentUrl":"https:\/\/secure.gravatar.com\/avatar\/d20f4a44ec8508c3a90cb5021a329512?s=96&d=mm&r=g","caption":"admin"},"url":"https:\/\/peoplesphere.be\/fr\/author\/admin\/"}]}},"_links":{"self":[{"href":"https:\/\/peoplesphere.be\/fr\/wp-json\/wp\/v2\/posts\/401"}],"collection":[{"href":"https:\/\/peoplesphere.be\/fr\/wp-json\/wp\/v2\/posts"}],"about":[{"href":"https:\/\/peoplesphere.be\/fr\/wp-json\/wp\/v2\/types\/post"}],"author":[{"embeddable":true,"href":"https:\/\/peoplesphere.be\/fr\/wp-json\/wp\/v2\/users\/1"}],"replies":[{"embeddable":true,"href":"https:\/\/peoplesphere.be\/fr\/wp-json\/wp\/v2\/comments?post=401"}],"version-history":[{"count":1,"href":"https:\/\/peoplesphere.be\/fr\/wp-json\/wp\/v2\/posts\/401\/revisions"}],"predecessor-version":[{"id":402,"href":"https:\/\/peoplesphere.be\/fr\/wp-json\/wp\/v2\/posts\/401\/revisions\/402"}],"wp:attachment":[{"href":"https:\/\/peoplesphere.be\/fr\/wp-json\/wp\/v2\/media?parent=401"}],"wp:term":[{"taxonomy":"category","embeddable":true,"href":"https:\/\/peoplesphere.be\/fr\/wp-json\/wp\/v2\/categories?post=401"},{"taxonomy":"post_tag","embeddable":true,"href":"https:\/\/peoplesphere.be\/fr\/wp-json\/wp\/v2\/tags?post=401"}],"curies":[{"name":"wp","href":"https:\/\/api.w.org\/{rel}","templated":true}]}}