









{"id":405,"date":"2014-11-05T16:44:41","date_gmt":"2014-11-05T14:44:41","guid":{"rendered":"http:\/\/www.peoplesphere.be\/wp\/?p=405"},"modified":"2015-01-19T16:47:28","modified_gmt":"2015-01-19T14:47:28","slug":"la-bataille-pour-lemploi-se-poursuit-a-bruxelles","status":"publish","type":"post","link":"https:\/\/peoplesphere.be\/fr\/la-bataille-pour-lemploi-se-poursuit-a-bruxelles\/","title":{"rendered":"La bataille pour l\u2019emploi se poursuit \u00e0 Bruxelles!"},"content":{"rendered":"<div class=\"chapeau\">A l\u2019image de l\u2019\u00e9volution des statistiques de l\u2019emploi en Wallonie, la situation est en am\u00e9lioration continue en ce qui concerne l\u2019emploi des jeunes sur la r\u00e9gion de Bruxelles Capitale. Cependant, les chiffres globaux montrent une l\u00e9g\u00e8re augmentation du taux de ch\u00f4mage en comparaison \u00e0 l\u2019ann\u00e9e derni\u00e8re.<!--more--><\/div>\n<p>Le service public bruxellois de l\u2019emploi, Actiris, communique les donn\u00e9es d\u00e9taill\u00e9es \u00e0 la fin octobre: <em>\u00ab\u00a0Fin octobre 2014, le taux de ch\u00f4mage en R\u00e9gion bruxelloise s\u2019\u00e9tablit \u00e0 21,2% (20,7% pour les hommes et 21,6% pour les femmes). En octobre 2013, le taux de ch\u00f4mage s\u2019\u00e9tablissait \u00e0 20,8%.Le taux de ch\u00f4mage est mesur\u00e9 sur la base des derni\u00e8res donn\u00e9es disponibles relatives \u00e0 la population active qui tiennent compte des \u00e9volutions r\u00e9centes de l\u2019emploi bruxellois. La population active est calcul\u00e9e \u00e0 partir des donn\u00e9es actualis\u00e9es de la Banque nationale et de l\u2019Enqu\u00eate sur les Forces de Travail du SPF \u00c9conomie. Sur la base des donn\u00e9es de l\u2019Enqu\u00eate sur les Forces de travail, on constate que la population active occup\u00e9e a, en R\u00e9gion bruxelloise, baiss\u00e9 en 2013 de 1,8% par rapport \u00e0 l\u2019ann\u00e9e pr\u00e9c\u00e9dente alors que la population en \u00e2ge de travailler a augment\u00e9 de 1,1%.\u00a0\u00bb<\/em><\/p>\n<p>La situation montre cependant des signes d\u2019embellie pour le public sp\u00e9cifique des jeunes demandeurs d\u2019emploi. Le taux de ch\u00f4mage des jeunes atteint en octobre 2014 31,1%, contre 33,3% l\u2019ann\u00e9e pass\u00e9e. Concr\u00e8tement, le nombre de jeunes chercheurs d\u2019emploi a baiss\u00e9 ce mois-ci de 6,4% sur base annuelle. <\/p>\n<p>Autre indicateur signficatif, le nombre d\u2019offres d\u2019emploi. Nous observons l\u00e0 \u00e9galement une r\u00e9elle dynamisation du march\u00e9 g\u00e9r\u00e9 par Actiris sur son territoire. A suivre tr\u00e8s certainement!<br \/>\n<em>\u00ab\u00a0Au cours du mois d\u2019octobre 2014, Actiris a re\u00e7u un total de 12.518 offres d\u2019emploi. Il s\u2019agit du nombre global d\u2019offres re\u00e7ues, comprenant outre les offres d\u2019emploi re\u00e7ues directement par Actiris, les offres d\u2019emploi re\u00e7ues par l\u2019interm\u00e9diaire du Forem et du VDAB dans le cadre de la mobilit\u00e9 interr\u00e9gionale des chercheurs d\u2019emploi mais maintenant \u00e9galement les offres d\u2019emploi re\u00e7ues par l\u2019interm\u00e9diaire de sites partenaires  (jobboards priv\u00e9s). En effet, Actiris re\u00e7oit dor\u00e9navant automatiquement des offres d\u2019emploi d\u2019autres sotes qui sont int\u00e9gr\u00e9es sur le site d\u2019Actiris. Le nombre d\u2019offres concernant des postes de travail situ\u00e9s en R\u00e9gion bruxelloise s\u2019\u00e9l\u00e8ve \u00e0 3.915. Durant le mois d\u2019octobre 2014, Actiris a re\u00e7u directement 2.741 offres d\u2019emploi. Ceci correspond \u00e0 une augmentation de 427 unit\u00e9s par rapport aux offres d\u2019emploi re\u00e7ues l\u2019ann\u00e9e pr\u00e9c\u00e9dente au cours du m\u00eame mois. On comptabilise par ailleurs 2.378 offres d\u2019emploi satisfaites au cours de ce mois, ce qui correspond \u00e0 une augmentation de 710 unit\u00e9s par rapport aux offres satisfaites l\u2019ann\u00e9e pr\u00e9c\u00e9dente. Enfin, en octobre 2014, Actiris a trait\u00e9 1.371 offres \u00ab\u00a0select Actiris\u00a0\u00bb (c\u2019est-\u00e0-dire confi\u00e9es en pr\u00e9s\u00e9lection et pr\u00e9recrutement gratuits \u00e0 Actiris), soit une augmentation de 53,5% par rapport \u00e0 l\u2019ann\u00e9e pass\u00e9e.\u00a0\u00bb<\/em><\/p>\n","protected":false},"excerpt":{"rendered":"<p>A l\u2019image de l\u2019\u00e9volution des statistiques de l\u2019emploi en Wallonie, la situation est en am\u00e9lioration continue en ce qui concerne l\u2019emploi des jeunes sur la r\u00e9gion de Bruxelles Capitale. Cependant, les chiffres globaux montrent une l\u00e9g\u00e8re augmentation du taux de [&hellip;]<\/p>\n","protected":false},"author":1,"featured_media":0,"comment_status":"closed","ping_status":"open","sticky":false,"template":"","format":"standard","meta":[],"categories":[65],"tags":[],"yoast_head":"<!-- This site is optimized with the Yoast SEO plugin v21.0 - https:\/\/yoast.com\/wordpress\/plugins\/seo\/ -->\n<title>La bataille pour l\u2019emploi se poursuit \u00e0 Bruxelles! - Peoplesphere<\/title>\n<meta name=\"robots\" content=\"index, follow, max-snippet:-1, max-image-preview:large, max-video-preview:-1\" \/>\n<link rel=\"canonical\" href=\"https:\/\/peoplesphere.be\/fr\/la-bataille-pour-lemploi-se-poursuit-a-bruxelles\/\" \/>\n<meta property=\"og:locale\" content=\"fr_FR\" \/>\n<meta property=\"og:type\" content=\"article\" \/>\n<meta property=\"og:title\" content=\"La bataille pour l\u2019emploi se poursuit \u00e0 Bruxelles! - Peoplesphere\" \/>\n<meta property=\"og:description\" content=\"A l\u2019image de l\u2019\u00e9volution des statistiques de l\u2019emploi en Wallonie, la situation est en am\u00e9lioration continue en ce qui concerne l\u2019emploi des jeunes sur la r\u00e9gion de Bruxelles Capitale. Cependant, les chiffres globaux montrent une l\u00e9g\u00e8re augmentation du taux de [&hellip;]\" \/>\n<meta property=\"og:url\" content=\"https:\/\/peoplesphere.be\/fr\/la-bataille-pour-lemploi-se-poursuit-a-bruxelles\/\" \/>\n<meta property=\"og:site_name\" content=\"Peoplesphere\" \/>\n<meta property=\"article:publisher\" content=\"https:\/\/www.facebook.com\/peoplesphere\" \/>\n<meta property=\"article:published_time\" content=\"2014-11-05T14:44:41+00:00\" \/>\n<meta property=\"article:modified_time\" content=\"2015-01-19T14:47:28+00:00\" \/>\n<meta property=\"og:image\" content=\"http:\/\/www.peoplesphere.be\/fr\/wp-content\/uploads\/2016\/07\/facebook-default-posting-1200x628px.jpg\" \/>\n<meta name=\"author\" content=\"admin\" \/>\n<meta name=\"twitter:card\" content=\"summary_large_image\" \/>\n<meta name=\"twitter:creator\" content=\"@PeoplesphereMag\" \/>\n<meta name=\"twitter:site\" content=\"@PeoplesphereMag\" \/>\n<meta name=\"twitter:label1\" content=\"\u00c9crit par\" \/>\n\t<meta name=\"twitter:data1\" content=\"admin\" \/>\n\t<meta name=\"twitter:label2\" content=\"Dur\u00e9e de lecture estim\u00e9e\" \/>\n\t<meta name=\"twitter:data2\" content=\"3 minutes\" \/>\n<script type=\"application\/ld+json\" class=\"yoast-schema-graph\">{\"@context\":\"https:\/\/schema.org\",\"@graph\":[{\"@type\":\"Article\",\"@id\":\"https:\/\/peoplesphere.be\/fr\/la-bataille-pour-lemploi-se-poursuit-a-bruxelles\/#article\",\"isPartOf\":{\"@id\":\"https:\/\/peoplesphere.be\/fr\/la-bataille-pour-lemploi-se-poursuit-a-bruxelles\/\"},\"author\":{\"name\":\"admin\",\"@id\":\"https:\/\/peoplesphere.be\/fr\/#\/schema\/person\/31e983479d7c6c2adc52372e64a85ae6\"},\"headline\":\"La bataille pour l\u2019emploi se poursuit \u00e0 Bruxelles!\",\"datePublished\":\"2014-11-05T14:44:41+00:00\",\"dateModified\":\"2015-01-19T14:47:28+00:00\",\"mainEntityOfPage\":{\"@id\":\"https:\/\/peoplesphere.be\/fr\/la-bataille-pour-lemploi-se-poursuit-a-bruxelles\/\"},\"wordCount\":536,\"publisher\":{\"@id\":\"https:\/\/peoplesphere.be\/fr\/#organization\"},\"articleSection\":[\"Actualit\u00e9s\"],\"inLanguage\":\"fr-FR\"},{\"@type\":\"WebPage\",\"@id\":\"https:\/\/peoplesphere.be\/fr\/la-bataille-pour-lemploi-se-poursuit-a-bruxelles\/\",\"url\":\"https:\/\/peoplesphere.be\/fr\/la-bataille-pour-lemploi-se-poursuit-a-bruxelles\/\",\"name\":\"La bataille pour l\u2019emploi se poursuit \u00e0 Bruxelles! - Peoplesphere\",\"isPartOf\":{\"@id\":\"https:\/\/peoplesphere.be\/fr\/#website\"},\"datePublished\":\"2014-11-05T14:44:41+00:00\",\"dateModified\":\"2015-01-19T14:47:28+00:00\",\"breadcrumb\":{\"@id\":\"https:\/\/peoplesphere.be\/fr\/la-bataille-pour-lemploi-se-poursuit-a-bruxelles\/#breadcrumb\"},\"inLanguage\":\"fr-FR\",\"potentialAction\":[{\"@type\":\"ReadAction\",\"target\":[\"https:\/\/peoplesphere.be\/fr\/la-bataille-pour-lemploi-se-poursuit-a-bruxelles\/\"]}]},{\"@type\":\"BreadcrumbList\",\"@id\":\"https:\/\/peoplesphere.be\/fr\/la-bataille-pour-lemploi-se-poursuit-a-bruxelles\/#breadcrumb\",\"itemListElement\":[{\"@type\":\"ListItem\",\"position\":1,\"name\":\"Accueil\",\"item\":\"https:\/\/peoplesphere.be\/fr\/\"},{\"@type\":\"ListItem\",\"position\":2,\"name\":\"La bataille pour l\u2019emploi se poursuit \u00e0 Bruxelles!\"}]},{\"@type\":\"WebSite\",\"@id\":\"https:\/\/peoplesphere.be\/fr\/#website\",\"url\":\"https:\/\/peoplesphere.be\/fr\/\",\"name\":\"Peoplesphere\",\"description\":\"The People Managers Magazine\",\"publisher\":{\"@id\":\"https:\/\/peoplesphere.be\/fr\/#organization\"},\"potentialAction\":[{\"@type\":\"SearchAction\",\"target\":{\"@type\":\"EntryPoint\",\"urlTemplate\":\"https:\/\/peoplesphere.be\/fr\/?s={search_term_string}\"},\"query-input\":\"required name=search_term_string\"}],\"inLanguage\":\"fr-FR\"},{\"@type\":\"Organization\",\"@id\":\"https:\/\/peoplesphere.be\/fr\/#organization\",\"name\":\"Peoplesphere Company srl\",\"url\":\"https:\/\/peoplesphere.be\/fr\/\",\"logo\":{\"@type\":\"ImageObject\",\"inLanguage\":\"fr-FR\",\"@id\":\"https:\/\/peoplesphere.be\/fr\/#\/schema\/logo\/image\/\",\"url\":\"https:\/\/peoplesphere.be\/fr\/wp-content\/uploads\/2023\/07\/peoplesphere-lgo-new-generik.jpg\",\"contentUrl\":\"https:\/\/peoplesphere.be\/fr\/wp-content\/uploads\/2023\/07\/peoplesphere-lgo-new-generik.jpg\",\"width\":1031,\"height\":1479,\"caption\":\"Peoplesphere Company srl\"},\"image\":{\"@id\":\"https:\/\/peoplesphere.be\/fr\/#\/schema\/logo\/image\/\"},\"sameAs\":[\"https:\/\/www.facebook.com\/peoplesphere\",\"https:\/\/twitter.com\/PeoplesphereMag\",\"https:\/\/www.linkedin.com\/company\/7587361?trk\",\"http:\/\/youtube.com\/peoplesphere\"]},{\"@type\":\"Person\",\"@id\":\"https:\/\/peoplesphere.be\/fr\/#\/schema\/person\/31e983479d7c6c2adc52372e64a85ae6\",\"name\":\"admin\",\"image\":{\"@type\":\"ImageObject\",\"inLanguage\":\"fr-FR\",\"@id\":\"https:\/\/peoplesphere.be\/fr\/#\/schema\/person\/image\/\",\"url\":\"https:\/\/secure.gravatar.com\/avatar\/d20f4a44ec8508c3a90cb5021a329512?s=96&d=mm&r=g\",\"contentUrl\":\"https:\/\/secure.gravatar.com\/avatar\/d20f4a44ec8508c3a90cb5021a329512?s=96&d=mm&r=g\",\"caption\":\"admin\"},\"url\":\"https:\/\/peoplesphere.be\/fr\/author\/admin\/\"}]}<\/script>\n<!-- \/ Yoast SEO plugin. -->","yoast_head_json":{"title":"La bataille pour l\u2019emploi se poursuit \u00e0 Bruxelles! - Peoplesphere","robots":{"index":"index","follow":"follow","max-snippet":"max-snippet:-1","max-image-preview":"max-image-preview:large","max-video-preview":"max-video-preview:-1"},"canonical":"https:\/\/peoplesphere.be\/fr\/la-bataille-pour-lemploi-se-poursuit-a-bruxelles\/","og_locale":"fr_FR","og_type":"article","og_title":"La bataille pour l\u2019emploi se poursuit \u00e0 Bruxelles! - Peoplesphere","og_description":"A l\u2019image de l\u2019\u00e9volution des statistiques de l\u2019emploi en Wallonie, la situation est en am\u00e9lioration continue en ce qui concerne l\u2019emploi des jeunes sur la r\u00e9gion de Bruxelles Capitale. Cependant, les chiffres globaux montrent une l\u00e9g\u00e8re augmentation du taux de [&hellip;]","og_url":"https:\/\/peoplesphere.be\/fr\/la-bataille-pour-lemploi-se-poursuit-a-bruxelles\/","og_site_name":"Peoplesphere","article_publisher":"https:\/\/www.facebook.com\/peoplesphere","article_published_time":"2014-11-05T14:44:41+00:00","article_modified_time":"2015-01-19T14:47:28+00:00","og_image":[{"url":"http:\/\/www.peoplesphere.be\/fr\/wp-content\/uploads\/2016\/07\/facebook-default-posting-1200x628px.jpg"}],"author":"admin","twitter_card":"summary_large_image","twitter_creator":"@PeoplesphereMag","twitter_site":"@PeoplesphereMag","twitter_misc":{"\u00c9crit par":"admin","Dur\u00e9e de lecture estim\u00e9e":"3 minutes"},"schema":{"@context":"https:\/\/schema.org","@graph":[{"@type":"Article","@id":"https:\/\/peoplesphere.be\/fr\/la-bataille-pour-lemploi-se-poursuit-a-bruxelles\/#article","isPartOf":{"@id":"https:\/\/peoplesphere.be\/fr\/la-bataille-pour-lemploi-se-poursuit-a-bruxelles\/"},"author":{"name":"admin","@id":"https:\/\/peoplesphere.be\/fr\/#\/schema\/person\/31e983479d7c6c2adc52372e64a85ae6"},"headline":"La bataille pour l\u2019emploi se poursuit \u00e0 Bruxelles!","datePublished":"2014-11-05T14:44:41+00:00","dateModified":"2015-01-19T14:47:28+00:00","mainEntityOfPage":{"@id":"https:\/\/peoplesphere.be\/fr\/la-bataille-pour-lemploi-se-poursuit-a-bruxelles\/"},"wordCount":536,"publisher":{"@id":"https:\/\/peoplesphere.be\/fr\/#organization"},"articleSection":["Actualit\u00e9s"],"inLanguage":"fr-FR"},{"@type":"WebPage","@id":"https:\/\/peoplesphere.be\/fr\/la-bataille-pour-lemploi-se-poursuit-a-bruxelles\/","url":"https:\/\/peoplesphere.be\/fr\/la-bataille-pour-lemploi-se-poursuit-a-bruxelles\/","name":"La bataille pour l\u2019emploi se poursuit \u00e0 Bruxelles! - Peoplesphere","isPartOf":{"@id":"https:\/\/peoplesphere.be\/fr\/#website"},"datePublished":"2014-11-05T14:44:41+00:00","dateModified":"2015-01-19T14:47:28+00:00","breadcrumb":{"@id":"https:\/\/peoplesphere.be\/fr\/la-bataille-pour-lemploi-se-poursuit-a-bruxelles\/#breadcrumb"},"inLanguage":"fr-FR","potentialAction":[{"@type":"ReadAction","target":["https:\/\/peoplesphere.be\/fr\/la-bataille-pour-lemploi-se-poursuit-a-bruxelles\/"]}]},{"@type":"BreadcrumbList","@id":"https:\/\/peoplesphere.be\/fr\/la-bataille-pour-lemploi-se-poursuit-a-bruxelles\/#breadcrumb","itemListElement":[{"@type":"ListItem","position":1,"name":"Accueil","item":"https:\/\/peoplesphere.be\/fr\/"},{"@type":"ListItem","position":2,"name":"La bataille pour l\u2019emploi se poursuit \u00e0 Bruxelles!"}]},{"@type":"WebSite","@id":"https:\/\/peoplesphere.be\/fr\/#website","url":"https:\/\/peoplesphere.be\/fr\/","name":"Peoplesphere","description":"The People Managers Magazine","publisher":{"@id":"https:\/\/peoplesphere.be\/fr\/#organization"},"potentialAction":[{"@type":"SearchAction","target":{"@type":"EntryPoint","urlTemplate":"https:\/\/peoplesphere.be\/fr\/?s={search_term_string}"},"query-input":"required name=search_term_string"}],"inLanguage":"fr-FR"},{"@type":"Organization","@id":"https:\/\/peoplesphere.be\/fr\/#organization","name":"Peoplesphere Company srl","url":"https:\/\/peoplesphere.be\/fr\/","logo":{"@type":"ImageObject","inLanguage":"fr-FR","@id":"https:\/\/peoplesphere.be\/fr\/#\/schema\/logo\/image\/","url":"https:\/\/peoplesphere.be\/fr\/wp-content\/uploads\/2023\/07\/peoplesphere-lgo-new-generik.jpg","contentUrl":"https:\/\/peoplesphere.be\/fr\/wp-content\/uploads\/2023\/07\/peoplesphere-lgo-new-generik.jpg","width":1031,"height":1479,"caption":"Peoplesphere Company srl"},"image":{"@id":"https:\/\/peoplesphere.be\/fr\/#\/schema\/logo\/image\/"},"sameAs":["https:\/\/www.facebook.com\/peoplesphere","https:\/\/twitter.com\/PeoplesphereMag","https:\/\/www.linkedin.com\/company\/7587361?trk","http:\/\/youtube.com\/peoplesphere"]},{"@type":"Person","@id":"https:\/\/peoplesphere.be\/fr\/#\/schema\/person\/31e983479d7c6c2adc52372e64a85ae6","name":"admin","image":{"@type":"ImageObject","inLanguage":"fr-FR","@id":"https:\/\/peoplesphere.be\/fr\/#\/schema\/person\/image\/","url":"https:\/\/secure.gravatar.com\/avatar\/d20f4a44ec8508c3a90cb5021a329512?s=96&d=mm&r=g","contentUrl":"https:\/\/secure.gravatar.com\/avatar\/d20f4a44ec8508c3a90cb5021a329512?s=96&d=mm&r=g","caption":"admin"},"url":"https:\/\/peoplesphere.be\/fr\/author\/admin\/"}]}},"_links":{"self":[{"href":"https:\/\/peoplesphere.be\/fr\/wp-json\/wp\/v2\/posts\/405"}],"collection":[{"href":"https:\/\/peoplesphere.be\/fr\/wp-json\/wp\/v2\/posts"}],"about":[{"href":"https:\/\/peoplesphere.be\/fr\/wp-json\/wp\/v2\/types\/post"}],"author":[{"embeddable":true,"href":"https:\/\/peoplesphere.be\/fr\/wp-json\/wp\/v2\/users\/1"}],"replies":[{"embeddable":true,"href":"https:\/\/peoplesphere.be\/fr\/wp-json\/wp\/v2\/comments?post=405"}],"version-history":[{"count":2,"href":"https:\/\/peoplesphere.be\/fr\/wp-json\/wp\/v2\/posts\/405\/revisions"}],"predecessor-version":[{"id":407,"href":"https:\/\/peoplesphere.be\/fr\/wp-json\/wp\/v2\/posts\/405\/revisions\/407"}],"wp:attachment":[{"href":"https:\/\/peoplesphere.be\/fr\/wp-json\/wp\/v2\/media?parent=405"}],"wp:term":[{"taxonomy":"category","embeddable":true,"href":"https:\/\/peoplesphere.be\/fr\/wp-json\/wp\/v2\/categories?post=405"},{"taxonomy":"post_tag","embeddable":true,"href":"https:\/\/peoplesphere.be\/fr\/wp-json\/wp\/v2\/tags?post=405"}],"curies":[{"name":"wp","href":"https:\/\/api.w.org\/{rel}","templated":true}]}}