









{"id":4067,"date":"2017-03-02T06:24:03","date_gmt":"2017-03-02T04:24:03","guid":{"rendered":"http:\/\/www.peoplesphere.be\/fr\/?p=4067"},"modified":"2017-03-02T06:24:03","modified_gmt":"2017-03-02T04:24:03","slug":"premier-references-talent-acquisition-award-sera-decerne-30-mars-prochain","status":"publish","type":"post","link":"https:\/\/peoplesphere.be\/fr\/premier-references-talent-acquisition-award-sera-decerne-30-mars-prochain\/","title":{"rendered":"Le premier &lsquo;R\u00e9f\u00e9rences Talent Acquisition Award&rsquo; sera d\u00e9cern\u00e9 le 30 mars prochain."},"content":{"rendered":"<p>Le \u00ab\u00a0R\u00e9f\u00e9rences Talent Acquisition Award\u00a0\u00bb sera d\u00e9cern\u00e9 pour la premi\u00e8re fois le 30 mars prochain \u00e0 l\u2019Autoworld \u00e0 Bruxelles, dans le cadre de la 28\u00e8me HRM Night. Il met \u00e0 l\u2019honneur les meilleurs projets de recrutement et de promotion de la marque employeur, d\u00e9ploy\u00e9s sur le march\u00e9 de l\u2019emploi au cours des douze derniers mois.<!--more-->Ce sont les participants \u00e0 la 28\u00e8me HRM Night &#8211; 850 professionnels RH au total &#8211; qui d\u00e9signeront le vainqueur de l\u2019Award gr\u00e2ce \u00e0 leur vote \u2018live\u2019 pendant la soir\u00e9e.<\/p>\n<p>Les entreprises et les agences qui ont marqu\u00e9 de leur empreinte le secteur du recrutement et de l\u2019employer branding au cours de l\u2019ann\u00e9e \u00e9coul\u00e9e sont donc invit\u00e9es \u00e0 partager leurs r\u00e9alisations avec l\u2019ensemble de la communaut\u00e9 RH.<\/p>\n<p><strong><em>Quelle r\u00e9compense \u00e0 la cl\u00e9 ?<\/em><\/strong><\/p>\n<p>Outre la visibilit\u00e9 durant la soir\u00e9e et la reconnaissance du monde RH, les 3 campagnes nomin\u00e9es seront r\u00e9compens\u00e9es par un article dans Le Soir R\u00e9f\u00e9rences (574.000 lecteurs), et sur References.be (720.000 visites par mois).<\/p>\n<p>Le gagnant b\u00e9n\u00e9ficiera en outre d\u2019une pleine page Employer Branding offerte dans Le Soir R\u00e9f\u00e9rences et une double page dans R\u00e9f\u00e9rences Magazine (valeur : 12.500\u20ac) et d\u2019une campagne digitale sur References.be (valeur : 10.000\u20ac).<\/p>\n<p><em><strong>Comment participer ?<\/strong><\/em><\/p>\n<p>Pour soumettre son dossier, il faut fournir un document explicatif de 4 pages d\u00e9crivant votre campagne de Talent Acquisition.\u00a0Vous trouverez les consignes d\u00e9taill\u00e9es pour la conception de ce dossier sur <a href=\"http:\/\/www.rosseladvertising.be\/sites\/default\/files\/news\/170201_fr_dossier_references_talent_acquisition_award.pdf\">cette page<\/a>.<\/p>\n<p>ATTENTION : Veuillez soumettre votre dossier avant le 15\/03 !<\/p>\n<p>N&rsquo;h\u00e9sitez pas \u00e0 nous contacter si vous avez la moindre question via <a href=\"mailto:redaction@peoplesphere.be\">redaction@peoplesphere.be<\/a><\/p>\n","protected":false},"excerpt":{"rendered":"<p>Le \u00ab\u00a0R\u00e9f\u00e9rences Talent Acquisition Award\u00a0\u00bb sera d\u00e9cern\u00e9 pour la premi\u00e8re fois le 30 mars prochain \u00e0 l\u2019Autoworld \u00e0 Bruxelles, dans le cadre de la 28\u00e8me HRM Night. Il met \u00e0 l\u2019honneur les meilleurs projets de recrutement et de promotion de [&hellip;]<\/p>\n","protected":false},"author":2,"featured_media":0,"comment_status":"closed","ping_status":"open","sticky":false,"template":"","format":"standard","meta":[],"categories":[65,10],"tags":[513,210,72,1185,666],"yoast_head":"<!-- This site is optimized with the Yoast SEO plugin v21.0 - https:\/\/yoast.com\/wordpress\/plugins\/seo\/ -->\n<title>Le premier &#039;R\u00e9f\u00e9rences Talent Acquisition Award&#039; sera d\u00e9cern\u00e9 le 30 mars prochain. - Peoplesphere<\/title>\n<meta name=\"robots\" content=\"index, follow, max-snippet:-1, max-image-preview:large, max-video-preview:-1\" \/>\n<link rel=\"canonical\" href=\"https:\/\/peoplesphere.be\/fr\/premier-references-talent-acquisition-award-sera-decerne-30-mars-prochain\/\" \/>\n<meta property=\"og:locale\" content=\"fr_FR\" \/>\n<meta property=\"og:type\" content=\"article\" \/>\n<meta property=\"og:title\" content=\"Le premier &#039;R\u00e9f\u00e9rences Talent Acquisition Award&#039; sera d\u00e9cern\u00e9 le 30 mars prochain. - Peoplesphere\" \/>\n<meta property=\"og:description\" content=\"Le \u00ab\u00a0R\u00e9f\u00e9rences Talent Acquisition Award\u00a0\u00bb sera d\u00e9cern\u00e9 pour la premi\u00e8re fois le 30 mars prochain \u00e0 l\u2019Autoworld \u00e0 Bruxelles, dans le cadre de la 28\u00e8me HRM Night. Il met \u00e0 l\u2019honneur les meilleurs projets de recrutement et de promotion de [&hellip;]\" \/>\n<meta property=\"og:url\" content=\"https:\/\/peoplesphere.be\/fr\/premier-references-talent-acquisition-award-sera-decerne-30-mars-prochain\/\" \/>\n<meta property=\"og:site_name\" content=\"Peoplesphere\" \/>\n<meta property=\"article:publisher\" content=\"https:\/\/www.facebook.com\/peoplesphere\" \/>\n<meta property=\"article:published_time\" content=\"2017-03-02T04:24:03+00:00\" \/>\n<meta property=\"og:image\" content=\"http:\/\/www.peoplesphere.be\/fr\/wp-content\/uploads\/2016\/07\/facebook-default-posting-1200x628px.jpg\" \/>\n<meta name=\"author\" content=\"Jean-Paul Erhard\" \/>\n<meta name=\"twitter:card\" content=\"summary_large_image\" \/>\n<meta name=\"twitter:creator\" content=\"@PeoplesphereMag\" \/>\n<meta name=\"twitter:site\" content=\"@PeoplesphereMag\" \/>\n<meta name=\"twitter:label1\" content=\"\u00c9crit par\" \/>\n\t<meta name=\"twitter:data1\" content=\"Jean-Paul Erhard\" \/>\n\t<meta name=\"twitter:label2\" content=\"Dur\u00e9e de lecture estim\u00e9e\" \/>\n\t<meta name=\"twitter:data2\" content=\"1 minute\" \/>\n<script type=\"application\/ld+json\" class=\"yoast-schema-graph\">{\"@context\":\"https:\/\/schema.org\",\"@graph\":[{\"@type\":\"Article\",\"@id\":\"https:\/\/peoplesphere.be\/fr\/premier-references-talent-acquisition-award-sera-decerne-30-mars-prochain\/#article\",\"isPartOf\":{\"@id\":\"https:\/\/peoplesphere.be\/fr\/premier-references-talent-acquisition-award-sera-decerne-30-mars-prochain\/\"},\"author\":{\"name\":\"Jean-Paul Erhard\",\"@id\":\"https:\/\/peoplesphere.be\/fr\/#\/schema\/person\/7976225ff17988604334abb7b3536a7e\"},\"headline\":\"Le premier &lsquo;R\u00e9f\u00e9rences Talent Acquisition Award&rsquo; sera d\u00e9cern\u00e9 le 30 mars prochain.\",\"datePublished\":\"2017-03-02T04:24:03+00:00\",\"dateModified\":\"2017-03-02T04:24:03+00:00\",\"mainEntityOfPage\":{\"@id\":\"https:\/\/peoplesphere.be\/fr\/premier-references-talent-acquisition-award-sera-decerne-30-mars-prochain\/\"},\"wordCount\":289,\"publisher\":{\"@id\":\"https:\/\/peoplesphere.be\/fr\/#organization\"},\"keywords\":[\"awards\",\"employer branding\",\"recrutement\",\"r\u00e9f\u00e9rences\",\"talent acquisition\"],\"articleSection\":[\"Actualit\u00e9s\",\"Digital\"],\"inLanguage\":\"fr-FR\"},{\"@type\":\"WebPage\",\"@id\":\"https:\/\/peoplesphere.be\/fr\/premier-references-talent-acquisition-award-sera-decerne-30-mars-prochain\/\",\"url\":\"https:\/\/peoplesphere.be\/fr\/premier-references-talent-acquisition-award-sera-decerne-30-mars-prochain\/\",\"name\":\"Le premier 'R\u00e9f\u00e9rences Talent Acquisition Award' sera d\u00e9cern\u00e9 le 30 mars prochain. - Peoplesphere\",\"isPartOf\":{\"@id\":\"https:\/\/peoplesphere.be\/fr\/#website\"},\"datePublished\":\"2017-03-02T04:24:03+00:00\",\"dateModified\":\"2017-03-02T04:24:03+00:00\",\"breadcrumb\":{\"@id\":\"https:\/\/peoplesphere.be\/fr\/premier-references-talent-acquisition-award-sera-decerne-30-mars-prochain\/#breadcrumb\"},\"inLanguage\":\"fr-FR\",\"potentialAction\":[{\"@type\":\"ReadAction\",\"target\":[\"https:\/\/peoplesphere.be\/fr\/premier-references-talent-acquisition-award-sera-decerne-30-mars-prochain\/\"]}]},{\"@type\":\"BreadcrumbList\",\"@id\":\"https:\/\/peoplesphere.be\/fr\/premier-references-talent-acquisition-award-sera-decerne-30-mars-prochain\/#breadcrumb\",\"itemListElement\":[{\"@type\":\"ListItem\",\"position\":1,\"name\":\"Accueil\",\"item\":\"https:\/\/peoplesphere.be\/fr\/\"},{\"@type\":\"ListItem\",\"position\":2,\"name\":\"Le premier &lsquo;R\u00e9f\u00e9rences Talent Acquisition Award&rsquo; sera d\u00e9cern\u00e9 le 30 mars prochain.\"}]},{\"@type\":\"WebSite\",\"@id\":\"https:\/\/peoplesphere.be\/fr\/#website\",\"url\":\"https:\/\/peoplesphere.be\/fr\/\",\"name\":\"Peoplesphere\",\"description\":\"The People Managers Magazine\",\"publisher\":{\"@id\":\"https:\/\/peoplesphere.be\/fr\/#organization\"},\"potentialAction\":[{\"@type\":\"SearchAction\",\"target\":{\"@type\":\"EntryPoint\",\"urlTemplate\":\"https:\/\/peoplesphere.be\/fr\/?s={search_term_string}\"},\"query-input\":\"required name=search_term_string\"}],\"inLanguage\":\"fr-FR\"},{\"@type\":\"Organization\",\"@id\":\"https:\/\/peoplesphere.be\/fr\/#organization\",\"name\":\"Peoplesphere Company srl\",\"url\":\"https:\/\/peoplesphere.be\/fr\/\",\"logo\":{\"@type\":\"ImageObject\",\"inLanguage\":\"fr-FR\",\"@id\":\"https:\/\/peoplesphere.be\/fr\/#\/schema\/logo\/image\/\",\"url\":\"https:\/\/peoplesphere.be\/fr\/wp-content\/uploads\/2023\/07\/peoplesphere-lgo-new-generik.jpg\",\"contentUrl\":\"https:\/\/peoplesphere.be\/fr\/wp-content\/uploads\/2023\/07\/peoplesphere-lgo-new-generik.jpg\",\"width\":1031,\"height\":1479,\"caption\":\"Peoplesphere Company srl\"},\"image\":{\"@id\":\"https:\/\/peoplesphere.be\/fr\/#\/schema\/logo\/image\/\"},\"sameAs\":[\"https:\/\/www.facebook.com\/peoplesphere\",\"https:\/\/twitter.com\/PeoplesphereMag\",\"https:\/\/www.linkedin.com\/company\/7587361?trk\",\"http:\/\/youtube.com\/peoplesphere\"]},{\"@type\":\"Person\",\"@id\":\"https:\/\/peoplesphere.be\/fr\/#\/schema\/person\/7976225ff17988604334abb7b3536a7e\",\"name\":\"Jean-Paul Erhard\",\"image\":{\"@type\":\"ImageObject\",\"inLanguage\":\"fr-FR\",\"@id\":\"https:\/\/peoplesphere.be\/fr\/#\/schema\/person\/image\/\",\"url\":\"https:\/\/secure.gravatar.com\/avatar\/f941e681460179738071629a51574930?s=96&d=mm&r=g\",\"contentUrl\":\"https:\/\/secure.gravatar.com\/avatar\/f941e681460179738071629a51574930?s=96&d=mm&r=g\",\"caption\":\"Jean-Paul Erhard\"},\"url\":\"https:\/\/peoplesphere.be\/fr\/author\/jpe\/\"}]}<\/script>\n<!-- \/ Yoast SEO plugin. -->","yoast_head_json":{"title":"Le premier 'R\u00e9f\u00e9rences Talent Acquisition Award' sera d\u00e9cern\u00e9 le 30 mars prochain. - Peoplesphere","robots":{"index":"index","follow":"follow","max-snippet":"max-snippet:-1","max-image-preview":"max-image-preview:large","max-video-preview":"max-video-preview:-1"},"canonical":"https:\/\/peoplesphere.be\/fr\/premier-references-talent-acquisition-award-sera-decerne-30-mars-prochain\/","og_locale":"fr_FR","og_type":"article","og_title":"Le premier 'R\u00e9f\u00e9rences Talent Acquisition Award' sera d\u00e9cern\u00e9 le 30 mars prochain. - Peoplesphere","og_description":"Le \u00ab\u00a0R\u00e9f\u00e9rences Talent Acquisition Award\u00a0\u00bb sera d\u00e9cern\u00e9 pour la premi\u00e8re fois le 30 mars prochain \u00e0 l\u2019Autoworld \u00e0 Bruxelles, dans le cadre de la 28\u00e8me HRM Night. Il met \u00e0 l\u2019honneur les meilleurs projets de recrutement et de promotion de [&hellip;]","og_url":"https:\/\/peoplesphere.be\/fr\/premier-references-talent-acquisition-award-sera-decerne-30-mars-prochain\/","og_site_name":"Peoplesphere","article_publisher":"https:\/\/www.facebook.com\/peoplesphere","article_published_time":"2017-03-02T04:24:03+00:00","og_image":[{"url":"http:\/\/www.peoplesphere.be\/fr\/wp-content\/uploads\/2016\/07\/facebook-default-posting-1200x628px.jpg"}],"author":"Jean-Paul Erhard","twitter_card":"summary_large_image","twitter_creator":"@PeoplesphereMag","twitter_site":"@PeoplesphereMag","twitter_misc":{"\u00c9crit par":"Jean-Paul Erhard","Dur\u00e9e de lecture estim\u00e9e":"1 minute"},"schema":{"@context":"https:\/\/schema.org","@graph":[{"@type":"Article","@id":"https:\/\/peoplesphere.be\/fr\/premier-references-talent-acquisition-award-sera-decerne-30-mars-prochain\/#article","isPartOf":{"@id":"https:\/\/peoplesphere.be\/fr\/premier-references-talent-acquisition-award-sera-decerne-30-mars-prochain\/"},"author":{"name":"Jean-Paul Erhard","@id":"https:\/\/peoplesphere.be\/fr\/#\/schema\/person\/7976225ff17988604334abb7b3536a7e"},"headline":"Le premier &lsquo;R\u00e9f\u00e9rences Talent Acquisition Award&rsquo; sera d\u00e9cern\u00e9 le 30 mars prochain.","datePublished":"2017-03-02T04:24:03+00:00","dateModified":"2017-03-02T04:24:03+00:00","mainEntityOfPage":{"@id":"https:\/\/peoplesphere.be\/fr\/premier-references-talent-acquisition-award-sera-decerne-30-mars-prochain\/"},"wordCount":289,"publisher":{"@id":"https:\/\/peoplesphere.be\/fr\/#organization"},"keywords":["awards","employer branding","recrutement","r\u00e9f\u00e9rences","talent acquisition"],"articleSection":["Actualit\u00e9s","Digital"],"inLanguage":"fr-FR"},{"@type":"WebPage","@id":"https:\/\/peoplesphere.be\/fr\/premier-references-talent-acquisition-award-sera-decerne-30-mars-prochain\/","url":"https:\/\/peoplesphere.be\/fr\/premier-references-talent-acquisition-award-sera-decerne-30-mars-prochain\/","name":"Le premier 'R\u00e9f\u00e9rences Talent Acquisition Award' sera d\u00e9cern\u00e9 le 30 mars prochain. - Peoplesphere","isPartOf":{"@id":"https:\/\/peoplesphere.be\/fr\/#website"},"datePublished":"2017-03-02T04:24:03+00:00","dateModified":"2017-03-02T04:24:03+00:00","breadcrumb":{"@id":"https:\/\/peoplesphere.be\/fr\/premier-references-talent-acquisition-award-sera-decerne-30-mars-prochain\/#breadcrumb"},"inLanguage":"fr-FR","potentialAction":[{"@type":"ReadAction","target":["https:\/\/peoplesphere.be\/fr\/premier-references-talent-acquisition-award-sera-decerne-30-mars-prochain\/"]}]},{"@type":"BreadcrumbList","@id":"https:\/\/peoplesphere.be\/fr\/premier-references-talent-acquisition-award-sera-decerne-30-mars-prochain\/#breadcrumb","itemListElement":[{"@type":"ListItem","position":1,"name":"Accueil","item":"https:\/\/peoplesphere.be\/fr\/"},{"@type":"ListItem","position":2,"name":"Le premier &lsquo;R\u00e9f\u00e9rences Talent Acquisition Award&rsquo; sera d\u00e9cern\u00e9 le 30 mars prochain."}]},{"@type":"WebSite","@id":"https:\/\/peoplesphere.be\/fr\/#website","url":"https:\/\/peoplesphere.be\/fr\/","name":"Peoplesphere","description":"The People Managers Magazine","publisher":{"@id":"https:\/\/peoplesphere.be\/fr\/#organization"},"potentialAction":[{"@type":"SearchAction","target":{"@type":"EntryPoint","urlTemplate":"https:\/\/peoplesphere.be\/fr\/?s={search_term_string}"},"query-input":"required name=search_term_string"}],"inLanguage":"fr-FR"},{"@type":"Organization","@id":"https:\/\/peoplesphere.be\/fr\/#organization","name":"Peoplesphere Company srl","url":"https:\/\/peoplesphere.be\/fr\/","logo":{"@type":"ImageObject","inLanguage":"fr-FR","@id":"https:\/\/peoplesphere.be\/fr\/#\/schema\/logo\/image\/","url":"https:\/\/peoplesphere.be\/fr\/wp-content\/uploads\/2023\/07\/peoplesphere-lgo-new-generik.jpg","contentUrl":"https:\/\/peoplesphere.be\/fr\/wp-content\/uploads\/2023\/07\/peoplesphere-lgo-new-generik.jpg","width":1031,"height":1479,"caption":"Peoplesphere Company srl"},"image":{"@id":"https:\/\/peoplesphere.be\/fr\/#\/schema\/logo\/image\/"},"sameAs":["https:\/\/www.facebook.com\/peoplesphere","https:\/\/twitter.com\/PeoplesphereMag","https:\/\/www.linkedin.com\/company\/7587361?trk","http:\/\/youtube.com\/peoplesphere"]},{"@type":"Person","@id":"https:\/\/peoplesphere.be\/fr\/#\/schema\/person\/7976225ff17988604334abb7b3536a7e","name":"Jean-Paul Erhard","image":{"@type":"ImageObject","inLanguage":"fr-FR","@id":"https:\/\/peoplesphere.be\/fr\/#\/schema\/person\/image\/","url":"https:\/\/secure.gravatar.com\/avatar\/f941e681460179738071629a51574930?s=96&d=mm&r=g","contentUrl":"https:\/\/secure.gravatar.com\/avatar\/f941e681460179738071629a51574930?s=96&d=mm&r=g","caption":"Jean-Paul Erhard"},"url":"https:\/\/peoplesphere.be\/fr\/author\/jpe\/"}]}},"_links":{"self":[{"href":"https:\/\/peoplesphere.be\/fr\/wp-json\/wp\/v2\/posts\/4067"}],"collection":[{"href":"https:\/\/peoplesphere.be\/fr\/wp-json\/wp\/v2\/posts"}],"about":[{"href":"https:\/\/peoplesphere.be\/fr\/wp-json\/wp\/v2\/types\/post"}],"author":[{"embeddable":true,"href":"https:\/\/peoplesphere.be\/fr\/wp-json\/wp\/v2\/users\/2"}],"replies":[{"embeddable":true,"href":"https:\/\/peoplesphere.be\/fr\/wp-json\/wp\/v2\/comments?post=4067"}],"version-history":[{"count":1,"href":"https:\/\/peoplesphere.be\/fr\/wp-json\/wp\/v2\/posts\/4067\/revisions"}],"predecessor-version":[{"id":4068,"href":"https:\/\/peoplesphere.be\/fr\/wp-json\/wp\/v2\/posts\/4067\/revisions\/4068"}],"wp:attachment":[{"href":"https:\/\/peoplesphere.be\/fr\/wp-json\/wp\/v2\/media?parent=4067"}],"wp:term":[{"taxonomy":"category","embeddable":true,"href":"https:\/\/peoplesphere.be\/fr\/wp-json\/wp\/v2\/categories?post=4067"},{"taxonomy":"post_tag","embeddable":true,"href":"https:\/\/peoplesphere.be\/fr\/wp-json\/wp\/v2\/tags?post=4067"}],"curies":[{"name":"wp","href":"https:\/\/api.w.org\/{rel}","templated":true}]}}