









{"id":408,"date":"2014-11-06T16:49:23","date_gmt":"2014-11-06T14:49:23","guid":{"rendered":"http:\/\/www.peoplesphere.be\/wp\/?p=408"},"modified":"2015-01-19T16:50:58","modified_gmt":"2015-01-19T14:50:58","slug":"cout-de-la-greve-agoria-lance-une-campagne-dinformation-grand-public","status":"publish","type":"post","link":"https:\/\/peoplesphere.be\/fr\/cout-de-la-greve-agoria-lance-une-campagne-dinformation-grand-public\/","title":{"rendered":"Co\u00fbt de la gr\u00e8ve &#8211; Agoria lance une campagne d\u2019information grand public"},"content":{"rendered":"<div class=\"chapeau\">L\u2019initiative de la f\u00e9d\u00e9ration de l\u2019industrie technologique va susciter des r\u00e9actions. Elle souhaite informer le grand public sur le probl\u00e8me de comp\u00e9titivit\u00e9 de notre \u00e9conomie et sur la n\u00e9cessit\u00e9 d&rsquo;entretenir de bonnes relations sociales. La campagne tourne autour de la question \u00ab\u00a0Pourquoi la gr\u00e8ve ? Waarom staken?\u00a0\u00bb.<!--more--><\/div>\n<p><em>\u00ab\u00a0Il n&rsquo;est pas interdit de faire gr\u00e8ve, mais cela a des cons\u00e9quences\u00a0\u00bb<\/em>, explique Marc Lambotte, CEO d&rsquo;Agoria. <em>\u00ab\u00a0C&rsquo;est le client qui d\u00e9cide s&rsquo;il va se tourner vers nos magasins et nos entreprises pour ses achats. \u00c0 l&rsquo;heure actuelle, nous perdons des clients tant en Belgique qu&rsquo;\u00e0 l&rsquo;\u00e9tranger en raison de notre probl\u00e8me de comp\u00e9titivit\u00e9, ce qui se traduit par des pertes d&#8217;emploi. Travailleurs et employeurs feraient mieux d\u00e9sormais d\u2019unir leurs forces pour r\u00e9soudre ce probl\u00e8me de comp\u00e9titivit\u00e9, convaincre \u00e0 nouveau les clients et cr\u00e9er de nouveaux emplois.\u00a0\u00bb<\/em><\/p>\n<p>L&rsquo;an dernier, rien que dans l&rsquo;industrie technologique, les diff\u00e9rentes fermetures d&rsquo;entreprises et restructurations ont co\u00fbt\u00e9 l&#8217;emploi de 6 100 personnes. Et lors du premier semestre de cette ann\u00e9e, pas moins de 3 000 travailleurs suppl\u00e9mentaires se sont retrouv\u00e9s sur le carreau. Comme le souligne la f\u00e9d\u00e9ration, <em>\u00ab\u00a0il est de notori\u00e9t\u00e9 publique que notre pays est le champion des charges salariales. Mais on avance souvent que ces co\u00fbts \u00e9lev\u00e9s sont compens\u00e9s par notre meilleure productivit\u00e9. Malheureusement, nos concurrents nous rattrapent sur ce terrain. Afin de pouvoir s\u00e9duire de nouveaux clients, il est donc imp\u00e9ratif d&rsquo;aborder le probl\u00e8me des co\u00fbts \u00e9lev\u00e9s et de r\u00e9duire le foss\u00e9 entre salaire brut et salaire net. Notre handicap historique en mati\u00e8re de charges salariales vis-\u00e0-vis de nos trois pays voisins et principaux partenaires commerciaux s&rsquo;\u00e9l\u00e8ve \u00e0 16,5 pour cent. Et ce, sans parler de la diff\u00e9rence avec des pays d&rsquo;Europe du sud, comme l&rsquo;Espagne, qui attirent de plus en plus de clients en dehors de nos fronti\u00e8res. Il semble peu r\u00e9aliste de parvenir \u00e0 \u00e9radiquer notre handicap salarial uniquement au cours de cette l\u00e9gislature. Toutefois, si ce gouvernement arrivait \u00e0 le r\u00e9duire ne serait-ce que de cinq \u00e0 sept pour cent, cela constituerait une diff\u00e9rence majeure. Un tel signal remettrait en effet notre pays sur la carte des investisseurs internationaux, engendrant ainsi de nouveaux investissements de la part des entreprises et la cr\u00e9ation d\u2019emplois.\u00a0\u00bb<\/em><\/p>\n<h2>Qui sont les victimes des gr\u00e8ves ?<\/h2>\n<p>Les gr\u00e8ves ne semblent pas \u00eatre une solution constructive, compte tenu de l\u2019importance de l\u2019exportation dans les performances de nos entreprises. Agoria pr\u00e9tend au contraire: <em>\u00ab\u00a0Elles entra\u00eenent un retard dans les livraisons, ce qui ternit notre r\u00e9putation aupr\u00e8s des clients. R\u00e9sultat, en plus de pratiquer des prix sup\u00e9rieurs, nous v\u00e9hiculons l&rsquo;image d&rsquo;entreprises peu fiables. N&rsquo;oublions pas non plus que les gr\u00e8ves co\u00fbtent \u00e9norm\u00e9ment d&rsquo;argent. La facture des actions syndicales men\u00e9es en novembre et d\u00e9cembre pourrait ainsi atteindre plus de 2 milliards d&rsquo;euros. Cela \u00e9quivaut \u00e0 400 millions d&rsquo;euros de revenus en moins pour notre s\u00e9curit\u00e9 sociale. Signalons enfin que la perte \u00e9conomique et l&rsquo;impact sur la croissance frapperont surtout de plein fouet les personnes les moins qualifi\u00e9es. Les premi\u00e8res victimes du manque de croissance sont en effet les ouvriers qui travaillent dans l&rsquo;industrie manufacturi\u00e8re orient\u00e9e vers l&rsquo;exportation. Si nous voulons prot\u00e9ger ces emplois, nous devons surtout am\u00e9liorer la position concurrentielle de nos entreprises \u00e0 l&rsquo;\u00e9chelle internationale.\u00a0\u00bb<\/em><\/p>\n<p>Par le biais de sa campagne \u00ab\u00a0Pourquoi la gr\u00e8ve?\u00a0\u00bb, Agoria entend attirer l&rsquo;attention sur la situation \u00e9pineuse dans laquelle notre pays se retrouve pi\u00e9g\u00e9. <em>\u00ab\u00a0Nous devons briser ce cercle vicieux et avancer ensemble, main dans la main. Certes, cela peut impliquer que nous devions tous fournir des efforts avant de pouvoir \u00e0 nouveau renouer avec la croissance. Mais c&rsquo;est n\u00e9cessaire. Nous invitons les partenaires sociaux \u00e0 collaborer et \u00e0 privil\u00e9gier le redressement de notre \u00e9conomie. Nous devons bien cela \u00e0 nos 275 000 collaborateurs et aux g\u00e9n\u00e9rations futures\u00a0\u00bb<\/em>, conclut Marc Lambotte.<\/p>\n","protected":false},"excerpt":{"rendered":"<p>L\u2019initiative de la f\u00e9d\u00e9ration de l\u2019industrie technologique va susciter des r\u00e9actions. Elle souhaite informer le grand public sur le probl\u00e8me de comp\u00e9titivit\u00e9 de notre \u00e9conomie et sur la n\u00e9cessit\u00e9 d&rsquo;entretenir de bonnes relations sociales. La campagne tourne autour de la [&hellip;]<\/p>\n","protected":false},"author":1,"featured_media":0,"comment_status":"closed","ping_status":"open","sticky":false,"template":"","format":"standard","meta":[],"categories":[65],"tags":[],"yoast_head":"<!-- This site is optimized with the Yoast SEO plugin v21.0 - https:\/\/yoast.com\/wordpress\/plugins\/seo\/ -->\n<title>Co\u00fbt de la gr\u00e8ve - Agoria lance une campagne d\u2019information grand public - Peoplesphere<\/title>\n<meta name=\"robots\" content=\"index, follow, max-snippet:-1, max-image-preview:large, max-video-preview:-1\" \/>\n<link rel=\"canonical\" href=\"https:\/\/peoplesphere.be\/fr\/cout-de-la-greve-agoria-lance-une-campagne-dinformation-grand-public\/\" \/>\n<meta property=\"og:locale\" content=\"fr_FR\" \/>\n<meta property=\"og:type\" content=\"article\" \/>\n<meta property=\"og:title\" content=\"Co\u00fbt de la gr\u00e8ve - Agoria lance une campagne d\u2019information grand public - Peoplesphere\" \/>\n<meta property=\"og:description\" content=\"L\u2019initiative de la f\u00e9d\u00e9ration de l\u2019industrie technologique va susciter des r\u00e9actions. Elle souhaite informer le grand public sur le probl\u00e8me de comp\u00e9titivit\u00e9 de notre \u00e9conomie et sur la n\u00e9cessit\u00e9 d&rsquo;entretenir de bonnes relations sociales. La campagne tourne autour de la [&hellip;]\" \/>\n<meta property=\"og:url\" content=\"https:\/\/peoplesphere.be\/fr\/cout-de-la-greve-agoria-lance-une-campagne-dinformation-grand-public\/\" \/>\n<meta property=\"og:site_name\" content=\"Peoplesphere\" \/>\n<meta property=\"article:publisher\" content=\"https:\/\/www.facebook.com\/peoplesphere\" \/>\n<meta property=\"article:published_time\" content=\"2014-11-06T14:49:23+00:00\" \/>\n<meta property=\"article:modified_time\" content=\"2015-01-19T14:50:58+00:00\" \/>\n<meta property=\"og:image\" content=\"http:\/\/www.peoplesphere.be\/fr\/wp-content\/uploads\/2016\/07\/facebook-default-posting-1200x628px.jpg\" \/>\n<meta name=\"author\" content=\"admin\" \/>\n<meta name=\"twitter:card\" content=\"summary_large_image\" \/>\n<meta name=\"twitter:creator\" content=\"@PeoplesphereMag\" \/>\n<meta name=\"twitter:site\" content=\"@PeoplesphereMag\" \/>\n<meta name=\"twitter:label1\" content=\"\u00c9crit par\" \/>\n\t<meta name=\"twitter:data1\" content=\"admin\" \/>\n\t<meta name=\"twitter:label2\" content=\"Dur\u00e9e de lecture estim\u00e9e\" \/>\n\t<meta name=\"twitter:data2\" content=\"3 minutes\" \/>\n<script type=\"application\/ld+json\" class=\"yoast-schema-graph\">{\"@context\":\"https:\/\/schema.org\",\"@graph\":[{\"@type\":\"Article\",\"@id\":\"https:\/\/peoplesphere.be\/fr\/cout-de-la-greve-agoria-lance-une-campagne-dinformation-grand-public\/#article\",\"isPartOf\":{\"@id\":\"https:\/\/peoplesphere.be\/fr\/cout-de-la-greve-agoria-lance-une-campagne-dinformation-grand-public\/\"},\"author\":{\"name\":\"admin\",\"@id\":\"https:\/\/peoplesphere.be\/fr\/#\/schema\/person\/31e983479d7c6c2adc52372e64a85ae6\"},\"headline\":\"Co\u00fbt de la gr\u00e8ve &#8211; Agoria lance une campagne d\u2019information grand public\",\"datePublished\":\"2014-11-06T14:49:23+00:00\",\"dateModified\":\"2015-01-19T14:50:58+00:00\",\"mainEntityOfPage\":{\"@id\":\"https:\/\/peoplesphere.be\/fr\/cout-de-la-greve-agoria-lance-une-campagne-dinformation-grand-public\/\"},\"wordCount\":688,\"publisher\":{\"@id\":\"https:\/\/peoplesphere.be\/fr\/#organization\"},\"articleSection\":[\"Actualit\u00e9s\"],\"inLanguage\":\"fr-FR\"},{\"@type\":\"WebPage\",\"@id\":\"https:\/\/peoplesphere.be\/fr\/cout-de-la-greve-agoria-lance-une-campagne-dinformation-grand-public\/\",\"url\":\"https:\/\/peoplesphere.be\/fr\/cout-de-la-greve-agoria-lance-une-campagne-dinformation-grand-public\/\",\"name\":\"Co\u00fbt de la gr\u00e8ve - Agoria lance une campagne d\u2019information grand public - Peoplesphere\",\"isPartOf\":{\"@id\":\"https:\/\/peoplesphere.be\/fr\/#website\"},\"datePublished\":\"2014-11-06T14:49:23+00:00\",\"dateModified\":\"2015-01-19T14:50:58+00:00\",\"breadcrumb\":{\"@id\":\"https:\/\/peoplesphere.be\/fr\/cout-de-la-greve-agoria-lance-une-campagne-dinformation-grand-public\/#breadcrumb\"},\"inLanguage\":\"fr-FR\",\"potentialAction\":[{\"@type\":\"ReadAction\",\"target\":[\"https:\/\/peoplesphere.be\/fr\/cout-de-la-greve-agoria-lance-une-campagne-dinformation-grand-public\/\"]}]},{\"@type\":\"BreadcrumbList\",\"@id\":\"https:\/\/peoplesphere.be\/fr\/cout-de-la-greve-agoria-lance-une-campagne-dinformation-grand-public\/#breadcrumb\",\"itemListElement\":[{\"@type\":\"ListItem\",\"position\":1,\"name\":\"Accueil\",\"item\":\"https:\/\/peoplesphere.be\/fr\/\"},{\"@type\":\"ListItem\",\"position\":2,\"name\":\"Co\u00fbt de la gr\u00e8ve &#8211; Agoria lance une campagne d\u2019information grand public\"}]},{\"@type\":\"WebSite\",\"@id\":\"https:\/\/peoplesphere.be\/fr\/#website\",\"url\":\"https:\/\/peoplesphere.be\/fr\/\",\"name\":\"Peoplesphere\",\"description\":\"The People Managers Magazine\",\"publisher\":{\"@id\":\"https:\/\/peoplesphere.be\/fr\/#organization\"},\"potentialAction\":[{\"@type\":\"SearchAction\",\"target\":{\"@type\":\"EntryPoint\",\"urlTemplate\":\"https:\/\/peoplesphere.be\/fr\/?s={search_term_string}\"},\"query-input\":\"required name=search_term_string\"}],\"inLanguage\":\"fr-FR\"},{\"@type\":\"Organization\",\"@id\":\"https:\/\/peoplesphere.be\/fr\/#organization\",\"name\":\"Peoplesphere Company srl\",\"url\":\"https:\/\/peoplesphere.be\/fr\/\",\"logo\":{\"@type\":\"ImageObject\",\"inLanguage\":\"fr-FR\",\"@id\":\"https:\/\/peoplesphere.be\/fr\/#\/schema\/logo\/image\/\",\"url\":\"https:\/\/peoplesphere.be\/fr\/wp-content\/uploads\/2023\/07\/peoplesphere-lgo-new-generik.jpg\",\"contentUrl\":\"https:\/\/peoplesphere.be\/fr\/wp-content\/uploads\/2023\/07\/peoplesphere-lgo-new-generik.jpg\",\"width\":1031,\"height\":1479,\"caption\":\"Peoplesphere Company srl\"},\"image\":{\"@id\":\"https:\/\/peoplesphere.be\/fr\/#\/schema\/logo\/image\/\"},\"sameAs\":[\"https:\/\/www.facebook.com\/peoplesphere\",\"https:\/\/twitter.com\/PeoplesphereMag\",\"https:\/\/www.linkedin.com\/company\/7587361?trk\",\"http:\/\/youtube.com\/peoplesphere\"]},{\"@type\":\"Person\",\"@id\":\"https:\/\/peoplesphere.be\/fr\/#\/schema\/person\/31e983479d7c6c2adc52372e64a85ae6\",\"name\":\"admin\",\"image\":{\"@type\":\"ImageObject\",\"inLanguage\":\"fr-FR\",\"@id\":\"https:\/\/peoplesphere.be\/fr\/#\/schema\/person\/image\/\",\"url\":\"https:\/\/secure.gravatar.com\/avatar\/d20f4a44ec8508c3a90cb5021a329512?s=96&d=mm&r=g\",\"contentUrl\":\"https:\/\/secure.gravatar.com\/avatar\/d20f4a44ec8508c3a90cb5021a329512?s=96&d=mm&r=g\",\"caption\":\"admin\"},\"url\":\"https:\/\/peoplesphere.be\/fr\/author\/admin\/\"}]}<\/script>\n<!-- \/ Yoast SEO plugin. -->","yoast_head_json":{"title":"Co\u00fbt de la gr\u00e8ve - Agoria lance une campagne d\u2019information grand public - Peoplesphere","robots":{"index":"index","follow":"follow","max-snippet":"max-snippet:-1","max-image-preview":"max-image-preview:large","max-video-preview":"max-video-preview:-1"},"canonical":"https:\/\/peoplesphere.be\/fr\/cout-de-la-greve-agoria-lance-une-campagne-dinformation-grand-public\/","og_locale":"fr_FR","og_type":"article","og_title":"Co\u00fbt de la gr\u00e8ve - Agoria lance une campagne d\u2019information grand public - Peoplesphere","og_description":"L\u2019initiative de la f\u00e9d\u00e9ration de l\u2019industrie technologique va susciter des r\u00e9actions. Elle souhaite informer le grand public sur le probl\u00e8me de comp\u00e9titivit\u00e9 de notre \u00e9conomie et sur la n\u00e9cessit\u00e9 d&rsquo;entretenir de bonnes relations sociales. La campagne tourne autour de la [&hellip;]","og_url":"https:\/\/peoplesphere.be\/fr\/cout-de-la-greve-agoria-lance-une-campagne-dinformation-grand-public\/","og_site_name":"Peoplesphere","article_publisher":"https:\/\/www.facebook.com\/peoplesphere","article_published_time":"2014-11-06T14:49:23+00:00","article_modified_time":"2015-01-19T14:50:58+00:00","og_image":[{"url":"http:\/\/www.peoplesphere.be\/fr\/wp-content\/uploads\/2016\/07\/facebook-default-posting-1200x628px.jpg"}],"author":"admin","twitter_card":"summary_large_image","twitter_creator":"@PeoplesphereMag","twitter_site":"@PeoplesphereMag","twitter_misc":{"\u00c9crit par":"admin","Dur\u00e9e de lecture estim\u00e9e":"3 minutes"},"schema":{"@context":"https:\/\/schema.org","@graph":[{"@type":"Article","@id":"https:\/\/peoplesphere.be\/fr\/cout-de-la-greve-agoria-lance-une-campagne-dinformation-grand-public\/#article","isPartOf":{"@id":"https:\/\/peoplesphere.be\/fr\/cout-de-la-greve-agoria-lance-une-campagne-dinformation-grand-public\/"},"author":{"name":"admin","@id":"https:\/\/peoplesphere.be\/fr\/#\/schema\/person\/31e983479d7c6c2adc52372e64a85ae6"},"headline":"Co\u00fbt de la gr\u00e8ve &#8211; Agoria lance une campagne d\u2019information grand public","datePublished":"2014-11-06T14:49:23+00:00","dateModified":"2015-01-19T14:50:58+00:00","mainEntityOfPage":{"@id":"https:\/\/peoplesphere.be\/fr\/cout-de-la-greve-agoria-lance-une-campagne-dinformation-grand-public\/"},"wordCount":688,"publisher":{"@id":"https:\/\/peoplesphere.be\/fr\/#organization"},"articleSection":["Actualit\u00e9s"],"inLanguage":"fr-FR"},{"@type":"WebPage","@id":"https:\/\/peoplesphere.be\/fr\/cout-de-la-greve-agoria-lance-une-campagne-dinformation-grand-public\/","url":"https:\/\/peoplesphere.be\/fr\/cout-de-la-greve-agoria-lance-une-campagne-dinformation-grand-public\/","name":"Co\u00fbt de la gr\u00e8ve - Agoria lance une campagne d\u2019information grand public - Peoplesphere","isPartOf":{"@id":"https:\/\/peoplesphere.be\/fr\/#website"},"datePublished":"2014-11-06T14:49:23+00:00","dateModified":"2015-01-19T14:50:58+00:00","breadcrumb":{"@id":"https:\/\/peoplesphere.be\/fr\/cout-de-la-greve-agoria-lance-une-campagne-dinformation-grand-public\/#breadcrumb"},"inLanguage":"fr-FR","potentialAction":[{"@type":"ReadAction","target":["https:\/\/peoplesphere.be\/fr\/cout-de-la-greve-agoria-lance-une-campagne-dinformation-grand-public\/"]}]},{"@type":"BreadcrumbList","@id":"https:\/\/peoplesphere.be\/fr\/cout-de-la-greve-agoria-lance-une-campagne-dinformation-grand-public\/#breadcrumb","itemListElement":[{"@type":"ListItem","position":1,"name":"Accueil","item":"https:\/\/peoplesphere.be\/fr\/"},{"@type":"ListItem","position":2,"name":"Co\u00fbt de la gr\u00e8ve &#8211; Agoria lance une campagne d\u2019information grand public"}]},{"@type":"WebSite","@id":"https:\/\/peoplesphere.be\/fr\/#website","url":"https:\/\/peoplesphere.be\/fr\/","name":"Peoplesphere","description":"The People Managers Magazine","publisher":{"@id":"https:\/\/peoplesphere.be\/fr\/#organization"},"potentialAction":[{"@type":"SearchAction","target":{"@type":"EntryPoint","urlTemplate":"https:\/\/peoplesphere.be\/fr\/?s={search_term_string}"},"query-input":"required name=search_term_string"}],"inLanguage":"fr-FR"},{"@type":"Organization","@id":"https:\/\/peoplesphere.be\/fr\/#organization","name":"Peoplesphere Company srl","url":"https:\/\/peoplesphere.be\/fr\/","logo":{"@type":"ImageObject","inLanguage":"fr-FR","@id":"https:\/\/peoplesphere.be\/fr\/#\/schema\/logo\/image\/","url":"https:\/\/peoplesphere.be\/fr\/wp-content\/uploads\/2023\/07\/peoplesphere-lgo-new-generik.jpg","contentUrl":"https:\/\/peoplesphere.be\/fr\/wp-content\/uploads\/2023\/07\/peoplesphere-lgo-new-generik.jpg","width":1031,"height":1479,"caption":"Peoplesphere Company srl"},"image":{"@id":"https:\/\/peoplesphere.be\/fr\/#\/schema\/logo\/image\/"},"sameAs":["https:\/\/www.facebook.com\/peoplesphere","https:\/\/twitter.com\/PeoplesphereMag","https:\/\/www.linkedin.com\/company\/7587361?trk","http:\/\/youtube.com\/peoplesphere"]},{"@type":"Person","@id":"https:\/\/peoplesphere.be\/fr\/#\/schema\/person\/31e983479d7c6c2adc52372e64a85ae6","name":"admin","image":{"@type":"ImageObject","inLanguage":"fr-FR","@id":"https:\/\/peoplesphere.be\/fr\/#\/schema\/person\/image\/","url":"https:\/\/secure.gravatar.com\/avatar\/d20f4a44ec8508c3a90cb5021a329512?s=96&d=mm&r=g","contentUrl":"https:\/\/secure.gravatar.com\/avatar\/d20f4a44ec8508c3a90cb5021a329512?s=96&d=mm&r=g","caption":"admin"},"url":"https:\/\/peoplesphere.be\/fr\/author\/admin\/"}]}},"_links":{"self":[{"href":"https:\/\/peoplesphere.be\/fr\/wp-json\/wp\/v2\/posts\/408"}],"collection":[{"href":"https:\/\/peoplesphere.be\/fr\/wp-json\/wp\/v2\/posts"}],"about":[{"href":"https:\/\/peoplesphere.be\/fr\/wp-json\/wp\/v2\/types\/post"}],"author":[{"embeddable":true,"href":"https:\/\/peoplesphere.be\/fr\/wp-json\/wp\/v2\/users\/1"}],"replies":[{"embeddable":true,"href":"https:\/\/peoplesphere.be\/fr\/wp-json\/wp\/v2\/comments?post=408"}],"version-history":[{"count":1,"href":"https:\/\/peoplesphere.be\/fr\/wp-json\/wp\/v2\/posts\/408\/revisions"}],"predecessor-version":[{"id":409,"href":"https:\/\/peoplesphere.be\/fr\/wp-json\/wp\/v2\/posts\/408\/revisions\/409"}],"wp:attachment":[{"href":"https:\/\/peoplesphere.be\/fr\/wp-json\/wp\/v2\/media?parent=408"}],"wp:term":[{"taxonomy":"category","embeddable":true,"href":"https:\/\/peoplesphere.be\/fr\/wp-json\/wp\/v2\/categories?post=408"},{"taxonomy":"post_tag","embeddable":true,"href":"https:\/\/peoplesphere.be\/fr\/wp-json\/wp\/v2\/tags?post=408"}],"curies":[{"name":"wp","href":"https:\/\/api.w.org\/{rel}","templated":true}]}}