









{"id":4108,"date":"2018-03-26T12:47:18","date_gmt":"2018-03-26T10:47:18","guid":{"rendered":"http:\/\/www.peoplesphere.be\/fr\/?p=4108"},"modified":"2018-03-26T13:06:55","modified_gmt":"2018-03-26T11:06:55","slug":"hr-run-1er-juin-a-bruxelles-ne-tardez-a-inscrire","status":"publish","type":"post","link":"https:\/\/peoplesphere.be\/fr\/hr-run-1er-juin-a-bruxelles-ne-tardez-a-inscrire\/","title":{"rendered":"HR Run, 2\u00e8me \u00e9dition, le 7 juin \u00e0 Waterloo: ne tardez pas \u00e0 vous inscrire."},"content":{"rendered":"<p>Participer en \u00e9quipe \u00e0 un \u00e9v\u00e9nement sportif convivial d\u00e9di\u00e9 aux professionnels des Ressources Humaines? Le deuxi\u00e8me\u00a0HR Run sera organis\u00e9 le 7\u00a0juin prochain \u00e0\u00a0Waterloo (Knokke Out Brussels).<!--more-->Principe simple : il suffit de former une \u00e9quipe de 3 participants afin de parcourir la boucle de 3 kilom\u00e8tres dessin\u00e9e par les organisateurs du HR Run. Le premier coureur couvre 9 km (3 boucles), le deuxi\u00e8me parcourt 6km (2 boucles) et le troisi\u00e8me coureur accompagne ses \u00e9quipiers pour la derni\u00e8re boucle de 3km.<\/p>\n<p>Un walking dinner, moment propice au networking, viendra cl\u00f4turer la soir\u00e9e.<\/p>\n<p>Pour plus d&rsquo;informations et pour vous inscrire : <a href=\"http:\/\/www.hrrun.be\">www.hrrun.be<\/a><\/p>\n<p>Profitez des conditions offertes aux \u00e9quipes issues de soci\u00e9t\u00e9s abonn\u00e9es \u00e0 Peoplesphere (r\u00e9duction de 30 euros\/\u00e9quipe).<\/p>\n<p>&nbsp;<\/p>\n","protected":false},"excerpt":{"rendered":"<p>Participer en \u00e9quipe \u00e0 un \u00e9v\u00e9nement sportif convivial d\u00e9di\u00e9 aux professionnels des Ressources Humaines? Le deuxi\u00e8me\u00a0HR Run sera organis\u00e9 le 7\u00a0juin prochain \u00e0\u00a0Waterloo (Knokke Out Brussels).<\/p>\n","protected":false},"author":2,"featured_media":5779,"comment_status":"closed","ping_status":"open","sticky":false,"template":"","format":"standard","meta":[],"categories":[67,8],"tags":[96,1209,17,1208],"yoast_head":"<!-- This site is optimized with the Yoast SEO plugin v21.0 - https:\/\/yoast.com\/wordpress\/plugins\/seo\/ -->\n<title>HR Run, 2\u00e8me \u00e9dition, le 7 juin \u00e0 Waterloo: ne tardez pas \u00e0 vous inscrire. - Peoplesphere<\/title>\n<meta name=\"robots\" content=\"index, follow, max-snippet:-1, max-image-preview:large, max-video-preview:-1\" \/>\n<link rel=\"canonical\" href=\"https:\/\/peoplesphere.be\/fr\/hr-run-1er-juin-a-bruxelles-ne-tardez-a-inscrire\/\" \/>\n<meta property=\"og:locale\" content=\"fr_FR\" \/>\n<meta property=\"og:type\" content=\"article\" \/>\n<meta property=\"og:title\" content=\"HR Run, 2\u00e8me \u00e9dition, le 7 juin \u00e0 Waterloo: ne tardez pas \u00e0 vous inscrire. - Peoplesphere\" \/>\n<meta property=\"og:description\" content=\"Participer en \u00e9quipe \u00e0 un \u00e9v\u00e9nement sportif convivial d\u00e9di\u00e9 aux professionnels des Ressources Humaines? Le deuxi\u00e8me\u00a0HR Run sera organis\u00e9 le 7\u00a0juin prochain \u00e0\u00a0Waterloo (Knokke Out Brussels).\" \/>\n<meta property=\"og:url\" content=\"https:\/\/peoplesphere.be\/fr\/hr-run-1er-juin-a-bruxelles-ne-tardez-a-inscrire\/\" \/>\n<meta property=\"og:site_name\" content=\"Peoplesphere\" \/>\n<meta property=\"article:publisher\" content=\"https:\/\/www.facebook.com\/peoplesphere\" \/>\n<meta property=\"article:published_time\" content=\"2018-03-26T10:47:18+00:00\" \/>\n<meta property=\"article:modified_time\" content=\"2018-03-26T11:06:55+00:00\" \/>\n<meta property=\"og:image\" content=\"https:\/\/peoplesphere.be\/fr\/wp-content\/uploads\/2018\/03\/HRRUN_GIF1.gif\" \/>\n\t<meta property=\"og:image:width\" content=\"685\" \/>\n\t<meta property=\"og:image:height\" content=\"315\" \/>\n\t<meta property=\"og:image:type\" content=\"image\/gif\" \/>\n<meta name=\"author\" content=\"Jean-Paul Erhard\" \/>\n<meta name=\"twitter:card\" content=\"summary_large_image\" \/>\n<meta name=\"twitter:creator\" content=\"@PeoplesphereMag\" \/>\n<meta name=\"twitter:site\" content=\"@PeoplesphereMag\" \/>\n<meta name=\"twitter:label1\" content=\"\u00c9crit par\" \/>\n\t<meta name=\"twitter:data1\" content=\"Jean-Paul Erhard\" \/>\n\t<meta name=\"twitter:label2\" content=\"Dur\u00e9e de lecture estim\u00e9e\" \/>\n\t<meta name=\"twitter:data2\" content=\"1 minute\" \/>\n<script type=\"application\/ld+json\" class=\"yoast-schema-graph\">{\"@context\":\"https:\/\/schema.org\",\"@graph\":[{\"@type\":\"Article\",\"@id\":\"https:\/\/peoplesphere.be\/fr\/hr-run-1er-juin-a-bruxelles-ne-tardez-a-inscrire\/#article\",\"isPartOf\":{\"@id\":\"https:\/\/peoplesphere.be\/fr\/hr-run-1er-juin-a-bruxelles-ne-tardez-a-inscrire\/\"},\"author\":{\"name\":\"Jean-Paul Erhard\",\"@id\":\"https:\/\/peoplesphere.be\/fr\/#\/schema\/person\/7976225ff17988604334abb7b3536a7e\"},\"headline\":\"HR Run, 2\u00e8me \u00e9dition, le 7 juin \u00e0 Waterloo: ne tardez pas \u00e0 vous inscrire.\",\"datePublished\":\"2018-03-26T10:47:18+00:00\",\"dateModified\":\"2018-03-26T11:06:55+00:00\",\"mainEntityOfPage\":{\"@id\":\"https:\/\/peoplesphere.be\/fr\/hr-run-1er-juin-a-bruxelles-ne-tardez-a-inscrire\/\"},\"wordCount\":137,\"publisher\":{\"@id\":\"https:\/\/peoplesphere.be\/fr\/#organization\"},\"keywords\":[\"bien-\u00eatre\",\"hr run\",\"Sant\u00e9\",\"sport\"],\"articleSection\":[\"Calendrier\",\"Events\"],\"inLanguage\":\"fr-FR\"},{\"@type\":\"WebPage\",\"@id\":\"https:\/\/peoplesphere.be\/fr\/hr-run-1er-juin-a-bruxelles-ne-tardez-a-inscrire\/\",\"url\":\"https:\/\/peoplesphere.be\/fr\/hr-run-1er-juin-a-bruxelles-ne-tardez-a-inscrire\/\",\"name\":\"HR Run, 2\u00e8me \u00e9dition, le 7 juin \u00e0 Waterloo: ne tardez pas \u00e0 vous inscrire. - Peoplesphere\",\"isPartOf\":{\"@id\":\"https:\/\/peoplesphere.be\/fr\/#website\"},\"datePublished\":\"2018-03-26T10:47:18+00:00\",\"dateModified\":\"2018-03-26T11:06:55+00:00\",\"breadcrumb\":{\"@id\":\"https:\/\/peoplesphere.be\/fr\/hr-run-1er-juin-a-bruxelles-ne-tardez-a-inscrire\/#breadcrumb\"},\"inLanguage\":\"fr-FR\",\"potentialAction\":[{\"@type\":\"ReadAction\",\"target\":[\"https:\/\/peoplesphere.be\/fr\/hr-run-1er-juin-a-bruxelles-ne-tardez-a-inscrire\/\"]}]},{\"@type\":\"BreadcrumbList\",\"@id\":\"https:\/\/peoplesphere.be\/fr\/hr-run-1er-juin-a-bruxelles-ne-tardez-a-inscrire\/#breadcrumb\",\"itemListElement\":[{\"@type\":\"ListItem\",\"position\":1,\"name\":\"Accueil\",\"item\":\"https:\/\/peoplesphere.be\/fr\/\"},{\"@type\":\"ListItem\",\"position\":2,\"name\":\"HR Run, 2\u00e8me \u00e9dition, le 7 juin \u00e0 Waterloo: ne tardez pas \u00e0 vous inscrire.\"}]},{\"@type\":\"WebSite\",\"@id\":\"https:\/\/peoplesphere.be\/fr\/#website\",\"url\":\"https:\/\/peoplesphere.be\/fr\/\",\"name\":\"Peoplesphere\",\"description\":\"The People Managers Magazine\",\"publisher\":{\"@id\":\"https:\/\/peoplesphere.be\/fr\/#organization\"},\"potentialAction\":[{\"@type\":\"SearchAction\",\"target\":{\"@type\":\"EntryPoint\",\"urlTemplate\":\"https:\/\/peoplesphere.be\/fr\/?s={search_term_string}\"},\"query-input\":\"required name=search_term_string\"}],\"inLanguage\":\"fr-FR\"},{\"@type\":\"Organization\",\"@id\":\"https:\/\/peoplesphere.be\/fr\/#organization\",\"name\":\"Peoplesphere Company srl\",\"url\":\"https:\/\/peoplesphere.be\/fr\/\",\"logo\":{\"@type\":\"ImageObject\",\"inLanguage\":\"fr-FR\",\"@id\":\"https:\/\/peoplesphere.be\/fr\/#\/schema\/logo\/image\/\",\"url\":\"https:\/\/peoplesphere.be\/fr\/wp-content\/uploads\/2023\/07\/peoplesphere-lgo-new-generik.jpg\",\"contentUrl\":\"https:\/\/peoplesphere.be\/fr\/wp-content\/uploads\/2023\/07\/peoplesphere-lgo-new-generik.jpg\",\"width\":1031,\"height\":1479,\"caption\":\"Peoplesphere Company srl\"},\"image\":{\"@id\":\"https:\/\/peoplesphere.be\/fr\/#\/schema\/logo\/image\/\"},\"sameAs\":[\"https:\/\/www.facebook.com\/peoplesphere\",\"https:\/\/twitter.com\/PeoplesphereMag\",\"https:\/\/www.linkedin.com\/company\/7587361?trk\",\"http:\/\/youtube.com\/peoplesphere\"]},{\"@type\":\"Person\",\"@id\":\"https:\/\/peoplesphere.be\/fr\/#\/schema\/person\/7976225ff17988604334abb7b3536a7e\",\"name\":\"Jean-Paul Erhard\",\"image\":{\"@type\":\"ImageObject\",\"inLanguage\":\"fr-FR\",\"@id\":\"https:\/\/peoplesphere.be\/fr\/#\/schema\/person\/image\/\",\"url\":\"https:\/\/secure.gravatar.com\/avatar\/f941e681460179738071629a51574930?s=96&d=mm&r=g\",\"contentUrl\":\"https:\/\/secure.gravatar.com\/avatar\/f941e681460179738071629a51574930?s=96&d=mm&r=g\",\"caption\":\"Jean-Paul Erhard\"},\"url\":\"https:\/\/peoplesphere.be\/fr\/author\/jpe\/\"}]}<\/script>\n<!-- \/ Yoast SEO plugin. -->","yoast_head_json":{"title":"HR Run, 2\u00e8me \u00e9dition, le 7 juin \u00e0 Waterloo: ne tardez pas \u00e0 vous inscrire. - Peoplesphere","robots":{"index":"index","follow":"follow","max-snippet":"max-snippet:-1","max-image-preview":"max-image-preview:large","max-video-preview":"max-video-preview:-1"},"canonical":"https:\/\/peoplesphere.be\/fr\/hr-run-1er-juin-a-bruxelles-ne-tardez-a-inscrire\/","og_locale":"fr_FR","og_type":"article","og_title":"HR Run, 2\u00e8me \u00e9dition, le 7 juin \u00e0 Waterloo: ne tardez pas \u00e0 vous inscrire. - Peoplesphere","og_description":"Participer en \u00e9quipe \u00e0 un \u00e9v\u00e9nement sportif convivial d\u00e9di\u00e9 aux professionnels des Ressources Humaines? Le deuxi\u00e8me\u00a0HR Run sera organis\u00e9 le 7\u00a0juin prochain \u00e0\u00a0Waterloo (Knokke Out Brussels).","og_url":"https:\/\/peoplesphere.be\/fr\/hr-run-1er-juin-a-bruxelles-ne-tardez-a-inscrire\/","og_site_name":"Peoplesphere","article_publisher":"https:\/\/www.facebook.com\/peoplesphere","article_published_time":"2018-03-26T10:47:18+00:00","article_modified_time":"2018-03-26T11:06:55+00:00","og_image":[{"width":685,"height":315,"url":"https:\/\/peoplesphere.be\/fr\/wp-content\/uploads\/2018\/03\/HRRUN_GIF1.gif","type":"image\/gif"}],"author":"Jean-Paul Erhard","twitter_card":"summary_large_image","twitter_creator":"@PeoplesphereMag","twitter_site":"@PeoplesphereMag","twitter_misc":{"\u00c9crit par":"Jean-Paul Erhard","Dur\u00e9e de lecture estim\u00e9e":"1 minute"},"schema":{"@context":"https:\/\/schema.org","@graph":[{"@type":"Article","@id":"https:\/\/peoplesphere.be\/fr\/hr-run-1er-juin-a-bruxelles-ne-tardez-a-inscrire\/#article","isPartOf":{"@id":"https:\/\/peoplesphere.be\/fr\/hr-run-1er-juin-a-bruxelles-ne-tardez-a-inscrire\/"},"author":{"name":"Jean-Paul Erhard","@id":"https:\/\/peoplesphere.be\/fr\/#\/schema\/person\/7976225ff17988604334abb7b3536a7e"},"headline":"HR Run, 2\u00e8me \u00e9dition, le 7 juin \u00e0 Waterloo: ne tardez pas \u00e0 vous inscrire.","datePublished":"2018-03-26T10:47:18+00:00","dateModified":"2018-03-26T11:06:55+00:00","mainEntityOfPage":{"@id":"https:\/\/peoplesphere.be\/fr\/hr-run-1er-juin-a-bruxelles-ne-tardez-a-inscrire\/"},"wordCount":137,"publisher":{"@id":"https:\/\/peoplesphere.be\/fr\/#organization"},"keywords":["bien-\u00eatre","hr run","Sant\u00e9","sport"],"articleSection":["Calendrier","Events"],"inLanguage":"fr-FR"},{"@type":"WebPage","@id":"https:\/\/peoplesphere.be\/fr\/hr-run-1er-juin-a-bruxelles-ne-tardez-a-inscrire\/","url":"https:\/\/peoplesphere.be\/fr\/hr-run-1er-juin-a-bruxelles-ne-tardez-a-inscrire\/","name":"HR Run, 2\u00e8me \u00e9dition, le 7 juin \u00e0 Waterloo: ne tardez pas \u00e0 vous inscrire. - Peoplesphere","isPartOf":{"@id":"https:\/\/peoplesphere.be\/fr\/#website"},"datePublished":"2018-03-26T10:47:18+00:00","dateModified":"2018-03-26T11:06:55+00:00","breadcrumb":{"@id":"https:\/\/peoplesphere.be\/fr\/hr-run-1er-juin-a-bruxelles-ne-tardez-a-inscrire\/#breadcrumb"},"inLanguage":"fr-FR","potentialAction":[{"@type":"ReadAction","target":["https:\/\/peoplesphere.be\/fr\/hr-run-1er-juin-a-bruxelles-ne-tardez-a-inscrire\/"]}]},{"@type":"BreadcrumbList","@id":"https:\/\/peoplesphere.be\/fr\/hr-run-1er-juin-a-bruxelles-ne-tardez-a-inscrire\/#breadcrumb","itemListElement":[{"@type":"ListItem","position":1,"name":"Accueil","item":"https:\/\/peoplesphere.be\/fr\/"},{"@type":"ListItem","position":2,"name":"HR Run, 2\u00e8me \u00e9dition, le 7 juin \u00e0 Waterloo: ne tardez pas \u00e0 vous inscrire."}]},{"@type":"WebSite","@id":"https:\/\/peoplesphere.be\/fr\/#website","url":"https:\/\/peoplesphere.be\/fr\/","name":"Peoplesphere","description":"The People Managers Magazine","publisher":{"@id":"https:\/\/peoplesphere.be\/fr\/#organization"},"potentialAction":[{"@type":"SearchAction","target":{"@type":"EntryPoint","urlTemplate":"https:\/\/peoplesphere.be\/fr\/?s={search_term_string}"},"query-input":"required name=search_term_string"}],"inLanguage":"fr-FR"},{"@type":"Organization","@id":"https:\/\/peoplesphere.be\/fr\/#organization","name":"Peoplesphere Company srl","url":"https:\/\/peoplesphere.be\/fr\/","logo":{"@type":"ImageObject","inLanguage":"fr-FR","@id":"https:\/\/peoplesphere.be\/fr\/#\/schema\/logo\/image\/","url":"https:\/\/peoplesphere.be\/fr\/wp-content\/uploads\/2023\/07\/peoplesphere-lgo-new-generik.jpg","contentUrl":"https:\/\/peoplesphere.be\/fr\/wp-content\/uploads\/2023\/07\/peoplesphere-lgo-new-generik.jpg","width":1031,"height":1479,"caption":"Peoplesphere Company srl"},"image":{"@id":"https:\/\/peoplesphere.be\/fr\/#\/schema\/logo\/image\/"},"sameAs":["https:\/\/www.facebook.com\/peoplesphere","https:\/\/twitter.com\/PeoplesphereMag","https:\/\/www.linkedin.com\/company\/7587361?trk","http:\/\/youtube.com\/peoplesphere"]},{"@type":"Person","@id":"https:\/\/peoplesphere.be\/fr\/#\/schema\/person\/7976225ff17988604334abb7b3536a7e","name":"Jean-Paul Erhard","image":{"@type":"ImageObject","inLanguage":"fr-FR","@id":"https:\/\/peoplesphere.be\/fr\/#\/schema\/person\/image\/","url":"https:\/\/secure.gravatar.com\/avatar\/f941e681460179738071629a51574930?s=96&d=mm&r=g","contentUrl":"https:\/\/secure.gravatar.com\/avatar\/f941e681460179738071629a51574930?s=96&d=mm&r=g","caption":"Jean-Paul Erhard"},"url":"https:\/\/peoplesphere.be\/fr\/author\/jpe\/"}]}},"_links":{"self":[{"href":"https:\/\/peoplesphere.be\/fr\/wp-json\/wp\/v2\/posts\/4108"}],"collection":[{"href":"https:\/\/peoplesphere.be\/fr\/wp-json\/wp\/v2\/posts"}],"about":[{"href":"https:\/\/peoplesphere.be\/fr\/wp-json\/wp\/v2\/types\/post"}],"author":[{"embeddable":true,"href":"https:\/\/peoplesphere.be\/fr\/wp-json\/wp\/v2\/users\/2"}],"replies":[{"embeddable":true,"href":"https:\/\/peoplesphere.be\/fr\/wp-json\/wp\/v2\/comments?post=4108"}],"version-history":[{"count":4,"href":"https:\/\/peoplesphere.be\/fr\/wp-json\/wp\/v2\/posts\/4108\/revisions"}],"predecessor-version":[{"id":5778,"href":"https:\/\/peoplesphere.be\/fr\/wp-json\/wp\/v2\/posts\/4108\/revisions\/5778"}],"wp:featuredmedia":[{"embeddable":true,"href":"https:\/\/peoplesphere.be\/fr\/wp-json\/wp\/v2\/media\/5779"}],"wp:attachment":[{"href":"https:\/\/peoplesphere.be\/fr\/wp-json\/wp\/v2\/media?parent=4108"}],"wp:term":[{"taxonomy":"category","embeddable":true,"href":"https:\/\/peoplesphere.be\/fr\/wp-json\/wp\/v2\/categories?post=4108"},{"taxonomy":"post_tag","embeddable":true,"href":"https:\/\/peoplesphere.be\/fr\/wp-json\/wp\/v2\/tags?post=4108"}],"curies":[{"name":"wp","href":"https:\/\/api.w.org\/{rel}","templated":true}]}}