









{"id":4110,"date":"2017-03-10T17:48:43","date_gmt":"2017-03-10T15:48:43","guid":{"rendered":"http:\/\/www.peoplesphere.be\/fr\/?p=4110"},"modified":"2017-03-10T17:48:43","modified_gmt":"2017-03-10T15:48:43","slug":"gouvernement-bruxellois-renforce-critere-de-lutte-contre-dumping-social-marches-publics","status":"publish","type":"post","link":"https:\/\/peoplesphere.be\/fr\/gouvernement-bruxellois-renforce-critere-de-lutte-contre-dumping-social-marches-publics\/","title":{"rendered":"Le gouvernement bruxellois renforce le crit\u00e8re de lutte contre le dumping social dans ses march\u00e9s publics."},"content":{"rendered":"<p>Donner l&rsquo;exemple. Pour r\u00e9duire les risques de fraude sociale dans le cadre des march\u00e9s publics, le gouvernement bruxellois a adopt\u00e9 plusieurs mesures\u00a0visant \u00e0 installer non seulement une nouvelle l\u00e9gislation en mati\u00e8re de clauses sociales mais aussi une meilleure ma\u00eetrise des bonnes pratiques.<!--more-->L&rsquo;annonce est port\u00e9e par\u00a0les cabinets du ministre-pr\u00e9sident bruxellois Rudi Vervoort (PS) et du ministre r\u00e9gional de l&rsquo;Economie et de l&rsquo;Emploi Didier Gosuin (D\u00e9FI).<\/p>\n<p>Les mesures portent sur l&rsquo;adoption d&rsquo;une nouvelle l\u00e9gislation en mati\u00e8re de clauses sociales, la mise en place d&rsquo;une offre de formations sp\u00e9cifiques \u00ab\u00a0Dumping Social\u00a0\u00bb dans le cadre des formations aux march\u00e9s publics, notamment pour les contr\u00f4leurs de chantier, l&rsquo;ouverture \u00e0 de nouveaux types de march\u00e9s et aux pouvoirs locaux, de l&rsquo;application de l&rsquo;ordonnance de 2014 relative au contr\u00f4le des prix, et la promotion d&rsquo;un guide de bonnes pratiques \u00e0 l&rsquo;attention des pouvoirs adjudicateurs bruxellois.<\/p>\n<p>Un r\u00e9pertoire d&rsquo;attestations de bonne ex\u00e9cution pour tous les types de march\u00e9s sera r\u00e9alis\u00e9. Un outil in\u00e9dit d&rsquo;analyse de la situation financi\u00e8re et \u00e9conomique des entreprises qui ont soumissionn\u00e9 \u00e0 un march\u00e9 public permettant d&rsquo;identifier par leur bilan celles qui pr\u00e9sentent des risques de dumping social ou de fraude de nature sera \u00e9labor\u00e9. Enfin, la R\u00e9gion cr\u00e9era une plateforme de partage de donn\u00e9es de march\u00e9s publics.<br \/>\nLe gouvernement bruxellois a adopt\u00e9 son chapelet de mesures en s&rsquo;appuyant sur les recommandations du groupe de travail r\u00e9unissant, outre ses repr\u00e9sentants, les partenaires sociaux, et des experts de tous les services publics impliqu\u00e9s constitu\u00e9 l&rsquo;an dernier.<\/p>\n<p>Le dumping social dans les march\u00e9s publics continue de causer des pertes d&#8217;emploi consid\u00e9rables, en particulier dans le secteur de la construction, premier vivier d&#8217;emploi en Belgique. Selon le ministre bruxellois de l&rsquo;Emploi, 17.000 emplois ont ainsi \u00e9t\u00e9 perdus en 3 ans dans la construction.<\/p>\n<p><em>Source : Belga<\/em><\/p>\n","protected":false},"excerpt":{"rendered":"<p>Donner l&rsquo;exemple. Pour r\u00e9duire les risques de fraude sociale dans le cadre des march\u00e9s publics, le gouvernement bruxellois a adopt\u00e9 plusieurs mesures\u00a0visant \u00e0 installer non seulement une nouvelle l\u00e9gislation en mati\u00e8re de clauses sociales mais aussi une meilleure ma\u00eetrise des [&hellip;]<\/p>\n","protected":false},"author":2,"featured_media":0,"comment_status":"closed","ping_status":"open","sticky":false,"template":"","format":"standard","meta":[],"categories":[65,10],"tags":[711,278,1211,1210,272],"yoast_head":"<!-- This site is optimized with the Yoast SEO plugin v21.0 - https:\/\/yoast.com\/wordpress\/plugins\/seo\/ -->\n<title>Le gouvernement bruxellois renforce le crit\u00e8re de lutte contre le dumping social dans ses march\u00e9s publics. - Peoplesphere<\/title>\n<meta name=\"robots\" content=\"index, follow, max-snippet:-1, max-image-preview:large, max-video-preview:-1\" \/>\n<link rel=\"canonical\" href=\"https:\/\/peoplesphere.be\/fr\/gouvernement-bruxellois-renforce-critere-de-lutte-contre-dumping-social-marches-publics\/\" \/>\n<meta property=\"og:locale\" content=\"fr_FR\" \/>\n<meta property=\"og:type\" content=\"article\" \/>\n<meta property=\"og:title\" content=\"Le gouvernement bruxellois renforce le crit\u00e8re de lutte contre le dumping social dans ses march\u00e9s publics. - Peoplesphere\" \/>\n<meta property=\"og:description\" content=\"Donner l&rsquo;exemple. Pour r\u00e9duire les risques de fraude sociale dans le cadre des march\u00e9s publics, le gouvernement bruxellois a adopt\u00e9 plusieurs mesures\u00a0visant \u00e0 installer non seulement une nouvelle l\u00e9gislation en mati\u00e8re de clauses sociales mais aussi une meilleure ma\u00eetrise des [&hellip;]\" \/>\n<meta property=\"og:url\" content=\"https:\/\/peoplesphere.be\/fr\/gouvernement-bruxellois-renforce-critere-de-lutte-contre-dumping-social-marches-publics\/\" \/>\n<meta property=\"og:site_name\" content=\"Peoplesphere\" \/>\n<meta property=\"article:publisher\" content=\"https:\/\/www.facebook.com\/peoplesphere\" \/>\n<meta property=\"article:published_time\" content=\"2017-03-10T15:48:43+00:00\" \/>\n<meta property=\"og:image\" content=\"http:\/\/www.peoplesphere.be\/fr\/wp-content\/uploads\/2016\/07\/facebook-default-posting-1200x628px.jpg\" \/>\n<meta name=\"author\" content=\"Jean-Paul Erhard\" \/>\n<meta name=\"twitter:card\" content=\"summary_large_image\" \/>\n<meta name=\"twitter:creator\" content=\"@PeoplesphereMag\" \/>\n<meta name=\"twitter:site\" content=\"@PeoplesphereMag\" \/>\n<meta name=\"twitter:label1\" content=\"\u00c9crit par\" \/>\n\t<meta name=\"twitter:data1\" content=\"Jean-Paul Erhard\" \/>\n\t<meta name=\"twitter:label2\" content=\"Dur\u00e9e de lecture estim\u00e9e\" \/>\n\t<meta name=\"twitter:data2\" content=\"2 minutes\" \/>\n<script type=\"application\/ld+json\" class=\"yoast-schema-graph\">{\"@context\":\"https:\/\/schema.org\",\"@graph\":[{\"@type\":\"Article\",\"@id\":\"https:\/\/peoplesphere.be\/fr\/gouvernement-bruxellois-renforce-critere-de-lutte-contre-dumping-social-marches-publics\/#article\",\"isPartOf\":{\"@id\":\"https:\/\/peoplesphere.be\/fr\/gouvernement-bruxellois-renforce-critere-de-lutte-contre-dumping-social-marches-publics\/\"},\"author\":{\"name\":\"Jean-Paul Erhard\",\"@id\":\"https:\/\/peoplesphere.be\/fr\/#\/schema\/person\/7976225ff17988604334abb7b3536a7e\"},\"headline\":\"Le gouvernement bruxellois renforce le crit\u00e8re de lutte contre le dumping social dans ses march\u00e9s publics.\",\"datePublished\":\"2017-03-10T15:48:43+00:00\",\"dateModified\":\"2017-03-10T15:48:43+00:00\",\"mainEntityOfPage\":{\"@id\":\"https:\/\/peoplesphere.be\/fr\/gouvernement-bruxellois-renforce-critere-de-lutte-contre-dumping-social-marches-publics\/\"},\"wordCount\":334,\"publisher\":{\"@id\":\"https:\/\/peoplesphere.be\/fr\/#organization\"},\"keywords\":[\"dumping social\",\"fraude sociale\",\"march\u00e9s publics\",\"r\u00e9gion bruxelles capitale\",\"r\u00e9glementation\"],\"articleSection\":[\"Actualit\u00e9s\",\"Digital\"],\"inLanguage\":\"fr-FR\"},{\"@type\":\"WebPage\",\"@id\":\"https:\/\/peoplesphere.be\/fr\/gouvernement-bruxellois-renforce-critere-de-lutte-contre-dumping-social-marches-publics\/\",\"url\":\"https:\/\/peoplesphere.be\/fr\/gouvernement-bruxellois-renforce-critere-de-lutte-contre-dumping-social-marches-publics\/\",\"name\":\"Le gouvernement bruxellois renforce le crit\u00e8re de lutte contre le dumping social dans ses march\u00e9s publics. - Peoplesphere\",\"isPartOf\":{\"@id\":\"https:\/\/peoplesphere.be\/fr\/#website\"},\"datePublished\":\"2017-03-10T15:48:43+00:00\",\"dateModified\":\"2017-03-10T15:48:43+00:00\",\"breadcrumb\":{\"@id\":\"https:\/\/peoplesphere.be\/fr\/gouvernement-bruxellois-renforce-critere-de-lutte-contre-dumping-social-marches-publics\/#breadcrumb\"},\"inLanguage\":\"fr-FR\",\"potentialAction\":[{\"@type\":\"ReadAction\",\"target\":[\"https:\/\/peoplesphere.be\/fr\/gouvernement-bruxellois-renforce-critere-de-lutte-contre-dumping-social-marches-publics\/\"]}]},{\"@type\":\"BreadcrumbList\",\"@id\":\"https:\/\/peoplesphere.be\/fr\/gouvernement-bruxellois-renforce-critere-de-lutte-contre-dumping-social-marches-publics\/#breadcrumb\",\"itemListElement\":[{\"@type\":\"ListItem\",\"position\":1,\"name\":\"Accueil\",\"item\":\"https:\/\/peoplesphere.be\/fr\/\"},{\"@type\":\"ListItem\",\"position\":2,\"name\":\"Le gouvernement bruxellois renforce le crit\u00e8re de lutte contre le dumping social dans ses march\u00e9s publics.\"}]},{\"@type\":\"WebSite\",\"@id\":\"https:\/\/peoplesphere.be\/fr\/#website\",\"url\":\"https:\/\/peoplesphere.be\/fr\/\",\"name\":\"Peoplesphere\",\"description\":\"The People Managers Magazine\",\"publisher\":{\"@id\":\"https:\/\/peoplesphere.be\/fr\/#organization\"},\"potentialAction\":[{\"@type\":\"SearchAction\",\"target\":{\"@type\":\"EntryPoint\",\"urlTemplate\":\"https:\/\/peoplesphere.be\/fr\/?s={search_term_string}\"},\"query-input\":\"required name=search_term_string\"}],\"inLanguage\":\"fr-FR\"},{\"@type\":\"Organization\",\"@id\":\"https:\/\/peoplesphere.be\/fr\/#organization\",\"name\":\"Peoplesphere Company srl\",\"url\":\"https:\/\/peoplesphere.be\/fr\/\",\"logo\":{\"@type\":\"ImageObject\",\"inLanguage\":\"fr-FR\",\"@id\":\"https:\/\/peoplesphere.be\/fr\/#\/schema\/logo\/image\/\",\"url\":\"https:\/\/peoplesphere.be\/fr\/wp-content\/uploads\/2023\/07\/peoplesphere-lgo-new-generik.jpg\",\"contentUrl\":\"https:\/\/peoplesphere.be\/fr\/wp-content\/uploads\/2023\/07\/peoplesphere-lgo-new-generik.jpg\",\"width\":1031,\"height\":1479,\"caption\":\"Peoplesphere Company srl\"},\"image\":{\"@id\":\"https:\/\/peoplesphere.be\/fr\/#\/schema\/logo\/image\/\"},\"sameAs\":[\"https:\/\/www.facebook.com\/peoplesphere\",\"https:\/\/twitter.com\/PeoplesphereMag\",\"https:\/\/www.linkedin.com\/company\/7587361?trk\",\"http:\/\/youtube.com\/peoplesphere\"]},{\"@type\":\"Person\",\"@id\":\"https:\/\/peoplesphere.be\/fr\/#\/schema\/person\/7976225ff17988604334abb7b3536a7e\",\"name\":\"Jean-Paul Erhard\",\"image\":{\"@type\":\"ImageObject\",\"inLanguage\":\"fr-FR\",\"@id\":\"https:\/\/peoplesphere.be\/fr\/#\/schema\/person\/image\/\",\"url\":\"https:\/\/secure.gravatar.com\/avatar\/f941e681460179738071629a51574930?s=96&d=mm&r=g\",\"contentUrl\":\"https:\/\/secure.gravatar.com\/avatar\/f941e681460179738071629a51574930?s=96&d=mm&r=g\",\"caption\":\"Jean-Paul Erhard\"},\"url\":\"https:\/\/peoplesphere.be\/fr\/author\/jpe\/\"}]}<\/script>\n<!-- \/ Yoast SEO plugin. -->","yoast_head_json":{"title":"Le gouvernement bruxellois renforce le crit\u00e8re de lutte contre le dumping social dans ses march\u00e9s publics. - Peoplesphere","robots":{"index":"index","follow":"follow","max-snippet":"max-snippet:-1","max-image-preview":"max-image-preview:large","max-video-preview":"max-video-preview:-1"},"canonical":"https:\/\/peoplesphere.be\/fr\/gouvernement-bruxellois-renforce-critere-de-lutte-contre-dumping-social-marches-publics\/","og_locale":"fr_FR","og_type":"article","og_title":"Le gouvernement bruxellois renforce le crit\u00e8re de lutte contre le dumping social dans ses march\u00e9s publics. - Peoplesphere","og_description":"Donner l&rsquo;exemple. Pour r\u00e9duire les risques de fraude sociale dans le cadre des march\u00e9s publics, le gouvernement bruxellois a adopt\u00e9 plusieurs mesures\u00a0visant \u00e0 installer non seulement une nouvelle l\u00e9gislation en mati\u00e8re de clauses sociales mais aussi une meilleure ma\u00eetrise des [&hellip;]","og_url":"https:\/\/peoplesphere.be\/fr\/gouvernement-bruxellois-renforce-critere-de-lutte-contre-dumping-social-marches-publics\/","og_site_name":"Peoplesphere","article_publisher":"https:\/\/www.facebook.com\/peoplesphere","article_published_time":"2017-03-10T15:48:43+00:00","og_image":[{"url":"http:\/\/www.peoplesphere.be\/fr\/wp-content\/uploads\/2016\/07\/facebook-default-posting-1200x628px.jpg"}],"author":"Jean-Paul Erhard","twitter_card":"summary_large_image","twitter_creator":"@PeoplesphereMag","twitter_site":"@PeoplesphereMag","twitter_misc":{"\u00c9crit par":"Jean-Paul Erhard","Dur\u00e9e de lecture estim\u00e9e":"2 minutes"},"schema":{"@context":"https:\/\/schema.org","@graph":[{"@type":"Article","@id":"https:\/\/peoplesphere.be\/fr\/gouvernement-bruxellois-renforce-critere-de-lutte-contre-dumping-social-marches-publics\/#article","isPartOf":{"@id":"https:\/\/peoplesphere.be\/fr\/gouvernement-bruxellois-renforce-critere-de-lutte-contre-dumping-social-marches-publics\/"},"author":{"name":"Jean-Paul Erhard","@id":"https:\/\/peoplesphere.be\/fr\/#\/schema\/person\/7976225ff17988604334abb7b3536a7e"},"headline":"Le gouvernement bruxellois renforce le crit\u00e8re de lutte contre le dumping social dans ses march\u00e9s publics.","datePublished":"2017-03-10T15:48:43+00:00","dateModified":"2017-03-10T15:48:43+00:00","mainEntityOfPage":{"@id":"https:\/\/peoplesphere.be\/fr\/gouvernement-bruxellois-renforce-critere-de-lutte-contre-dumping-social-marches-publics\/"},"wordCount":334,"publisher":{"@id":"https:\/\/peoplesphere.be\/fr\/#organization"},"keywords":["dumping social","fraude sociale","march\u00e9s publics","r\u00e9gion bruxelles capitale","r\u00e9glementation"],"articleSection":["Actualit\u00e9s","Digital"],"inLanguage":"fr-FR"},{"@type":"WebPage","@id":"https:\/\/peoplesphere.be\/fr\/gouvernement-bruxellois-renforce-critere-de-lutte-contre-dumping-social-marches-publics\/","url":"https:\/\/peoplesphere.be\/fr\/gouvernement-bruxellois-renforce-critere-de-lutte-contre-dumping-social-marches-publics\/","name":"Le gouvernement bruxellois renforce le crit\u00e8re de lutte contre le dumping social dans ses march\u00e9s publics. - Peoplesphere","isPartOf":{"@id":"https:\/\/peoplesphere.be\/fr\/#website"},"datePublished":"2017-03-10T15:48:43+00:00","dateModified":"2017-03-10T15:48:43+00:00","breadcrumb":{"@id":"https:\/\/peoplesphere.be\/fr\/gouvernement-bruxellois-renforce-critere-de-lutte-contre-dumping-social-marches-publics\/#breadcrumb"},"inLanguage":"fr-FR","potentialAction":[{"@type":"ReadAction","target":["https:\/\/peoplesphere.be\/fr\/gouvernement-bruxellois-renforce-critere-de-lutte-contre-dumping-social-marches-publics\/"]}]},{"@type":"BreadcrumbList","@id":"https:\/\/peoplesphere.be\/fr\/gouvernement-bruxellois-renforce-critere-de-lutte-contre-dumping-social-marches-publics\/#breadcrumb","itemListElement":[{"@type":"ListItem","position":1,"name":"Accueil","item":"https:\/\/peoplesphere.be\/fr\/"},{"@type":"ListItem","position":2,"name":"Le gouvernement bruxellois renforce le crit\u00e8re de lutte contre le dumping social dans ses march\u00e9s publics."}]},{"@type":"WebSite","@id":"https:\/\/peoplesphere.be\/fr\/#website","url":"https:\/\/peoplesphere.be\/fr\/","name":"Peoplesphere","description":"The People Managers Magazine","publisher":{"@id":"https:\/\/peoplesphere.be\/fr\/#organization"},"potentialAction":[{"@type":"SearchAction","target":{"@type":"EntryPoint","urlTemplate":"https:\/\/peoplesphere.be\/fr\/?s={search_term_string}"},"query-input":"required name=search_term_string"}],"inLanguage":"fr-FR"},{"@type":"Organization","@id":"https:\/\/peoplesphere.be\/fr\/#organization","name":"Peoplesphere Company srl","url":"https:\/\/peoplesphere.be\/fr\/","logo":{"@type":"ImageObject","inLanguage":"fr-FR","@id":"https:\/\/peoplesphere.be\/fr\/#\/schema\/logo\/image\/","url":"https:\/\/peoplesphere.be\/fr\/wp-content\/uploads\/2023\/07\/peoplesphere-lgo-new-generik.jpg","contentUrl":"https:\/\/peoplesphere.be\/fr\/wp-content\/uploads\/2023\/07\/peoplesphere-lgo-new-generik.jpg","width":1031,"height":1479,"caption":"Peoplesphere Company srl"},"image":{"@id":"https:\/\/peoplesphere.be\/fr\/#\/schema\/logo\/image\/"},"sameAs":["https:\/\/www.facebook.com\/peoplesphere","https:\/\/twitter.com\/PeoplesphereMag","https:\/\/www.linkedin.com\/company\/7587361?trk","http:\/\/youtube.com\/peoplesphere"]},{"@type":"Person","@id":"https:\/\/peoplesphere.be\/fr\/#\/schema\/person\/7976225ff17988604334abb7b3536a7e","name":"Jean-Paul Erhard","image":{"@type":"ImageObject","inLanguage":"fr-FR","@id":"https:\/\/peoplesphere.be\/fr\/#\/schema\/person\/image\/","url":"https:\/\/secure.gravatar.com\/avatar\/f941e681460179738071629a51574930?s=96&d=mm&r=g","contentUrl":"https:\/\/secure.gravatar.com\/avatar\/f941e681460179738071629a51574930?s=96&d=mm&r=g","caption":"Jean-Paul Erhard"},"url":"https:\/\/peoplesphere.be\/fr\/author\/jpe\/"}]}},"_links":{"self":[{"href":"https:\/\/peoplesphere.be\/fr\/wp-json\/wp\/v2\/posts\/4110"}],"collection":[{"href":"https:\/\/peoplesphere.be\/fr\/wp-json\/wp\/v2\/posts"}],"about":[{"href":"https:\/\/peoplesphere.be\/fr\/wp-json\/wp\/v2\/types\/post"}],"author":[{"embeddable":true,"href":"https:\/\/peoplesphere.be\/fr\/wp-json\/wp\/v2\/users\/2"}],"replies":[{"embeddable":true,"href":"https:\/\/peoplesphere.be\/fr\/wp-json\/wp\/v2\/comments?post=4110"}],"version-history":[{"count":1,"href":"https:\/\/peoplesphere.be\/fr\/wp-json\/wp\/v2\/posts\/4110\/revisions"}],"predecessor-version":[{"id":4111,"href":"https:\/\/peoplesphere.be\/fr\/wp-json\/wp\/v2\/posts\/4110\/revisions\/4111"}],"wp:attachment":[{"href":"https:\/\/peoplesphere.be\/fr\/wp-json\/wp\/v2\/media?parent=4110"}],"wp:term":[{"taxonomy":"category","embeddable":true,"href":"https:\/\/peoplesphere.be\/fr\/wp-json\/wp\/v2\/categories?post=4110"},{"taxonomy":"post_tag","embeddable":true,"href":"https:\/\/peoplesphere.be\/fr\/wp-json\/wp\/v2\/tags?post=4110"}],"curies":[{"name":"wp","href":"https:\/\/api.w.org\/{rel}","templated":true}]}}