









{"id":4139,"date":"2017-03-16T06:16:49","date_gmt":"2017-03-16T04:16:49","guid":{"rendered":"http:\/\/www.peoplesphere.be\/fr\/?p=4139"},"modified":"2017-03-16T06:20:09","modified_gmt":"2017-03-16T04:20:09","slug":"travail-robots-taxe-travail-humain-nest-demain","status":"publish","type":"post","link":"https:\/\/peoplesphere.be\/fr\/travail-robots-taxe-travail-humain-nest-demain\/","title":{"rendered":"Le travail des robots tax\u00e9 comme le travail humain? Ce n\u2019est pas pour demain\u2026"},"content":{"rendered":"<p>Qu\u2019ont en commun Bill Gates, l\u2019embl\u00e9matique fondateur de Microsoft, et Beno\u00eet Hamon, candidat socialiste \u00e0 l\u2019\u00e9lection pr\u00e9sidentielle fran\u00e7aise auteur d\u2019un virage radical vers la gauche de l\u2019\u00e9chiquier politique? Tous deux soutiennent la th\u00e8se qui consiste \u00e0 taxer le travail robotis\u00e9 de la m\u00eame mani\u00e8re que le travail humain. Bonne ou mauvaise id\u00e9e\u00a0?<!--more--><\/p>\n<p>Bill Gates, taill\u00e9 en pi\u00e8ces depuis lors par la plupart des m\u00e9dia business am\u00e9ricains \u00e0 quelques rares exceptions pr\u00e8s (voir encadr\u00e9), expliquait au site Quartz pourquoi il \u00e9tait favorable \u00e0 l\u2019id\u00e9e d\u2019une taxation des robots\u00a0: <em>\u2018\u2019Si un travailleur humain produit, disons, une richesse de 50 000\u00a0dollars dans une usine, ce revenu est tax\u00e9, expose-t-il. Si une machine vient et fait la m\u00eame chose, on pourrait penser que l\u2019on impose le robot \u00e0 un niveau similaire.\u2019\u2019<\/em><\/p>\n<p>Sommes-nous en train d\u2019assister \u00e0 une r\u00e9volution copernicienne? La prudence s\u2019impose\u2026 Car, sans faire de proc\u00e8s d\u2019intention \u00e0 qui que ce soit, il est possible que, du c\u00f4t\u00e9 patronal, derri\u00e8re cette argumentation se trouve une invitation \u00e9l\u00e9gante \u00e0 revoir la taxation sur le travail \u2018classique\u2019 tout simplement. Celle-ci reste intol\u00e9rablement \u00e9lev\u00e9e aux yeux de la majorit\u00e9 des dirigeants d\u2019entreprise et le fait de sugg\u00e9rer qu\u2019elle soit appliqu\u00e9e aux robots pourrait n\u2019\u00eatre qu\u2019une d\u00e9monstration par l\u2019absurde.<\/p>\n<p>Entre-temps, l\u2019id\u00e9e va faire son chemin. Le quotidien fran\u00e7ais Lib\u00e9ration s\u2019amuse du rapprochement de pens\u00e9e soudain entre un politicien socialiste et les patrons de la Sillicon Valley\u00a0: <em>\u00ab\u00a0Que n\u2019a-t-on entendu depuis que Beno\u00eet Hamon, le\u00a0candidat de la rar\u00e9faction du travail, a inscrit l\u2019id\u00e9e d\u2019une taxe sur les robots dans son programme ! Une taxe anti-comp\u00e9titivit\u00e9, ont d\u00e9plor\u00e9 les uns en pointant le retard d\u00e9j\u00e0 pris par la\u00a0France en mati\u00e8re de robots industriels par rapport \u00e0 l\u2019Allemagne et m\u00eame l\u2019Italie. Elle va d\u00e9courager l\u2019innovation, se sont alarm\u00e9s les autres, en pr\u00e9sentant l\u2019ex-frondeur devenu majoritaire comme un malthusien d\u00e9croissant \u00e0 vous d\u00e9sesp\u00e9rer ce qui reste d\u2019industrie fran\u00e7aise.<\/em><br \/>\n<em> Le philanthrope et milliardaire am\u00e9ricain Bill Gates, qui\u00a0a\u00a0davantage potass\u00e9 ces questions que nos hommes politiques, a d\u00fb les cueillir \u00e0 froid. Il tient un raisonnement identique \u00e0 celui du vainqueur de la primaire \u00e0 gauche, selon lequel si un robot remplace un humain, il n\u2019est pas illogique qu\u2019il paie \u00e0\u00a0sa place des cotisations sociales, sans lesquelles l\u2019Etat-providence ne serait plus qu\u2019un doux souvenir\u2026 Apr\u00e8s Elon Musk, le fondateur des voitures \u00e9lectriques Tesla qui milite pour un revenu universel, et Bill Gates, favorable \u00e0 une taxe robot, on finirait presque par se demander si Hamon n\u2019est pas le candidat cach\u00e9 de la Silicon Valley.\u00a0\u00bb<\/em><\/p>\n<p>Les diagnostics de Messieurs Hamon et Gates ne convergent pas totalement. L\u00e0 o\u00f9 le politicien socialiste fran\u00e7ais constate la disparition du travail et cherche une voie de financement de prestations sociales qui ne cessent d\u2019augmenter, le philanthrope am\u00e9ricain estime que la robotisation va lib\u00e9rer la main-d\u2019\u0153uvre de leur labeur dans les usines et entrep\u00f4ts pour <em>\u00abpouvoir faire un meilleur travail aupr\u00e8s des personnes \u00e2g\u00e9es, avoir des classes d\u2019\u00e9l\u00e8ves moins nombreuses, aider les enfants qui ont des\u00a0besoins particuliers\u00bb<\/em>. Dans la mesure o\u00f9 ces emplois au service de l\u2019humain restent peu cr\u00e9ateurs de valeur au sens purement \u00e9conomique et financier, le transfert de richesses high-tech est n\u00e9cessaire pour la viabilit\u00e9 de ces nouveaux emplois.<\/p>\n<p><em><strong>Le Parlement europ\u00e9en dit non\u00a0!<\/strong><\/em><\/p>\n<p>Les propositions sont sur la table. Le premier parlement \u00e0 se saisir de la question de la \u2018taxe robot\u2019 a \u00e9t\u00e9 le parlement europ\u00e9en. En effet, un cadre l\u00e9gal en mati\u00e8re de robotique y a \u00e9t\u00e9 vot\u00e9 en ce mois de f\u00e9vrier, via l\u2019adoption d\u2019un rapport port\u00e9 par l&rsquo;eurod\u00e9put\u00e9e luxembourgeoise Mady Delvaux sur les robots. Dans ce rapport, qui se penche \u00e9galement sur des questions d&rsquo;\u00e9thique et de responsabilit\u00e9 de ces machines, un point a \u00e9t\u00e9 rejet\u00e9 par les d\u00e9put\u00e9s europ\u00e9ens. Lequel\u00a0? Celui qui propose l&rsquo;instauration d&rsquo;une \u2018\u2019taxe robot\u2019\u2019 destin\u00e9e \u00e0 financer un revenu universel en compensation de la perte de travail cons\u00e9cutive \u00e0 l&rsquo;utilisation des robots dans l&rsquo;\u00e9conomie.<br \/>\n<em>\u00ab\u00a0Le rapport fait consensus sur la plupart des points, sauf sur la taxation et le revenu universel\u00bb a indiqu\u00e9 Mady Delvaux. La mise en place h\u00e2tive d&rsquo;une taxe robots pourrait selon elle \u00abnuire \u00e0 l&rsquo;industrie\u00bb<\/em>&#8230;<\/p>\n<p>&nbsp;<\/p>\n<p>Pour lire la version int\u00e9grale de cet article paru dans l&rsquo;\u00e9dition n\u00b0210 de Peoplesphere,\u00a0vous pouvez\u00a0commander votre \u00e9dition via email \u00e0 l&rsquo;adresse <a href=\"mailto:info@peoplesphere.be\">info@peoplesphere.be<\/a>\u00a0ou plus simplement encore, rejoignez la communaut\u00e9 des lecteurs r\u00e9guliers en souscrivant votre\u00a0abonnement annuel\u00a0(10 \u00e9ditions)\u00a0:\u00a0<em><a href=\"http:\/\/www.peoplesphere.be\/fr\/abo\/\">http:\/\/www.peoplesphere.be\/fr\/abo\/<\/a><\/em><\/p>\n<p>&nbsp;<\/p>\n","protected":false},"excerpt":{"rendered":"<p>Qu\u2019ont en commun Bill Gates, l\u2019embl\u00e9matique fondateur de Microsoft, et Beno\u00eet Hamon, candidat socialiste \u00e0 l\u2019\u00e9lection pr\u00e9sidentielle fran\u00e7aise auteur d\u2019un virage radical vers la gauche de l\u2019\u00e9chiquier politique? Tous deux soutiennent la th\u00e8se qui consiste \u00e0 taxer le travail robotis\u00e9 [&hellip;]<\/p>\n","protected":false},"author":2,"featured_media":0,"comment_status":"closed","ping_status":"open","sticky":false,"template":"","format":"standard","meta":[],"categories":[62,2],"tags":[1223,1222,782,55,1225,202,853,1052,1224],"yoast_head":"<!-- This site is optimized with the Yoast SEO plugin v21.0 - https:\/\/yoast.com\/wordpress\/plugins\/seo\/ -->\n<title>Le travail des robots tax\u00e9 comme le travail humain? Ce n\u2019est pas pour demain\u2026 - Peoplesphere<\/title>\n<meta name=\"robots\" content=\"index, follow, max-snippet:-1, max-image-preview:large, max-video-preview:-1\" \/>\n<link rel=\"canonical\" href=\"https:\/\/peoplesphere.be\/fr\/travail-robots-taxe-travail-humain-nest-demain\/\" \/>\n<meta property=\"og:locale\" content=\"fr_FR\" \/>\n<meta property=\"og:type\" content=\"article\" \/>\n<meta property=\"og:title\" content=\"Le travail des robots tax\u00e9 comme le travail humain? Ce n\u2019est pas pour demain\u2026 - Peoplesphere\" \/>\n<meta property=\"og:description\" content=\"Qu\u2019ont en commun Bill Gates, l\u2019embl\u00e9matique fondateur de Microsoft, et Beno\u00eet Hamon, candidat socialiste \u00e0 l\u2019\u00e9lection pr\u00e9sidentielle fran\u00e7aise auteur d\u2019un virage radical vers la gauche de l\u2019\u00e9chiquier politique? Tous deux soutiennent la th\u00e8se qui consiste \u00e0 taxer le travail robotis\u00e9 [&hellip;]\" \/>\n<meta property=\"og:url\" content=\"https:\/\/peoplesphere.be\/fr\/travail-robots-taxe-travail-humain-nest-demain\/\" \/>\n<meta property=\"og:site_name\" content=\"Peoplesphere\" \/>\n<meta property=\"article:publisher\" content=\"https:\/\/www.facebook.com\/peoplesphere\" \/>\n<meta property=\"article:published_time\" content=\"2017-03-16T04:16:49+00:00\" \/>\n<meta property=\"article:modified_time\" content=\"2017-03-16T04:20:09+00:00\" \/>\n<meta property=\"og:image\" content=\"http:\/\/www.peoplesphere.be\/fr\/wp-content\/uploads\/2016\/07\/facebook-default-posting-1200x628px.jpg\" \/>\n<meta name=\"author\" content=\"Jean-Paul Erhard\" \/>\n<meta name=\"twitter:card\" content=\"summary_large_image\" \/>\n<meta name=\"twitter:creator\" content=\"@PeoplesphereMag\" \/>\n<meta name=\"twitter:site\" content=\"@PeoplesphereMag\" \/>\n<meta name=\"twitter:label1\" content=\"\u00c9crit par\" \/>\n\t<meta name=\"twitter:data1\" content=\"Jean-Paul Erhard\" \/>\n\t<meta name=\"twitter:label2\" content=\"Dur\u00e9e de lecture estim\u00e9e\" \/>\n\t<meta name=\"twitter:data2\" content=\"4 minutes\" \/>\n<script type=\"application\/ld+json\" class=\"yoast-schema-graph\">{\"@context\":\"https:\/\/schema.org\",\"@graph\":[{\"@type\":\"Article\",\"@id\":\"https:\/\/peoplesphere.be\/fr\/travail-robots-taxe-travail-humain-nest-demain\/#article\",\"isPartOf\":{\"@id\":\"https:\/\/peoplesphere.be\/fr\/travail-robots-taxe-travail-humain-nest-demain\/\"},\"author\":{\"name\":\"Jean-Paul Erhard\",\"@id\":\"https:\/\/peoplesphere.be\/fr\/#\/schema\/person\/7976225ff17988604334abb7b3536a7e\"},\"headline\":\"Le travail des robots tax\u00e9 comme le travail humain? Ce n\u2019est pas pour demain\u2026\",\"datePublished\":\"2017-03-16T04:16:49+00:00\",\"dateModified\":\"2017-03-16T04:20:09+00:00\",\"mainEntityOfPage\":{\"@id\":\"https:\/\/peoplesphere.be\/fr\/travail-robots-taxe-travail-humain-nest-demain\/\"},\"wordCount\":829,\"publisher\":{\"@id\":\"https:\/\/peoplesphere.be\/fr\/#organization\"},\"keywords\":[\"beno\u00eet hamon\",\"bill gates\",\"cotisations sociales\",\"co\u00fbt du travail\",\"mady delvaux\",\"robotisation\",\"taxation\",\"transformation num\u00e9rique\",\"yanis varoufakis\"],\"articleSection\":[\"Articles\",\"Magazine\"],\"inLanguage\":\"fr-FR\"},{\"@type\":\"WebPage\",\"@id\":\"https:\/\/peoplesphere.be\/fr\/travail-robots-taxe-travail-humain-nest-demain\/\",\"url\":\"https:\/\/peoplesphere.be\/fr\/travail-robots-taxe-travail-humain-nest-demain\/\",\"name\":\"Le travail des robots tax\u00e9 comme le travail humain? Ce n\u2019est pas pour demain\u2026 - Peoplesphere\",\"isPartOf\":{\"@id\":\"https:\/\/peoplesphere.be\/fr\/#website\"},\"datePublished\":\"2017-03-16T04:16:49+00:00\",\"dateModified\":\"2017-03-16T04:20:09+00:00\",\"breadcrumb\":{\"@id\":\"https:\/\/peoplesphere.be\/fr\/travail-robots-taxe-travail-humain-nest-demain\/#breadcrumb\"},\"inLanguage\":\"fr-FR\",\"potentialAction\":[{\"@type\":\"ReadAction\",\"target\":[\"https:\/\/peoplesphere.be\/fr\/travail-robots-taxe-travail-humain-nest-demain\/\"]}]},{\"@type\":\"BreadcrumbList\",\"@id\":\"https:\/\/peoplesphere.be\/fr\/travail-robots-taxe-travail-humain-nest-demain\/#breadcrumb\",\"itemListElement\":[{\"@type\":\"ListItem\",\"position\":1,\"name\":\"Accueil\",\"item\":\"https:\/\/peoplesphere.be\/fr\/\"},{\"@type\":\"ListItem\",\"position\":2,\"name\":\"Le travail des robots tax\u00e9 comme le travail humain? Ce n\u2019est pas pour demain\u2026\"}]},{\"@type\":\"WebSite\",\"@id\":\"https:\/\/peoplesphere.be\/fr\/#website\",\"url\":\"https:\/\/peoplesphere.be\/fr\/\",\"name\":\"Peoplesphere\",\"description\":\"The People Managers Magazine\",\"publisher\":{\"@id\":\"https:\/\/peoplesphere.be\/fr\/#organization\"},\"potentialAction\":[{\"@type\":\"SearchAction\",\"target\":{\"@type\":\"EntryPoint\",\"urlTemplate\":\"https:\/\/peoplesphere.be\/fr\/?s={search_term_string}\"},\"query-input\":\"required name=search_term_string\"}],\"inLanguage\":\"fr-FR\"},{\"@type\":\"Organization\",\"@id\":\"https:\/\/peoplesphere.be\/fr\/#organization\",\"name\":\"Peoplesphere Company srl\",\"url\":\"https:\/\/peoplesphere.be\/fr\/\",\"logo\":{\"@type\":\"ImageObject\",\"inLanguage\":\"fr-FR\",\"@id\":\"https:\/\/peoplesphere.be\/fr\/#\/schema\/logo\/image\/\",\"url\":\"https:\/\/peoplesphere.be\/fr\/wp-content\/uploads\/2023\/07\/peoplesphere-lgo-new-generik.jpg\",\"contentUrl\":\"https:\/\/peoplesphere.be\/fr\/wp-content\/uploads\/2023\/07\/peoplesphere-lgo-new-generik.jpg\",\"width\":1031,\"height\":1479,\"caption\":\"Peoplesphere Company srl\"},\"image\":{\"@id\":\"https:\/\/peoplesphere.be\/fr\/#\/schema\/logo\/image\/\"},\"sameAs\":[\"https:\/\/www.facebook.com\/peoplesphere\",\"https:\/\/twitter.com\/PeoplesphereMag\",\"https:\/\/www.linkedin.com\/company\/7587361?trk\",\"http:\/\/youtube.com\/peoplesphere\"]},{\"@type\":\"Person\",\"@id\":\"https:\/\/peoplesphere.be\/fr\/#\/schema\/person\/7976225ff17988604334abb7b3536a7e\",\"name\":\"Jean-Paul Erhard\",\"image\":{\"@type\":\"ImageObject\",\"inLanguage\":\"fr-FR\",\"@id\":\"https:\/\/peoplesphere.be\/fr\/#\/schema\/person\/image\/\",\"url\":\"https:\/\/secure.gravatar.com\/avatar\/f941e681460179738071629a51574930?s=96&d=mm&r=g\",\"contentUrl\":\"https:\/\/secure.gravatar.com\/avatar\/f941e681460179738071629a51574930?s=96&d=mm&r=g\",\"caption\":\"Jean-Paul Erhard\"},\"url\":\"https:\/\/peoplesphere.be\/fr\/author\/jpe\/\"}]}<\/script>\n<!-- \/ Yoast SEO plugin. -->","yoast_head_json":{"title":"Le travail des robots tax\u00e9 comme le travail humain? Ce n\u2019est pas pour demain\u2026 - Peoplesphere","robots":{"index":"index","follow":"follow","max-snippet":"max-snippet:-1","max-image-preview":"max-image-preview:large","max-video-preview":"max-video-preview:-1"},"canonical":"https:\/\/peoplesphere.be\/fr\/travail-robots-taxe-travail-humain-nest-demain\/","og_locale":"fr_FR","og_type":"article","og_title":"Le travail des robots tax\u00e9 comme le travail humain? Ce n\u2019est pas pour demain\u2026 - Peoplesphere","og_description":"Qu\u2019ont en commun Bill Gates, l\u2019embl\u00e9matique fondateur de Microsoft, et Beno\u00eet Hamon, candidat socialiste \u00e0 l\u2019\u00e9lection pr\u00e9sidentielle fran\u00e7aise auteur d\u2019un virage radical vers la gauche de l\u2019\u00e9chiquier politique? Tous deux soutiennent la th\u00e8se qui consiste \u00e0 taxer le travail robotis\u00e9 [&hellip;]","og_url":"https:\/\/peoplesphere.be\/fr\/travail-robots-taxe-travail-humain-nest-demain\/","og_site_name":"Peoplesphere","article_publisher":"https:\/\/www.facebook.com\/peoplesphere","article_published_time":"2017-03-16T04:16:49+00:00","article_modified_time":"2017-03-16T04:20:09+00:00","og_image":[{"url":"http:\/\/www.peoplesphere.be\/fr\/wp-content\/uploads\/2016\/07\/facebook-default-posting-1200x628px.jpg"}],"author":"Jean-Paul Erhard","twitter_card":"summary_large_image","twitter_creator":"@PeoplesphereMag","twitter_site":"@PeoplesphereMag","twitter_misc":{"\u00c9crit par":"Jean-Paul Erhard","Dur\u00e9e de lecture estim\u00e9e":"4 minutes"},"schema":{"@context":"https:\/\/schema.org","@graph":[{"@type":"Article","@id":"https:\/\/peoplesphere.be\/fr\/travail-robots-taxe-travail-humain-nest-demain\/#article","isPartOf":{"@id":"https:\/\/peoplesphere.be\/fr\/travail-robots-taxe-travail-humain-nest-demain\/"},"author":{"name":"Jean-Paul Erhard","@id":"https:\/\/peoplesphere.be\/fr\/#\/schema\/person\/7976225ff17988604334abb7b3536a7e"},"headline":"Le travail des robots tax\u00e9 comme le travail humain? Ce n\u2019est pas pour demain\u2026","datePublished":"2017-03-16T04:16:49+00:00","dateModified":"2017-03-16T04:20:09+00:00","mainEntityOfPage":{"@id":"https:\/\/peoplesphere.be\/fr\/travail-robots-taxe-travail-humain-nest-demain\/"},"wordCount":829,"publisher":{"@id":"https:\/\/peoplesphere.be\/fr\/#organization"},"keywords":["beno\u00eet hamon","bill gates","cotisations sociales","co\u00fbt du travail","mady delvaux","robotisation","taxation","transformation num\u00e9rique","yanis varoufakis"],"articleSection":["Articles","Magazine"],"inLanguage":"fr-FR"},{"@type":"WebPage","@id":"https:\/\/peoplesphere.be\/fr\/travail-robots-taxe-travail-humain-nest-demain\/","url":"https:\/\/peoplesphere.be\/fr\/travail-robots-taxe-travail-humain-nest-demain\/","name":"Le travail des robots tax\u00e9 comme le travail humain? Ce n\u2019est pas pour demain\u2026 - Peoplesphere","isPartOf":{"@id":"https:\/\/peoplesphere.be\/fr\/#website"},"datePublished":"2017-03-16T04:16:49+00:00","dateModified":"2017-03-16T04:20:09+00:00","breadcrumb":{"@id":"https:\/\/peoplesphere.be\/fr\/travail-robots-taxe-travail-humain-nest-demain\/#breadcrumb"},"inLanguage":"fr-FR","potentialAction":[{"@type":"ReadAction","target":["https:\/\/peoplesphere.be\/fr\/travail-robots-taxe-travail-humain-nest-demain\/"]}]},{"@type":"BreadcrumbList","@id":"https:\/\/peoplesphere.be\/fr\/travail-robots-taxe-travail-humain-nest-demain\/#breadcrumb","itemListElement":[{"@type":"ListItem","position":1,"name":"Accueil","item":"https:\/\/peoplesphere.be\/fr\/"},{"@type":"ListItem","position":2,"name":"Le travail des robots tax\u00e9 comme le travail humain? Ce n\u2019est pas pour demain\u2026"}]},{"@type":"WebSite","@id":"https:\/\/peoplesphere.be\/fr\/#website","url":"https:\/\/peoplesphere.be\/fr\/","name":"Peoplesphere","description":"The People Managers Magazine","publisher":{"@id":"https:\/\/peoplesphere.be\/fr\/#organization"},"potentialAction":[{"@type":"SearchAction","target":{"@type":"EntryPoint","urlTemplate":"https:\/\/peoplesphere.be\/fr\/?s={search_term_string}"},"query-input":"required name=search_term_string"}],"inLanguage":"fr-FR"},{"@type":"Organization","@id":"https:\/\/peoplesphere.be\/fr\/#organization","name":"Peoplesphere Company srl","url":"https:\/\/peoplesphere.be\/fr\/","logo":{"@type":"ImageObject","inLanguage":"fr-FR","@id":"https:\/\/peoplesphere.be\/fr\/#\/schema\/logo\/image\/","url":"https:\/\/peoplesphere.be\/fr\/wp-content\/uploads\/2023\/07\/peoplesphere-lgo-new-generik.jpg","contentUrl":"https:\/\/peoplesphere.be\/fr\/wp-content\/uploads\/2023\/07\/peoplesphere-lgo-new-generik.jpg","width":1031,"height":1479,"caption":"Peoplesphere Company srl"},"image":{"@id":"https:\/\/peoplesphere.be\/fr\/#\/schema\/logo\/image\/"},"sameAs":["https:\/\/www.facebook.com\/peoplesphere","https:\/\/twitter.com\/PeoplesphereMag","https:\/\/www.linkedin.com\/company\/7587361?trk","http:\/\/youtube.com\/peoplesphere"]},{"@type":"Person","@id":"https:\/\/peoplesphere.be\/fr\/#\/schema\/person\/7976225ff17988604334abb7b3536a7e","name":"Jean-Paul Erhard","image":{"@type":"ImageObject","inLanguage":"fr-FR","@id":"https:\/\/peoplesphere.be\/fr\/#\/schema\/person\/image\/","url":"https:\/\/secure.gravatar.com\/avatar\/f941e681460179738071629a51574930?s=96&d=mm&r=g","contentUrl":"https:\/\/secure.gravatar.com\/avatar\/f941e681460179738071629a51574930?s=96&d=mm&r=g","caption":"Jean-Paul Erhard"},"url":"https:\/\/peoplesphere.be\/fr\/author\/jpe\/"}]}},"_links":{"self":[{"href":"https:\/\/peoplesphere.be\/fr\/wp-json\/wp\/v2\/posts\/4139"}],"collection":[{"href":"https:\/\/peoplesphere.be\/fr\/wp-json\/wp\/v2\/posts"}],"about":[{"href":"https:\/\/peoplesphere.be\/fr\/wp-json\/wp\/v2\/types\/post"}],"author":[{"embeddable":true,"href":"https:\/\/peoplesphere.be\/fr\/wp-json\/wp\/v2\/users\/2"}],"replies":[{"embeddable":true,"href":"https:\/\/peoplesphere.be\/fr\/wp-json\/wp\/v2\/comments?post=4139"}],"version-history":[{"count":2,"href":"https:\/\/peoplesphere.be\/fr\/wp-json\/wp\/v2\/posts\/4139\/revisions"}],"predecessor-version":[{"id":4142,"href":"https:\/\/peoplesphere.be\/fr\/wp-json\/wp\/v2\/posts\/4139\/revisions\/4142"}],"wp:attachment":[{"href":"https:\/\/peoplesphere.be\/fr\/wp-json\/wp\/v2\/media?parent=4139"}],"wp:term":[{"taxonomy":"category","embeddable":true,"href":"https:\/\/peoplesphere.be\/fr\/wp-json\/wp\/v2\/categories?post=4139"},{"taxonomy":"post_tag","embeddable":true,"href":"https:\/\/peoplesphere.be\/fr\/wp-json\/wp\/v2\/tags?post=4139"}],"curies":[{"name":"wp","href":"https:\/\/api.w.org\/{rel}","templated":true}]}}