









{"id":4148,"date":"2017-03-20T13:04:43","date_gmt":"2017-03-20T11:04:43","guid":{"rendered":"http:\/\/www.peoplesphere.be\/fr\/?p=4148"},"modified":"2017-03-20T13:04:43","modified_gmt":"2017-03-20T11:04:43","slug":"lexclusion-allocations-dinsertion-concerne-majoritairement-femmes","status":"publish","type":"post","link":"https:\/\/peoplesphere.be\/fr\/lexclusion-allocations-dinsertion-concerne-majoritairement-femmes\/","title":{"rendered":"L&rsquo;exclusion des allocations d&rsquo;insertion concerne majoritairement les femmes."},"content":{"rendered":"<p>La publication du rapport annuel de l&rsquo;ONEM suscite quelques r\u00e9actions. Parmi celles-ci, la CSC wallonne veut mettre en \u00e9vidence la fragilit\u00e9 des personnes excluses des allocations d&rsquo;insertion, en majorit\u00e9 des femmes et des jeunes d\u00e9pourvus de dipl\u00f4me du secondaire.<!--more--><br \/>\nLa r\u00e9action de la CSC est formul\u00e9e comme suit : <em>\u00ab\u00a0Ce rapport contient de nombreux chiffres qui interpellent: le nombre total de ch\u00f4meurs a baiss\u00e9 de 6,7% soit 38.521 ch\u00f4meurs en moins qu\u2019en 2015. Le taux d\u2019emploi n\u2019augmente que de 0,1% pour se situer \u00e0 61,9% bien loin de l\u2019objectif de 73,2% fix\u00e9 par l\u2019Union europ\u00e9enne pour 2020. Le nombre de pr\u00e9pensionn\u00e9s passe sous la barre des 100.000.\u00a0\u00bb<\/em><\/p>\n<p>Un chiffre attire particuli\u00e8rement l\u2019attention de la CSC wallonne sans pour autant l\u2019\u00e9tonner: <em>\u00ab\u00a037.007 personnes ont \u00e9t\u00e9 exclues des allocations d\u2019insertion. Il s\u2019agit en majorit\u00e9 de personnes vivant en Wallonie (66% contre 19% en Flandre et 14% \u00e0 Bruxelles). Parmi ces personnes exclues des allocations d\u2019insertion, 58% sont des femmes.\u00a0Il faut ajouter \u00e0 cela les 10.000 jeunes interdits d&rsquo;allocation d&rsquo;insertion en 2016 parce que sortant des \u00e9tudes apr\u00e8s 24 ans ou n\u2019ayant pas de dipl\u00f4me du secondaire.\u00a0\u00bb<\/em><\/p>\n<p>Pour Marc Becker, secr\u00e9taire national de la CSC en charge des Affaires wallonnes: <em>\u00ab\u00a0Ce sont une fois de plus les personnes les plus fragiles de la soci\u00e9t\u00e9 qui subissent les mesures de r\u00e9gression sociale des diff\u00e9rents gouvernements. En fonction de leur situation familiale, certaines personnes exclues des allocations d\u2019insertion viendront grossir les rangs des b\u00e9n\u00e9ficiaires du revenu d\u2019int\u00e9gration octroy\u00e9 par les CPAS. D\u2019autres n\u2019auront tout juste droit \u00e0 rien. C\u2019est injuste. On ne peut combattre le probl\u00e8me du ch\u00f4mage en Wallonie en excluant arbitrairement une partie des allocataires, sans qu\u2019aucune autre alternative ne soit propos\u00e9e.\u00a0\u00bb<\/em><\/p>\n","protected":false},"excerpt":{"rendered":"<p>La publication du rapport annuel de l&rsquo;ONEM suscite quelques r\u00e9actions. Parmi celles-ci, la CSC wallonne veut mettre en \u00e9vidence la fragilit\u00e9 des personnes excluses des allocations d&rsquo;insertion, en majorit\u00e9 des femmes et des jeunes d\u00e9pourvus de dipl\u00f4me du secondaire.<\/p>\n","protected":false},"author":2,"featured_media":0,"comment_status":"closed","ping_status":"open","sticky":false,"template":"","format":"standard","meta":[],"categories":[65,10],"tags":[1157,92,1086,1230,397],"yoast_head":"<!-- This site is optimized with the Yoast SEO plugin v21.0 - https:\/\/yoast.com\/wordpress\/plugins\/seo\/ -->\n<title>L&#039;exclusion des allocations d&#039;insertion concerne majoritairement les femmes. - Peoplesphere<\/title>\n<meta name=\"robots\" content=\"index, follow, max-snippet:-1, max-image-preview:large, max-video-preview:-1\" \/>\n<link rel=\"canonical\" href=\"https:\/\/peoplesphere.be\/fr\/lexclusion-allocations-dinsertion-concerne-majoritairement-femmes\/\" \/>\n<meta property=\"og:locale\" content=\"fr_FR\" \/>\n<meta property=\"og:type\" content=\"article\" \/>\n<meta property=\"og:title\" content=\"L&#039;exclusion des allocations d&#039;insertion concerne majoritairement les femmes. - Peoplesphere\" \/>\n<meta property=\"og:description\" content=\"La publication du rapport annuel de l&rsquo;ONEM suscite quelques r\u00e9actions. Parmi celles-ci, la CSC wallonne veut mettre en \u00e9vidence la fragilit\u00e9 des personnes excluses des allocations d&rsquo;insertion, en majorit\u00e9 des femmes et des jeunes d\u00e9pourvus de dipl\u00f4me du secondaire.\" \/>\n<meta property=\"og:url\" content=\"https:\/\/peoplesphere.be\/fr\/lexclusion-allocations-dinsertion-concerne-majoritairement-femmes\/\" \/>\n<meta property=\"og:site_name\" content=\"Peoplesphere\" \/>\n<meta property=\"article:publisher\" content=\"https:\/\/www.facebook.com\/peoplesphere\" \/>\n<meta property=\"article:published_time\" content=\"2017-03-20T11:04:43+00:00\" \/>\n<meta property=\"og:image\" content=\"http:\/\/www.peoplesphere.be\/fr\/wp-content\/uploads\/2016\/07\/facebook-default-posting-1200x628px.jpg\" \/>\n<meta name=\"author\" content=\"Jean-Paul Erhard\" \/>\n<meta name=\"twitter:card\" content=\"summary_large_image\" \/>\n<meta name=\"twitter:creator\" content=\"@PeoplesphereMag\" \/>\n<meta name=\"twitter:site\" content=\"@PeoplesphereMag\" \/>\n<meta name=\"twitter:label1\" content=\"\u00c9crit par\" \/>\n\t<meta name=\"twitter:data1\" content=\"Jean-Paul Erhard\" \/>\n\t<meta name=\"twitter:label2\" content=\"Dur\u00e9e de lecture estim\u00e9e\" \/>\n\t<meta name=\"twitter:data2\" content=\"1 minute\" \/>\n<script type=\"application\/ld+json\" class=\"yoast-schema-graph\">{\"@context\":\"https:\/\/schema.org\",\"@graph\":[{\"@type\":\"Article\",\"@id\":\"https:\/\/peoplesphere.be\/fr\/lexclusion-allocations-dinsertion-concerne-majoritairement-femmes\/#article\",\"isPartOf\":{\"@id\":\"https:\/\/peoplesphere.be\/fr\/lexclusion-allocations-dinsertion-concerne-majoritairement-femmes\/\"},\"author\":{\"name\":\"Jean-Paul Erhard\",\"@id\":\"https:\/\/peoplesphere.be\/fr\/#\/schema\/person\/7976225ff17988604334abb7b3536a7e\"},\"headline\":\"L&rsquo;exclusion des allocations d&rsquo;insertion concerne majoritairement les femmes.\",\"datePublished\":\"2017-03-20T11:04:43+00:00\",\"dateModified\":\"2017-03-20T11:04:43+00:00\",\"mainEntityOfPage\":{\"@id\":\"https:\/\/peoplesphere.be\/fr\/lexclusion-allocations-dinsertion-concerne-majoritairement-femmes\/\"},\"wordCount\":307,\"publisher\":{\"@id\":\"https:\/\/peoplesphere.be\/fr\/#organization\"},\"keywords\":[\"allocations sociales\",\"ch\u00f4mage\",\"CPAS\",\"insertion sociale\",\"ONEM\"],\"articleSection\":[\"Actualit\u00e9s\",\"Digital\"],\"inLanguage\":\"fr-FR\"},{\"@type\":\"WebPage\",\"@id\":\"https:\/\/peoplesphere.be\/fr\/lexclusion-allocations-dinsertion-concerne-majoritairement-femmes\/\",\"url\":\"https:\/\/peoplesphere.be\/fr\/lexclusion-allocations-dinsertion-concerne-majoritairement-femmes\/\",\"name\":\"L'exclusion des allocations d'insertion concerne majoritairement les femmes. - Peoplesphere\",\"isPartOf\":{\"@id\":\"https:\/\/peoplesphere.be\/fr\/#website\"},\"datePublished\":\"2017-03-20T11:04:43+00:00\",\"dateModified\":\"2017-03-20T11:04:43+00:00\",\"breadcrumb\":{\"@id\":\"https:\/\/peoplesphere.be\/fr\/lexclusion-allocations-dinsertion-concerne-majoritairement-femmes\/#breadcrumb\"},\"inLanguage\":\"fr-FR\",\"potentialAction\":[{\"@type\":\"ReadAction\",\"target\":[\"https:\/\/peoplesphere.be\/fr\/lexclusion-allocations-dinsertion-concerne-majoritairement-femmes\/\"]}]},{\"@type\":\"BreadcrumbList\",\"@id\":\"https:\/\/peoplesphere.be\/fr\/lexclusion-allocations-dinsertion-concerne-majoritairement-femmes\/#breadcrumb\",\"itemListElement\":[{\"@type\":\"ListItem\",\"position\":1,\"name\":\"Accueil\",\"item\":\"https:\/\/peoplesphere.be\/fr\/\"},{\"@type\":\"ListItem\",\"position\":2,\"name\":\"L&rsquo;exclusion des allocations d&rsquo;insertion concerne majoritairement les femmes.\"}]},{\"@type\":\"WebSite\",\"@id\":\"https:\/\/peoplesphere.be\/fr\/#website\",\"url\":\"https:\/\/peoplesphere.be\/fr\/\",\"name\":\"Peoplesphere\",\"description\":\"The People Managers Magazine\",\"publisher\":{\"@id\":\"https:\/\/peoplesphere.be\/fr\/#organization\"},\"potentialAction\":[{\"@type\":\"SearchAction\",\"target\":{\"@type\":\"EntryPoint\",\"urlTemplate\":\"https:\/\/peoplesphere.be\/fr\/?s={search_term_string}\"},\"query-input\":\"required name=search_term_string\"}],\"inLanguage\":\"fr-FR\"},{\"@type\":\"Organization\",\"@id\":\"https:\/\/peoplesphere.be\/fr\/#organization\",\"name\":\"Peoplesphere Company srl\",\"url\":\"https:\/\/peoplesphere.be\/fr\/\",\"logo\":{\"@type\":\"ImageObject\",\"inLanguage\":\"fr-FR\",\"@id\":\"https:\/\/peoplesphere.be\/fr\/#\/schema\/logo\/image\/\",\"url\":\"https:\/\/peoplesphere.be\/fr\/wp-content\/uploads\/2023\/07\/peoplesphere-lgo-new-generik.jpg\",\"contentUrl\":\"https:\/\/peoplesphere.be\/fr\/wp-content\/uploads\/2023\/07\/peoplesphere-lgo-new-generik.jpg\",\"width\":1031,\"height\":1479,\"caption\":\"Peoplesphere Company srl\"},\"image\":{\"@id\":\"https:\/\/peoplesphere.be\/fr\/#\/schema\/logo\/image\/\"},\"sameAs\":[\"https:\/\/www.facebook.com\/peoplesphere\",\"https:\/\/twitter.com\/PeoplesphereMag\",\"https:\/\/www.linkedin.com\/company\/7587361?trk\",\"http:\/\/youtube.com\/peoplesphere\"]},{\"@type\":\"Person\",\"@id\":\"https:\/\/peoplesphere.be\/fr\/#\/schema\/person\/7976225ff17988604334abb7b3536a7e\",\"name\":\"Jean-Paul Erhard\",\"image\":{\"@type\":\"ImageObject\",\"inLanguage\":\"fr-FR\",\"@id\":\"https:\/\/peoplesphere.be\/fr\/#\/schema\/person\/image\/\",\"url\":\"https:\/\/secure.gravatar.com\/avatar\/f941e681460179738071629a51574930?s=96&d=mm&r=g\",\"contentUrl\":\"https:\/\/secure.gravatar.com\/avatar\/f941e681460179738071629a51574930?s=96&d=mm&r=g\",\"caption\":\"Jean-Paul Erhard\"},\"url\":\"https:\/\/peoplesphere.be\/fr\/author\/jpe\/\"}]}<\/script>\n<!-- \/ Yoast SEO plugin. -->","yoast_head_json":{"title":"L'exclusion des allocations d'insertion concerne majoritairement les femmes. - Peoplesphere","robots":{"index":"index","follow":"follow","max-snippet":"max-snippet:-1","max-image-preview":"max-image-preview:large","max-video-preview":"max-video-preview:-1"},"canonical":"https:\/\/peoplesphere.be\/fr\/lexclusion-allocations-dinsertion-concerne-majoritairement-femmes\/","og_locale":"fr_FR","og_type":"article","og_title":"L'exclusion des allocations d'insertion concerne majoritairement les femmes. - Peoplesphere","og_description":"La publication du rapport annuel de l&rsquo;ONEM suscite quelques r\u00e9actions. Parmi celles-ci, la CSC wallonne veut mettre en \u00e9vidence la fragilit\u00e9 des personnes excluses des allocations d&rsquo;insertion, en majorit\u00e9 des femmes et des jeunes d\u00e9pourvus de dipl\u00f4me du secondaire.","og_url":"https:\/\/peoplesphere.be\/fr\/lexclusion-allocations-dinsertion-concerne-majoritairement-femmes\/","og_site_name":"Peoplesphere","article_publisher":"https:\/\/www.facebook.com\/peoplesphere","article_published_time":"2017-03-20T11:04:43+00:00","og_image":[{"url":"http:\/\/www.peoplesphere.be\/fr\/wp-content\/uploads\/2016\/07\/facebook-default-posting-1200x628px.jpg"}],"author":"Jean-Paul Erhard","twitter_card":"summary_large_image","twitter_creator":"@PeoplesphereMag","twitter_site":"@PeoplesphereMag","twitter_misc":{"\u00c9crit par":"Jean-Paul Erhard","Dur\u00e9e de lecture estim\u00e9e":"1 minute"},"schema":{"@context":"https:\/\/schema.org","@graph":[{"@type":"Article","@id":"https:\/\/peoplesphere.be\/fr\/lexclusion-allocations-dinsertion-concerne-majoritairement-femmes\/#article","isPartOf":{"@id":"https:\/\/peoplesphere.be\/fr\/lexclusion-allocations-dinsertion-concerne-majoritairement-femmes\/"},"author":{"name":"Jean-Paul Erhard","@id":"https:\/\/peoplesphere.be\/fr\/#\/schema\/person\/7976225ff17988604334abb7b3536a7e"},"headline":"L&rsquo;exclusion des allocations d&rsquo;insertion concerne majoritairement les femmes.","datePublished":"2017-03-20T11:04:43+00:00","dateModified":"2017-03-20T11:04:43+00:00","mainEntityOfPage":{"@id":"https:\/\/peoplesphere.be\/fr\/lexclusion-allocations-dinsertion-concerne-majoritairement-femmes\/"},"wordCount":307,"publisher":{"@id":"https:\/\/peoplesphere.be\/fr\/#organization"},"keywords":["allocations sociales","ch\u00f4mage","CPAS","insertion sociale","ONEM"],"articleSection":["Actualit\u00e9s","Digital"],"inLanguage":"fr-FR"},{"@type":"WebPage","@id":"https:\/\/peoplesphere.be\/fr\/lexclusion-allocations-dinsertion-concerne-majoritairement-femmes\/","url":"https:\/\/peoplesphere.be\/fr\/lexclusion-allocations-dinsertion-concerne-majoritairement-femmes\/","name":"L'exclusion des allocations d'insertion concerne majoritairement les femmes. - Peoplesphere","isPartOf":{"@id":"https:\/\/peoplesphere.be\/fr\/#website"},"datePublished":"2017-03-20T11:04:43+00:00","dateModified":"2017-03-20T11:04:43+00:00","breadcrumb":{"@id":"https:\/\/peoplesphere.be\/fr\/lexclusion-allocations-dinsertion-concerne-majoritairement-femmes\/#breadcrumb"},"inLanguage":"fr-FR","potentialAction":[{"@type":"ReadAction","target":["https:\/\/peoplesphere.be\/fr\/lexclusion-allocations-dinsertion-concerne-majoritairement-femmes\/"]}]},{"@type":"BreadcrumbList","@id":"https:\/\/peoplesphere.be\/fr\/lexclusion-allocations-dinsertion-concerne-majoritairement-femmes\/#breadcrumb","itemListElement":[{"@type":"ListItem","position":1,"name":"Accueil","item":"https:\/\/peoplesphere.be\/fr\/"},{"@type":"ListItem","position":2,"name":"L&rsquo;exclusion des allocations d&rsquo;insertion concerne majoritairement les femmes."}]},{"@type":"WebSite","@id":"https:\/\/peoplesphere.be\/fr\/#website","url":"https:\/\/peoplesphere.be\/fr\/","name":"Peoplesphere","description":"The People Managers Magazine","publisher":{"@id":"https:\/\/peoplesphere.be\/fr\/#organization"},"potentialAction":[{"@type":"SearchAction","target":{"@type":"EntryPoint","urlTemplate":"https:\/\/peoplesphere.be\/fr\/?s={search_term_string}"},"query-input":"required name=search_term_string"}],"inLanguage":"fr-FR"},{"@type":"Organization","@id":"https:\/\/peoplesphere.be\/fr\/#organization","name":"Peoplesphere Company srl","url":"https:\/\/peoplesphere.be\/fr\/","logo":{"@type":"ImageObject","inLanguage":"fr-FR","@id":"https:\/\/peoplesphere.be\/fr\/#\/schema\/logo\/image\/","url":"https:\/\/peoplesphere.be\/fr\/wp-content\/uploads\/2023\/07\/peoplesphere-lgo-new-generik.jpg","contentUrl":"https:\/\/peoplesphere.be\/fr\/wp-content\/uploads\/2023\/07\/peoplesphere-lgo-new-generik.jpg","width":1031,"height":1479,"caption":"Peoplesphere Company srl"},"image":{"@id":"https:\/\/peoplesphere.be\/fr\/#\/schema\/logo\/image\/"},"sameAs":["https:\/\/www.facebook.com\/peoplesphere","https:\/\/twitter.com\/PeoplesphereMag","https:\/\/www.linkedin.com\/company\/7587361?trk","http:\/\/youtube.com\/peoplesphere"]},{"@type":"Person","@id":"https:\/\/peoplesphere.be\/fr\/#\/schema\/person\/7976225ff17988604334abb7b3536a7e","name":"Jean-Paul Erhard","image":{"@type":"ImageObject","inLanguage":"fr-FR","@id":"https:\/\/peoplesphere.be\/fr\/#\/schema\/person\/image\/","url":"https:\/\/secure.gravatar.com\/avatar\/f941e681460179738071629a51574930?s=96&d=mm&r=g","contentUrl":"https:\/\/secure.gravatar.com\/avatar\/f941e681460179738071629a51574930?s=96&d=mm&r=g","caption":"Jean-Paul Erhard"},"url":"https:\/\/peoplesphere.be\/fr\/author\/jpe\/"}]}},"_links":{"self":[{"href":"https:\/\/peoplesphere.be\/fr\/wp-json\/wp\/v2\/posts\/4148"}],"collection":[{"href":"https:\/\/peoplesphere.be\/fr\/wp-json\/wp\/v2\/posts"}],"about":[{"href":"https:\/\/peoplesphere.be\/fr\/wp-json\/wp\/v2\/types\/post"}],"author":[{"embeddable":true,"href":"https:\/\/peoplesphere.be\/fr\/wp-json\/wp\/v2\/users\/2"}],"replies":[{"embeddable":true,"href":"https:\/\/peoplesphere.be\/fr\/wp-json\/wp\/v2\/comments?post=4148"}],"version-history":[{"count":1,"href":"https:\/\/peoplesphere.be\/fr\/wp-json\/wp\/v2\/posts\/4148\/revisions"}],"predecessor-version":[{"id":4149,"href":"https:\/\/peoplesphere.be\/fr\/wp-json\/wp\/v2\/posts\/4148\/revisions\/4149"}],"wp:attachment":[{"href":"https:\/\/peoplesphere.be\/fr\/wp-json\/wp\/v2\/media?parent=4148"}],"wp:term":[{"taxonomy":"category","embeddable":true,"href":"https:\/\/peoplesphere.be\/fr\/wp-json\/wp\/v2\/categories?post=4148"},{"taxonomy":"post_tag","embeddable":true,"href":"https:\/\/peoplesphere.be\/fr\/wp-json\/wp\/v2\/tags?post=4148"}],"curies":[{"name":"wp","href":"https:\/\/api.w.org\/{rel}","templated":true}]}}