









{"id":4200,"date":"2017-03-31T16:34:05","date_gmt":"2017-03-31T14:34:05","guid":{"rendered":"http:\/\/www.peoplesphere.be\/fr\/?p=4200"},"modified":"2017-03-31T16:34:05","modified_gmt":"2017-03-31T14:34:05","slug":"ecarts-de-salaires-entre-secteurs-prive-public-idee-recue","status":"publish","type":"post","link":"https:\/\/peoplesphere.be\/fr\/ecarts-de-salaires-entre-secteurs-prive-public-idee-recue\/","title":{"rendered":"Des \u00e9carts de salaires entre les secteurs priv\u00e9 et public? Une id\u00e9e re\u00e7ue&#8230;"},"content":{"rendered":"<p>Le Ministre de la Fonction Publique, Steven Vandeput, commentait ce jeudi 30 mars une nouvelle \u00e9tude comparative sur les salaires des fonctionnaires f\u00e9d\u00e9raux et des employ\u00e9s dans le secteur priv\u00e9, sur base de chiffres 2016. Le constat peut sembler \u00e9tonnant: il n&rsquo;y a pas d&rsquo;\u00e9cart salarial entre les secteurs public et priv\u00e9.<!--more--><\/p>\n<p>Cette \u00e9tude tend \u00e0 d\u00e9montrer qu&rsquo;il n&rsquo;y a gu\u00e8re d\u2019\u00e9cart salarial. Bien au contraire, les plus hauts dipl\u00f4mes gagnent en moyenne davantage au gouvernement que dans le priv\u00e9. Plus haut est le grade, plus augmente cette diff\u00e9rence. Les fonctionnaires re\u00e7oivent moins d\u2019avantages extra l\u00e9gaux en plus de leur salaire de base \u00e9tant donn\u00e9 que le gouvernement f\u00e9d\u00e9ral n\u2019octroie pas de voitures de soci\u00e9t\u00e9 ni de bonus.<\/p>\n<p><em><strong>Le secteur public, un eldorado ?<\/strong><\/em><br \/>\nLa principale conclusion est que les fonctions de niveau A (master) au gouvernement f\u00e9d\u00e9ral offre un salaire de base presque toujours plus \u00e9lev\u00e9 que dans le secteur priv\u00e9.<br \/>\nLes niveaux B (baccalaur\u00e9at) obtiennent un score l\u00e9g\u00e8rement inf\u00e9rieur au priv\u00e9, mais par l\u2019anciennet\u00e9 l\u2019\u00e9cart se resserre. Les qualifications inf\u00e9rieures (niveaux C et D) sont quant \u00e0 elles encore un peu inf\u00e9rieur \u00e0 la moyenne.<\/p>\n<p><strong>Rattrapage pour les contractuels en cours de pr\u00e9paration<\/strong><br \/>\nL&rsquo;\u00e9tude montre que les employ\u00e9s contractuels du gouvernement, pour 20% de la partie totale, sont moins bien lotis en termes de salaire. Steven Vandeput, Ministre de la D\u00e9fense charg\u00e9 de la fonction publique, veut y changer quelque chose. <em>\u00ab\u00a0\u00c0 l&rsquo;heure actuelle, il y a des pr\u00e9paratifs pour parvenir \u00e0 une harmonisation entre contractuels et statutaires. Cette disparit\u00e9 salariale est \u00e0 travailler\u00a0\u00bb.<\/em><\/p>\n<p>Un autre d\u00e9fi est la mise en place d&rsquo;un syst\u00e8me de r\u00e9mun\u00e9ration plus souple et variable. Ici, le gouvernement f\u00e9d\u00e9ral est \u00e0 la tra\u00eene sur le secteur priv\u00e9. Des plans existent d\u00e9j\u00e0 et sont mis sur la table pour apporter ici aussi du changement.<\/p>\n<p><em><strong>Am\u00e9liorer consid\u00e9rablement les conditions de travail<\/strong><\/em><br \/>\nCes derni\u00e8res ann\u00e9es, le gouvernement f\u00e9d\u00e9ral a fait un fort rattrapage en termes de conditions de travail. <em>\u00ab\u00a0Le salaire est un facteur de motivation, mais je pense surtout que le contenu et la pertinence sociale de la fonction, la s\u00e9curit\u00e9 d&#8217;emploi, la bonne combinaison travail-vie familiale et l&rsquo;excellent r\u00e9gime de cong\u00e9 permettent d\u2019avoir des employ\u00e9s motiv\u00e9s et heureux. Nous avons cr\u00e9\u00e9 via notre plan anti burn-out et nos initiatives en mati\u00e8re de ressources humaines durable les conditions pour que chaque fonctionnaire puisse aussi en profiter. Parce que nous allons tous travailler plus longtemps, il s\u2019agit d\u2019une priorit\u00e9 absolue.\u00a0\u00bb,<\/em> dit Steven Vandeput.<\/p>\n","protected":false},"excerpt":{"rendered":"<p>Le Ministre de la Fonction Publique, Steven Vandeput, commentait ce jeudi 30 mars une nouvelle \u00e9tude comparative sur les salaires des fonctionnaires f\u00e9d\u00e9raux et des employ\u00e9s dans le secteur priv\u00e9, sur base de chiffres 2016. Le constat peut sembler \u00e9tonnant: [&hellip;]<\/p>\n","protected":false},"author":2,"featured_media":0,"comment_status":"closed","ping_status":"open","sticky":false,"template":"","format":"standard","meta":[],"categories":[65,10],"tags":[904,1255,170,131,374,267],"yoast_head":"<!-- This site is optimized with the Yoast SEO plugin v21.0 - https:\/\/yoast.com\/wordpress\/plugins\/seo\/ -->\n<title>Des \u00e9carts de salaires entre les secteurs priv\u00e9 et public? Une id\u00e9e re\u00e7ue... - Peoplesphere<\/title>\n<meta name=\"robots\" content=\"index, follow, max-snippet:-1, max-image-preview:large, max-video-preview:-1\" \/>\n<link rel=\"canonical\" href=\"https:\/\/peoplesphere.be\/fr\/ecarts-de-salaires-entre-secteurs-prive-public-idee-recue\/\" \/>\n<meta property=\"og:locale\" content=\"fr_FR\" \/>\n<meta property=\"og:type\" content=\"article\" \/>\n<meta property=\"og:title\" content=\"Des \u00e9carts de salaires entre les secteurs priv\u00e9 et public? Une id\u00e9e re\u00e7ue... - Peoplesphere\" \/>\n<meta property=\"og:description\" content=\"Le Ministre de la Fonction Publique, Steven Vandeput, commentait ce jeudi 30 mars une nouvelle \u00e9tude comparative sur les salaires des fonctionnaires f\u00e9d\u00e9raux et des employ\u00e9s dans le secteur priv\u00e9, sur base de chiffres 2016. Le constat peut sembler \u00e9tonnant: [&hellip;]\" \/>\n<meta property=\"og:url\" content=\"https:\/\/peoplesphere.be\/fr\/ecarts-de-salaires-entre-secteurs-prive-public-idee-recue\/\" \/>\n<meta property=\"og:site_name\" content=\"Peoplesphere\" \/>\n<meta property=\"article:publisher\" content=\"https:\/\/www.facebook.com\/peoplesphere\" \/>\n<meta property=\"article:published_time\" content=\"2017-03-31T14:34:05+00:00\" \/>\n<meta property=\"og:image\" content=\"http:\/\/www.peoplesphere.be\/fr\/wp-content\/uploads\/2016\/07\/facebook-default-posting-1200x628px.jpg\" \/>\n<meta name=\"author\" content=\"Jean-Paul Erhard\" \/>\n<meta name=\"twitter:card\" content=\"summary_large_image\" \/>\n<meta name=\"twitter:creator\" content=\"@PeoplesphereMag\" \/>\n<meta name=\"twitter:site\" content=\"@PeoplesphereMag\" \/>\n<meta name=\"twitter:label1\" content=\"\u00c9crit par\" \/>\n\t<meta name=\"twitter:data1\" content=\"Jean-Paul Erhard\" \/>\n\t<meta name=\"twitter:label2\" content=\"Dur\u00e9e de lecture estim\u00e9e\" \/>\n\t<meta name=\"twitter:data2\" content=\"2 minutes\" \/>\n<script type=\"application\/ld+json\" class=\"yoast-schema-graph\">{\"@context\":\"https:\/\/schema.org\",\"@graph\":[{\"@type\":\"Article\",\"@id\":\"https:\/\/peoplesphere.be\/fr\/ecarts-de-salaires-entre-secteurs-prive-public-idee-recue\/#article\",\"isPartOf\":{\"@id\":\"https:\/\/peoplesphere.be\/fr\/ecarts-de-salaires-entre-secteurs-prive-public-idee-recue\/\"},\"author\":{\"name\":\"Jean-Paul Erhard\",\"@id\":\"https:\/\/peoplesphere.be\/fr\/#\/schema\/person\/7976225ff17988604334abb7b3536a7e\"},\"headline\":\"Des \u00e9carts de salaires entre les secteurs priv\u00e9 et public? Une id\u00e9e re\u00e7ue&#8230;\",\"datePublished\":\"2017-03-31T14:34:05+00:00\",\"dateModified\":\"2017-03-31T14:34:05+00:00\",\"mainEntityOfPage\":{\"@id\":\"https:\/\/peoplesphere.be\/fr\/ecarts-de-salaires-entre-secteurs-prive-public-idee-recue\/\"},\"wordCount\":464,\"publisher\":{\"@id\":\"https:\/\/peoplesphere.be\/fr\/#organization\"},\"keywords\":[\"benchmarking\",\"contractuel\",\"\u00e9cart salarial\",\"harmonisation\",\"r\u00e9mun\u00e9rations\",\"secteur public\"],\"articleSection\":[\"Actualit\u00e9s\",\"Digital\"],\"inLanguage\":\"fr-FR\"},{\"@type\":\"WebPage\",\"@id\":\"https:\/\/peoplesphere.be\/fr\/ecarts-de-salaires-entre-secteurs-prive-public-idee-recue\/\",\"url\":\"https:\/\/peoplesphere.be\/fr\/ecarts-de-salaires-entre-secteurs-prive-public-idee-recue\/\",\"name\":\"Des \u00e9carts de salaires entre les secteurs priv\u00e9 et public? Une id\u00e9e re\u00e7ue... - Peoplesphere\",\"isPartOf\":{\"@id\":\"https:\/\/peoplesphere.be\/fr\/#website\"},\"datePublished\":\"2017-03-31T14:34:05+00:00\",\"dateModified\":\"2017-03-31T14:34:05+00:00\",\"breadcrumb\":{\"@id\":\"https:\/\/peoplesphere.be\/fr\/ecarts-de-salaires-entre-secteurs-prive-public-idee-recue\/#breadcrumb\"},\"inLanguage\":\"fr-FR\",\"potentialAction\":[{\"@type\":\"ReadAction\",\"target\":[\"https:\/\/peoplesphere.be\/fr\/ecarts-de-salaires-entre-secteurs-prive-public-idee-recue\/\"]}]},{\"@type\":\"BreadcrumbList\",\"@id\":\"https:\/\/peoplesphere.be\/fr\/ecarts-de-salaires-entre-secteurs-prive-public-idee-recue\/#breadcrumb\",\"itemListElement\":[{\"@type\":\"ListItem\",\"position\":1,\"name\":\"Accueil\",\"item\":\"https:\/\/peoplesphere.be\/fr\/\"},{\"@type\":\"ListItem\",\"position\":2,\"name\":\"Des \u00e9carts de salaires entre les secteurs priv\u00e9 et public? Une id\u00e9e re\u00e7ue&#8230;\"}]},{\"@type\":\"WebSite\",\"@id\":\"https:\/\/peoplesphere.be\/fr\/#website\",\"url\":\"https:\/\/peoplesphere.be\/fr\/\",\"name\":\"Peoplesphere\",\"description\":\"The People Managers Magazine\",\"publisher\":{\"@id\":\"https:\/\/peoplesphere.be\/fr\/#organization\"},\"potentialAction\":[{\"@type\":\"SearchAction\",\"target\":{\"@type\":\"EntryPoint\",\"urlTemplate\":\"https:\/\/peoplesphere.be\/fr\/?s={search_term_string}\"},\"query-input\":\"required name=search_term_string\"}],\"inLanguage\":\"fr-FR\"},{\"@type\":\"Organization\",\"@id\":\"https:\/\/peoplesphere.be\/fr\/#organization\",\"name\":\"Peoplesphere Company srl\",\"url\":\"https:\/\/peoplesphere.be\/fr\/\",\"logo\":{\"@type\":\"ImageObject\",\"inLanguage\":\"fr-FR\",\"@id\":\"https:\/\/peoplesphere.be\/fr\/#\/schema\/logo\/image\/\",\"url\":\"https:\/\/peoplesphere.be\/fr\/wp-content\/uploads\/2023\/07\/peoplesphere-lgo-new-generik.jpg\",\"contentUrl\":\"https:\/\/peoplesphere.be\/fr\/wp-content\/uploads\/2023\/07\/peoplesphere-lgo-new-generik.jpg\",\"width\":1031,\"height\":1479,\"caption\":\"Peoplesphere Company srl\"},\"image\":{\"@id\":\"https:\/\/peoplesphere.be\/fr\/#\/schema\/logo\/image\/\"},\"sameAs\":[\"https:\/\/www.facebook.com\/peoplesphere\",\"https:\/\/twitter.com\/PeoplesphereMag\",\"https:\/\/www.linkedin.com\/company\/7587361?trk\",\"http:\/\/youtube.com\/peoplesphere\"]},{\"@type\":\"Person\",\"@id\":\"https:\/\/peoplesphere.be\/fr\/#\/schema\/person\/7976225ff17988604334abb7b3536a7e\",\"name\":\"Jean-Paul Erhard\",\"image\":{\"@type\":\"ImageObject\",\"inLanguage\":\"fr-FR\",\"@id\":\"https:\/\/peoplesphere.be\/fr\/#\/schema\/person\/image\/\",\"url\":\"https:\/\/secure.gravatar.com\/avatar\/f941e681460179738071629a51574930?s=96&d=mm&r=g\",\"contentUrl\":\"https:\/\/secure.gravatar.com\/avatar\/f941e681460179738071629a51574930?s=96&d=mm&r=g\",\"caption\":\"Jean-Paul Erhard\"},\"url\":\"https:\/\/peoplesphere.be\/fr\/author\/jpe\/\"}]}<\/script>\n<!-- \/ Yoast SEO plugin. -->","yoast_head_json":{"title":"Des \u00e9carts de salaires entre les secteurs priv\u00e9 et public? Une id\u00e9e re\u00e7ue... - Peoplesphere","robots":{"index":"index","follow":"follow","max-snippet":"max-snippet:-1","max-image-preview":"max-image-preview:large","max-video-preview":"max-video-preview:-1"},"canonical":"https:\/\/peoplesphere.be\/fr\/ecarts-de-salaires-entre-secteurs-prive-public-idee-recue\/","og_locale":"fr_FR","og_type":"article","og_title":"Des \u00e9carts de salaires entre les secteurs priv\u00e9 et public? Une id\u00e9e re\u00e7ue... - Peoplesphere","og_description":"Le Ministre de la Fonction Publique, Steven Vandeput, commentait ce jeudi 30 mars une nouvelle \u00e9tude comparative sur les salaires des fonctionnaires f\u00e9d\u00e9raux et des employ\u00e9s dans le secteur priv\u00e9, sur base de chiffres 2016. Le constat peut sembler \u00e9tonnant: [&hellip;]","og_url":"https:\/\/peoplesphere.be\/fr\/ecarts-de-salaires-entre-secteurs-prive-public-idee-recue\/","og_site_name":"Peoplesphere","article_publisher":"https:\/\/www.facebook.com\/peoplesphere","article_published_time":"2017-03-31T14:34:05+00:00","og_image":[{"url":"http:\/\/www.peoplesphere.be\/fr\/wp-content\/uploads\/2016\/07\/facebook-default-posting-1200x628px.jpg"}],"author":"Jean-Paul Erhard","twitter_card":"summary_large_image","twitter_creator":"@PeoplesphereMag","twitter_site":"@PeoplesphereMag","twitter_misc":{"\u00c9crit par":"Jean-Paul Erhard","Dur\u00e9e de lecture estim\u00e9e":"2 minutes"},"schema":{"@context":"https:\/\/schema.org","@graph":[{"@type":"Article","@id":"https:\/\/peoplesphere.be\/fr\/ecarts-de-salaires-entre-secteurs-prive-public-idee-recue\/#article","isPartOf":{"@id":"https:\/\/peoplesphere.be\/fr\/ecarts-de-salaires-entre-secteurs-prive-public-idee-recue\/"},"author":{"name":"Jean-Paul Erhard","@id":"https:\/\/peoplesphere.be\/fr\/#\/schema\/person\/7976225ff17988604334abb7b3536a7e"},"headline":"Des \u00e9carts de salaires entre les secteurs priv\u00e9 et public? Une id\u00e9e re\u00e7ue&#8230;","datePublished":"2017-03-31T14:34:05+00:00","dateModified":"2017-03-31T14:34:05+00:00","mainEntityOfPage":{"@id":"https:\/\/peoplesphere.be\/fr\/ecarts-de-salaires-entre-secteurs-prive-public-idee-recue\/"},"wordCount":464,"publisher":{"@id":"https:\/\/peoplesphere.be\/fr\/#organization"},"keywords":["benchmarking","contractuel","\u00e9cart salarial","harmonisation","r\u00e9mun\u00e9rations","secteur public"],"articleSection":["Actualit\u00e9s","Digital"],"inLanguage":"fr-FR"},{"@type":"WebPage","@id":"https:\/\/peoplesphere.be\/fr\/ecarts-de-salaires-entre-secteurs-prive-public-idee-recue\/","url":"https:\/\/peoplesphere.be\/fr\/ecarts-de-salaires-entre-secteurs-prive-public-idee-recue\/","name":"Des \u00e9carts de salaires entre les secteurs priv\u00e9 et public? Une id\u00e9e re\u00e7ue... - Peoplesphere","isPartOf":{"@id":"https:\/\/peoplesphere.be\/fr\/#website"},"datePublished":"2017-03-31T14:34:05+00:00","dateModified":"2017-03-31T14:34:05+00:00","breadcrumb":{"@id":"https:\/\/peoplesphere.be\/fr\/ecarts-de-salaires-entre-secteurs-prive-public-idee-recue\/#breadcrumb"},"inLanguage":"fr-FR","potentialAction":[{"@type":"ReadAction","target":["https:\/\/peoplesphere.be\/fr\/ecarts-de-salaires-entre-secteurs-prive-public-idee-recue\/"]}]},{"@type":"BreadcrumbList","@id":"https:\/\/peoplesphere.be\/fr\/ecarts-de-salaires-entre-secteurs-prive-public-idee-recue\/#breadcrumb","itemListElement":[{"@type":"ListItem","position":1,"name":"Accueil","item":"https:\/\/peoplesphere.be\/fr\/"},{"@type":"ListItem","position":2,"name":"Des \u00e9carts de salaires entre les secteurs priv\u00e9 et public? Une id\u00e9e re\u00e7ue&#8230;"}]},{"@type":"WebSite","@id":"https:\/\/peoplesphere.be\/fr\/#website","url":"https:\/\/peoplesphere.be\/fr\/","name":"Peoplesphere","description":"The People Managers Magazine","publisher":{"@id":"https:\/\/peoplesphere.be\/fr\/#organization"},"potentialAction":[{"@type":"SearchAction","target":{"@type":"EntryPoint","urlTemplate":"https:\/\/peoplesphere.be\/fr\/?s={search_term_string}"},"query-input":"required name=search_term_string"}],"inLanguage":"fr-FR"},{"@type":"Organization","@id":"https:\/\/peoplesphere.be\/fr\/#organization","name":"Peoplesphere Company srl","url":"https:\/\/peoplesphere.be\/fr\/","logo":{"@type":"ImageObject","inLanguage":"fr-FR","@id":"https:\/\/peoplesphere.be\/fr\/#\/schema\/logo\/image\/","url":"https:\/\/peoplesphere.be\/fr\/wp-content\/uploads\/2023\/07\/peoplesphere-lgo-new-generik.jpg","contentUrl":"https:\/\/peoplesphere.be\/fr\/wp-content\/uploads\/2023\/07\/peoplesphere-lgo-new-generik.jpg","width":1031,"height":1479,"caption":"Peoplesphere Company srl"},"image":{"@id":"https:\/\/peoplesphere.be\/fr\/#\/schema\/logo\/image\/"},"sameAs":["https:\/\/www.facebook.com\/peoplesphere","https:\/\/twitter.com\/PeoplesphereMag","https:\/\/www.linkedin.com\/company\/7587361?trk","http:\/\/youtube.com\/peoplesphere"]},{"@type":"Person","@id":"https:\/\/peoplesphere.be\/fr\/#\/schema\/person\/7976225ff17988604334abb7b3536a7e","name":"Jean-Paul Erhard","image":{"@type":"ImageObject","inLanguage":"fr-FR","@id":"https:\/\/peoplesphere.be\/fr\/#\/schema\/person\/image\/","url":"https:\/\/secure.gravatar.com\/avatar\/f941e681460179738071629a51574930?s=96&d=mm&r=g","contentUrl":"https:\/\/secure.gravatar.com\/avatar\/f941e681460179738071629a51574930?s=96&d=mm&r=g","caption":"Jean-Paul Erhard"},"url":"https:\/\/peoplesphere.be\/fr\/author\/jpe\/"}]}},"_links":{"self":[{"href":"https:\/\/peoplesphere.be\/fr\/wp-json\/wp\/v2\/posts\/4200"}],"collection":[{"href":"https:\/\/peoplesphere.be\/fr\/wp-json\/wp\/v2\/posts"}],"about":[{"href":"https:\/\/peoplesphere.be\/fr\/wp-json\/wp\/v2\/types\/post"}],"author":[{"embeddable":true,"href":"https:\/\/peoplesphere.be\/fr\/wp-json\/wp\/v2\/users\/2"}],"replies":[{"embeddable":true,"href":"https:\/\/peoplesphere.be\/fr\/wp-json\/wp\/v2\/comments?post=4200"}],"version-history":[{"count":1,"href":"https:\/\/peoplesphere.be\/fr\/wp-json\/wp\/v2\/posts\/4200\/revisions"}],"predecessor-version":[{"id":4202,"href":"https:\/\/peoplesphere.be\/fr\/wp-json\/wp\/v2\/posts\/4200\/revisions\/4202"}],"wp:attachment":[{"href":"https:\/\/peoplesphere.be\/fr\/wp-json\/wp\/v2\/media?parent=4200"}],"wp:term":[{"taxonomy":"category","embeddable":true,"href":"https:\/\/peoplesphere.be\/fr\/wp-json\/wp\/v2\/categories?post=4200"},{"taxonomy":"post_tag","embeddable":true,"href":"https:\/\/peoplesphere.be\/fr\/wp-json\/wp\/v2\/tags?post=4200"}],"curies":[{"name":"wp","href":"https:\/\/api.w.org\/{rel}","templated":true}]}}