









{"id":4320,"date":"2017-05-02T18:47:38","date_gmt":"2017-05-02T16:47:38","guid":{"rendered":"http:\/\/www.peoplesphere.be\/fr\/?p=4320"},"modified":"2017-05-02T18:47:38","modified_gmt":"2017-05-02T16:47:38","slug":"letat-federal-inaugure-bureaux-satellites-15-villes-a-travers-belgique","status":"publish","type":"post","link":"https:\/\/peoplesphere.be\/fr\/letat-federal-inaugure-bureaux-satellites-15-villes-a-travers-belgique\/","title":{"rendered":"L&rsquo;\u00e9tat f\u00e9d\u00e9ral inaugure des bureaux satellites dans 15 villes \u00e0 travers la Belgique."},"content":{"rendered":"<p>Ce mardi 2 mai 2017, Jan Jambon, vice-Premier ministre et ministre de la S\u00e9curit\u00e9 et de l\u2019Int\u00e9rieur, charg\u00e9 de la R\u00e9gie des B\u00e2timents, inaugure le bureau satellite interf\u00e9d\u00e9ral de Charleroi. Des bureaux satellites ouvriront dans 15 villes o\u00f9 98 postes de travail seront mis \u00e0 la disposition des membres du personnel des services publics f\u00e9d\u00e9raux participants.<!--more--><\/p>\n<p>Jan Jambon : <em>\u00ab\u00a0Les agents de ces services publics f\u00e9d\u00e9raux pourront ainsi travailler plus pr\u00e8s de leur domicile ou de mani\u00e8re plus flexible quand ils seront en d\u00e9placement, ou encore \u00e9viter les probl\u00e8mes de mobilit\u00e9. Par cette initiative, l&rsquo;\u00c9tat f\u00e9d\u00e9ral souhaite se profiler en tant qu&#8217;employeur attrayant attentif aux attentes et au bien-\u00eatre de ses collaborateurs.\u00a0\u00bb<\/em><br \/>\nDes \u00e9tudes r\u00e9centes d\u00e9montrent que plus de la moiti\u00e9 des travailleurs craignent un burn-out. L&rsquo;augmentation de la charge de travail, les probl\u00e8mes de mobilit\u00e9 et le stress en g\u00e9n\u00e9ral peuvent toucher chacun d&rsquo;entre-nous, et mener finalement au burn-out. Il est pour cela tr\u00e8s important de trouver un bon \u00e9quilibre entre travail et vie priv\u00e9e.<\/p>\n<p>Un fonctionnaire f\u00e9d\u00e9ral sur trois, soit 21 288 collaborateurs, recourt d\u00e9j\u00e0 au t\u00e9l\u00e9travail. C&rsquo;est un r\u00e9el succ\u00e8s. Cependant, le t\u00e9l\u00e9travail n&rsquo;est pas toujours possible ou ne constitue pas toujours la solution id\u00e9ale. Aussi, le travail en bureau satellite repr\u00e9sente-t-il une alternative.<\/p>\n<p>Le travail en bureau satellite constitue, en outre, une alternative int\u00e9ressante au t\u00e9l\u00e9travail en cas de gr\u00e8ve des transports en commun par exemple. En effet, le collaborateur qui ne souhaite pas faire du t\u00e9l\u00e9travail peut trouver un lieu de travail plus proche de son domicile.<\/p>\n<p>Par ailleurs, il arrive qu\u2019un collaborateur ne souhaite pas faire du t\u00e9l\u00e9travail ou n\u2019en a pas la possibilit\u00e9 (manque de place, vie priv\u00e9e, etc.) et pr\u00e9f\u00e8re se d\u00e9placer vers un poste de travail plus proche de son domicile.<\/p>\n<p><em><strong>Que sont les bureaux satellites interf\u00e9d\u00e9raux ?<\/strong><\/em><\/p>\n<p>Les bureaux satellites interf\u00e9d\u00e9raux sont des b\u00e2timents administratifs dans lesquels des postes de travail sont mis \u00e0 la disposition des fonctionnaires des services publics f\u00e9d\u00e9raux participantes.<\/p>\n<p>Le travail en bureau satellite consiste \u00e0 travailler dans un endroit autre que le lieu de travail habituel. Il peut s\u2019agir d\u2019un lieu de travail de sa propre organisation ou d\u2019une organisation diff\u00e9rente, mais qui se situe souvent dans une autre ville ou commune. Contrairement au t\u00e9l\u00e9travail, il ne s\u2019agit pas de travail \u00e0 domicile.<\/p>\n<p>Le travail en bureau satellite, tout comme le travail \u00e0 domicile (t\u00e9l\u00e9travail), permettra d\u2019optimiser davantage l\u2019utilisation des espaces de bureaux. Travailler plus pr\u00e8s de chez soi diminue l\u2019empreinte \u00e9cologique des organisations participantes sur le plan du trajet domicile-travail.<\/p>\n<p><strong><em>Combien de bureaux satellites\/postes de travail sont mis \u00e0 disposition ?<\/em><\/strong><\/p>\n<p>Pour le moment, il y a 15 b\u00e2timents\/bureaux satellites interf\u00e9d\u00e9raux r\u00e9partis dans le pays : Alost, Arlon, Anvers, Ath, Berchem, Bruges, Charleroi, Courtrai, Hasselt, Kapellen, Louvain, Li\u00e8ge, Malines, Mons, et Ostende.<\/p>\n<p>Il s&rsquo;agit au total de 98 postes de travail interf\u00e9d\u00e9raux mis \u00e0 disposition. Ce projet pilote sera \u00e9valu\u00e9 apr\u00e8s 6 mois. S&rsquo;il s&rsquo;av\u00e8re que la demande est grande, le nombre de postes de travail pourra \u00eatre revu \u00e0 la hausse.<\/p>\n<p>Les collaborateurs du SPF Finances peuvent d\u00e9j\u00e0 travailler en bureau satellite dans leur propre r\u00e9seau de bureaux. Il s&rsquo;agit de 2 b\u00e2timents \u00e0 Bruxelles (4 postes de travail), 33 b\u00e2timents en Wallonie (223 postes de travail) et 40 b\u00e2timents en Flandre (197 postes de travail).<\/p>\n<p><strong><em>Quelles organisations publiques f\u00e9d\u00e9rales prennent part au projet pilote ?<\/em><\/strong><\/p>\n<p>Pour le moment, 6 organisations f\u00e9d\u00e9rales participent au projet :<\/p>\n<p>&#8211; le service public f\u00e9d\u00e9ral Finances<br \/>\n&#8211; le service public f\u00e9d\u00e9ral Mobilit\u00e9 et Transports<br \/>\n&#8211; le service public f\u00e9d\u00e9ral Sant\u00e9 publique<br \/>\n&#8211; le service public f\u00e9d\u00e9ral \u00c9conomie<br \/>\n&#8211; l&rsquo;Agence f\u00e9d\u00e9rale pour la s\u00e9curit\u00e9 de la cha\u00eene alimentaire<br \/>\n&#8211; la R\u00e9gie des B\u00e2timents, le gestionnaire immobilier de l&rsquo;\u00c9tat f\u00e9d\u00e9ral<\/p>\n<p>La R\u00e9gie des B\u00e2timents (chef de projet), Belnet et le SPF BOSA (anciennement SPF Personnel et Organisation) ont collabor\u00e9 pour d\u00e9velopper ce projet pilote avec l&rsquo;aide de toutes les organisations participantes.<\/p>\n<p>Concr\u00e8tement, un syst\u00e8me de r\u00e9servation (Archibus) est mis \u00e0 disposition, un r\u00e9seau WIFI est offert et un syst\u00e8me d&rsquo;authentification (Govroam) est utilis\u00e9.<\/p>\n<p><strong><em>Des conditions sont-elles impos\u00e9es aux bureaux satellites ?<\/em><\/strong><\/p>\n<p>Le travail en bureau satellite se fait sur une base volontaire, mais l\u2019employeur n\u2019est pas tenu de l\u2019accorder.<\/p>\n<p>Chaque organisation participante d\u00e9termine elle-m\u00eame les crit\u00e8res auxquels le travail en bureau satellite doit r\u00e9pondre. Ainsi, on peut par exemple fixer le nombre maximum de jours de travail en bureau satellite par semaine.<\/p>\n<p>Le travail en bureau satellite est une forme d\u2019organisation du travail qui est bas\u00e9e essentiellement sur une confiance mutuelle entre le dirigeant et son collaborateur.<\/p>\n<p>Un poste de travail dans un bureau satellite peut \u00eatre r\u00e9serv\u00e9 avec l&rsquo;outil de r\u00e9servation Archibus. Ainsi, on peut voir \u00e0 l&rsquo;avance si un poste de travail est encore disponible. Sur ce type de poste de travail, on peut avoir acc\u00e8s via Govroam (une solution d&rsquo;authentification et d&rsquo;autorisation pour le partage d&rsquo;acc\u00e8s r\u00e9seau) au WIFI disponible.<\/p>\n<p><strong><em>Source : Presscenter<\/em><\/strong><\/p>\n","protected":false},"excerpt":{"rendered":"<p>Ce mardi 2 mai 2017, Jan Jambon, vice-Premier ministre et ministre de la S\u00e9curit\u00e9 et de l\u2019Int\u00e9rieur, charg\u00e9 de la R\u00e9gie des B\u00e2timents, inaugure le bureau satellite interf\u00e9d\u00e9ral de Charleroi. Des bureaux satellites ouvriront dans 15 villes o\u00f9 98 postes [&hellip;]<\/p>\n","protected":false},"author":2,"featured_media":0,"comment_status":"closed","ping_status":"open","sticky":false,"template":"","format":"standard","meta":[],"categories":[65,10],"tags":[1310,136,267,1220,219,1164,696],"yoast_head":"<!-- This site is optimized with the Yoast SEO plugin v21.0 - https:\/\/yoast.com\/wordpress\/plugins\/seo\/ -->\n<title>L&#039;\u00e9tat f\u00e9d\u00e9ral inaugure des bureaux satellites dans 15 villes \u00e0 travers la Belgique. - Peoplesphere<\/title>\n<meta name=\"robots\" content=\"index, follow, max-snippet:-1, max-image-preview:large, max-video-preview:-1\" \/>\n<link rel=\"canonical\" href=\"https:\/\/peoplesphere.be\/fr\/letat-federal-inaugure-bureaux-satellites-15-villes-a-travers-belgique\/\" \/>\n<meta property=\"og:locale\" content=\"fr_FR\" \/>\n<meta property=\"og:type\" content=\"article\" \/>\n<meta property=\"og:title\" content=\"L&#039;\u00e9tat f\u00e9d\u00e9ral inaugure des bureaux satellites dans 15 villes \u00e0 travers la Belgique. - Peoplesphere\" \/>\n<meta property=\"og:description\" content=\"Ce mardi 2 mai 2017, Jan Jambon, vice-Premier ministre et ministre de la S\u00e9curit\u00e9 et de l\u2019Int\u00e9rieur, charg\u00e9 de la R\u00e9gie des B\u00e2timents, inaugure le bureau satellite interf\u00e9d\u00e9ral de Charleroi. Des bureaux satellites ouvriront dans 15 villes o\u00f9 98 postes [&hellip;]\" \/>\n<meta property=\"og:url\" content=\"https:\/\/peoplesphere.be\/fr\/letat-federal-inaugure-bureaux-satellites-15-villes-a-travers-belgique\/\" \/>\n<meta property=\"og:site_name\" content=\"Peoplesphere\" \/>\n<meta property=\"article:publisher\" content=\"https:\/\/www.facebook.com\/peoplesphere\" \/>\n<meta property=\"article:published_time\" content=\"2017-05-02T16:47:38+00:00\" \/>\n<meta property=\"og:image\" content=\"http:\/\/www.peoplesphere.be\/fr\/wp-content\/uploads\/2016\/07\/facebook-default-posting-1200x628px.jpg\" \/>\n<meta name=\"author\" content=\"Jean-Paul Erhard\" \/>\n<meta name=\"twitter:card\" content=\"summary_large_image\" \/>\n<meta name=\"twitter:creator\" content=\"@PeoplesphereMag\" \/>\n<meta name=\"twitter:site\" content=\"@PeoplesphereMag\" \/>\n<meta name=\"twitter:label1\" content=\"\u00c9crit par\" \/>\n\t<meta name=\"twitter:data1\" content=\"Jean-Paul Erhard\" \/>\n\t<meta name=\"twitter:label2\" content=\"Dur\u00e9e de lecture estim\u00e9e\" \/>\n\t<meta name=\"twitter:data2\" content=\"5 minutes\" \/>\n<script type=\"application\/ld+json\" class=\"yoast-schema-graph\">{\"@context\":\"https:\/\/schema.org\",\"@graph\":[{\"@type\":\"Article\",\"@id\":\"https:\/\/peoplesphere.be\/fr\/letat-federal-inaugure-bureaux-satellites-15-villes-a-travers-belgique\/#article\",\"isPartOf\":{\"@id\":\"https:\/\/peoplesphere.be\/fr\/letat-federal-inaugure-bureaux-satellites-15-villes-a-travers-belgique\/\"},\"author\":{\"name\":\"Jean-Paul Erhard\",\"@id\":\"https:\/\/peoplesphere.be\/fr\/#\/schema\/person\/7976225ff17988604334abb7b3536a7e\"},\"headline\":\"L&rsquo;\u00e9tat f\u00e9d\u00e9ral inaugure des bureaux satellites dans 15 villes \u00e0 travers la Belgique.\",\"datePublished\":\"2017-05-02T16:47:38+00:00\",\"dateModified\":\"2017-05-02T16:47:38+00:00\",\"mainEntityOfPage\":{\"@id\":\"https:\/\/peoplesphere.be\/fr\/letat-federal-inaugure-bureaux-satellites-15-villes-a-travers-belgique\/\"},\"wordCount\":917,\"publisher\":{\"@id\":\"https:\/\/peoplesphere.be\/fr\/#organization\"},\"keywords\":[\"bureau satellite\",\"mobilit\u00e9\",\"secteur public\",\"SPF Finances\",\"t\u00e9l\u00e9travail\",\"travail \u00e0 domicile\",\"travail mobile\"],\"articleSection\":[\"Actualit\u00e9s\",\"Digital\"],\"inLanguage\":\"fr-FR\"},{\"@type\":\"WebPage\",\"@id\":\"https:\/\/peoplesphere.be\/fr\/letat-federal-inaugure-bureaux-satellites-15-villes-a-travers-belgique\/\",\"url\":\"https:\/\/peoplesphere.be\/fr\/letat-federal-inaugure-bureaux-satellites-15-villes-a-travers-belgique\/\",\"name\":\"L'\u00e9tat f\u00e9d\u00e9ral inaugure des bureaux satellites dans 15 villes \u00e0 travers la Belgique. - Peoplesphere\",\"isPartOf\":{\"@id\":\"https:\/\/peoplesphere.be\/fr\/#website\"},\"datePublished\":\"2017-05-02T16:47:38+00:00\",\"dateModified\":\"2017-05-02T16:47:38+00:00\",\"breadcrumb\":{\"@id\":\"https:\/\/peoplesphere.be\/fr\/letat-federal-inaugure-bureaux-satellites-15-villes-a-travers-belgique\/#breadcrumb\"},\"inLanguage\":\"fr-FR\",\"potentialAction\":[{\"@type\":\"ReadAction\",\"target\":[\"https:\/\/peoplesphere.be\/fr\/letat-federal-inaugure-bureaux-satellites-15-villes-a-travers-belgique\/\"]}]},{\"@type\":\"BreadcrumbList\",\"@id\":\"https:\/\/peoplesphere.be\/fr\/letat-federal-inaugure-bureaux-satellites-15-villes-a-travers-belgique\/#breadcrumb\",\"itemListElement\":[{\"@type\":\"ListItem\",\"position\":1,\"name\":\"Accueil\",\"item\":\"https:\/\/peoplesphere.be\/fr\/\"},{\"@type\":\"ListItem\",\"position\":2,\"name\":\"L&rsquo;\u00e9tat f\u00e9d\u00e9ral inaugure des bureaux satellites dans 15 villes \u00e0 travers la Belgique.\"}]},{\"@type\":\"WebSite\",\"@id\":\"https:\/\/peoplesphere.be\/fr\/#website\",\"url\":\"https:\/\/peoplesphere.be\/fr\/\",\"name\":\"Peoplesphere\",\"description\":\"The People Managers Magazine\",\"publisher\":{\"@id\":\"https:\/\/peoplesphere.be\/fr\/#organization\"},\"potentialAction\":[{\"@type\":\"SearchAction\",\"target\":{\"@type\":\"EntryPoint\",\"urlTemplate\":\"https:\/\/peoplesphere.be\/fr\/?s={search_term_string}\"},\"query-input\":\"required name=search_term_string\"}],\"inLanguage\":\"fr-FR\"},{\"@type\":\"Organization\",\"@id\":\"https:\/\/peoplesphere.be\/fr\/#organization\",\"name\":\"Peoplesphere Company srl\",\"url\":\"https:\/\/peoplesphere.be\/fr\/\",\"logo\":{\"@type\":\"ImageObject\",\"inLanguage\":\"fr-FR\",\"@id\":\"https:\/\/peoplesphere.be\/fr\/#\/schema\/logo\/image\/\",\"url\":\"https:\/\/peoplesphere.be\/fr\/wp-content\/uploads\/2023\/07\/peoplesphere-lgo-new-generik.jpg\",\"contentUrl\":\"https:\/\/peoplesphere.be\/fr\/wp-content\/uploads\/2023\/07\/peoplesphere-lgo-new-generik.jpg\",\"width\":1031,\"height\":1479,\"caption\":\"Peoplesphere Company srl\"},\"image\":{\"@id\":\"https:\/\/peoplesphere.be\/fr\/#\/schema\/logo\/image\/\"},\"sameAs\":[\"https:\/\/www.facebook.com\/peoplesphere\",\"https:\/\/twitter.com\/PeoplesphereMag\",\"https:\/\/www.linkedin.com\/company\/7587361?trk\",\"http:\/\/youtube.com\/peoplesphere\"]},{\"@type\":\"Person\",\"@id\":\"https:\/\/peoplesphere.be\/fr\/#\/schema\/person\/7976225ff17988604334abb7b3536a7e\",\"name\":\"Jean-Paul Erhard\",\"image\":{\"@type\":\"ImageObject\",\"inLanguage\":\"fr-FR\",\"@id\":\"https:\/\/peoplesphere.be\/fr\/#\/schema\/person\/image\/\",\"url\":\"https:\/\/secure.gravatar.com\/avatar\/f941e681460179738071629a51574930?s=96&d=mm&r=g\",\"contentUrl\":\"https:\/\/secure.gravatar.com\/avatar\/f941e681460179738071629a51574930?s=96&d=mm&r=g\",\"caption\":\"Jean-Paul Erhard\"},\"url\":\"https:\/\/peoplesphere.be\/fr\/author\/jpe\/\"}]}<\/script>\n<!-- \/ Yoast SEO plugin. -->","yoast_head_json":{"title":"L'\u00e9tat f\u00e9d\u00e9ral inaugure des bureaux satellites dans 15 villes \u00e0 travers la Belgique. - Peoplesphere","robots":{"index":"index","follow":"follow","max-snippet":"max-snippet:-1","max-image-preview":"max-image-preview:large","max-video-preview":"max-video-preview:-1"},"canonical":"https:\/\/peoplesphere.be\/fr\/letat-federal-inaugure-bureaux-satellites-15-villes-a-travers-belgique\/","og_locale":"fr_FR","og_type":"article","og_title":"L'\u00e9tat f\u00e9d\u00e9ral inaugure des bureaux satellites dans 15 villes \u00e0 travers la Belgique. - Peoplesphere","og_description":"Ce mardi 2 mai 2017, Jan Jambon, vice-Premier ministre et ministre de la S\u00e9curit\u00e9 et de l\u2019Int\u00e9rieur, charg\u00e9 de la R\u00e9gie des B\u00e2timents, inaugure le bureau satellite interf\u00e9d\u00e9ral de Charleroi. Des bureaux satellites ouvriront dans 15 villes o\u00f9 98 postes [&hellip;]","og_url":"https:\/\/peoplesphere.be\/fr\/letat-federal-inaugure-bureaux-satellites-15-villes-a-travers-belgique\/","og_site_name":"Peoplesphere","article_publisher":"https:\/\/www.facebook.com\/peoplesphere","article_published_time":"2017-05-02T16:47:38+00:00","og_image":[{"url":"http:\/\/www.peoplesphere.be\/fr\/wp-content\/uploads\/2016\/07\/facebook-default-posting-1200x628px.jpg"}],"author":"Jean-Paul Erhard","twitter_card":"summary_large_image","twitter_creator":"@PeoplesphereMag","twitter_site":"@PeoplesphereMag","twitter_misc":{"\u00c9crit par":"Jean-Paul Erhard","Dur\u00e9e de lecture estim\u00e9e":"5 minutes"},"schema":{"@context":"https:\/\/schema.org","@graph":[{"@type":"Article","@id":"https:\/\/peoplesphere.be\/fr\/letat-federal-inaugure-bureaux-satellites-15-villes-a-travers-belgique\/#article","isPartOf":{"@id":"https:\/\/peoplesphere.be\/fr\/letat-federal-inaugure-bureaux-satellites-15-villes-a-travers-belgique\/"},"author":{"name":"Jean-Paul Erhard","@id":"https:\/\/peoplesphere.be\/fr\/#\/schema\/person\/7976225ff17988604334abb7b3536a7e"},"headline":"L&rsquo;\u00e9tat f\u00e9d\u00e9ral inaugure des bureaux satellites dans 15 villes \u00e0 travers la Belgique.","datePublished":"2017-05-02T16:47:38+00:00","dateModified":"2017-05-02T16:47:38+00:00","mainEntityOfPage":{"@id":"https:\/\/peoplesphere.be\/fr\/letat-federal-inaugure-bureaux-satellites-15-villes-a-travers-belgique\/"},"wordCount":917,"publisher":{"@id":"https:\/\/peoplesphere.be\/fr\/#organization"},"keywords":["bureau satellite","mobilit\u00e9","secteur public","SPF Finances","t\u00e9l\u00e9travail","travail \u00e0 domicile","travail mobile"],"articleSection":["Actualit\u00e9s","Digital"],"inLanguage":"fr-FR"},{"@type":"WebPage","@id":"https:\/\/peoplesphere.be\/fr\/letat-federal-inaugure-bureaux-satellites-15-villes-a-travers-belgique\/","url":"https:\/\/peoplesphere.be\/fr\/letat-federal-inaugure-bureaux-satellites-15-villes-a-travers-belgique\/","name":"L'\u00e9tat f\u00e9d\u00e9ral inaugure des bureaux satellites dans 15 villes \u00e0 travers la Belgique. - Peoplesphere","isPartOf":{"@id":"https:\/\/peoplesphere.be\/fr\/#website"},"datePublished":"2017-05-02T16:47:38+00:00","dateModified":"2017-05-02T16:47:38+00:00","breadcrumb":{"@id":"https:\/\/peoplesphere.be\/fr\/letat-federal-inaugure-bureaux-satellites-15-villes-a-travers-belgique\/#breadcrumb"},"inLanguage":"fr-FR","potentialAction":[{"@type":"ReadAction","target":["https:\/\/peoplesphere.be\/fr\/letat-federal-inaugure-bureaux-satellites-15-villes-a-travers-belgique\/"]}]},{"@type":"BreadcrumbList","@id":"https:\/\/peoplesphere.be\/fr\/letat-federal-inaugure-bureaux-satellites-15-villes-a-travers-belgique\/#breadcrumb","itemListElement":[{"@type":"ListItem","position":1,"name":"Accueil","item":"https:\/\/peoplesphere.be\/fr\/"},{"@type":"ListItem","position":2,"name":"L&rsquo;\u00e9tat f\u00e9d\u00e9ral inaugure des bureaux satellites dans 15 villes \u00e0 travers la Belgique."}]},{"@type":"WebSite","@id":"https:\/\/peoplesphere.be\/fr\/#website","url":"https:\/\/peoplesphere.be\/fr\/","name":"Peoplesphere","description":"The People Managers Magazine","publisher":{"@id":"https:\/\/peoplesphere.be\/fr\/#organization"},"potentialAction":[{"@type":"SearchAction","target":{"@type":"EntryPoint","urlTemplate":"https:\/\/peoplesphere.be\/fr\/?s={search_term_string}"},"query-input":"required name=search_term_string"}],"inLanguage":"fr-FR"},{"@type":"Organization","@id":"https:\/\/peoplesphere.be\/fr\/#organization","name":"Peoplesphere Company srl","url":"https:\/\/peoplesphere.be\/fr\/","logo":{"@type":"ImageObject","inLanguage":"fr-FR","@id":"https:\/\/peoplesphere.be\/fr\/#\/schema\/logo\/image\/","url":"https:\/\/peoplesphere.be\/fr\/wp-content\/uploads\/2023\/07\/peoplesphere-lgo-new-generik.jpg","contentUrl":"https:\/\/peoplesphere.be\/fr\/wp-content\/uploads\/2023\/07\/peoplesphere-lgo-new-generik.jpg","width":1031,"height":1479,"caption":"Peoplesphere Company srl"},"image":{"@id":"https:\/\/peoplesphere.be\/fr\/#\/schema\/logo\/image\/"},"sameAs":["https:\/\/www.facebook.com\/peoplesphere","https:\/\/twitter.com\/PeoplesphereMag","https:\/\/www.linkedin.com\/company\/7587361?trk","http:\/\/youtube.com\/peoplesphere"]},{"@type":"Person","@id":"https:\/\/peoplesphere.be\/fr\/#\/schema\/person\/7976225ff17988604334abb7b3536a7e","name":"Jean-Paul Erhard","image":{"@type":"ImageObject","inLanguage":"fr-FR","@id":"https:\/\/peoplesphere.be\/fr\/#\/schema\/person\/image\/","url":"https:\/\/secure.gravatar.com\/avatar\/f941e681460179738071629a51574930?s=96&d=mm&r=g","contentUrl":"https:\/\/secure.gravatar.com\/avatar\/f941e681460179738071629a51574930?s=96&d=mm&r=g","caption":"Jean-Paul Erhard"},"url":"https:\/\/peoplesphere.be\/fr\/author\/jpe\/"}]}},"_links":{"self":[{"href":"https:\/\/peoplesphere.be\/fr\/wp-json\/wp\/v2\/posts\/4320"}],"collection":[{"href":"https:\/\/peoplesphere.be\/fr\/wp-json\/wp\/v2\/posts"}],"about":[{"href":"https:\/\/peoplesphere.be\/fr\/wp-json\/wp\/v2\/types\/post"}],"author":[{"embeddable":true,"href":"https:\/\/peoplesphere.be\/fr\/wp-json\/wp\/v2\/users\/2"}],"replies":[{"embeddable":true,"href":"https:\/\/peoplesphere.be\/fr\/wp-json\/wp\/v2\/comments?post=4320"}],"version-history":[{"count":1,"href":"https:\/\/peoplesphere.be\/fr\/wp-json\/wp\/v2\/posts\/4320\/revisions"}],"predecessor-version":[{"id":4321,"href":"https:\/\/peoplesphere.be\/fr\/wp-json\/wp\/v2\/posts\/4320\/revisions\/4321"}],"wp:attachment":[{"href":"https:\/\/peoplesphere.be\/fr\/wp-json\/wp\/v2\/media?parent=4320"}],"wp:term":[{"taxonomy":"category","embeddable":true,"href":"https:\/\/peoplesphere.be\/fr\/wp-json\/wp\/v2\/categories?post=4320"},{"taxonomy":"post_tag","embeddable":true,"href":"https:\/\/peoplesphere.be\/fr\/wp-json\/wp\/v2\/tags?post=4320"}],"curies":[{"name":"wp","href":"https:\/\/api.w.org\/{rel}","templated":true}]}}