









{"id":4527,"date":"2017-06-01T05:44:49","date_gmt":"2017-06-01T03:44:49","guid":{"rendered":"http:\/\/www.peoplesphere.be\/fr\/?p=4527"},"modified":"2017-06-01T06:04:36","modified_gmt":"2017-06-01T04:04:36","slug":"transition-numerique-lenjeu-cest-montee-gamme-capital-humain","status":"publish","type":"post","link":"https:\/\/peoplesphere.be\/fr\/transition-numerique-lenjeu-cest-montee-gamme-capital-humain\/","title":{"rendered":"Transition num\u00e9rique: \u00ab\u00a0l&rsquo;enjeu, c&rsquo;est la mont\u00e9e en gamme du capital humain.\u00a0\u00bb"},"content":{"rendered":"<p>Le d\u00e9fi de la num\u00e9risation est double selon Gilles Babinet, champion digital de la France aupr\u00e8s de la Commission Europ\u00e9enne. Interrog\u00e9 par le quotidien La Tribune, il rel\u00e8ve que l&rsquo;uberisation installe une pression \u00e0 la fois sur notre fiscalit\u00e9 et sur notre aptitude \u00e0 d\u00e9velopper notre capital humain.<!--more--><\/p>\n<p>L&rsquo;expert fran\u00e7ais pr\u00e9cise d&#8217;embl\u00e9e lors de cet entretien: <em>\u00ab\u00a0le coeur du r\u00e9acteur de cette r\u00e9volution, ce sont les politiques structurelles, l&rsquo;\u00e9ducation, l&rsquo;enseignement sup\u00e9rieur, la modernisation de l&rsquo;\u00c9tat! Les enjeux num\u00e9riques, bien que pr\u00e9sents dans les d\u00e9clarations d&rsquo;intentions des acteurs politiques, ne se traduisent que tr\u00e8s peu en politiques concr\u00e8tes et ambitieuses. Le sujet, c&rsquo;est de se pr\u00e9parer au monde de demain : au sein du syst\u00e8me \u00e9ducatif, comment favoriser la collaboration, l&rsquo;imagination, la confiance? Voil\u00e0 ce que devraient apprendre en priorit\u00e9 la petite \u00e9cole et l&rsquo;\u00e9cole primaire \u00e0 nos enfants. C&rsquo;est fondamental : la confiance, c&rsquo;est ce qui permet l&rsquo;entrepreneuriat, une bonne gestion des communs, le travail avec les autres, la coconstruction. Il faut aussi probablement apprendre largement aux enfants cette grammaire moderne qu&rsquo;est le code. L&rsquo;objectif, ce n&rsquo;est pas de faire de tout le monde des codeurs, mais il faut que les gens comprennent ce qui se passe quand ils se servent de leur smartphone. C&rsquo;est indispensable pour \u00eatre acteur, et pas seulement consommateur, de la r\u00e9volution digitale, pour que tous comprennent et donc partagent le m\u00eame monde.\u00a0\u00bb<\/em><\/p>\n<p>Le p\u00e9rim\u00e8tre sur lequel nous devrions agir est europ\u00e9en. Comment ne pas passer \u00e0 c\u00f4t\u00e9 de la seconde vague ?\u00a0<em>\u00ab\u00a0En mettant en oeuvre des politiques publiques coordonn\u00e9es, probablement \u00e0 un niveau europ\u00e9en, pour cr\u00e9er des clusters de comp\u00e9tences, pour investir dans le temps long, dans l&rsquo;\u00e9ducation certainement, mais aussi sur des sujets ambitieux, \u00e0 l&rsquo;instar de ce que fait la Darpa am\u00e9ricaine [Defense advanced research projects agency, ndlr], l&rsquo;unit\u00e9 8.200 en Isra\u00ebl, etc. En cr\u00e9ant une vraie flexi-s\u00e9curit\u00e9 qui soit propre \u00e0 permettre la prise de risque et qui favorise ainsi l&rsquo;innovation de rupture&#8230;\u00a0\u00bb<\/em><\/p>\n<p><em><strong>La question de la productivit\u00e9.<\/strong><\/em><\/p>\n<p>Gilles Babinet poursuit : <em>\u00ab\u00a0Je note que beaucoup de nos maux sont d\u00e9pendants de la productivit\u00e9 : aussi bien la p\u00e9nibilit\u00e9 du travail que le fait de ne pas pouvoir choisir ce que l&rsquo;on veut faire dans la vie. Agir sur la productivit\u00e9, c&rsquo;est aborder des enjeux de lib\u00e9ration du travail tayloris\u00e9 et des enjeux de strat\u00e9gie de politique industrielle \u00e0 forte valeur ajout\u00e9e. Le cas &#8211; contest\u00e9 &#8211; du Royaume-Uni est int\u00e9ressant. Voil\u00e0 un pays critiqu\u00e9 pour les effets sociaux de son lib\u00e9ralisme, mais qui a fait un pari de long terme, celui de la mont\u00e9e en gamme. Aujourd&rsquo;hui, le num\u00e9rique p\u00e8se 10 points dans le PIB britannique. Ce pays a fait des efforts pour atteindre une v\u00e9ritable excellence universitaire, qui se manifeste par le grand nombre de prix Nobel britanniques, le nombre de licornes [anciennes startups valoris\u00e9es plus d&rsquo;1 milliard de dollars, ndlr], 17, contre 2 en France. \u00c0 moyen terme, cela pourrait se traduire par des progr\u00e8s sur les grands indicateurs \u00e9conomiques et sociaux : mobilit\u00e9 sociale et baisse de la pauvret\u00e9.\u00a0\u00bb<\/em><\/p>\n<p>La Tribune insiste ensuite sur le caract\u00e8re anxiog\u00e8ne de notre avenir.<\/p>\n<p><em>\u00ab\u00a0C&rsquo;est tout le sujet de la productivit\u00e9. Dans le transport, Uber, c&rsquo;est de la productivit\u00e9 par rapport aux taxis. La question politique, c&rsquo;est comment r\u00e9partir ces gains de productivit\u00e9. Il y a deux enjeux : l&rsquo;enjeu de captation de la valeur fiscale. L&rsquo;OCDE tente de faire avancer les choses et il faut s&rsquo;assurer que ce n&rsquo;est pas qu&rsquo;une tentative. Le deuxi\u00e8me d\u00e9fi &#8211; qui est li\u00e9 \u00e0 celui de la fiscalit\u00e9 c&rsquo;est la mont\u00e9e en gamme du capital humain.\u00a0\u00bb<\/em><\/p>\n<p>Comment agir ? En privil\u00e9giant le long terme&#8230; <em>\u00ab\u00a0Il faut des politiques de temps long : r\u00e9former l&rsquo;\u00e9cole, la confiance en soi, les mod\u00e8les d&rsquo;\u00e9ducation invers\u00e9s, en donnant par exemple de l&rsquo;autonomie au chef d&rsquo;\u00e9tablissement. Dans l&rsquo;enseignement sup\u00e9rieur, il faut aussi donner sensiblement plus d&rsquo;autonomie aux universit\u00e9s, sur le mod\u00e8le des grandes \u00e9coles, avec une libert\u00e9 des tarifs qui pourraient par exemple \u00eatre plafonn\u00e9s \u00e0 15.000 euros avec parall\u00e8lement, la mise en place de bourses d&rsquo;\u00c9tat \u00e0 0% remboursables en diff\u00e9r\u00e9, g\u00e9n\u00e9raliser les formations compl\u00e9mentaires au num\u00e9rique&#8230; Au Danemark, 100% des gens sortent de l&rsquo;enseignement sup\u00e9rieur avec une formation compl\u00e9mentaire au num\u00e9rique, quel que soit le secteur d&rsquo;\u00e9tudes : utiliser le cloud, un tableur ou les r\u00e9seaux sociaux, savoir faire un document partag\u00e9, ce sont des outils de productivit\u00e9 basiques&#8230;\u00a0\u00bb<\/em><\/p>\n<p>source : LaTribune.fr<\/p>\n","protected":false},"excerpt":{"rendered":"<p>Le d\u00e9fi de la num\u00e9risation est double selon Gilles Babinet, champion digital de la France aupr\u00e8s de la Commission Europ\u00e9enne. Interrog\u00e9 par le quotidien La Tribune, il rel\u00e8ve que l&rsquo;uberisation installe une pression \u00e0 la fois sur notre fiscalit\u00e9 et [&hellip;]<\/p>\n","protected":false},"author":2,"featured_media":0,"comment_status":"closed","ping_status":"open","sticky":false,"template":"","format":"standard","meta":[],"categories":[65,10],"tags":[1360,467,48,51,535,813],"yoast_head":"<!-- This site is optimized with the Yoast SEO plugin v21.0 - https:\/\/yoast.com\/wordpress\/plugins\/seo\/ -->\n<title>Transition num\u00e9rique: &quot;l&#039;enjeu, c&#039;est la mont\u00e9e en gamme du capital humain.&quot; - Peoplesphere<\/title>\n<meta name=\"robots\" content=\"index, follow, max-snippet:-1, max-image-preview:large, max-video-preview:-1\" \/>\n<link rel=\"canonical\" href=\"https:\/\/peoplesphere.be\/fr\/transition-numerique-lenjeu-cest-montee-gamme-capital-humain\/\" \/>\n<meta property=\"og:locale\" content=\"fr_FR\" \/>\n<meta property=\"og:type\" content=\"article\" \/>\n<meta property=\"og:title\" content=\"Transition num\u00e9rique: &quot;l&#039;enjeu, c&#039;est la mont\u00e9e en gamme du capital humain.&quot; - Peoplesphere\" \/>\n<meta property=\"og:description\" content=\"Le d\u00e9fi de la num\u00e9risation est double selon Gilles Babinet, champion digital de la France aupr\u00e8s de la Commission Europ\u00e9enne. Interrog\u00e9 par le quotidien La Tribune, il rel\u00e8ve que l&rsquo;uberisation installe une pression \u00e0 la fois sur notre fiscalit\u00e9 et [&hellip;]\" \/>\n<meta property=\"og:url\" content=\"https:\/\/peoplesphere.be\/fr\/transition-numerique-lenjeu-cest-montee-gamme-capital-humain\/\" \/>\n<meta property=\"og:site_name\" content=\"Peoplesphere\" \/>\n<meta property=\"article:publisher\" content=\"https:\/\/www.facebook.com\/peoplesphere\" \/>\n<meta property=\"article:published_time\" content=\"2017-06-01T03:44:49+00:00\" \/>\n<meta property=\"article:modified_time\" content=\"2017-06-01T04:04:36+00:00\" \/>\n<meta property=\"og:image\" content=\"http:\/\/www.peoplesphere.be\/fr\/wp-content\/uploads\/2016\/07\/facebook-default-posting-1200x628px.jpg\" \/>\n<meta name=\"author\" content=\"Jean-Paul Erhard\" \/>\n<meta name=\"twitter:card\" content=\"summary_large_image\" \/>\n<meta name=\"twitter:creator\" content=\"@PeoplesphereMag\" \/>\n<meta name=\"twitter:site\" content=\"@PeoplesphereMag\" \/>\n<meta name=\"twitter:label1\" content=\"\u00c9crit par\" \/>\n\t<meta name=\"twitter:data1\" content=\"Jean-Paul Erhard\" \/>\n\t<meta name=\"twitter:label2\" content=\"Dur\u00e9e de lecture estim\u00e9e\" \/>\n\t<meta name=\"twitter:data2\" content=\"4 minutes\" \/>\n<script type=\"application\/ld+json\" class=\"yoast-schema-graph\">{\"@context\":\"https:\/\/schema.org\",\"@graph\":[{\"@type\":\"Article\",\"@id\":\"https:\/\/peoplesphere.be\/fr\/transition-numerique-lenjeu-cest-montee-gamme-capital-humain\/#article\",\"isPartOf\":{\"@id\":\"https:\/\/peoplesphere.be\/fr\/transition-numerique-lenjeu-cest-montee-gamme-capital-humain\/\"},\"author\":{\"name\":\"Jean-Paul Erhard\",\"@id\":\"https:\/\/peoplesphere.be\/fr\/#\/schema\/person\/7976225ff17988604334abb7b3536a7e\"},\"headline\":\"Transition num\u00e9rique: \u00ab\u00a0l&rsquo;enjeu, c&rsquo;est la mont\u00e9e en gamme du capital humain.\u00a0\u00bb\",\"datePublished\":\"2017-06-01T03:44:49+00:00\",\"dateModified\":\"2017-06-01T04:04:36+00:00\",\"mainEntityOfPage\":{\"@id\":\"https:\/\/peoplesphere.be\/fr\/transition-numerique-lenjeu-cest-montee-gamme-capital-humain\/\"},\"wordCount\":788,\"publisher\":{\"@id\":\"https:\/\/peoplesphere.be\/fr\/#organization\"},\"keywords\":[\"capital humain\",\"enseignement\",\"Formation\",\"Learning\",\"r\u00e9volution digitale\",\"transition num\u00e9rique\"],\"articleSection\":[\"Actualit\u00e9s\",\"Digital\"],\"inLanguage\":\"fr-FR\"},{\"@type\":\"WebPage\",\"@id\":\"https:\/\/peoplesphere.be\/fr\/transition-numerique-lenjeu-cest-montee-gamme-capital-humain\/\",\"url\":\"https:\/\/peoplesphere.be\/fr\/transition-numerique-lenjeu-cest-montee-gamme-capital-humain\/\",\"name\":\"Transition num\u00e9rique: \\\"l'enjeu, c'est la mont\u00e9e en gamme du capital humain.\\\" - Peoplesphere\",\"isPartOf\":{\"@id\":\"https:\/\/peoplesphere.be\/fr\/#website\"},\"datePublished\":\"2017-06-01T03:44:49+00:00\",\"dateModified\":\"2017-06-01T04:04:36+00:00\",\"breadcrumb\":{\"@id\":\"https:\/\/peoplesphere.be\/fr\/transition-numerique-lenjeu-cest-montee-gamme-capital-humain\/#breadcrumb\"},\"inLanguage\":\"fr-FR\",\"potentialAction\":[{\"@type\":\"ReadAction\",\"target\":[\"https:\/\/peoplesphere.be\/fr\/transition-numerique-lenjeu-cest-montee-gamme-capital-humain\/\"]}]},{\"@type\":\"BreadcrumbList\",\"@id\":\"https:\/\/peoplesphere.be\/fr\/transition-numerique-lenjeu-cest-montee-gamme-capital-humain\/#breadcrumb\",\"itemListElement\":[{\"@type\":\"ListItem\",\"position\":1,\"name\":\"Accueil\",\"item\":\"https:\/\/peoplesphere.be\/fr\/\"},{\"@type\":\"ListItem\",\"position\":2,\"name\":\"Transition num\u00e9rique: \u00ab\u00a0l&rsquo;enjeu, c&rsquo;est la mont\u00e9e en gamme du capital humain.\u00a0\u00bb\"}]},{\"@type\":\"WebSite\",\"@id\":\"https:\/\/peoplesphere.be\/fr\/#website\",\"url\":\"https:\/\/peoplesphere.be\/fr\/\",\"name\":\"Peoplesphere\",\"description\":\"The People Managers Magazine\",\"publisher\":{\"@id\":\"https:\/\/peoplesphere.be\/fr\/#organization\"},\"potentialAction\":[{\"@type\":\"SearchAction\",\"target\":{\"@type\":\"EntryPoint\",\"urlTemplate\":\"https:\/\/peoplesphere.be\/fr\/?s={search_term_string}\"},\"query-input\":\"required name=search_term_string\"}],\"inLanguage\":\"fr-FR\"},{\"@type\":\"Organization\",\"@id\":\"https:\/\/peoplesphere.be\/fr\/#organization\",\"name\":\"Peoplesphere Company srl\",\"url\":\"https:\/\/peoplesphere.be\/fr\/\",\"logo\":{\"@type\":\"ImageObject\",\"inLanguage\":\"fr-FR\",\"@id\":\"https:\/\/peoplesphere.be\/fr\/#\/schema\/logo\/image\/\",\"url\":\"https:\/\/peoplesphere.be\/fr\/wp-content\/uploads\/2023\/07\/peoplesphere-lgo-new-generik.jpg\",\"contentUrl\":\"https:\/\/peoplesphere.be\/fr\/wp-content\/uploads\/2023\/07\/peoplesphere-lgo-new-generik.jpg\",\"width\":1031,\"height\":1479,\"caption\":\"Peoplesphere Company srl\"},\"image\":{\"@id\":\"https:\/\/peoplesphere.be\/fr\/#\/schema\/logo\/image\/\"},\"sameAs\":[\"https:\/\/www.facebook.com\/peoplesphere\",\"https:\/\/twitter.com\/PeoplesphereMag\",\"https:\/\/www.linkedin.com\/company\/7587361?trk\",\"http:\/\/youtube.com\/peoplesphere\"]},{\"@type\":\"Person\",\"@id\":\"https:\/\/peoplesphere.be\/fr\/#\/schema\/person\/7976225ff17988604334abb7b3536a7e\",\"name\":\"Jean-Paul Erhard\",\"image\":{\"@type\":\"ImageObject\",\"inLanguage\":\"fr-FR\",\"@id\":\"https:\/\/peoplesphere.be\/fr\/#\/schema\/person\/image\/\",\"url\":\"https:\/\/secure.gravatar.com\/avatar\/f941e681460179738071629a51574930?s=96&d=mm&r=g\",\"contentUrl\":\"https:\/\/secure.gravatar.com\/avatar\/f941e681460179738071629a51574930?s=96&d=mm&r=g\",\"caption\":\"Jean-Paul Erhard\"},\"url\":\"https:\/\/peoplesphere.be\/fr\/author\/jpe\/\"}]}<\/script>\n<!-- \/ Yoast SEO plugin. -->","yoast_head_json":{"title":"Transition num\u00e9rique: \"l'enjeu, c'est la mont\u00e9e en gamme du capital humain.\" - Peoplesphere","robots":{"index":"index","follow":"follow","max-snippet":"max-snippet:-1","max-image-preview":"max-image-preview:large","max-video-preview":"max-video-preview:-1"},"canonical":"https:\/\/peoplesphere.be\/fr\/transition-numerique-lenjeu-cest-montee-gamme-capital-humain\/","og_locale":"fr_FR","og_type":"article","og_title":"Transition num\u00e9rique: \"l'enjeu, c'est la mont\u00e9e en gamme du capital humain.\" - Peoplesphere","og_description":"Le d\u00e9fi de la num\u00e9risation est double selon Gilles Babinet, champion digital de la France aupr\u00e8s de la Commission Europ\u00e9enne. Interrog\u00e9 par le quotidien La Tribune, il rel\u00e8ve que l&rsquo;uberisation installe une pression \u00e0 la fois sur notre fiscalit\u00e9 et [&hellip;]","og_url":"https:\/\/peoplesphere.be\/fr\/transition-numerique-lenjeu-cest-montee-gamme-capital-humain\/","og_site_name":"Peoplesphere","article_publisher":"https:\/\/www.facebook.com\/peoplesphere","article_published_time":"2017-06-01T03:44:49+00:00","article_modified_time":"2017-06-01T04:04:36+00:00","og_image":[{"url":"http:\/\/www.peoplesphere.be\/fr\/wp-content\/uploads\/2016\/07\/facebook-default-posting-1200x628px.jpg"}],"author":"Jean-Paul Erhard","twitter_card":"summary_large_image","twitter_creator":"@PeoplesphereMag","twitter_site":"@PeoplesphereMag","twitter_misc":{"\u00c9crit par":"Jean-Paul Erhard","Dur\u00e9e de lecture estim\u00e9e":"4 minutes"},"schema":{"@context":"https:\/\/schema.org","@graph":[{"@type":"Article","@id":"https:\/\/peoplesphere.be\/fr\/transition-numerique-lenjeu-cest-montee-gamme-capital-humain\/#article","isPartOf":{"@id":"https:\/\/peoplesphere.be\/fr\/transition-numerique-lenjeu-cest-montee-gamme-capital-humain\/"},"author":{"name":"Jean-Paul Erhard","@id":"https:\/\/peoplesphere.be\/fr\/#\/schema\/person\/7976225ff17988604334abb7b3536a7e"},"headline":"Transition num\u00e9rique: \u00ab\u00a0l&rsquo;enjeu, c&rsquo;est la mont\u00e9e en gamme du capital humain.\u00a0\u00bb","datePublished":"2017-06-01T03:44:49+00:00","dateModified":"2017-06-01T04:04:36+00:00","mainEntityOfPage":{"@id":"https:\/\/peoplesphere.be\/fr\/transition-numerique-lenjeu-cest-montee-gamme-capital-humain\/"},"wordCount":788,"publisher":{"@id":"https:\/\/peoplesphere.be\/fr\/#organization"},"keywords":["capital humain","enseignement","Formation","Learning","r\u00e9volution digitale","transition num\u00e9rique"],"articleSection":["Actualit\u00e9s","Digital"],"inLanguage":"fr-FR"},{"@type":"WebPage","@id":"https:\/\/peoplesphere.be\/fr\/transition-numerique-lenjeu-cest-montee-gamme-capital-humain\/","url":"https:\/\/peoplesphere.be\/fr\/transition-numerique-lenjeu-cest-montee-gamme-capital-humain\/","name":"Transition num\u00e9rique: \"l'enjeu, c'est la mont\u00e9e en gamme du capital humain.\" - Peoplesphere","isPartOf":{"@id":"https:\/\/peoplesphere.be\/fr\/#website"},"datePublished":"2017-06-01T03:44:49+00:00","dateModified":"2017-06-01T04:04:36+00:00","breadcrumb":{"@id":"https:\/\/peoplesphere.be\/fr\/transition-numerique-lenjeu-cest-montee-gamme-capital-humain\/#breadcrumb"},"inLanguage":"fr-FR","potentialAction":[{"@type":"ReadAction","target":["https:\/\/peoplesphere.be\/fr\/transition-numerique-lenjeu-cest-montee-gamme-capital-humain\/"]}]},{"@type":"BreadcrumbList","@id":"https:\/\/peoplesphere.be\/fr\/transition-numerique-lenjeu-cest-montee-gamme-capital-humain\/#breadcrumb","itemListElement":[{"@type":"ListItem","position":1,"name":"Accueil","item":"https:\/\/peoplesphere.be\/fr\/"},{"@type":"ListItem","position":2,"name":"Transition num\u00e9rique: \u00ab\u00a0l&rsquo;enjeu, c&rsquo;est la mont\u00e9e en gamme du capital humain.\u00a0\u00bb"}]},{"@type":"WebSite","@id":"https:\/\/peoplesphere.be\/fr\/#website","url":"https:\/\/peoplesphere.be\/fr\/","name":"Peoplesphere","description":"The People Managers Magazine","publisher":{"@id":"https:\/\/peoplesphere.be\/fr\/#organization"},"potentialAction":[{"@type":"SearchAction","target":{"@type":"EntryPoint","urlTemplate":"https:\/\/peoplesphere.be\/fr\/?s={search_term_string}"},"query-input":"required name=search_term_string"}],"inLanguage":"fr-FR"},{"@type":"Organization","@id":"https:\/\/peoplesphere.be\/fr\/#organization","name":"Peoplesphere Company srl","url":"https:\/\/peoplesphere.be\/fr\/","logo":{"@type":"ImageObject","inLanguage":"fr-FR","@id":"https:\/\/peoplesphere.be\/fr\/#\/schema\/logo\/image\/","url":"https:\/\/peoplesphere.be\/fr\/wp-content\/uploads\/2023\/07\/peoplesphere-lgo-new-generik.jpg","contentUrl":"https:\/\/peoplesphere.be\/fr\/wp-content\/uploads\/2023\/07\/peoplesphere-lgo-new-generik.jpg","width":1031,"height":1479,"caption":"Peoplesphere Company srl"},"image":{"@id":"https:\/\/peoplesphere.be\/fr\/#\/schema\/logo\/image\/"},"sameAs":["https:\/\/www.facebook.com\/peoplesphere","https:\/\/twitter.com\/PeoplesphereMag","https:\/\/www.linkedin.com\/company\/7587361?trk","http:\/\/youtube.com\/peoplesphere"]},{"@type":"Person","@id":"https:\/\/peoplesphere.be\/fr\/#\/schema\/person\/7976225ff17988604334abb7b3536a7e","name":"Jean-Paul Erhard","image":{"@type":"ImageObject","inLanguage":"fr-FR","@id":"https:\/\/peoplesphere.be\/fr\/#\/schema\/person\/image\/","url":"https:\/\/secure.gravatar.com\/avatar\/f941e681460179738071629a51574930?s=96&d=mm&r=g","contentUrl":"https:\/\/secure.gravatar.com\/avatar\/f941e681460179738071629a51574930?s=96&d=mm&r=g","caption":"Jean-Paul Erhard"},"url":"https:\/\/peoplesphere.be\/fr\/author\/jpe\/"}]}},"_links":{"self":[{"href":"https:\/\/peoplesphere.be\/fr\/wp-json\/wp\/v2\/posts\/4527"}],"collection":[{"href":"https:\/\/peoplesphere.be\/fr\/wp-json\/wp\/v2\/posts"}],"about":[{"href":"https:\/\/peoplesphere.be\/fr\/wp-json\/wp\/v2\/types\/post"}],"author":[{"embeddable":true,"href":"https:\/\/peoplesphere.be\/fr\/wp-json\/wp\/v2\/users\/2"}],"replies":[{"embeddable":true,"href":"https:\/\/peoplesphere.be\/fr\/wp-json\/wp\/v2\/comments?post=4527"}],"version-history":[{"count":3,"href":"https:\/\/peoplesphere.be\/fr\/wp-json\/wp\/v2\/posts\/4527\/revisions"}],"predecessor-version":[{"id":4530,"href":"https:\/\/peoplesphere.be\/fr\/wp-json\/wp\/v2\/posts\/4527\/revisions\/4530"}],"wp:attachment":[{"href":"https:\/\/peoplesphere.be\/fr\/wp-json\/wp\/v2\/media?parent=4527"}],"wp:term":[{"taxonomy":"category","embeddable":true,"href":"https:\/\/peoplesphere.be\/fr\/wp-json\/wp\/v2\/categories?post=4527"},{"taxonomy":"post_tag","embeddable":true,"href":"https:\/\/peoplesphere.be\/fr\/wp-json\/wp\/v2\/tags?post=4527"}],"curies":[{"name":"wp","href":"https:\/\/api.w.org\/{rel}","templated":true}]}}