









{"id":4544,"date":"2017-06-08T05:21:59","date_gmt":"2017-06-08T03:21:59","guid":{"rendered":"http:\/\/www.peoplesphere.be\/fr\/?p=4544"},"modified":"2017-06-08T05:23:40","modified_gmt":"2017-06-08T03:23:40","slug":"106eme-conference-de-loit-lance-appel-faveur-dune-gouvernance-adaptee-aux-phenomenes-de-migration","status":"publish","type":"post","link":"https:\/\/peoplesphere.be\/fr\/106eme-conference-de-loit-lance-appel-faveur-dune-gouvernance-adaptee-aux-phenomenes-de-migration\/","title":{"rendered":"La 106\u00e8me conf\u00e9rence de l&rsquo;OIT lance un appel en faveur d&rsquo;une gouvernance adapt\u00e9e aux ph\u00e9nom\u00e8nes de migration."},"content":{"rendered":"<p>L&rsquo;OIT (Organisation Internationale du Travail) se r\u00e9unit chaque ann\u00e9e \u00e0 Gen\u00e8ve. La 106\u00e8me Conf\u00e9rence internationale du Travail a pour objectif la d\u00e9finition de sa politique g\u00e9n\u00e9rale. Le Directeur g\u00e9n\u00e9ral de l\u2019OIT vient d&rsquo;y lancer un appel en faveur d\u2019une \u00e9cologisation indispensable du monde du travail.<!--more--><\/p>\n<p>Ce parlement mondial du travail rassemble plus de 5 000 d\u00e9l\u00e9gu\u00e9s gouvernementaux, employeurs et travailleurs, en provenance des 187 Etats Membres de l\u2019OIT.<\/p>\n<p>A l&rsquo;occasion de la 106\u00e8me Conf\u00e9rence internationale du Travail,\u00a0Guy Ryder a en effet demand\u00e9 aux d\u00e9l\u00e9gu\u00e9s \u00e0 la 106e Conf\u00e9rence internationale du Travail d\u2019instaurer une gouvernance qui rende les migrations s\u00fbres, ordonn\u00e9es et r\u00e9guli\u00e8res.<\/p>\n<p>Le Directeur g\u00e9n\u00e9ral de l\u2019Organisation internationale du Travail (OIT), Guy Ryder, a dit aux d\u00e9l\u00e9gu\u00e9s que rien ne distinguerait plus clairement les cent premi\u00e8res ann\u00e9es de l\u2019histoire de l\u2019OIT du centenaire suivant que <em>\u00abla n\u00e9cessaire \u00e9cologisation du monde du travail\u00bb.<\/em><\/p>\n<p><strong><em>Des emplois d\u00e9cents \u00e0 cr\u00e9er gr\u00e2ce \u00e0 l&rsquo;\u00e9cologie.<\/em><\/strong><\/p>\n<p><em>\u00ab\u00a0Aujourd\u2019hui, l\u2019Accord de Paris et les engagements nationaux pris dans ce cadre, ainsi le programme de d\u00e9veloppement durable \u00e0 l\u2019horizon 2030 , nous offrent une occasion unique de traduire le consensus tripartite que nous avons obtenu en actions \u00e0 grande \u00e9chelle, sur le terrain, avec les Etats Membres\u00a0\u00bb<\/em>, a d\u00e9clar\u00e9 M. Ryder dans son discours d\u2019ouverture de la 106e session de la Conf\u00e9rence internationale du Travail (CIT).<\/p>\n<p>Pr\u00e9sentant son rapport \u00e0 la CIT, intitul\u00e9 cette ann\u00e9e Travail et changement climatique: l\u2019initiative verte , M. Ryder a d\u00e9clar\u00e9 qu\u2019il \u00ab\u00a0<em>mettait en \u00e9vidence l\u2019immense potentiel de cr\u00e9ation d\u2019emplois d\u00e9cents, de d\u00e9veloppement \u00e9quilibr\u00e9 et de croissance soutenue qu\u2019offre l\u2019\u00e9cologisation de la production\u00a0\u00bb<\/em>.<\/p>\n<p><em>\u00ab\u00a0Nous avons besoin de politiques ad\u00e9quates pour que la transition se concr\u00e9tise et soit juste\u00a0\u00bb<\/em>, a-t-il relev\u00e9. <em>\u00ab\u00a0Comme tout processus de changement dans le travail, cela exigera les efforts combin\u00e9s des gouvernements, des employeurs et des travailleurs au travers du dialogue social.\u00a0\u00bb<\/em><\/p>\n<p>Le Directeur g\u00e9n\u00e9ral a aussi rappel\u00e9 que la gouvernance des migrations de main-d\u2019\u0153uvre \u00e9tait \u00e0 la fois une responsabilit\u00e9 constitutionnelle de l\u2019OIT et une priorit\u00e9 de l\u2019agenda politique international, avec l\u2019adoption d\u2019un Pacte mondial avant l\u2019Assembl\u00e9e G\u00e9n\u00e9rale de l\u2019ONU l\u2019an prochain. Cette ann\u00e9e, une commission sp\u00e9ciale de la Conf\u00e9rence discutera des migrations de main-d\u2019\u0153uvre et des enjeux de gouvernance, et ses conclusions devraient enrichir les discussions aux Nations Unies.<\/p>\n<p><em>\u00ab\u00a0Mais nous avons besoin de chacun pour construire une gouvernance qui rende les migrations s\u00fbres, ordonn\u00e9es et r\u00e9guli\u00e8res, et nous avons la chance de pouvoir commencer ici, pendant cette Conf\u00e9rence\u00a0\u00bb<\/em>, a-t-il ajout\u00e9.<\/p>\n<p>Au cours de la Conf\u00e9rence, les commissions des repr\u00e9sentants travailleurs, employeurs et gouvernementaux vont \u00e9tudier comment promouvoir au mieux la paix et la stabilit\u00e9 \u00e0 travers une possible r\u00e9vision de la recommandation (n\u00b0 71) sur l\u2019emploi (transition de la guerre \u00e0 la paix), 1944 . La promotion du travail d\u00e9cent est primordiale dans les pays qui sortent d\u2019une crise, d\u2019un conflit ou d\u2019une catastrophe naturelle.<\/p>\n<p>Une autre commission d\u00e9battra des principes et droits fondamentaux au travail au titre du suivi de la D\u00e9claration de l\u2019OIT sur la justice sociale pour une mondialisation \u00e9quitable. La Commission de l\u2019application des normes traitera de la situation des droits des travailleurs dans diff\u00e9rents pays du monde et, cette ann\u00e9e, elle se penchera en particulier sur la s\u00e9curit\u00e9 et la sant\u00e9 au travail (SST) \u2013 sur la base d\u2019une \u00e9tude d\u2019ensemble sur les instruments de SST relatifs au cadre promotionnel, \u00e0 la construction, aux mines et \u00e0 l\u2019agriculture.<\/p>\n<p>Le 15 juin, un Sommet de haut niveau sur le monde du Travail abordera la situation des femmes sur le march\u00e9 du travail \u2013 avec la participation des Pr\u00e9sidents de Malte, de Maurice et du N\u00e9pal.<\/p>\n<p>La premi\u00e8re journ\u00e9e de la Conf\u00e9rence a vu Luis Ernesto Carles, ministre du Travail du Panama, \u00e9lu Pr\u00e9sident de la Conf\u00e9rence pour toute la dur\u00e9e de ses travaux, du 5 au 16 juin.<\/p>\n<p><em>Source : OIT &#8211; ILO<\/em><\/p>\n","protected":false},"excerpt":{"rendered":"<p>L&rsquo;OIT (Organisation Internationale du Travail) se r\u00e9unit chaque ann\u00e9e \u00e0 Gen\u00e8ve. La 106\u00e8me Conf\u00e9rence internationale du Travail a pour objectif la d\u00e9finition de sa politique g\u00e9n\u00e9rale. Le Directeur g\u00e9n\u00e9ral de l\u2019OIT vient d&rsquo;y lancer un appel en faveur d\u2019une \u00e9cologisation [&hellip;]<\/p>\n","protected":false},"author":2,"featured_media":0,"comment_status":"closed","ping_status":"open","sticky":false,"template":"","format":"standard","meta":[],"categories":[65,10],"tags":[1177,269,656,584,1114],"yoast_head":"<!-- This site is optimized with the Yoast SEO plugin v21.0 - https:\/\/yoast.com\/wordpress\/plugins\/seo\/ -->\n<title>La 106\u00e8me conf\u00e9rence de l&#039;OIT lance un appel en faveur d&#039;une gouvernance adapt\u00e9e aux ph\u00e9nom\u00e8nes de migration. - Peoplesphere<\/title>\n<meta name=\"robots\" content=\"index, follow, max-snippet:-1, max-image-preview:large, max-video-preview:-1\" \/>\n<link rel=\"canonical\" href=\"https:\/\/peoplesphere.be\/fr\/106eme-conference-de-loit-lance-appel-faveur-dune-gouvernance-adaptee-aux-phenomenes-de-migration\/\" \/>\n<meta property=\"og:locale\" content=\"fr_FR\" \/>\n<meta property=\"og:type\" content=\"article\" \/>\n<meta property=\"og:title\" content=\"La 106\u00e8me conf\u00e9rence de l&#039;OIT lance un appel en faveur d&#039;une gouvernance adapt\u00e9e aux ph\u00e9nom\u00e8nes de migration. - Peoplesphere\" \/>\n<meta property=\"og:description\" content=\"L&rsquo;OIT (Organisation Internationale du Travail) se r\u00e9unit chaque ann\u00e9e \u00e0 Gen\u00e8ve. La 106\u00e8me Conf\u00e9rence internationale du Travail a pour objectif la d\u00e9finition de sa politique g\u00e9n\u00e9rale. Le Directeur g\u00e9n\u00e9ral de l\u2019OIT vient d&rsquo;y lancer un appel en faveur d\u2019une \u00e9cologisation [&hellip;]\" \/>\n<meta property=\"og:url\" content=\"https:\/\/peoplesphere.be\/fr\/106eme-conference-de-loit-lance-appel-faveur-dune-gouvernance-adaptee-aux-phenomenes-de-migration\/\" \/>\n<meta property=\"og:site_name\" content=\"Peoplesphere\" \/>\n<meta property=\"article:publisher\" content=\"https:\/\/www.facebook.com\/peoplesphere\" \/>\n<meta property=\"article:published_time\" content=\"2017-06-08T03:21:59+00:00\" \/>\n<meta property=\"article:modified_time\" content=\"2017-06-08T03:23:40+00:00\" \/>\n<meta property=\"og:image\" content=\"http:\/\/www.peoplesphere.be\/fr\/wp-content\/uploads\/2016\/07\/facebook-default-posting-1200x628px.jpg\" \/>\n<meta name=\"author\" content=\"Jean-Paul Erhard\" \/>\n<meta name=\"twitter:card\" content=\"summary_large_image\" \/>\n<meta name=\"twitter:creator\" content=\"@PeoplesphereMag\" \/>\n<meta name=\"twitter:site\" content=\"@PeoplesphereMag\" \/>\n<meta name=\"twitter:label1\" content=\"\u00c9crit par\" \/>\n\t<meta name=\"twitter:data1\" content=\"Jean-Paul Erhard\" \/>\n\t<meta name=\"twitter:label2\" content=\"Dur\u00e9e de lecture estim\u00e9e\" \/>\n\t<meta name=\"twitter:data2\" content=\"4 minutes\" \/>\n<script type=\"application\/ld+json\" class=\"yoast-schema-graph\">{\"@context\":\"https:\/\/schema.org\",\"@graph\":[{\"@type\":\"Article\",\"@id\":\"https:\/\/peoplesphere.be\/fr\/106eme-conference-de-loit-lance-appel-faveur-dune-gouvernance-adaptee-aux-phenomenes-de-migration\/#article\",\"isPartOf\":{\"@id\":\"https:\/\/peoplesphere.be\/fr\/106eme-conference-de-loit-lance-appel-faveur-dune-gouvernance-adaptee-aux-phenomenes-de-migration\/\"},\"author\":{\"name\":\"Jean-Paul Erhard\",\"@id\":\"https:\/\/peoplesphere.be\/fr\/#\/schema\/person\/7976225ff17988604334abb7b3536a7e\"},\"headline\":\"La 106\u00e8me conf\u00e9rence de l&rsquo;OIT lance un appel en faveur d&rsquo;une gouvernance adapt\u00e9e aux ph\u00e9nom\u00e8nes de migration.\",\"datePublished\":\"2017-06-08T03:21:59+00:00\",\"dateModified\":\"2017-06-08T03:23:40+00:00\",\"mainEntityOfPage\":{\"@id\":\"https:\/\/peoplesphere.be\/fr\/106eme-conference-de-loit-lance-appel-faveur-dune-gouvernance-adaptee-aux-phenomenes-de-migration\/\"},\"wordCount\":734,\"publisher\":{\"@id\":\"https:\/\/peoplesphere.be\/fr\/#organization\"},\"keywords\":[\"dialogue social\",\"gouvernance\",\"migration\",\"OIT\",\"travail d\u00e9cent\"],\"articleSection\":[\"Actualit\u00e9s\",\"Digital\"],\"inLanguage\":\"fr-FR\"},{\"@type\":\"WebPage\",\"@id\":\"https:\/\/peoplesphere.be\/fr\/106eme-conference-de-loit-lance-appel-faveur-dune-gouvernance-adaptee-aux-phenomenes-de-migration\/\",\"url\":\"https:\/\/peoplesphere.be\/fr\/106eme-conference-de-loit-lance-appel-faveur-dune-gouvernance-adaptee-aux-phenomenes-de-migration\/\",\"name\":\"La 106\u00e8me conf\u00e9rence de l'OIT lance un appel en faveur d'une gouvernance adapt\u00e9e aux ph\u00e9nom\u00e8nes de migration. - Peoplesphere\",\"isPartOf\":{\"@id\":\"https:\/\/peoplesphere.be\/fr\/#website\"},\"datePublished\":\"2017-06-08T03:21:59+00:00\",\"dateModified\":\"2017-06-08T03:23:40+00:00\",\"breadcrumb\":{\"@id\":\"https:\/\/peoplesphere.be\/fr\/106eme-conference-de-loit-lance-appel-faveur-dune-gouvernance-adaptee-aux-phenomenes-de-migration\/#breadcrumb\"},\"inLanguage\":\"fr-FR\",\"potentialAction\":[{\"@type\":\"ReadAction\",\"target\":[\"https:\/\/peoplesphere.be\/fr\/106eme-conference-de-loit-lance-appel-faveur-dune-gouvernance-adaptee-aux-phenomenes-de-migration\/\"]}]},{\"@type\":\"BreadcrumbList\",\"@id\":\"https:\/\/peoplesphere.be\/fr\/106eme-conference-de-loit-lance-appel-faveur-dune-gouvernance-adaptee-aux-phenomenes-de-migration\/#breadcrumb\",\"itemListElement\":[{\"@type\":\"ListItem\",\"position\":1,\"name\":\"Accueil\",\"item\":\"https:\/\/peoplesphere.be\/fr\/\"},{\"@type\":\"ListItem\",\"position\":2,\"name\":\"La 106\u00e8me conf\u00e9rence de l&rsquo;OIT lance un appel en faveur d&rsquo;une gouvernance adapt\u00e9e aux ph\u00e9nom\u00e8nes de migration.\"}]},{\"@type\":\"WebSite\",\"@id\":\"https:\/\/peoplesphere.be\/fr\/#website\",\"url\":\"https:\/\/peoplesphere.be\/fr\/\",\"name\":\"Peoplesphere\",\"description\":\"The People Managers Magazine\",\"publisher\":{\"@id\":\"https:\/\/peoplesphere.be\/fr\/#organization\"},\"potentialAction\":[{\"@type\":\"SearchAction\",\"target\":{\"@type\":\"EntryPoint\",\"urlTemplate\":\"https:\/\/peoplesphere.be\/fr\/?s={search_term_string}\"},\"query-input\":\"required name=search_term_string\"}],\"inLanguage\":\"fr-FR\"},{\"@type\":\"Organization\",\"@id\":\"https:\/\/peoplesphere.be\/fr\/#organization\",\"name\":\"Peoplesphere Company srl\",\"url\":\"https:\/\/peoplesphere.be\/fr\/\",\"logo\":{\"@type\":\"ImageObject\",\"inLanguage\":\"fr-FR\",\"@id\":\"https:\/\/peoplesphere.be\/fr\/#\/schema\/logo\/image\/\",\"url\":\"https:\/\/peoplesphere.be\/fr\/wp-content\/uploads\/2023\/07\/peoplesphere-lgo-new-generik.jpg\",\"contentUrl\":\"https:\/\/peoplesphere.be\/fr\/wp-content\/uploads\/2023\/07\/peoplesphere-lgo-new-generik.jpg\",\"width\":1031,\"height\":1479,\"caption\":\"Peoplesphere Company srl\"},\"image\":{\"@id\":\"https:\/\/peoplesphere.be\/fr\/#\/schema\/logo\/image\/\"},\"sameAs\":[\"https:\/\/www.facebook.com\/peoplesphere\",\"https:\/\/twitter.com\/PeoplesphereMag\",\"https:\/\/www.linkedin.com\/company\/7587361?trk\",\"http:\/\/youtube.com\/peoplesphere\"]},{\"@type\":\"Person\",\"@id\":\"https:\/\/peoplesphere.be\/fr\/#\/schema\/person\/7976225ff17988604334abb7b3536a7e\",\"name\":\"Jean-Paul Erhard\",\"image\":{\"@type\":\"ImageObject\",\"inLanguage\":\"fr-FR\",\"@id\":\"https:\/\/peoplesphere.be\/fr\/#\/schema\/person\/image\/\",\"url\":\"https:\/\/secure.gravatar.com\/avatar\/f941e681460179738071629a51574930?s=96&d=mm&r=g\",\"contentUrl\":\"https:\/\/secure.gravatar.com\/avatar\/f941e681460179738071629a51574930?s=96&d=mm&r=g\",\"caption\":\"Jean-Paul Erhard\"},\"url\":\"https:\/\/peoplesphere.be\/fr\/author\/jpe\/\"}]}<\/script>\n<!-- \/ Yoast SEO plugin. -->","yoast_head_json":{"title":"La 106\u00e8me conf\u00e9rence de l'OIT lance un appel en faveur d'une gouvernance adapt\u00e9e aux ph\u00e9nom\u00e8nes de migration. - Peoplesphere","robots":{"index":"index","follow":"follow","max-snippet":"max-snippet:-1","max-image-preview":"max-image-preview:large","max-video-preview":"max-video-preview:-1"},"canonical":"https:\/\/peoplesphere.be\/fr\/106eme-conference-de-loit-lance-appel-faveur-dune-gouvernance-adaptee-aux-phenomenes-de-migration\/","og_locale":"fr_FR","og_type":"article","og_title":"La 106\u00e8me conf\u00e9rence de l'OIT lance un appel en faveur d'une gouvernance adapt\u00e9e aux ph\u00e9nom\u00e8nes de migration. - Peoplesphere","og_description":"L&rsquo;OIT (Organisation Internationale du Travail) se r\u00e9unit chaque ann\u00e9e \u00e0 Gen\u00e8ve. La 106\u00e8me Conf\u00e9rence internationale du Travail a pour objectif la d\u00e9finition de sa politique g\u00e9n\u00e9rale. Le Directeur g\u00e9n\u00e9ral de l\u2019OIT vient d&rsquo;y lancer un appel en faveur d\u2019une \u00e9cologisation [&hellip;]","og_url":"https:\/\/peoplesphere.be\/fr\/106eme-conference-de-loit-lance-appel-faveur-dune-gouvernance-adaptee-aux-phenomenes-de-migration\/","og_site_name":"Peoplesphere","article_publisher":"https:\/\/www.facebook.com\/peoplesphere","article_published_time":"2017-06-08T03:21:59+00:00","article_modified_time":"2017-06-08T03:23:40+00:00","og_image":[{"url":"http:\/\/www.peoplesphere.be\/fr\/wp-content\/uploads\/2016\/07\/facebook-default-posting-1200x628px.jpg"}],"author":"Jean-Paul Erhard","twitter_card":"summary_large_image","twitter_creator":"@PeoplesphereMag","twitter_site":"@PeoplesphereMag","twitter_misc":{"\u00c9crit par":"Jean-Paul Erhard","Dur\u00e9e de lecture estim\u00e9e":"4 minutes"},"schema":{"@context":"https:\/\/schema.org","@graph":[{"@type":"Article","@id":"https:\/\/peoplesphere.be\/fr\/106eme-conference-de-loit-lance-appel-faveur-dune-gouvernance-adaptee-aux-phenomenes-de-migration\/#article","isPartOf":{"@id":"https:\/\/peoplesphere.be\/fr\/106eme-conference-de-loit-lance-appel-faveur-dune-gouvernance-adaptee-aux-phenomenes-de-migration\/"},"author":{"name":"Jean-Paul Erhard","@id":"https:\/\/peoplesphere.be\/fr\/#\/schema\/person\/7976225ff17988604334abb7b3536a7e"},"headline":"La 106\u00e8me conf\u00e9rence de l&rsquo;OIT lance un appel en faveur d&rsquo;une gouvernance adapt\u00e9e aux ph\u00e9nom\u00e8nes de migration.","datePublished":"2017-06-08T03:21:59+00:00","dateModified":"2017-06-08T03:23:40+00:00","mainEntityOfPage":{"@id":"https:\/\/peoplesphere.be\/fr\/106eme-conference-de-loit-lance-appel-faveur-dune-gouvernance-adaptee-aux-phenomenes-de-migration\/"},"wordCount":734,"publisher":{"@id":"https:\/\/peoplesphere.be\/fr\/#organization"},"keywords":["dialogue social","gouvernance","migration","OIT","travail d\u00e9cent"],"articleSection":["Actualit\u00e9s","Digital"],"inLanguage":"fr-FR"},{"@type":"WebPage","@id":"https:\/\/peoplesphere.be\/fr\/106eme-conference-de-loit-lance-appel-faveur-dune-gouvernance-adaptee-aux-phenomenes-de-migration\/","url":"https:\/\/peoplesphere.be\/fr\/106eme-conference-de-loit-lance-appel-faveur-dune-gouvernance-adaptee-aux-phenomenes-de-migration\/","name":"La 106\u00e8me conf\u00e9rence de l'OIT lance un appel en faveur d'une gouvernance adapt\u00e9e aux ph\u00e9nom\u00e8nes de migration. - Peoplesphere","isPartOf":{"@id":"https:\/\/peoplesphere.be\/fr\/#website"},"datePublished":"2017-06-08T03:21:59+00:00","dateModified":"2017-06-08T03:23:40+00:00","breadcrumb":{"@id":"https:\/\/peoplesphere.be\/fr\/106eme-conference-de-loit-lance-appel-faveur-dune-gouvernance-adaptee-aux-phenomenes-de-migration\/#breadcrumb"},"inLanguage":"fr-FR","potentialAction":[{"@type":"ReadAction","target":["https:\/\/peoplesphere.be\/fr\/106eme-conference-de-loit-lance-appel-faveur-dune-gouvernance-adaptee-aux-phenomenes-de-migration\/"]}]},{"@type":"BreadcrumbList","@id":"https:\/\/peoplesphere.be\/fr\/106eme-conference-de-loit-lance-appel-faveur-dune-gouvernance-adaptee-aux-phenomenes-de-migration\/#breadcrumb","itemListElement":[{"@type":"ListItem","position":1,"name":"Accueil","item":"https:\/\/peoplesphere.be\/fr\/"},{"@type":"ListItem","position":2,"name":"La 106\u00e8me conf\u00e9rence de l&rsquo;OIT lance un appel en faveur d&rsquo;une gouvernance adapt\u00e9e aux ph\u00e9nom\u00e8nes de migration."}]},{"@type":"WebSite","@id":"https:\/\/peoplesphere.be\/fr\/#website","url":"https:\/\/peoplesphere.be\/fr\/","name":"Peoplesphere","description":"The People Managers Magazine","publisher":{"@id":"https:\/\/peoplesphere.be\/fr\/#organization"},"potentialAction":[{"@type":"SearchAction","target":{"@type":"EntryPoint","urlTemplate":"https:\/\/peoplesphere.be\/fr\/?s={search_term_string}"},"query-input":"required name=search_term_string"}],"inLanguage":"fr-FR"},{"@type":"Organization","@id":"https:\/\/peoplesphere.be\/fr\/#organization","name":"Peoplesphere Company srl","url":"https:\/\/peoplesphere.be\/fr\/","logo":{"@type":"ImageObject","inLanguage":"fr-FR","@id":"https:\/\/peoplesphere.be\/fr\/#\/schema\/logo\/image\/","url":"https:\/\/peoplesphere.be\/fr\/wp-content\/uploads\/2023\/07\/peoplesphere-lgo-new-generik.jpg","contentUrl":"https:\/\/peoplesphere.be\/fr\/wp-content\/uploads\/2023\/07\/peoplesphere-lgo-new-generik.jpg","width":1031,"height":1479,"caption":"Peoplesphere Company srl"},"image":{"@id":"https:\/\/peoplesphere.be\/fr\/#\/schema\/logo\/image\/"},"sameAs":["https:\/\/www.facebook.com\/peoplesphere","https:\/\/twitter.com\/PeoplesphereMag","https:\/\/www.linkedin.com\/company\/7587361?trk","http:\/\/youtube.com\/peoplesphere"]},{"@type":"Person","@id":"https:\/\/peoplesphere.be\/fr\/#\/schema\/person\/7976225ff17988604334abb7b3536a7e","name":"Jean-Paul Erhard","image":{"@type":"ImageObject","inLanguage":"fr-FR","@id":"https:\/\/peoplesphere.be\/fr\/#\/schema\/person\/image\/","url":"https:\/\/secure.gravatar.com\/avatar\/f941e681460179738071629a51574930?s=96&d=mm&r=g","contentUrl":"https:\/\/secure.gravatar.com\/avatar\/f941e681460179738071629a51574930?s=96&d=mm&r=g","caption":"Jean-Paul Erhard"},"url":"https:\/\/peoplesphere.be\/fr\/author\/jpe\/"}]}},"_links":{"self":[{"href":"https:\/\/peoplesphere.be\/fr\/wp-json\/wp\/v2\/posts\/4544"}],"collection":[{"href":"https:\/\/peoplesphere.be\/fr\/wp-json\/wp\/v2\/posts"}],"about":[{"href":"https:\/\/peoplesphere.be\/fr\/wp-json\/wp\/v2\/types\/post"}],"author":[{"embeddable":true,"href":"https:\/\/peoplesphere.be\/fr\/wp-json\/wp\/v2\/users\/2"}],"replies":[{"embeddable":true,"href":"https:\/\/peoplesphere.be\/fr\/wp-json\/wp\/v2\/comments?post=4544"}],"version-history":[{"count":2,"href":"https:\/\/peoplesphere.be\/fr\/wp-json\/wp\/v2\/posts\/4544\/revisions"}],"predecessor-version":[{"id":4546,"href":"https:\/\/peoplesphere.be\/fr\/wp-json\/wp\/v2\/posts\/4544\/revisions\/4546"}],"wp:attachment":[{"href":"https:\/\/peoplesphere.be\/fr\/wp-json\/wp\/v2\/media?parent=4544"}],"wp:term":[{"taxonomy":"category","embeddable":true,"href":"https:\/\/peoplesphere.be\/fr\/wp-json\/wp\/v2\/categories?post=4544"},{"taxonomy":"post_tag","embeddable":true,"href":"https:\/\/peoplesphere.be\/fr\/wp-json\/wp\/v2\/tags?post=4544"}],"curies":[{"name":"wp","href":"https:\/\/api.w.org\/{rel}","templated":true}]}}