









{"id":4582,"date":"2017-06-18T08:27:41","date_gmt":"2017-06-18T06:27:41","guid":{"rendered":"http:\/\/www.peoplesphere.be\/fr\/?p=4582"},"modified":"2017-06-18T08:28:36","modified_gmt":"2017-06-18T06:28:36","slug":"luc-cortebeeck-csc-elu-president-de-lorganisation-internationale-travail","status":"publish","type":"post","link":"https:\/\/peoplesphere.be\/fr\/luc-cortebeeck-csc-elu-president-de-lorganisation-internationale-travail\/","title":{"rendered":"Luc Cortebeeck (CSC) \u00e9lu pr\u00e9sident de l\u2019Organisation internationale du Travail."},"content":{"rendered":"<p>Le Conseil d\u2019administration de l\u2019Organisation internationale du Travail (OIT) a \u00e9lu Luc Cortebeeck, Pr\u00e9sident du Groupe des travailleurs et Vice-pr\u00e9sident du Conseil d\u2019administration de l\u2019OIT depuis 2011, \u00e0 la pr\u00e9sidence du Conseil pour 2017-18. Luc Cortebeeck remplace Ulrich Seidenberger, Ambassadeur et Repr\u00e9sentant permanent adjoint de l\u2019Allemagne aupr\u00e8s des Nations Unies \u00e0 Gen\u00e8ve, qui pr\u00e9sidait le Conseil d\u2019administration depuis juin 2016.<!--more--><\/p>\n<p>Luc Cortebeeck a derri\u00e8re lui une longue carri\u00e8re au sein du mouvement syndical, en Belgique comme \u00e0 l\u2019\u00e9chelle internationale. Il est aussi Pr\u00e9sident honoraire de la Conf\u00e9d\u00e9ration des syndicats chr\u00e9tiens de Belgique (ACV-CSC).<br \/>\nCatelene Passchier, jusqu\u2019\u00e0 r\u00e9cemment vice-pr\u00e9sidente de la Conf\u00e9d\u00e9ration syndicale des Pays-Bas (FNV), a \u00e9t\u00e9 nomm\u00e9e porte-parole du groupe des travailleurs .<br \/>\nLe Pr\u00e9sident et les deux vice-pr\u00e9sidents formeront le Bureau du Conseil d\u2019administration pour la p\u00e9riode 2017-18.<\/p>\n<p>A ce titre, il pr\u00e9sidera notamment le conseil d\u2019administration de l\u2019OIT. Ce n\u2019est que la quatri\u00e8me fois dans la longue histoire de l\u2019OIT, fond\u00e9e en 1919, que le pr\u00e9sident n\u2019est pas issu des cercles gouvernementaux. Lors de cette \u00e9lection, Luc Cortebeeck a re\u00e7u le soutien du groupe des travailleurs (qu\u2019il a pr\u00e9sid\u00e9 ces six derni\u00e8res ann\u00e9es), du groupe des employeurs et du groupe des gouvernements au sein de l\u2019OIT.<\/p>\n<p><em>\u00ab\u00a0C\u2019est une belle reconnaissance du travail accompli par Luc Cortebeeck sur le plan<br \/>\ninternational\u00a0\u00bb<\/em>, d\u00e9clare le Pr\u00e9sident de la CSC, Marc Leemans.<em> \u00ab\u00a0Ces derni\u00e8res ann\u00e9es, les pays qui foulent aux pieds les droits sociaux doivent rendre des comptes \u00e0 l\u2019OIT. Et \u00e0 Luc Cortebeeck !<\/em><br \/>\n<em> Son attitude est tr\u00e8s largement appr\u00e9ci\u00e9e. L\u2019Organisation Internationale du Travail a \u00e9galement une grande estime pour la mani\u00e8re dont il s\u2019efforce de d\u00e9gager syst\u00e9matiquement un consensus.\u00a0Son \u00e9lection traduit certainement aussi une reconnaissance \u00e0 l\u2019\u00e9chelle mondiale de la concertation sociale, dont la Belgique et ses partenaires sociaux sont les principaux repr\u00e9sentants. Si certains dans notre pays sont tent\u00e9s de remettre en cause le r\u00f4le central de la concertation sociale, de nombreux pays nous envient notre syst\u00e8me car il g\u00e9n\u00e8re de la prosp\u00e9rit\u00e9 et assure un \u00e9quilibre. L\u2019OIT avec sa structure tripartite unique en a parfaitement conscience. Ce n\u2019est pas un hasard si Luc Cortebeeck est \u00e9lu \u00e0 la pr\u00e9sidence de l\u2019OIT.\u00a0\u00bb<\/em><\/p>\n<p><em>Source : OIT &#8211; CSC<\/em><\/p>\n","protected":false},"excerpt":{"rendered":"<p>Le Conseil d\u2019administration de l\u2019Organisation internationale du Travail (OIT) a \u00e9lu Luc Cortebeeck, Pr\u00e9sident du Groupe des travailleurs et Vice-pr\u00e9sident du Conseil d\u2019administration de l\u2019OIT depuis 2011, \u00e0 la pr\u00e9sidence du Conseil pour 2017-18. Luc Cortebeeck remplace Ulrich Seidenberger, Ambassadeur [&hellip;]<\/p>\n","protected":false},"author":2,"featured_media":0,"comment_status":"closed","ping_status":"open","sticky":false,"template":"","format":"standard","meta":[],"categories":[65,10],"tags":[200,584,1376,199],"yoast_head":"<!-- This site is optimized with the Yoast SEO plugin v21.0 - https:\/\/yoast.com\/wordpress\/plugins\/seo\/ -->\n<title>Luc Cortebeeck (CSC) \u00e9lu pr\u00e9sident de l\u2019Organisation internationale du Travail. - Peoplesphere<\/title>\n<meta name=\"robots\" content=\"index, follow, max-snippet:-1, max-image-preview:large, max-video-preview:-1\" \/>\n<link rel=\"canonical\" href=\"https:\/\/peoplesphere.be\/fr\/luc-cortebeeck-csc-elu-president-de-lorganisation-internationale-travail\/\" \/>\n<meta property=\"og:locale\" content=\"fr_FR\" \/>\n<meta property=\"og:type\" content=\"article\" \/>\n<meta property=\"og:title\" content=\"Luc Cortebeeck (CSC) \u00e9lu pr\u00e9sident de l\u2019Organisation internationale du Travail. - Peoplesphere\" \/>\n<meta property=\"og:description\" content=\"Le Conseil d\u2019administration de l\u2019Organisation internationale du Travail (OIT) a \u00e9lu Luc Cortebeeck, Pr\u00e9sident du Groupe des travailleurs et Vice-pr\u00e9sident du Conseil d\u2019administration de l\u2019OIT depuis 2011, \u00e0 la pr\u00e9sidence du Conseil pour 2017-18. Luc Cortebeeck remplace Ulrich Seidenberger, Ambassadeur [&hellip;]\" \/>\n<meta property=\"og:url\" content=\"https:\/\/peoplesphere.be\/fr\/luc-cortebeeck-csc-elu-president-de-lorganisation-internationale-travail\/\" \/>\n<meta property=\"og:site_name\" content=\"Peoplesphere\" \/>\n<meta property=\"article:publisher\" content=\"https:\/\/www.facebook.com\/peoplesphere\" \/>\n<meta property=\"article:published_time\" content=\"2017-06-18T06:27:41+00:00\" \/>\n<meta property=\"article:modified_time\" content=\"2017-06-18T06:28:36+00:00\" \/>\n<meta property=\"og:image\" content=\"http:\/\/www.peoplesphere.be\/fr\/wp-content\/uploads\/2016\/07\/facebook-default-posting-1200x628px.jpg\" \/>\n<meta name=\"author\" content=\"Jean-Paul Erhard\" \/>\n<meta name=\"twitter:card\" content=\"summary_large_image\" \/>\n<meta name=\"twitter:creator\" content=\"@PeoplesphereMag\" \/>\n<meta name=\"twitter:site\" content=\"@PeoplesphereMag\" \/>\n<meta name=\"twitter:label1\" content=\"\u00c9crit par\" \/>\n\t<meta name=\"twitter:data1\" content=\"Jean-Paul Erhard\" \/>\n\t<meta name=\"twitter:label2\" content=\"Dur\u00e9e de lecture estim\u00e9e\" \/>\n\t<meta name=\"twitter:data2\" content=\"2 minutes\" \/>\n<script type=\"application\/ld+json\" class=\"yoast-schema-graph\">{\"@context\":\"https:\/\/schema.org\",\"@graph\":[{\"@type\":\"Article\",\"@id\":\"https:\/\/peoplesphere.be\/fr\/luc-cortebeeck-csc-elu-president-de-lorganisation-internationale-travail\/#article\",\"isPartOf\":{\"@id\":\"https:\/\/peoplesphere.be\/fr\/luc-cortebeeck-csc-elu-president-de-lorganisation-internationale-travail\/\"},\"author\":{\"name\":\"Jean-Paul Erhard\",\"@id\":\"https:\/\/peoplesphere.be\/fr\/#\/schema\/person\/7976225ff17988604334abb7b3536a7e\"},\"headline\":\"Luc Cortebeeck (CSC) \u00e9lu pr\u00e9sident de l\u2019Organisation internationale du Travail.\",\"datePublished\":\"2017-06-18T06:27:41+00:00\",\"dateModified\":\"2017-06-18T06:28:36+00:00\",\"mainEntityOfPage\":{\"@id\":\"https:\/\/peoplesphere.be\/fr\/luc-cortebeeck-csc-elu-president-de-lorganisation-internationale-travail\/\"},\"wordCount\":429,\"publisher\":{\"@id\":\"https:\/\/peoplesphere.be\/fr\/#organization\"},\"keywords\":[\"CSC\",\"OIT\",\"Organisation Internationale du Travail\",\"syndicat\"],\"articleSection\":[\"Actualit\u00e9s\",\"Digital\"],\"inLanguage\":\"fr-FR\"},{\"@type\":\"WebPage\",\"@id\":\"https:\/\/peoplesphere.be\/fr\/luc-cortebeeck-csc-elu-president-de-lorganisation-internationale-travail\/\",\"url\":\"https:\/\/peoplesphere.be\/fr\/luc-cortebeeck-csc-elu-president-de-lorganisation-internationale-travail\/\",\"name\":\"Luc Cortebeeck (CSC) \u00e9lu pr\u00e9sident de l\u2019Organisation internationale du Travail. - Peoplesphere\",\"isPartOf\":{\"@id\":\"https:\/\/peoplesphere.be\/fr\/#website\"},\"datePublished\":\"2017-06-18T06:27:41+00:00\",\"dateModified\":\"2017-06-18T06:28:36+00:00\",\"breadcrumb\":{\"@id\":\"https:\/\/peoplesphere.be\/fr\/luc-cortebeeck-csc-elu-president-de-lorganisation-internationale-travail\/#breadcrumb\"},\"inLanguage\":\"fr-FR\",\"potentialAction\":[{\"@type\":\"ReadAction\",\"target\":[\"https:\/\/peoplesphere.be\/fr\/luc-cortebeeck-csc-elu-president-de-lorganisation-internationale-travail\/\"]}]},{\"@type\":\"BreadcrumbList\",\"@id\":\"https:\/\/peoplesphere.be\/fr\/luc-cortebeeck-csc-elu-president-de-lorganisation-internationale-travail\/#breadcrumb\",\"itemListElement\":[{\"@type\":\"ListItem\",\"position\":1,\"name\":\"Accueil\",\"item\":\"https:\/\/peoplesphere.be\/fr\/\"},{\"@type\":\"ListItem\",\"position\":2,\"name\":\"Luc Cortebeeck (CSC) \u00e9lu pr\u00e9sident de l\u2019Organisation internationale du Travail.\"}]},{\"@type\":\"WebSite\",\"@id\":\"https:\/\/peoplesphere.be\/fr\/#website\",\"url\":\"https:\/\/peoplesphere.be\/fr\/\",\"name\":\"Peoplesphere\",\"description\":\"The People Managers Magazine\",\"publisher\":{\"@id\":\"https:\/\/peoplesphere.be\/fr\/#organization\"},\"potentialAction\":[{\"@type\":\"SearchAction\",\"target\":{\"@type\":\"EntryPoint\",\"urlTemplate\":\"https:\/\/peoplesphere.be\/fr\/?s={search_term_string}\"},\"query-input\":\"required name=search_term_string\"}],\"inLanguage\":\"fr-FR\"},{\"@type\":\"Organization\",\"@id\":\"https:\/\/peoplesphere.be\/fr\/#organization\",\"name\":\"Peoplesphere Company srl\",\"url\":\"https:\/\/peoplesphere.be\/fr\/\",\"logo\":{\"@type\":\"ImageObject\",\"inLanguage\":\"fr-FR\",\"@id\":\"https:\/\/peoplesphere.be\/fr\/#\/schema\/logo\/image\/\",\"url\":\"https:\/\/peoplesphere.be\/fr\/wp-content\/uploads\/2023\/07\/peoplesphere-lgo-new-generik.jpg\",\"contentUrl\":\"https:\/\/peoplesphere.be\/fr\/wp-content\/uploads\/2023\/07\/peoplesphere-lgo-new-generik.jpg\",\"width\":1031,\"height\":1479,\"caption\":\"Peoplesphere Company srl\"},\"image\":{\"@id\":\"https:\/\/peoplesphere.be\/fr\/#\/schema\/logo\/image\/\"},\"sameAs\":[\"https:\/\/www.facebook.com\/peoplesphere\",\"https:\/\/twitter.com\/PeoplesphereMag\",\"https:\/\/www.linkedin.com\/company\/7587361?trk\",\"http:\/\/youtube.com\/peoplesphere\"]},{\"@type\":\"Person\",\"@id\":\"https:\/\/peoplesphere.be\/fr\/#\/schema\/person\/7976225ff17988604334abb7b3536a7e\",\"name\":\"Jean-Paul Erhard\",\"image\":{\"@type\":\"ImageObject\",\"inLanguage\":\"fr-FR\",\"@id\":\"https:\/\/peoplesphere.be\/fr\/#\/schema\/person\/image\/\",\"url\":\"https:\/\/secure.gravatar.com\/avatar\/f941e681460179738071629a51574930?s=96&d=mm&r=g\",\"contentUrl\":\"https:\/\/secure.gravatar.com\/avatar\/f941e681460179738071629a51574930?s=96&d=mm&r=g\",\"caption\":\"Jean-Paul Erhard\"},\"url\":\"https:\/\/peoplesphere.be\/fr\/author\/jpe\/\"}]}<\/script>\n<!-- \/ Yoast SEO plugin. -->","yoast_head_json":{"title":"Luc Cortebeeck (CSC) \u00e9lu pr\u00e9sident de l\u2019Organisation internationale du Travail. - Peoplesphere","robots":{"index":"index","follow":"follow","max-snippet":"max-snippet:-1","max-image-preview":"max-image-preview:large","max-video-preview":"max-video-preview:-1"},"canonical":"https:\/\/peoplesphere.be\/fr\/luc-cortebeeck-csc-elu-president-de-lorganisation-internationale-travail\/","og_locale":"fr_FR","og_type":"article","og_title":"Luc Cortebeeck (CSC) \u00e9lu pr\u00e9sident de l\u2019Organisation internationale du Travail. - Peoplesphere","og_description":"Le Conseil d\u2019administration de l\u2019Organisation internationale du Travail (OIT) a \u00e9lu Luc Cortebeeck, Pr\u00e9sident du Groupe des travailleurs et Vice-pr\u00e9sident du Conseil d\u2019administration de l\u2019OIT depuis 2011, \u00e0 la pr\u00e9sidence du Conseil pour 2017-18. Luc Cortebeeck remplace Ulrich Seidenberger, Ambassadeur [&hellip;]","og_url":"https:\/\/peoplesphere.be\/fr\/luc-cortebeeck-csc-elu-president-de-lorganisation-internationale-travail\/","og_site_name":"Peoplesphere","article_publisher":"https:\/\/www.facebook.com\/peoplesphere","article_published_time":"2017-06-18T06:27:41+00:00","article_modified_time":"2017-06-18T06:28:36+00:00","og_image":[{"url":"http:\/\/www.peoplesphere.be\/fr\/wp-content\/uploads\/2016\/07\/facebook-default-posting-1200x628px.jpg"}],"author":"Jean-Paul Erhard","twitter_card":"summary_large_image","twitter_creator":"@PeoplesphereMag","twitter_site":"@PeoplesphereMag","twitter_misc":{"\u00c9crit par":"Jean-Paul Erhard","Dur\u00e9e de lecture estim\u00e9e":"2 minutes"},"schema":{"@context":"https:\/\/schema.org","@graph":[{"@type":"Article","@id":"https:\/\/peoplesphere.be\/fr\/luc-cortebeeck-csc-elu-president-de-lorganisation-internationale-travail\/#article","isPartOf":{"@id":"https:\/\/peoplesphere.be\/fr\/luc-cortebeeck-csc-elu-president-de-lorganisation-internationale-travail\/"},"author":{"name":"Jean-Paul Erhard","@id":"https:\/\/peoplesphere.be\/fr\/#\/schema\/person\/7976225ff17988604334abb7b3536a7e"},"headline":"Luc Cortebeeck (CSC) \u00e9lu pr\u00e9sident de l\u2019Organisation internationale du Travail.","datePublished":"2017-06-18T06:27:41+00:00","dateModified":"2017-06-18T06:28:36+00:00","mainEntityOfPage":{"@id":"https:\/\/peoplesphere.be\/fr\/luc-cortebeeck-csc-elu-president-de-lorganisation-internationale-travail\/"},"wordCount":429,"publisher":{"@id":"https:\/\/peoplesphere.be\/fr\/#organization"},"keywords":["CSC","OIT","Organisation Internationale du Travail","syndicat"],"articleSection":["Actualit\u00e9s","Digital"],"inLanguage":"fr-FR"},{"@type":"WebPage","@id":"https:\/\/peoplesphere.be\/fr\/luc-cortebeeck-csc-elu-president-de-lorganisation-internationale-travail\/","url":"https:\/\/peoplesphere.be\/fr\/luc-cortebeeck-csc-elu-president-de-lorganisation-internationale-travail\/","name":"Luc Cortebeeck (CSC) \u00e9lu pr\u00e9sident de l\u2019Organisation internationale du Travail. - Peoplesphere","isPartOf":{"@id":"https:\/\/peoplesphere.be\/fr\/#website"},"datePublished":"2017-06-18T06:27:41+00:00","dateModified":"2017-06-18T06:28:36+00:00","breadcrumb":{"@id":"https:\/\/peoplesphere.be\/fr\/luc-cortebeeck-csc-elu-president-de-lorganisation-internationale-travail\/#breadcrumb"},"inLanguage":"fr-FR","potentialAction":[{"@type":"ReadAction","target":["https:\/\/peoplesphere.be\/fr\/luc-cortebeeck-csc-elu-president-de-lorganisation-internationale-travail\/"]}]},{"@type":"BreadcrumbList","@id":"https:\/\/peoplesphere.be\/fr\/luc-cortebeeck-csc-elu-president-de-lorganisation-internationale-travail\/#breadcrumb","itemListElement":[{"@type":"ListItem","position":1,"name":"Accueil","item":"https:\/\/peoplesphere.be\/fr\/"},{"@type":"ListItem","position":2,"name":"Luc Cortebeeck (CSC) \u00e9lu pr\u00e9sident de l\u2019Organisation internationale du Travail."}]},{"@type":"WebSite","@id":"https:\/\/peoplesphere.be\/fr\/#website","url":"https:\/\/peoplesphere.be\/fr\/","name":"Peoplesphere","description":"The People Managers Magazine","publisher":{"@id":"https:\/\/peoplesphere.be\/fr\/#organization"},"potentialAction":[{"@type":"SearchAction","target":{"@type":"EntryPoint","urlTemplate":"https:\/\/peoplesphere.be\/fr\/?s={search_term_string}"},"query-input":"required name=search_term_string"}],"inLanguage":"fr-FR"},{"@type":"Organization","@id":"https:\/\/peoplesphere.be\/fr\/#organization","name":"Peoplesphere Company srl","url":"https:\/\/peoplesphere.be\/fr\/","logo":{"@type":"ImageObject","inLanguage":"fr-FR","@id":"https:\/\/peoplesphere.be\/fr\/#\/schema\/logo\/image\/","url":"https:\/\/peoplesphere.be\/fr\/wp-content\/uploads\/2023\/07\/peoplesphere-lgo-new-generik.jpg","contentUrl":"https:\/\/peoplesphere.be\/fr\/wp-content\/uploads\/2023\/07\/peoplesphere-lgo-new-generik.jpg","width":1031,"height":1479,"caption":"Peoplesphere Company srl"},"image":{"@id":"https:\/\/peoplesphere.be\/fr\/#\/schema\/logo\/image\/"},"sameAs":["https:\/\/www.facebook.com\/peoplesphere","https:\/\/twitter.com\/PeoplesphereMag","https:\/\/www.linkedin.com\/company\/7587361?trk","http:\/\/youtube.com\/peoplesphere"]},{"@type":"Person","@id":"https:\/\/peoplesphere.be\/fr\/#\/schema\/person\/7976225ff17988604334abb7b3536a7e","name":"Jean-Paul Erhard","image":{"@type":"ImageObject","inLanguage":"fr-FR","@id":"https:\/\/peoplesphere.be\/fr\/#\/schema\/person\/image\/","url":"https:\/\/secure.gravatar.com\/avatar\/f941e681460179738071629a51574930?s=96&d=mm&r=g","contentUrl":"https:\/\/secure.gravatar.com\/avatar\/f941e681460179738071629a51574930?s=96&d=mm&r=g","caption":"Jean-Paul Erhard"},"url":"https:\/\/peoplesphere.be\/fr\/author\/jpe\/"}]}},"_links":{"self":[{"href":"https:\/\/peoplesphere.be\/fr\/wp-json\/wp\/v2\/posts\/4582"}],"collection":[{"href":"https:\/\/peoplesphere.be\/fr\/wp-json\/wp\/v2\/posts"}],"about":[{"href":"https:\/\/peoplesphere.be\/fr\/wp-json\/wp\/v2\/types\/post"}],"author":[{"embeddable":true,"href":"https:\/\/peoplesphere.be\/fr\/wp-json\/wp\/v2\/users\/2"}],"replies":[{"embeddable":true,"href":"https:\/\/peoplesphere.be\/fr\/wp-json\/wp\/v2\/comments?post=4582"}],"version-history":[{"count":2,"href":"https:\/\/peoplesphere.be\/fr\/wp-json\/wp\/v2\/posts\/4582\/revisions"}],"predecessor-version":[{"id":4584,"href":"https:\/\/peoplesphere.be\/fr\/wp-json\/wp\/v2\/posts\/4582\/revisions\/4584"}],"wp:attachment":[{"href":"https:\/\/peoplesphere.be\/fr\/wp-json\/wp\/v2\/media?parent=4582"}],"wp:term":[{"taxonomy":"category","embeddable":true,"href":"https:\/\/peoplesphere.be\/fr\/wp-json\/wp\/v2\/categories?post=4582"},{"taxonomy":"post_tag","embeddable":true,"href":"https:\/\/peoplesphere.be\/fr\/wp-json\/wp\/v2\/tags?post=4582"}],"curies":[{"name":"wp","href":"https:\/\/api.w.org\/{rel}","templated":true}]}}