









{"id":4604,"date":"2017-06-26T08:18:14","date_gmt":"2017-06-26T06:18:14","guid":{"rendered":"http:\/\/www.peoplesphere.be\/fr\/?p=4604"},"modified":"2017-06-26T08:18:14","modified_gmt":"2017-06-26T06:18:14","slug":"travail-noir-etudiants-diminue-13-jobistes-travaillent-contrat","status":"publish","type":"post","link":"https:\/\/peoplesphere.be\/fr\/travail-noir-etudiants-diminue-13-jobistes-travaillent-contrat\/","title":{"rendered":"Le travail au noir des \u00e9tudiants diminue, mais 13% des jobistes travaillent sans contrat."},"content":{"rendered":"<p>Effet positif de la nouvelle l\u00e9gislation r\u00e9visant \u00e0 la hausse le plafond des heures autoris\u00e9es pour le travail \u00e9tudiant? \u00a0Passant de 18 % en 2016 \u00e0 13 % cette ann\u00e9e-ci, la part des \u00e9tudiants travaillant sans contrat s\u2019est r\u00e9duite sensiblement. La tendance se v\u00e9rifie \u00e9galement chez les moins de 18 ans.\u00a0L\u2019an dernier, 29 % d\u2019entre eux d\u00e9claraient encore travailler sans contrat. En 2017, 22 % des \u00e9tudiants de moins de 18 ans ont travaill\u00e9 sans contrat.<!--more--><\/p>\n<p>Tels sont les principaux enseignements de l\u2019enqu\u00eate sur les \u00e9tudiants que le groupe\u00a0Randstad, r\u00e9alise chaque ann\u00e9e aupr\u00e8s de 1 000 \u00e9tudiants. <em>\u00ab\u00a0La nouvelle l\u00e9gislation sur le travail \u00e9tudiant, qui est entr\u00e9e en vigueur au d\u00e9but de cette ann\u00e9e, semble donc \u00e0 premi\u00e8re vue r\u00e9ussir \u00e0 saper les fondements du travail au noir chez les \u00e9tudiants.\u00a0\u00bb<\/em><\/p>\n<p>Autre enseignement d\u00e9j\u00e0 relev\u00e9 par notre r\u00e9daction par ailleurs : <em>\u00ab\u00a0le nombre d\u2019\u00e9tudiants qui travaillent durant l\u2019ann\u00e9e scolaire progresse \u00e0 nouveau (ils sont 58 % cette ann\u00e9e, contre 54 % l\u2019an dernier), soit une part qui a presque doubl\u00e9 depuis le premier sondage en 2004 (30 %). Et si certains articles de presse laissent entendre le contraire, les \u00e9tudiants d\u00e9clarent qu\u2019ils ne se montrent pas plus s\u00e9lectifs qu\u2019avant s\u2019agissant de leur horaire de travail \u00e9tudiant.\u00a0\u00bb<\/em><\/p>\n<p><strong><em>Effet de\u00a0la nouvelle l\u00e9gislation?<\/em><\/strong><br \/>\nL\u2019enqu\u00eate r\u00e9v\u00e8le que 1 \u00e9tudiant sur 5 n\u2019est pas encore au courant de la nouvelle l\u00e9gislation qui est entr\u00e9e en vigueur le 1er janvier de cette ann\u00e9e.<em> \u00ab\u00a0Parmi ceux qui en sont inform\u00e9s, 93 % jugent positivement l\u2019adaptation du plafond annuel, qui est pass\u00e9 de 50 jours \u00e0 475 heures. 61 % des \u00e9tudiants se d\u00e9clarent m\u00eame en faveur d\u2019un rel\u00e8vement de ce plafond de 475 heures.\u00a0<\/em><em>La combinaison de la baisse du travail non d\u00e9clar\u00e9 et l&rsquo;\u00e9valuation tr\u00e8s positive des \u00e9tudiants sur la l\u00e9gislation indiquent que cette nouvelle l\u00e9gislation en mati\u00e8re de nombre d&rsquo;heures de travail r\u00e9pond encore mieux \u00e0 l&rsquo;\u00e9norme besoin de flexibilit\u00e9 tant pour les employeurs que pour les \u00e9tudiants. La diminution du travail non d\u00e9clar\u00e9 est \u00e9galement une indication que plus d&rsquo;\u00e9tudiants travaillent sous contrat gr\u00e2ce \u00e0 cette nouvelle r\u00e8glementation, ce que les premiers chiffres tendent \u00e9galement \u00e0 confirmer. Il semble que la flexibilit\u00e9 offerte par ce syst\u00e8me des 475 heures a \u00f4t\u00e9 le dernier obstacle \u00e0 la mise au travail sous contrat. Les risques encourus aujourd&rsquo;hui par les employeurs et les \u00e9tudiants en travaillant au noir ne font plus le poids face aux avantages de ce nouveau syst\u00e8me.\u00a0\u00bb<\/em><\/p>\n<p>&nbsp;<\/p>\n<p><em><strong>6 autres constats \u00e0 \u00e9pingler<\/strong><\/em><br \/>\nL&rsquo;\u00e9tude du groupe RH reprend \u00e9galement divers constats pertinents concernant le travail \u00e9tudiant :<\/p>\n<p><em>\u2022 16 % des \u00e9tudiants ne travaillent pas. Ils ne travaillent pas contre r\u00e9mun\u00e9ration, ne bricolent pas et ne s\u2019engagent pas non plus dans du b\u00e9n\u00e9volat.<\/em><br \/>\n<em> \u2022 Le commerce de d\u00e9tail (21 %), l\u2019horeca (19 %) ainsi que le secteur public et le non-marchand (15 %) sont, et de loin, les principaux pourvoyeurs d\u2019emplois \u00e9tudiants.<\/em><br \/>\n<em> \u2022 La famille (30 %) est le canal le plus efficace pour d\u00e9crocher un job d\u2019\u00e9tudiant, suivi par les agences d\u2019int\u00e9rim (17 %) et les amis et connaissances (16 %).<\/em><br \/>\n<em> \u2022 Les \u00e9tudiants travaillent pour gagner de l\u2019argent. Pas moins de 61 % d\u2019entre eux d\u00e9clarent qu\u2019ils n\u2019ont pas du tout choisi leur job d\u2019\u00e9tudiant en fonction de leurs \u00e9tudes.<\/em><br \/>\n<em> \u2022 L\u2019\u00e9cart salarial entre hommes et femmes s\u2019observe-t-il d\u00e8s le plus jeune \u00e2ge ? En mati\u00e8re de jobs d\u2019\u00e9tudiants, les hommes gagnent en moyenne 1 euro de plus que les femmes.<\/em><br \/>\n<em> \u2022 Ce sondage ne permet pas de confirmer les affirmations alarmistes selon lesquelles les b\u00e9n\u00e9voles seraient une esp\u00e8ce en voie de disparition. Si la part des \u00e9tudiants travaillant en dehors de la p\u00e9riode estivale a quasi doubl\u00e9 depuis 2004, cette \u00e9volution ne s\u2019est pas produite au d\u00e9triment de leurs engagements de b\u00e9n\u00e9vole. Leur proportion reste, depuis le d\u00e9but des enqu\u00eates \u00e0 ce sujet, relativement stable \u00e0 30 %.<\/em><\/p>\n","protected":false},"excerpt":{"rendered":"<p>Effet positif de la nouvelle l\u00e9gislation r\u00e9visant \u00e0 la hausse le plafond des heures autoris\u00e9es pour le travail \u00e9tudiant? \u00a0Passant de 18 % en 2016 \u00e0 13 % cette ann\u00e9e-ci, la part des \u00e9tudiants travaillant sans contrat s\u2019est r\u00e9duite sensiblement. [&hellip;]<\/p>\n","protected":false},"author":2,"featured_media":0,"comment_status":"closed","ping_status":"open","sticky":false,"template":"","format":"standard","meta":[],"categories":[65,10],"tags":[1371,220,841,863,872,774],"yoast_head":"<!-- This site is optimized with the Yoast SEO plugin v21.0 - https:\/\/yoast.com\/wordpress\/plugins\/seo\/ -->\n<title>Le travail au noir des \u00e9tudiants diminue, mais 13% des jobistes travaillent sans contrat. - Peoplesphere<\/title>\n<meta name=\"robots\" content=\"index, follow, max-snippet:-1, max-image-preview:large, max-video-preview:-1\" \/>\n<link rel=\"canonical\" href=\"https:\/\/peoplesphere.be\/fr\/travail-noir-etudiants-diminue-13-jobistes-travaillent-contrat\/\" \/>\n<meta property=\"og:locale\" content=\"fr_FR\" \/>\n<meta property=\"og:type\" content=\"article\" \/>\n<meta property=\"og:title\" content=\"Le travail au noir des \u00e9tudiants diminue, mais 13% des jobistes travaillent sans contrat. - Peoplesphere\" \/>\n<meta property=\"og:description\" content=\"Effet positif de la nouvelle l\u00e9gislation r\u00e9visant \u00e0 la hausse le plafond des heures autoris\u00e9es pour le travail \u00e9tudiant? \u00a0Passant de 18 % en 2016 \u00e0 13 % cette ann\u00e9e-ci, la part des \u00e9tudiants travaillant sans contrat s\u2019est r\u00e9duite sensiblement. [&hellip;]\" \/>\n<meta property=\"og:url\" content=\"https:\/\/peoplesphere.be\/fr\/travail-noir-etudiants-diminue-13-jobistes-travaillent-contrat\/\" \/>\n<meta property=\"og:site_name\" content=\"Peoplesphere\" \/>\n<meta property=\"article:publisher\" content=\"https:\/\/www.facebook.com\/peoplesphere\" \/>\n<meta property=\"article:published_time\" content=\"2017-06-26T06:18:14+00:00\" \/>\n<meta property=\"og:image\" content=\"http:\/\/www.peoplesphere.be\/fr\/wp-content\/uploads\/2016\/07\/facebook-default-posting-1200x628px.jpg\" \/>\n<meta name=\"author\" content=\"Jean-Paul Erhard\" \/>\n<meta name=\"twitter:card\" content=\"summary_large_image\" \/>\n<meta name=\"twitter:creator\" content=\"@PeoplesphereMag\" \/>\n<meta name=\"twitter:site\" content=\"@PeoplesphereMag\" \/>\n<meta name=\"twitter:label1\" content=\"\u00c9crit par\" \/>\n\t<meta name=\"twitter:data1\" content=\"Jean-Paul Erhard\" \/>\n\t<meta name=\"twitter:label2\" content=\"Dur\u00e9e de lecture estim\u00e9e\" \/>\n\t<meta name=\"twitter:data2\" content=\"3 minutes\" \/>\n<script type=\"application\/ld+json\" class=\"yoast-schema-graph\">{\"@context\":\"https:\/\/schema.org\",\"@graph\":[{\"@type\":\"Article\",\"@id\":\"https:\/\/peoplesphere.be\/fr\/travail-noir-etudiants-diminue-13-jobistes-travaillent-contrat\/#article\",\"isPartOf\":{\"@id\":\"https:\/\/peoplesphere.be\/fr\/travail-noir-etudiants-diminue-13-jobistes-travaillent-contrat\/\"},\"author\":{\"name\":\"Jean-Paul Erhard\",\"@id\":\"https:\/\/peoplesphere.be\/fr\/#\/schema\/person\/7976225ff17988604334abb7b3536a7e\"},\"headline\":\"Le travail au noir des \u00e9tudiants diminue, mais 13% des jobistes travaillent sans contrat.\",\"datePublished\":\"2017-06-26T06:18:14+00:00\",\"dateModified\":\"2017-06-26T06:18:14+00:00\",\"mainEntityOfPage\":{\"@id\":\"https:\/\/peoplesphere.be\/fr\/travail-noir-etudiants-diminue-13-jobistes-travaillent-contrat\/\"},\"wordCount\":675,\"publisher\":{\"@id\":\"https:\/\/peoplesphere.be\/fr\/#organization\"},\"keywords\":[\"b\u00e9n\u00e9volat\",\"flexibilit\u00e9\",\"jobiste\",\"l\u00e9gislation\",\"randstad\",\"travail \u00e9tudiant\"],\"articleSection\":[\"Actualit\u00e9s\",\"Digital\"],\"inLanguage\":\"fr-FR\"},{\"@type\":\"WebPage\",\"@id\":\"https:\/\/peoplesphere.be\/fr\/travail-noir-etudiants-diminue-13-jobistes-travaillent-contrat\/\",\"url\":\"https:\/\/peoplesphere.be\/fr\/travail-noir-etudiants-diminue-13-jobistes-travaillent-contrat\/\",\"name\":\"Le travail au noir des \u00e9tudiants diminue, mais 13% des jobistes travaillent sans contrat. - Peoplesphere\",\"isPartOf\":{\"@id\":\"https:\/\/peoplesphere.be\/fr\/#website\"},\"datePublished\":\"2017-06-26T06:18:14+00:00\",\"dateModified\":\"2017-06-26T06:18:14+00:00\",\"breadcrumb\":{\"@id\":\"https:\/\/peoplesphere.be\/fr\/travail-noir-etudiants-diminue-13-jobistes-travaillent-contrat\/#breadcrumb\"},\"inLanguage\":\"fr-FR\",\"potentialAction\":[{\"@type\":\"ReadAction\",\"target\":[\"https:\/\/peoplesphere.be\/fr\/travail-noir-etudiants-diminue-13-jobistes-travaillent-contrat\/\"]}]},{\"@type\":\"BreadcrumbList\",\"@id\":\"https:\/\/peoplesphere.be\/fr\/travail-noir-etudiants-diminue-13-jobistes-travaillent-contrat\/#breadcrumb\",\"itemListElement\":[{\"@type\":\"ListItem\",\"position\":1,\"name\":\"Accueil\",\"item\":\"https:\/\/peoplesphere.be\/fr\/\"},{\"@type\":\"ListItem\",\"position\":2,\"name\":\"Le travail au noir des \u00e9tudiants diminue, mais 13% des jobistes travaillent sans contrat.\"}]},{\"@type\":\"WebSite\",\"@id\":\"https:\/\/peoplesphere.be\/fr\/#website\",\"url\":\"https:\/\/peoplesphere.be\/fr\/\",\"name\":\"Peoplesphere\",\"description\":\"The People Managers Magazine\",\"publisher\":{\"@id\":\"https:\/\/peoplesphere.be\/fr\/#organization\"},\"potentialAction\":[{\"@type\":\"SearchAction\",\"target\":{\"@type\":\"EntryPoint\",\"urlTemplate\":\"https:\/\/peoplesphere.be\/fr\/?s={search_term_string}\"},\"query-input\":\"required name=search_term_string\"}],\"inLanguage\":\"fr-FR\"},{\"@type\":\"Organization\",\"@id\":\"https:\/\/peoplesphere.be\/fr\/#organization\",\"name\":\"Peoplesphere Company srl\",\"url\":\"https:\/\/peoplesphere.be\/fr\/\",\"logo\":{\"@type\":\"ImageObject\",\"inLanguage\":\"fr-FR\",\"@id\":\"https:\/\/peoplesphere.be\/fr\/#\/schema\/logo\/image\/\",\"url\":\"https:\/\/peoplesphere.be\/fr\/wp-content\/uploads\/2023\/07\/peoplesphere-lgo-new-generik.jpg\",\"contentUrl\":\"https:\/\/peoplesphere.be\/fr\/wp-content\/uploads\/2023\/07\/peoplesphere-lgo-new-generik.jpg\",\"width\":1031,\"height\":1479,\"caption\":\"Peoplesphere Company srl\"},\"image\":{\"@id\":\"https:\/\/peoplesphere.be\/fr\/#\/schema\/logo\/image\/\"},\"sameAs\":[\"https:\/\/www.facebook.com\/peoplesphere\",\"https:\/\/twitter.com\/PeoplesphereMag\",\"https:\/\/www.linkedin.com\/company\/7587361?trk\",\"http:\/\/youtube.com\/peoplesphere\"]},{\"@type\":\"Person\",\"@id\":\"https:\/\/peoplesphere.be\/fr\/#\/schema\/person\/7976225ff17988604334abb7b3536a7e\",\"name\":\"Jean-Paul Erhard\",\"image\":{\"@type\":\"ImageObject\",\"inLanguage\":\"fr-FR\",\"@id\":\"https:\/\/peoplesphere.be\/fr\/#\/schema\/person\/image\/\",\"url\":\"https:\/\/secure.gravatar.com\/avatar\/f941e681460179738071629a51574930?s=96&d=mm&r=g\",\"contentUrl\":\"https:\/\/secure.gravatar.com\/avatar\/f941e681460179738071629a51574930?s=96&d=mm&r=g\",\"caption\":\"Jean-Paul Erhard\"},\"url\":\"https:\/\/peoplesphere.be\/fr\/author\/jpe\/\"}]}<\/script>\n<!-- \/ Yoast SEO plugin. -->","yoast_head_json":{"title":"Le travail au noir des \u00e9tudiants diminue, mais 13% des jobistes travaillent sans contrat. - Peoplesphere","robots":{"index":"index","follow":"follow","max-snippet":"max-snippet:-1","max-image-preview":"max-image-preview:large","max-video-preview":"max-video-preview:-1"},"canonical":"https:\/\/peoplesphere.be\/fr\/travail-noir-etudiants-diminue-13-jobistes-travaillent-contrat\/","og_locale":"fr_FR","og_type":"article","og_title":"Le travail au noir des \u00e9tudiants diminue, mais 13% des jobistes travaillent sans contrat. - Peoplesphere","og_description":"Effet positif de la nouvelle l\u00e9gislation r\u00e9visant \u00e0 la hausse le plafond des heures autoris\u00e9es pour le travail \u00e9tudiant? \u00a0Passant de 18 % en 2016 \u00e0 13 % cette ann\u00e9e-ci, la part des \u00e9tudiants travaillant sans contrat s\u2019est r\u00e9duite sensiblement. [&hellip;]","og_url":"https:\/\/peoplesphere.be\/fr\/travail-noir-etudiants-diminue-13-jobistes-travaillent-contrat\/","og_site_name":"Peoplesphere","article_publisher":"https:\/\/www.facebook.com\/peoplesphere","article_published_time":"2017-06-26T06:18:14+00:00","og_image":[{"url":"http:\/\/www.peoplesphere.be\/fr\/wp-content\/uploads\/2016\/07\/facebook-default-posting-1200x628px.jpg"}],"author":"Jean-Paul Erhard","twitter_card":"summary_large_image","twitter_creator":"@PeoplesphereMag","twitter_site":"@PeoplesphereMag","twitter_misc":{"\u00c9crit par":"Jean-Paul Erhard","Dur\u00e9e de lecture estim\u00e9e":"3 minutes"},"schema":{"@context":"https:\/\/schema.org","@graph":[{"@type":"Article","@id":"https:\/\/peoplesphere.be\/fr\/travail-noir-etudiants-diminue-13-jobistes-travaillent-contrat\/#article","isPartOf":{"@id":"https:\/\/peoplesphere.be\/fr\/travail-noir-etudiants-diminue-13-jobistes-travaillent-contrat\/"},"author":{"name":"Jean-Paul Erhard","@id":"https:\/\/peoplesphere.be\/fr\/#\/schema\/person\/7976225ff17988604334abb7b3536a7e"},"headline":"Le travail au noir des \u00e9tudiants diminue, mais 13% des jobistes travaillent sans contrat.","datePublished":"2017-06-26T06:18:14+00:00","dateModified":"2017-06-26T06:18:14+00:00","mainEntityOfPage":{"@id":"https:\/\/peoplesphere.be\/fr\/travail-noir-etudiants-diminue-13-jobistes-travaillent-contrat\/"},"wordCount":675,"publisher":{"@id":"https:\/\/peoplesphere.be\/fr\/#organization"},"keywords":["b\u00e9n\u00e9volat","flexibilit\u00e9","jobiste","l\u00e9gislation","randstad","travail \u00e9tudiant"],"articleSection":["Actualit\u00e9s","Digital"],"inLanguage":"fr-FR"},{"@type":"WebPage","@id":"https:\/\/peoplesphere.be\/fr\/travail-noir-etudiants-diminue-13-jobistes-travaillent-contrat\/","url":"https:\/\/peoplesphere.be\/fr\/travail-noir-etudiants-diminue-13-jobistes-travaillent-contrat\/","name":"Le travail au noir des \u00e9tudiants diminue, mais 13% des jobistes travaillent sans contrat. - Peoplesphere","isPartOf":{"@id":"https:\/\/peoplesphere.be\/fr\/#website"},"datePublished":"2017-06-26T06:18:14+00:00","dateModified":"2017-06-26T06:18:14+00:00","breadcrumb":{"@id":"https:\/\/peoplesphere.be\/fr\/travail-noir-etudiants-diminue-13-jobistes-travaillent-contrat\/#breadcrumb"},"inLanguage":"fr-FR","potentialAction":[{"@type":"ReadAction","target":["https:\/\/peoplesphere.be\/fr\/travail-noir-etudiants-diminue-13-jobistes-travaillent-contrat\/"]}]},{"@type":"BreadcrumbList","@id":"https:\/\/peoplesphere.be\/fr\/travail-noir-etudiants-diminue-13-jobistes-travaillent-contrat\/#breadcrumb","itemListElement":[{"@type":"ListItem","position":1,"name":"Accueil","item":"https:\/\/peoplesphere.be\/fr\/"},{"@type":"ListItem","position":2,"name":"Le travail au noir des \u00e9tudiants diminue, mais 13% des jobistes travaillent sans contrat."}]},{"@type":"WebSite","@id":"https:\/\/peoplesphere.be\/fr\/#website","url":"https:\/\/peoplesphere.be\/fr\/","name":"Peoplesphere","description":"The People Managers Magazine","publisher":{"@id":"https:\/\/peoplesphere.be\/fr\/#organization"},"potentialAction":[{"@type":"SearchAction","target":{"@type":"EntryPoint","urlTemplate":"https:\/\/peoplesphere.be\/fr\/?s={search_term_string}"},"query-input":"required name=search_term_string"}],"inLanguage":"fr-FR"},{"@type":"Organization","@id":"https:\/\/peoplesphere.be\/fr\/#organization","name":"Peoplesphere Company srl","url":"https:\/\/peoplesphere.be\/fr\/","logo":{"@type":"ImageObject","inLanguage":"fr-FR","@id":"https:\/\/peoplesphere.be\/fr\/#\/schema\/logo\/image\/","url":"https:\/\/peoplesphere.be\/fr\/wp-content\/uploads\/2023\/07\/peoplesphere-lgo-new-generik.jpg","contentUrl":"https:\/\/peoplesphere.be\/fr\/wp-content\/uploads\/2023\/07\/peoplesphere-lgo-new-generik.jpg","width":1031,"height":1479,"caption":"Peoplesphere Company srl"},"image":{"@id":"https:\/\/peoplesphere.be\/fr\/#\/schema\/logo\/image\/"},"sameAs":["https:\/\/www.facebook.com\/peoplesphere","https:\/\/twitter.com\/PeoplesphereMag","https:\/\/www.linkedin.com\/company\/7587361?trk","http:\/\/youtube.com\/peoplesphere"]},{"@type":"Person","@id":"https:\/\/peoplesphere.be\/fr\/#\/schema\/person\/7976225ff17988604334abb7b3536a7e","name":"Jean-Paul Erhard","image":{"@type":"ImageObject","inLanguage":"fr-FR","@id":"https:\/\/peoplesphere.be\/fr\/#\/schema\/person\/image\/","url":"https:\/\/secure.gravatar.com\/avatar\/f941e681460179738071629a51574930?s=96&d=mm&r=g","contentUrl":"https:\/\/secure.gravatar.com\/avatar\/f941e681460179738071629a51574930?s=96&d=mm&r=g","caption":"Jean-Paul Erhard"},"url":"https:\/\/peoplesphere.be\/fr\/author\/jpe\/"}]}},"_links":{"self":[{"href":"https:\/\/peoplesphere.be\/fr\/wp-json\/wp\/v2\/posts\/4604"}],"collection":[{"href":"https:\/\/peoplesphere.be\/fr\/wp-json\/wp\/v2\/posts"}],"about":[{"href":"https:\/\/peoplesphere.be\/fr\/wp-json\/wp\/v2\/types\/post"}],"author":[{"embeddable":true,"href":"https:\/\/peoplesphere.be\/fr\/wp-json\/wp\/v2\/users\/2"}],"replies":[{"embeddable":true,"href":"https:\/\/peoplesphere.be\/fr\/wp-json\/wp\/v2\/comments?post=4604"}],"version-history":[{"count":1,"href":"https:\/\/peoplesphere.be\/fr\/wp-json\/wp\/v2\/posts\/4604\/revisions"}],"predecessor-version":[{"id":4605,"href":"https:\/\/peoplesphere.be\/fr\/wp-json\/wp\/v2\/posts\/4604\/revisions\/4605"}],"wp:attachment":[{"href":"https:\/\/peoplesphere.be\/fr\/wp-json\/wp\/v2\/media?parent=4604"}],"wp:term":[{"taxonomy":"category","embeddable":true,"href":"https:\/\/peoplesphere.be\/fr\/wp-json\/wp\/v2\/categories?post=4604"},{"taxonomy":"post_tag","embeddable":true,"href":"https:\/\/peoplesphere.be\/fr\/wp-json\/wp\/v2\/tags?post=4604"}],"curies":[{"name":"wp","href":"https:\/\/api.w.org\/{rel}","templated":true}]}}