









{"id":4663,"date":"2017-07-14T08:49:51","date_gmt":"2017-07-14T06:49:51","guid":{"rendered":"http:\/\/www.peoplesphere.be\/fr\/?p=4663"},"modified":"2017-07-14T08:49:51","modified_gmt":"2017-07-14T06:49:51","slug":"de-lespoir-travailleurs-de-plus-de-55-ans-employeurs-semblent-redecouvrir","status":"publish","type":"post","link":"https:\/\/peoplesphere.be\/fr\/de-lespoir-travailleurs-de-plus-de-55-ans-employeurs-semblent-redecouvrir\/","title":{"rendered":"De l&rsquo;espoir pour les travailleurs de plus de 55 ans : les employeurs semblent les red\u00e9couvrir."},"content":{"rendered":"<p>Un nombre croissant de travailleurs de plus de 55 ans sont engag\u00e9s dans des entreprises wallonnes. En Wallonie, il s\u2019agissait de 5,92 % en moyenne de toutes les embauches l\u2019ann\u00e9e derni\u00e8re, contre 3,04 % en 2011. Le taux a donc pratiquement doubl\u00e9 (+ 95 %). Au niveau national, il s\u2019agissait d\u2019une augmentation de 50%, comme il ressort des chiffres de plus de 40.000 employeurs. Attention cependant \u00e0 ne pas verser dans l&rsquo;euphorie, comme le souligne le groupe RH Acerta, promoteur de cette analyse: 6 % restent un taux faible en comparaison avec les g\u00e9n\u00e9rations plus jeunes, certainement en sachant que nous devrons travailler plus longtemps.<!--more--><\/p>\n<p>Probable anticipation de l&rsquo;allongement des carri\u00e8res : l\u2019employeur semble red\u00e9couvrir le travailleur \u00e2g\u00e9.\u00a0Olivier Marcq, juriste chez ACERTA explique : \u00ab\u00a0Lorsque des entreprises engagent des travailleurs \u00e2g\u00e9s, elles acqui\u00e8rent de l\u2019exp\u00e9rience. Cette cat\u00e9gorie d\u2019\u00e2ge se distingue \u00e9galement par sa flexibilit\u00e9 en termes de mobilit\u00e9, comme l\u2019a r\u00e9v\u00e9l\u00e9 une \u00e9tude pr\u00e9c\u00e9dente d\u2019ACERTA. De ce fait, les collaborateurs \u00e2g\u00e9s repr\u00e9sentent un groupe int\u00e9ressant \u00e0 engager. Mais les 6 % que nous atteignons restent trop faibles. Si nous envisageons s\u00e9rieusement le recul de l\u2019\u00e2ge de la pension et que nous tenons compte du vieillissement, nous devons savoir qu\u2019il y a encore du pain sur la planche.\u00a0\u00bb<\/p>\n<p><strong><em>Bien plus d\u2019embauches de travailleuses de plus de 55 ans<\/em><\/strong><br \/>\nLe gain de popularit\u00e9 des collaborateurs \u00e2g\u00e9s dans l\u2019afflux est confirm\u00e9 \u00e0 tous les \u00e9gards pour la p\u00e9riode 2011-2016. Les femmes entreprennent un mouvement de rattrapage avec + 74 %, vis-\u00e0-vis de la hausse de 30 % chez les hommes.<\/p>\n<p>Par rapport \u00e0 la Flandre, la Wallonie et Bruxelles enregistraient un retard qu\u2019elles sont occup\u00e9es de rattraper en ce qui concerne l\u2019afflux de collaborateurs \u00e2g\u00e9s. Le taux de travailleurs de plus de 55 ans y augmente m\u00eame de 95 %.<\/p>\n<p>L\u2019\u00e9volution repr\u00e9sent\u00e9e est \u00e9galement ind\u00e9pendante de la taille de l\u2019entreprise : une baisse de la part de jeunes de moins de 25 ans engag\u00e9s compens\u00e9e par toutes les autres cat\u00e9gories d\u2019\u00e2ge, avec l\u2019augmentation la plus frappante chez les travailleurs de plus de 55 ans.<\/p>\n<p><em>\u00ab\u00a0Les employeurs recherchent des solutions relatives \u00e0 la p\u00e9nurie de divers profils sur le march\u00e9 de l\u2019emploi, et il semble qu\u2019ils constatent \u2013 plus souvent qu\u2019avant \u2013 que les travailleurs de plus de 55 ans peuvent \u00e9galement combler ce besoin. Il s\u2019agit donc surtout \u00e0 pr\u00e9sent de confirmer ce changement de mentalit\u00e9 dans les ann\u00e9es \u00e0 venir. Nos premi\u00e8res estimations pour 2017 sont de toute mani\u00e8re prometteuses.\u00a0Dans cette recherche de talents, une r\u00e9organisation interne des talents est \u00e9galement essentielle. Dans un tel processus, l\u2019employeur et le collaborateur cherchent conjointement des possibilit\u00e9s de rotation d\u2019emplois disponibles dans l\u2019entreprise sur la base des talents du collaborateur et des objectifs de la soci\u00e9t\u00e9.\u00a0\u00bb<\/em><\/p>\n","protected":false},"excerpt":{"rendered":"<p>Un nombre croissant de travailleurs de plus de 55 ans sont engag\u00e9s dans des entreprises wallonnes. En Wallonie, il s\u2019agissait de 5,92 % en moyenne de toutes les embauches l\u2019ann\u00e9e derni\u00e8re, contre 3,04 % en 2011. Le taux a donc [&hellip;]<\/p>\n","protected":false},"author":2,"featured_media":0,"comment_status":"closed","ping_status":"open","sticky":false,"template":"","format":"standard","meta":[],"categories":[65,10],"tags":[271,11,646,94,445],"yoast_head":"<!-- This site is optimized with the Yoast SEO plugin v21.0 - https:\/\/yoast.com\/wordpress\/plugins\/seo\/ -->\n<title>De l&#039;espoir pour les travailleurs de plus de 55 ans : les employeurs semblent les red\u00e9couvrir. - Peoplesphere<\/title>\n<meta name=\"robots\" content=\"index, follow, max-snippet:-1, max-image-preview:large, max-video-preview:-1\" \/>\n<link rel=\"canonical\" href=\"https:\/\/peoplesphere.be\/fr\/de-lespoir-travailleurs-de-plus-de-55-ans-employeurs-semblent-redecouvrir\/\" \/>\n<meta property=\"og:locale\" content=\"fr_FR\" \/>\n<meta property=\"og:type\" content=\"article\" \/>\n<meta property=\"og:title\" content=\"De l&#039;espoir pour les travailleurs de plus de 55 ans : les employeurs semblent les red\u00e9couvrir. - Peoplesphere\" \/>\n<meta property=\"og:description\" content=\"Un nombre croissant de travailleurs de plus de 55 ans sont engag\u00e9s dans des entreprises wallonnes. En Wallonie, il s\u2019agissait de 5,92 % en moyenne de toutes les embauches l\u2019ann\u00e9e derni\u00e8re, contre 3,04 % en 2011. Le taux a donc [&hellip;]\" \/>\n<meta property=\"og:url\" content=\"https:\/\/peoplesphere.be\/fr\/de-lespoir-travailleurs-de-plus-de-55-ans-employeurs-semblent-redecouvrir\/\" \/>\n<meta property=\"og:site_name\" content=\"Peoplesphere\" \/>\n<meta property=\"article:publisher\" content=\"https:\/\/www.facebook.com\/peoplesphere\" \/>\n<meta property=\"article:published_time\" content=\"2017-07-14T06:49:51+00:00\" \/>\n<meta property=\"og:image\" content=\"http:\/\/www.peoplesphere.be\/fr\/wp-content\/uploads\/2016\/07\/facebook-default-posting-1200x628px.jpg\" \/>\n<meta name=\"author\" content=\"Jean-Paul Erhard\" \/>\n<meta name=\"twitter:card\" content=\"summary_large_image\" \/>\n<meta name=\"twitter:creator\" content=\"@PeoplesphereMag\" \/>\n<meta name=\"twitter:site\" content=\"@PeoplesphereMag\" \/>\n<meta name=\"twitter:label1\" content=\"\u00c9crit par\" \/>\n\t<meta name=\"twitter:data1\" content=\"Jean-Paul Erhard\" \/>\n\t<meta name=\"twitter:label2\" content=\"Dur\u00e9e de lecture estim\u00e9e\" \/>\n\t<meta name=\"twitter:data2\" content=\"2 minutes\" \/>\n<script type=\"application\/ld+json\" class=\"yoast-schema-graph\">{\"@context\":\"https:\/\/schema.org\",\"@graph\":[{\"@type\":\"Article\",\"@id\":\"https:\/\/peoplesphere.be\/fr\/de-lespoir-travailleurs-de-plus-de-55-ans-employeurs-semblent-redecouvrir\/#article\",\"isPartOf\":{\"@id\":\"https:\/\/peoplesphere.be\/fr\/de-lespoir-travailleurs-de-plus-de-55-ans-employeurs-semblent-redecouvrir\/\"},\"author\":{\"name\":\"Jean-Paul Erhard\",\"@id\":\"https:\/\/peoplesphere.be\/fr\/#\/schema\/person\/7976225ff17988604334abb7b3536a7e\"},\"headline\":\"De l&rsquo;espoir pour les travailleurs de plus de 55 ans : les employeurs semblent les red\u00e9couvrir.\",\"datePublished\":\"2017-07-14T06:49:51+00:00\",\"dateModified\":\"2017-07-14T06:49:51+00:00\",\"mainEntityOfPage\":{\"@id\":\"https:\/\/peoplesphere.be\/fr\/de-lespoir-travailleurs-de-plus-de-55-ans-employeurs-semblent-redecouvrir\/\"},\"wordCount\":493,\"publisher\":{\"@id\":\"https:\/\/peoplesphere.be\/fr\/#organization\"},\"keywords\":[\"acerta\",\"emploi\",\"g\u00e9n\u00e9rations\",\"senior\",\"talent management\"],\"articleSection\":[\"Actualit\u00e9s\",\"Digital\"],\"inLanguage\":\"fr-FR\"},{\"@type\":\"WebPage\",\"@id\":\"https:\/\/peoplesphere.be\/fr\/de-lespoir-travailleurs-de-plus-de-55-ans-employeurs-semblent-redecouvrir\/\",\"url\":\"https:\/\/peoplesphere.be\/fr\/de-lespoir-travailleurs-de-plus-de-55-ans-employeurs-semblent-redecouvrir\/\",\"name\":\"De l'espoir pour les travailleurs de plus de 55 ans : les employeurs semblent les red\u00e9couvrir. - Peoplesphere\",\"isPartOf\":{\"@id\":\"https:\/\/peoplesphere.be\/fr\/#website\"},\"datePublished\":\"2017-07-14T06:49:51+00:00\",\"dateModified\":\"2017-07-14T06:49:51+00:00\",\"breadcrumb\":{\"@id\":\"https:\/\/peoplesphere.be\/fr\/de-lespoir-travailleurs-de-plus-de-55-ans-employeurs-semblent-redecouvrir\/#breadcrumb\"},\"inLanguage\":\"fr-FR\",\"potentialAction\":[{\"@type\":\"ReadAction\",\"target\":[\"https:\/\/peoplesphere.be\/fr\/de-lespoir-travailleurs-de-plus-de-55-ans-employeurs-semblent-redecouvrir\/\"]}]},{\"@type\":\"BreadcrumbList\",\"@id\":\"https:\/\/peoplesphere.be\/fr\/de-lespoir-travailleurs-de-plus-de-55-ans-employeurs-semblent-redecouvrir\/#breadcrumb\",\"itemListElement\":[{\"@type\":\"ListItem\",\"position\":1,\"name\":\"Accueil\",\"item\":\"https:\/\/peoplesphere.be\/fr\/\"},{\"@type\":\"ListItem\",\"position\":2,\"name\":\"De l&rsquo;espoir pour les travailleurs de plus de 55 ans : les employeurs semblent les red\u00e9couvrir.\"}]},{\"@type\":\"WebSite\",\"@id\":\"https:\/\/peoplesphere.be\/fr\/#website\",\"url\":\"https:\/\/peoplesphere.be\/fr\/\",\"name\":\"Peoplesphere\",\"description\":\"The People Managers Magazine\",\"publisher\":{\"@id\":\"https:\/\/peoplesphere.be\/fr\/#organization\"},\"potentialAction\":[{\"@type\":\"SearchAction\",\"target\":{\"@type\":\"EntryPoint\",\"urlTemplate\":\"https:\/\/peoplesphere.be\/fr\/?s={search_term_string}\"},\"query-input\":\"required name=search_term_string\"}],\"inLanguage\":\"fr-FR\"},{\"@type\":\"Organization\",\"@id\":\"https:\/\/peoplesphere.be\/fr\/#organization\",\"name\":\"Peoplesphere Company srl\",\"url\":\"https:\/\/peoplesphere.be\/fr\/\",\"logo\":{\"@type\":\"ImageObject\",\"inLanguage\":\"fr-FR\",\"@id\":\"https:\/\/peoplesphere.be\/fr\/#\/schema\/logo\/image\/\",\"url\":\"https:\/\/peoplesphere.be\/fr\/wp-content\/uploads\/2023\/07\/peoplesphere-lgo-new-generik.jpg\",\"contentUrl\":\"https:\/\/peoplesphere.be\/fr\/wp-content\/uploads\/2023\/07\/peoplesphere-lgo-new-generik.jpg\",\"width\":1031,\"height\":1479,\"caption\":\"Peoplesphere Company srl\"},\"image\":{\"@id\":\"https:\/\/peoplesphere.be\/fr\/#\/schema\/logo\/image\/\"},\"sameAs\":[\"https:\/\/www.facebook.com\/peoplesphere\",\"https:\/\/twitter.com\/PeoplesphereMag\",\"https:\/\/www.linkedin.com\/company\/7587361?trk\",\"http:\/\/youtube.com\/peoplesphere\"]},{\"@type\":\"Person\",\"@id\":\"https:\/\/peoplesphere.be\/fr\/#\/schema\/person\/7976225ff17988604334abb7b3536a7e\",\"name\":\"Jean-Paul Erhard\",\"image\":{\"@type\":\"ImageObject\",\"inLanguage\":\"fr-FR\",\"@id\":\"https:\/\/peoplesphere.be\/fr\/#\/schema\/person\/image\/\",\"url\":\"https:\/\/secure.gravatar.com\/avatar\/f941e681460179738071629a51574930?s=96&d=mm&r=g\",\"contentUrl\":\"https:\/\/secure.gravatar.com\/avatar\/f941e681460179738071629a51574930?s=96&d=mm&r=g\",\"caption\":\"Jean-Paul Erhard\"},\"url\":\"https:\/\/peoplesphere.be\/fr\/author\/jpe\/\"}]}<\/script>\n<!-- \/ Yoast SEO plugin. -->","yoast_head_json":{"title":"De l'espoir pour les travailleurs de plus de 55 ans : les employeurs semblent les red\u00e9couvrir. - Peoplesphere","robots":{"index":"index","follow":"follow","max-snippet":"max-snippet:-1","max-image-preview":"max-image-preview:large","max-video-preview":"max-video-preview:-1"},"canonical":"https:\/\/peoplesphere.be\/fr\/de-lespoir-travailleurs-de-plus-de-55-ans-employeurs-semblent-redecouvrir\/","og_locale":"fr_FR","og_type":"article","og_title":"De l'espoir pour les travailleurs de plus de 55 ans : les employeurs semblent les red\u00e9couvrir. - Peoplesphere","og_description":"Un nombre croissant de travailleurs de plus de 55 ans sont engag\u00e9s dans des entreprises wallonnes. En Wallonie, il s\u2019agissait de 5,92 % en moyenne de toutes les embauches l\u2019ann\u00e9e derni\u00e8re, contre 3,04 % en 2011. Le taux a donc [&hellip;]","og_url":"https:\/\/peoplesphere.be\/fr\/de-lespoir-travailleurs-de-plus-de-55-ans-employeurs-semblent-redecouvrir\/","og_site_name":"Peoplesphere","article_publisher":"https:\/\/www.facebook.com\/peoplesphere","article_published_time":"2017-07-14T06:49:51+00:00","og_image":[{"url":"http:\/\/www.peoplesphere.be\/fr\/wp-content\/uploads\/2016\/07\/facebook-default-posting-1200x628px.jpg"}],"author":"Jean-Paul Erhard","twitter_card":"summary_large_image","twitter_creator":"@PeoplesphereMag","twitter_site":"@PeoplesphereMag","twitter_misc":{"\u00c9crit par":"Jean-Paul Erhard","Dur\u00e9e de lecture estim\u00e9e":"2 minutes"},"schema":{"@context":"https:\/\/schema.org","@graph":[{"@type":"Article","@id":"https:\/\/peoplesphere.be\/fr\/de-lespoir-travailleurs-de-plus-de-55-ans-employeurs-semblent-redecouvrir\/#article","isPartOf":{"@id":"https:\/\/peoplesphere.be\/fr\/de-lespoir-travailleurs-de-plus-de-55-ans-employeurs-semblent-redecouvrir\/"},"author":{"name":"Jean-Paul Erhard","@id":"https:\/\/peoplesphere.be\/fr\/#\/schema\/person\/7976225ff17988604334abb7b3536a7e"},"headline":"De l&rsquo;espoir pour les travailleurs de plus de 55 ans : les employeurs semblent les red\u00e9couvrir.","datePublished":"2017-07-14T06:49:51+00:00","dateModified":"2017-07-14T06:49:51+00:00","mainEntityOfPage":{"@id":"https:\/\/peoplesphere.be\/fr\/de-lespoir-travailleurs-de-plus-de-55-ans-employeurs-semblent-redecouvrir\/"},"wordCount":493,"publisher":{"@id":"https:\/\/peoplesphere.be\/fr\/#organization"},"keywords":["acerta","emploi","g\u00e9n\u00e9rations","senior","talent management"],"articleSection":["Actualit\u00e9s","Digital"],"inLanguage":"fr-FR"},{"@type":"WebPage","@id":"https:\/\/peoplesphere.be\/fr\/de-lespoir-travailleurs-de-plus-de-55-ans-employeurs-semblent-redecouvrir\/","url":"https:\/\/peoplesphere.be\/fr\/de-lespoir-travailleurs-de-plus-de-55-ans-employeurs-semblent-redecouvrir\/","name":"De l'espoir pour les travailleurs de plus de 55 ans : les employeurs semblent les red\u00e9couvrir. - Peoplesphere","isPartOf":{"@id":"https:\/\/peoplesphere.be\/fr\/#website"},"datePublished":"2017-07-14T06:49:51+00:00","dateModified":"2017-07-14T06:49:51+00:00","breadcrumb":{"@id":"https:\/\/peoplesphere.be\/fr\/de-lespoir-travailleurs-de-plus-de-55-ans-employeurs-semblent-redecouvrir\/#breadcrumb"},"inLanguage":"fr-FR","potentialAction":[{"@type":"ReadAction","target":["https:\/\/peoplesphere.be\/fr\/de-lespoir-travailleurs-de-plus-de-55-ans-employeurs-semblent-redecouvrir\/"]}]},{"@type":"BreadcrumbList","@id":"https:\/\/peoplesphere.be\/fr\/de-lespoir-travailleurs-de-plus-de-55-ans-employeurs-semblent-redecouvrir\/#breadcrumb","itemListElement":[{"@type":"ListItem","position":1,"name":"Accueil","item":"https:\/\/peoplesphere.be\/fr\/"},{"@type":"ListItem","position":2,"name":"De l&rsquo;espoir pour les travailleurs de plus de 55 ans : les employeurs semblent les red\u00e9couvrir."}]},{"@type":"WebSite","@id":"https:\/\/peoplesphere.be\/fr\/#website","url":"https:\/\/peoplesphere.be\/fr\/","name":"Peoplesphere","description":"The People Managers Magazine","publisher":{"@id":"https:\/\/peoplesphere.be\/fr\/#organization"},"potentialAction":[{"@type":"SearchAction","target":{"@type":"EntryPoint","urlTemplate":"https:\/\/peoplesphere.be\/fr\/?s={search_term_string}"},"query-input":"required name=search_term_string"}],"inLanguage":"fr-FR"},{"@type":"Organization","@id":"https:\/\/peoplesphere.be\/fr\/#organization","name":"Peoplesphere Company srl","url":"https:\/\/peoplesphere.be\/fr\/","logo":{"@type":"ImageObject","inLanguage":"fr-FR","@id":"https:\/\/peoplesphere.be\/fr\/#\/schema\/logo\/image\/","url":"https:\/\/peoplesphere.be\/fr\/wp-content\/uploads\/2023\/07\/peoplesphere-lgo-new-generik.jpg","contentUrl":"https:\/\/peoplesphere.be\/fr\/wp-content\/uploads\/2023\/07\/peoplesphere-lgo-new-generik.jpg","width":1031,"height":1479,"caption":"Peoplesphere Company srl"},"image":{"@id":"https:\/\/peoplesphere.be\/fr\/#\/schema\/logo\/image\/"},"sameAs":["https:\/\/www.facebook.com\/peoplesphere","https:\/\/twitter.com\/PeoplesphereMag","https:\/\/www.linkedin.com\/company\/7587361?trk","http:\/\/youtube.com\/peoplesphere"]},{"@type":"Person","@id":"https:\/\/peoplesphere.be\/fr\/#\/schema\/person\/7976225ff17988604334abb7b3536a7e","name":"Jean-Paul Erhard","image":{"@type":"ImageObject","inLanguage":"fr-FR","@id":"https:\/\/peoplesphere.be\/fr\/#\/schema\/person\/image\/","url":"https:\/\/secure.gravatar.com\/avatar\/f941e681460179738071629a51574930?s=96&d=mm&r=g","contentUrl":"https:\/\/secure.gravatar.com\/avatar\/f941e681460179738071629a51574930?s=96&d=mm&r=g","caption":"Jean-Paul Erhard"},"url":"https:\/\/peoplesphere.be\/fr\/author\/jpe\/"}]}},"_links":{"self":[{"href":"https:\/\/peoplesphere.be\/fr\/wp-json\/wp\/v2\/posts\/4663"}],"collection":[{"href":"https:\/\/peoplesphere.be\/fr\/wp-json\/wp\/v2\/posts"}],"about":[{"href":"https:\/\/peoplesphere.be\/fr\/wp-json\/wp\/v2\/types\/post"}],"author":[{"embeddable":true,"href":"https:\/\/peoplesphere.be\/fr\/wp-json\/wp\/v2\/users\/2"}],"replies":[{"embeddable":true,"href":"https:\/\/peoplesphere.be\/fr\/wp-json\/wp\/v2\/comments?post=4663"}],"version-history":[{"count":1,"href":"https:\/\/peoplesphere.be\/fr\/wp-json\/wp\/v2\/posts\/4663\/revisions"}],"predecessor-version":[{"id":4664,"href":"https:\/\/peoplesphere.be\/fr\/wp-json\/wp\/v2\/posts\/4663\/revisions\/4664"}],"wp:attachment":[{"href":"https:\/\/peoplesphere.be\/fr\/wp-json\/wp\/v2\/media?parent=4663"}],"wp:term":[{"taxonomy":"category","embeddable":true,"href":"https:\/\/peoplesphere.be\/fr\/wp-json\/wp\/v2\/categories?post=4663"},{"taxonomy":"post_tag","embeddable":true,"href":"https:\/\/peoplesphere.be\/fr\/wp-json\/wp\/v2\/tags?post=4663"}],"curies":[{"name":"wp","href":"https:\/\/api.w.org\/{rel}","templated":true}]}}