









{"id":4665,"date":"2017-07-14T10:14:51","date_gmt":"2017-07-14T08:14:51","guid":{"rendered":"http:\/\/www.peoplesphere.be\/fr\/?p=4665"},"modified":"2017-07-14T10:14:51","modified_gmt":"2017-07-14T08:14:51","slug":"secteur-aerien-top-de-forme-de-lemploi-plus-de-6-milliards-deuros-de-valeur-ajoutee","status":"publish","type":"post","link":"https:\/\/peoplesphere.be\/fr\/secteur-aerien-top-de-forme-de-lemploi-plus-de-6-milliards-deuros-de-valeur-ajoutee\/","title":{"rendered":"Le secteur a\u00e9rien au top de sa forme et de l&#8217;emploi: plus de 6 milliards d&rsquo;euros de valeur ajout\u00e9e."},"content":{"rendered":"<p>Depuis 2009, la Banque Nationale livre une analyse de l\u2019importance \u00e9conomique des activit\u00e9s a\u00e9riennes et a\u00e9roportuaires en Belgique. Celle-ci est remise \u00e0 jour tous les 3 ans. La version r\u00e9cente \u00e9value l\u2019importance \u00e9conomique des activit\u00e9s a\u00e9riennes et a\u00e9roportuaires en Belgique durant la p\u00e9riode comprise entre 2013 et 2015 en termes de valeur ajout\u00e9e, d\u2019emploi et d\u2019investissements. Les six a\u00e9roports belges y contribuent \u00e0 des degr\u00e9s divers.<!--more--><\/p>\n<p>Le secteur analys\u00e9 comprend non seulement les activit\u00e9s strictement li\u00e9es \u00e0 l\u2019aviation mais \u00e9galement toutes les activit\u00e9s qui sont exerc\u00e9es sur le terrain des a\u00e9roports belges (Anvers, Bruxelles, Charleroi, Courtrai, Li\u00e8ge et Ostende). L\u2019on accorde \u00e9galement de l\u2019attention aux effets indirects en mati\u00e8re de valeur ajout\u00e9e et d\u2019emploi. L\u2019\u00e9tude comporte aussi une analyse des bilans sociaux et du profil en mati\u00e8re de risque de cr\u00e9dit d\u2019une partie des entreprises consid\u00e9r\u00e9es.<\/p>\n<p>La croissance du trafic a\u00e9rien belge se traduit par une \u00e9volution positive de la valeur ajout\u00e9e du secteur a\u00e9rien. Les effets tant directs qu\u2019indirects augmentent de 15 \u00e0 16 % sur deux ans. Ce rythme de croissance d\u00e9passe de loin celui de l\u2019\u00e9conomie nationale au cours de cette p\u00e9riode. Cela conduit \u00e0 une valeur ajout\u00e9e totale de 6 milliards d\u2019euros en 2015, soit 1,5 % du PIB de la Belgique. Les effets directs sont principalement renforc\u00e9s par le cluster de l\u2019aviation qui g\u00e9n\u00e8re 75 % de la valeur ajout\u00e9e.<br \/>\nLes trois principaux secteurs de ce cluster, \u00e0 savoir l\u2019industrie a\u00e9ronautique, le transport a\u00e9rien et les exploitants des a\u00e9roports, ont le plus contribu\u00e9 \u00e0 la croissance, si bien qu\u2019ils ont gagn\u00e9 en importance. Les autres activit\u00e9s li\u00e9es \u00e0 l\u2019a\u00e9roport affichent \u00e9galement une tendance favorable, quoique dans une moindre mesure. Ici aussi, les principaux secteurs, \u00e0 savoir le traitement du fret et son stockage, les services de messageries et les services postaux, fournissent les contributions les plus vigoureuses.<\/p>\n<p>L\u2019importance \u00e9conomique du secteur a\u00e9rien s\u2019est accrue non seulement en termes de valeur ajout\u00e9e, mais \u00e9galement au niveau de l\u2019emploi. Au total, la branche a employ\u00e9 62.528 ETP en 2015. Ce chiffre repr\u00e9sente 1,5 % de l\u2019emploi int\u00e9rieur en Belgique. Contrairement \u00e0 la valeur ajout\u00e9e, les plus grands progr\u00e8s au niveau de l\u2019emploi ont \u00e9t\u00e9 observ\u00e9s dans la branche d\u2019activit\u00e9 \u00ab\u00a0autres activit\u00e9s li\u00e9es \u00e0 l\u2019a\u00e9roport\u00a0\u00bb.<\/p>\n<p>Les investissements directs ont nettement \u00e9volu\u00e9 en direction des chiffres records enregistr\u00e9s en 2007 et 2008, atteignant un montant de 456 millions d\u2019euros en 2015. Bien que le cluster de l\u2019aviation prenne encore \u00e0 son compte la majeure partie des activit\u00e9s d\u2019investissement, les autres activit\u00e9s li\u00e9es \u00e0 l\u2019a\u00e9roport ont engag\u00e9 un beau mouvement de rattrapage entre 2013 et 2015. Durant cette p\u00e9riode, l\u2019accent a \u00e9t\u00e9 mis principalement sur les d\u00e9penses relatives \u00e0 de nouvelles infrastructures et au renouvellement des infrastructures par les exploitants des a\u00e9roports, dont presque 93 % sont imputables \u00e0 Brussels Airport Company.<\/p>\n<p>L\u2019\u00e9tude aborde \u00e9galement de fa\u00e7on d\u00e9taill\u00e9e les diff\u00e9rents a\u00e9roports belges et leurs activit\u00e9s li\u00e9es. Bruxelles renforce sa position en tant que plus grand a\u00e9roport avec une part de 72 \u00e0 79 % dans la plupart des param\u00e8tres : 79 % de la valeur ajout\u00e9e directe de l\u2019ensemble des six a\u00e9roports belges, 76 % de l\u2019emploi direct, 79 % des investissements directs et 72 % du nombre de passagers arrivants et partants, occupant ainsi la 22e place sur la liste des a\u00e9roports de passagers europ\u00e9ens. Ce dernier chiffre porte sur l\u2019ann\u00e9e 2016, si bien que l\u2019incidence des attentats a \u00e9galement \u00e9t\u00e9 prise en compte. S\u2019agissant du transport de fret, Li\u00e8ge d\u00e9passe toujours Bruxelles, prenant \u00e0 son compte 56 % de l\u2019ensemble du trafic de fret en Belgique. En 2016, Li\u00e8ge et Bruxelles occupaient respectivement la 8e et la 10e place sur la liste des a\u00e9roports de fret europ\u00e9ens.<br \/>\n\ufffc\ufffc<br \/>\nLa progression de la valeur ajout\u00e9e totale au cours de la p\u00e9riode 2013-2015 est en grande partie le fait de Bruxelles, o\u00f9 la croissance au cours des deux derni\u00e8res ann\u00e9es s\u2019est acc\u00e9l\u00e9r\u00e9e pour atteindre pr\u00e8s de 25,9 %. Courtrai a, lui aussi, enregistr\u00e9 une \u00e9volution positive, m\u00eame si celle-ci est rest\u00e9e limit\u00e9e \u00e0 4,8 % sur deux ans. Ostende et Anvers ont subi respectivement le d\u00e9part d\u2019ANA Aviation et l\u2019approche de la faillite de VLM Airlines en 2016.<br \/>\nLes a\u00e9roports wallons ont r\u00e9cup\u00e9r\u00e9 en 2015 d\u2019un petit recul enregistr\u00e9 l\u2019ann\u00e9e pr\u00e9c\u00e9dente. L\u2019emploi total dans les a\u00e9roports belges s\u2019accro\u00eet, tout comme la valeur ajout\u00e9e totale, avec Li\u00e8ge et Bruxelles en t\u00eate. Les \u00e9v\u00e9nements tragiques de mars 2016 ont indubitablement exerc\u00e9 une incidence sur la plupart des a\u00e9roports. N\u00e9anmoins, depuis la fin de 2016, le transport tant de fret que de passagers s\u2019est d\u00e9j\u00e0 enti\u00e8rement r\u00e9tabli.<\/p>\n<p><em>Source : Banque Nationale de Belgique<\/em><\/p>\n","protected":false},"excerpt":{"rendered":"<p>Depuis 2009, la Banque Nationale livre une analyse de l\u2019importance \u00e9conomique des activit\u00e9s a\u00e9riennes et a\u00e9roportuaires en Belgique. Celle-ci est remise \u00e0 jour tous les 3 ans. La version r\u00e9cente \u00e9value l\u2019importance \u00e9conomique des activit\u00e9s a\u00e9riennes et a\u00e9roportuaires en Belgique [&hellip;]<\/p>\n","protected":false},"author":2,"featured_media":0,"comment_status":"closed","ping_status":"open","sticky":false,"template":"","format":"standard","meta":[],"categories":[65,10],"tags":[1414,1412,1416,1417,152,1415,11,1418,72,1413],"yoast_head":"<!-- This site is optimized with the Yoast SEO plugin v21.0 - https:\/\/yoast.com\/wordpress\/plugins\/seo\/ -->\n<title>Le secteur a\u00e9rien au top de sa forme et de l&#039;emploi: plus de 6 milliards d&#039;euros de valeur ajout\u00e9e. - Peoplesphere<\/title>\n<meta name=\"robots\" content=\"index, follow, max-snippet:-1, max-image-preview:large, max-video-preview:-1\" \/>\n<link rel=\"canonical\" href=\"https:\/\/peoplesphere.be\/fr\/secteur-aerien-top-de-forme-de-lemploi-plus-de-6-milliards-deuros-de-valeur-ajoutee\/\" \/>\n<meta property=\"og:locale\" content=\"fr_FR\" \/>\n<meta property=\"og:type\" content=\"article\" \/>\n<meta property=\"og:title\" content=\"Le secteur a\u00e9rien au top de sa forme et de l&#039;emploi: plus de 6 milliards d&#039;euros de valeur ajout\u00e9e. - Peoplesphere\" \/>\n<meta property=\"og:description\" content=\"Depuis 2009, la Banque Nationale livre une analyse de l\u2019importance \u00e9conomique des activit\u00e9s a\u00e9riennes et a\u00e9roportuaires en Belgique. Celle-ci est remise \u00e0 jour tous les 3 ans. La version r\u00e9cente \u00e9value l\u2019importance \u00e9conomique des activit\u00e9s a\u00e9riennes et a\u00e9roportuaires en Belgique [&hellip;]\" \/>\n<meta property=\"og:url\" content=\"https:\/\/peoplesphere.be\/fr\/secteur-aerien-top-de-forme-de-lemploi-plus-de-6-milliards-deuros-de-valeur-ajoutee\/\" \/>\n<meta property=\"og:site_name\" content=\"Peoplesphere\" \/>\n<meta property=\"article:publisher\" content=\"https:\/\/www.facebook.com\/peoplesphere\" \/>\n<meta property=\"article:published_time\" content=\"2017-07-14T08:14:51+00:00\" \/>\n<meta property=\"og:image\" content=\"http:\/\/www.peoplesphere.be\/fr\/wp-content\/uploads\/2016\/07\/facebook-default-posting-1200x628px.jpg\" \/>\n<meta name=\"author\" content=\"Jean-Paul Erhard\" \/>\n<meta name=\"twitter:card\" content=\"summary_large_image\" \/>\n<meta name=\"twitter:creator\" content=\"@PeoplesphereMag\" \/>\n<meta name=\"twitter:site\" content=\"@PeoplesphereMag\" \/>\n<meta name=\"twitter:label1\" content=\"\u00c9crit par\" \/>\n\t<meta name=\"twitter:data1\" content=\"Jean-Paul Erhard\" \/>\n\t<meta name=\"twitter:label2\" content=\"Dur\u00e9e de lecture estim\u00e9e\" \/>\n\t<meta name=\"twitter:data2\" content=\"4 minutes\" \/>\n<script type=\"application\/ld+json\" class=\"yoast-schema-graph\">{\"@context\":\"https:\/\/schema.org\",\"@graph\":[{\"@type\":\"Article\",\"@id\":\"https:\/\/peoplesphere.be\/fr\/secteur-aerien-top-de-forme-de-lemploi-plus-de-6-milliards-deuros-de-valeur-ajoutee\/#article\",\"isPartOf\":{\"@id\":\"https:\/\/peoplesphere.be\/fr\/secteur-aerien-top-de-forme-de-lemploi-plus-de-6-milliards-deuros-de-valeur-ajoutee\/\"},\"author\":{\"name\":\"Jean-Paul Erhard\",\"@id\":\"https:\/\/peoplesphere.be\/fr\/#\/schema\/person\/7976225ff17988604334abb7b3536a7e\"},\"headline\":\"Le secteur a\u00e9rien au top de sa forme et de l&#8217;emploi: plus de 6 milliards d&rsquo;euros de valeur ajout\u00e9e.\",\"datePublished\":\"2017-07-14T08:14:51+00:00\",\"dateModified\":\"2017-07-14T08:14:51+00:00\",\"mainEntityOfPage\":{\"@id\":\"https:\/\/peoplesphere.be\/fr\/secteur-aerien-top-de-forme-de-lemploi-plus-de-6-milliards-deuros-de-valeur-ajoutee\/\"},\"wordCount\":860,\"publisher\":{\"@id\":\"https:\/\/peoplesphere.be\/fr\/#organization\"},\"keywords\":[\"a\u00e9roports\",\"BNB\",\"Brussels Airport Company\",\"BSCA\",\"croissance\",\"d\u00e9veloppement \u00e9conomique\",\"emploi\",\"Li\u00e8ge Airport\",\"recrutement\",\"secteur a\u00e9rien\"],\"articleSection\":[\"Actualit\u00e9s\",\"Digital\"],\"inLanguage\":\"fr-FR\"},{\"@type\":\"WebPage\",\"@id\":\"https:\/\/peoplesphere.be\/fr\/secteur-aerien-top-de-forme-de-lemploi-plus-de-6-milliards-deuros-de-valeur-ajoutee\/\",\"url\":\"https:\/\/peoplesphere.be\/fr\/secteur-aerien-top-de-forme-de-lemploi-plus-de-6-milliards-deuros-de-valeur-ajoutee\/\",\"name\":\"Le secteur a\u00e9rien au top de sa forme et de l'emploi: plus de 6 milliards d'euros de valeur ajout\u00e9e. - Peoplesphere\",\"isPartOf\":{\"@id\":\"https:\/\/peoplesphere.be\/fr\/#website\"},\"datePublished\":\"2017-07-14T08:14:51+00:00\",\"dateModified\":\"2017-07-14T08:14:51+00:00\",\"breadcrumb\":{\"@id\":\"https:\/\/peoplesphere.be\/fr\/secteur-aerien-top-de-forme-de-lemploi-plus-de-6-milliards-deuros-de-valeur-ajoutee\/#breadcrumb\"},\"inLanguage\":\"fr-FR\",\"potentialAction\":[{\"@type\":\"ReadAction\",\"target\":[\"https:\/\/peoplesphere.be\/fr\/secteur-aerien-top-de-forme-de-lemploi-plus-de-6-milliards-deuros-de-valeur-ajoutee\/\"]}]},{\"@type\":\"BreadcrumbList\",\"@id\":\"https:\/\/peoplesphere.be\/fr\/secteur-aerien-top-de-forme-de-lemploi-plus-de-6-milliards-deuros-de-valeur-ajoutee\/#breadcrumb\",\"itemListElement\":[{\"@type\":\"ListItem\",\"position\":1,\"name\":\"Accueil\",\"item\":\"https:\/\/peoplesphere.be\/fr\/\"},{\"@type\":\"ListItem\",\"position\":2,\"name\":\"Le secteur a\u00e9rien au top de sa forme et de l&#8217;emploi: plus de 6 milliards d&rsquo;euros de valeur ajout\u00e9e.\"}]},{\"@type\":\"WebSite\",\"@id\":\"https:\/\/peoplesphere.be\/fr\/#website\",\"url\":\"https:\/\/peoplesphere.be\/fr\/\",\"name\":\"Peoplesphere\",\"description\":\"The People Managers Magazine\",\"publisher\":{\"@id\":\"https:\/\/peoplesphere.be\/fr\/#organization\"},\"potentialAction\":[{\"@type\":\"SearchAction\",\"target\":{\"@type\":\"EntryPoint\",\"urlTemplate\":\"https:\/\/peoplesphere.be\/fr\/?s={search_term_string}\"},\"query-input\":\"required name=search_term_string\"}],\"inLanguage\":\"fr-FR\"},{\"@type\":\"Organization\",\"@id\":\"https:\/\/peoplesphere.be\/fr\/#organization\",\"name\":\"Peoplesphere Company srl\",\"url\":\"https:\/\/peoplesphere.be\/fr\/\",\"logo\":{\"@type\":\"ImageObject\",\"inLanguage\":\"fr-FR\",\"@id\":\"https:\/\/peoplesphere.be\/fr\/#\/schema\/logo\/image\/\",\"url\":\"https:\/\/peoplesphere.be\/fr\/wp-content\/uploads\/2023\/07\/peoplesphere-lgo-new-generik.jpg\",\"contentUrl\":\"https:\/\/peoplesphere.be\/fr\/wp-content\/uploads\/2023\/07\/peoplesphere-lgo-new-generik.jpg\",\"width\":1031,\"height\":1479,\"caption\":\"Peoplesphere Company srl\"},\"image\":{\"@id\":\"https:\/\/peoplesphere.be\/fr\/#\/schema\/logo\/image\/\"},\"sameAs\":[\"https:\/\/www.facebook.com\/peoplesphere\",\"https:\/\/twitter.com\/PeoplesphereMag\",\"https:\/\/www.linkedin.com\/company\/7587361?trk\",\"http:\/\/youtube.com\/peoplesphere\"]},{\"@type\":\"Person\",\"@id\":\"https:\/\/peoplesphere.be\/fr\/#\/schema\/person\/7976225ff17988604334abb7b3536a7e\",\"name\":\"Jean-Paul Erhard\",\"image\":{\"@type\":\"ImageObject\",\"inLanguage\":\"fr-FR\",\"@id\":\"https:\/\/peoplesphere.be\/fr\/#\/schema\/person\/image\/\",\"url\":\"https:\/\/secure.gravatar.com\/avatar\/f941e681460179738071629a51574930?s=96&d=mm&r=g\",\"contentUrl\":\"https:\/\/secure.gravatar.com\/avatar\/f941e681460179738071629a51574930?s=96&d=mm&r=g\",\"caption\":\"Jean-Paul Erhard\"},\"url\":\"https:\/\/peoplesphere.be\/fr\/author\/jpe\/\"}]}<\/script>\n<!-- \/ Yoast SEO plugin. -->","yoast_head_json":{"title":"Le secteur a\u00e9rien au top de sa forme et de l'emploi: plus de 6 milliards d'euros de valeur ajout\u00e9e. - Peoplesphere","robots":{"index":"index","follow":"follow","max-snippet":"max-snippet:-1","max-image-preview":"max-image-preview:large","max-video-preview":"max-video-preview:-1"},"canonical":"https:\/\/peoplesphere.be\/fr\/secteur-aerien-top-de-forme-de-lemploi-plus-de-6-milliards-deuros-de-valeur-ajoutee\/","og_locale":"fr_FR","og_type":"article","og_title":"Le secteur a\u00e9rien au top de sa forme et de l'emploi: plus de 6 milliards d'euros de valeur ajout\u00e9e. - Peoplesphere","og_description":"Depuis 2009, la Banque Nationale livre une analyse de l\u2019importance \u00e9conomique des activit\u00e9s a\u00e9riennes et a\u00e9roportuaires en Belgique. Celle-ci est remise \u00e0 jour tous les 3 ans. La version r\u00e9cente \u00e9value l\u2019importance \u00e9conomique des activit\u00e9s a\u00e9riennes et a\u00e9roportuaires en Belgique [&hellip;]","og_url":"https:\/\/peoplesphere.be\/fr\/secteur-aerien-top-de-forme-de-lemploi-plus-de-6-milliards-deuros-de-valeur-ajoutee\/","og_site_name":"Peoplesphere","article_publisher":"https:\/\/www.facebook.com\/peoplesphere","article_published_time":"2017-07-14T08:14:51+00:00","og_image":[{"url":"http:\/\/www.peoplesphere.be\/fr\/wp-content\/uploads\/2016\/07\/facebook-default-posting-1200x628px.jpg"}],"author":"Jean-Paul Erhard","twitter_card":"summary_large_image","twitter_creator":"@PeoplesphereMag","twitter_site":"@PeoplesphereMag","twitter_misc":{"\u00c9crit par":"Jean-Paul Erhard","Dur\u00e9e de lecture estim\u00e9e":"4 minutes"},"schema":{"@context":"https:\/\/schema.org","@graph":[{"@type":"Article","@id":"https:\/\/peoplesphere.be\/fr\/secteur-aerien-top-de-forme-de-lemploi-plus-de-6-milliards-deuros-de-valeur-ajoutee\/#article","isPartOf":{"@id":"https:\/\/peoplesphere.be\/fr\/secteur-aerien-top-de-forme-de-lemploi-plus-de-6-milliards-deuros-de-valeur-ajoutee\/"},"author":{"name":"Jean-Paul Erhard","@id":"https:\/\/peoplesphere.be\/fr\/#\/schema\/person\/7976225ff17988604334abb7b3536a7e"},"headline":"Le secteur a\u00e9rien au top de sa forme et de l&#8217;emploi: plus de 6 milliards d&rsquo;euros de valeur ajout\u00e9e.","datePublished":"2017-07-14T08:14:51+00:00","dateModified":"2017-07-14T08:14:51+00:00","mainEntityOfPage":{"@id":"https:\/\/peoplesphere.be\/fr\/secteur-aerien-top-de-forme-de-lemploi-plus-de-6-milliards-deuros-de-valeur-ajoutee\/"},"wordCount":860,"publisher":{"@id":"https:\/\/peoplesphere.be\/fr\/#organization"},"keywords":["a\u00e9roports","BNB","Brussels Airport Company","BSCA","croissance","d\u00e9veloppement \u00e9conomique","emploi","Li\u00e8ge Airport","recrutement","secteur a\u00e9rien"],"articleSection":["Actualit\u00e9s","Digital"],"inLanguage":"fr-FR"},{"@type":"WebPage","@id":"https:\/\/peoplesphere.be\/fr\/secteur-aerien-top-de-forme-de-lemploi-plus-de-6-milliards-deuros-de-valeur-ajoutee\/","url":"https:\/\/peoplesphere.be\/fr\/secteur-aerien-top-de-forme-de-lemploi-plus-de-6-milliards-deuros-de-valeur-ajoutee\/","name":"Le secteur a\u00e9rien au top de sa forme et de l'emploi: plus de 6 milliards d'euros de valeur ajout\u00e9e. - Peoplesphere","isPartOf":{"@id":"https:\/\/peoplesphere.be\/fr\/#website"},"datePublished":"2017-07-14T08:14:51+00:00","dateModified":"2017-07-14T08:14:51+00:00","breadcrumb":{"@id":"https:\/\/peoplesphere.be\/fr\/secteur-aerien-top-de-forme-de-lemploi-plus-de-6-milliards-deuros-de-valeur-ajoutee\/#breadcrumb"},"inLanguage":"fr-FR","potentialAction":[{"@type":"ReadAction","target":["https:\/\/peoplesphere.be\/fr\/secteur-aerien-top-de-forme-de-lemploi-plus-de-6-milliards-deuros-de-valeur-ajoutee\/"]}]},{"@type":"BreadcrumbList","@id":"https:\/\/peoplesphere.be\/fr\/secteur-aerien-top-de-forme-de-lemploi-plus-de-6-milliards-deuros-de-valeur-ajoutee\/#breadcrumb","itemListElement":[{"@type":"ListItem","position":1,"name":"Accueil","item":"https:\/\/peoplesphere.be\/fr\/"},{"@type":"ListItem","position":2,"name":"Le secteur a\u00e9rien au top de sa forme et de l&#8217;emploi: plus de 6 milliards d&rsquo;euros de valeur ajout\u00e9e."}]},{"@type":"WebSite","@id":"https:\/\/peoplesphere.be\/fr\/#website","url":"https:\/\/peoplesphere.be\/fr\/","name":"Peoplesphere","description":"The People Managers Magazine","publisher":{"@id":"https:\/\/peoplesphere.be\/fr\/#organization"},"potentialAction":[{"@type":"SearchAction","target":{"@type":"EntryPoint","urlTemplate":"https:\/\/peoplesphere.be\/fr\/?s={search_term_string}"},"query-input":"required name=search_term_string"}],"inLanguage":"fr-FR"},{"@type":"Organization","@id":"https:\/\/peoplesphere.be\/fr\/#organization","name":"Peoplesphere Company srl","url":"https:\/\/peoplesphere.be\/fr\/","logo":{"@type":"ImageObject","inLanguage":"fr-FR","@id":"https:\/\/peoplesphere.be\/fr\/#\/schema\/logo\/image\/","url":"https:\/\/peoplesphere.be\/fr\/wp-content\/uploads\/2023\/07\/peoplesphere-lgo-new-generik.jpg","contentUrl":"https:\/\/peoplesphere.be\/fr\/wp-content\/uploads\/2023\/07\/peoplesphere-lgo-new-generik.jpg","width":1031,"height":1479,"caption":"Peoplesphere Company srl"},"image":{"@id":"https:\/\/peoplesphere.be\/fr\/#\/schema\/logo\/image\/"},"sameAs":["https:\/\/www.facebook.com\/peoplesphere","https:\/\/twitter.com\/PeoplesphereMag","https:\/\/www.linkedin.com\/company\/7587361?trk","http:\/\/youtube.com\/peoplesphere"]},{"@type":"Person","@id":"https:\/\/peoplesphere.be\/fr\/#\/schema\/person\/7976225ff17988604334abb7b3536a7e","name":"Jean-Paul Erhard","image":{"@type":"ImageObject","inLanguage":"fr-FR","@id":"https:\/\/peoplesphere.be\/fr\/#\/schema\/person\/image\/","url":"https:\/\/secure.gravatar.com\/avatar\/f941e681460179738071629a51574930?s=96&d=mm&r=g","contentUrl":"https:\/\/secure.gravatar.com\/avatar\/f941e681460179738071629a51574930?s=96&d=mm&r=g","caption":"Jean-Paul Erhard"},"url":"https:\/\/peoplesphere.be\/fr\/author\/jpe\/"}]}},"_links":{"self":[{"href":"https:\/\/peoplesphere.be\/fr\/wp-json\/wp\/v2\/posts\/4665"}],"collection":[{"href":"https:\/\/peoplesphere.be\/fr\/wp-json\/wp\/v2\/posts"}],"about":[{"href":"https:\/\/peoplesphere.be\/fr\/wp-json\/wp\/v2\/types\/post"}],"author":[{"embeddable":true,"href":"https:\/\/peoplesphere.be\/fr\/wp-json\/wp\/v2\/users\/2"}],"replies":[{"embeddable":true,"href":"https:\/\/peoplesphere.be\/fr\/wp-json\/wp\/v2\/comments?post=4665"}],"version-history":[{"count":1,"href":"https:\/\/peoplesphere.be\/fr\/wp-json\/wp\/v2\/posts\/4665\/revisions"}],"predecessor-version":[{"id":4666,"href":"https:\/\/peoplesphere.be\/fr\/wp-json\/wp\/v2\/posts\/4665\/revisions\/4666"}],"wp:attachment":[{"href":"https:\/\/peoplesphere.be\/fr\/wp-json\/wp\/v2\/media?parent=4665"}],"wp:term":[{"taxonomy":"category","embeddable":true,"href":"https:\/\/peoplesphere.be\/fr\/wp-json\/wp\/v2\/categories?post=4665"},{"taxonomy":"post_tag","embeddable":true,"href":"https:\/\/peoplesphere.be\/fr\/wp-json\/wp\/v2\/tags?post=4665"}],"curies":[{"name":"wp","href":"https:\/\/api.w.org\/{rel}","templated":true}]}}