









{"id":4686,"date":"2017-07-21T09:32:14","date_gmt":"2017-07-21T07:32:14","guid":{"rendered":"http:\/\/www.peoplesphere.be\/fr\/?p=4686"},"modified":"2017-07-21T09:32:14","modified_gmt":"2017-07-21T07:32:14","slug":"reforme-pensions-progresse-linstallation-principe-de-lunite-de-carriere","status":"publish","type":"post","link":"https:\/\/peoplesphere.be\/fr\/reforme-pensions-progresse-linstallation-principe-de-lunite-de-carriere\/","title":{"rendered":"La r\u00e9forme des pensions progresse avec l&rsquo;installation du principe de l&rsquo;unit\u00e9 de carri\u00e8re."},"content":{"rendered":"<p>Lors du Conseil des Ministres de ce 20 juillet, et. sur proposition du ministre des Pensions Daniel Bacquelaine et du ministre des Ind\u00e9pendants Willy Borsus, le gouvernement a approuv\u00e9 un avant-projet de loi modifiant diverses dispositions relatives au r\u00e9gime de pension des travailleurs salari\u00e9s et ind\u00e9pendants en ce qui concerne le principe de l\u2019unit\u00e9 de carri\u00e8re et la pension de retraite anticip\u00e9e.<!--more--><\/p>\n<p>Il s\u2019agit de permettre \u00e0 ceux qui poursuivent le travail apr\u00e8s une carri\u00e8re compl\u00e8te (45 ans) de se constituer des droits de pensions suppl\u00e9mentaires. Aujourd\u2019hui, un travailleur salari\u00e9 ou ind\u00e9pendant, qui a commenc\u00e9 sa carri\u00e8re professionnelle \u00e0 18 ans et qui part \u00e0 la retraite \u00e0 65 ans apr\u00e8s avoir travaill\u00e9 de fa\u00e7on continue \u00e0 temps plein, comptera 47 ans de carri\u00e8re. Pourtant, sa pension ne sera calcul\u00e9e que sur 14.040 jours (ou 45 ans).<\/p>\n<p>Pour le calcul des pensions prenant cours \u00e0 partir du 1er janvier 2019, il sera tenu compte de toutes les journ\u00e9es de travail, m\u00eame de celles qui sont prest\u00e9es apr\u00e8s une carri\u00e8re de 14.040 jours (45 ans). Ceux qui ont une carri\u00e8re professionnelle de plus de 45 ans seront donc r\u00e9compens\u00e9s et percevront, en comparaison avec la r\u00e8glementation actuelle, un montant de pension plus \u00e9lev\u00e9.<\/p>\n<p>Ces mesures, qui donnent suite \u00e0 la recommandation de la Commission de r\u00e9forme des Pensions 2020-2040, traduisent la volont\u00e9 du Gouvernement de renforcer le lien entre la carri\u00e8re prest\u00e9e et le montant de la pension.<\/p>\n","protected":false},"excerpt":{"rendered":"<p>Lors du Conseil des Ministres de ce 20 juillet, et. sur proposition du ministre des Pensions Daniel Bacquelaine et du ministre des Ind\u00e9pendants Willy Borsus, le gouvernement a approuv\u00e9 un avant-projet de loi modifiant diverses dispositions relatives au r\u00e9gime de [&hellip;]<\/p>\n","protected":false},"author":2,"featured_media":0,"comment_status":"closed","ping_status":"open","sticky":false,"template":"","format":"standard","meta":[],"categories":[65,10],"tags":[1435,1200,54,57,548,473,955],"yoast_head":"<!-- This site is optimized with the Yoast SEO plugin v21.0 - https:\/\/yoast.com\/wordpress\/plugins\/seo\/ -->\n<title>La r\u00e9forme des pensions progresse avec l&#039;installation du principe de l&#039;unit\u00e9 de carri\u00e8re. - Peoplesphere<\/title>\n<meta name=\"robots\" content=\"index, follow, max-snippet:-1, max-image-preview:large, max-video-preview:-1\" \/>\n<link rel=\"canonical\" href=\"https:\/\/peoplesphere.be\/fr\/reforme-pensions-progresse-linstallation-principe-de-lunite-de-carriere\/\" \/>\n<meta property=\"og:locale\" content=\"fr_FR\" \/>\n<meta property=\"og:type\" content=\"article\" \/>\n<meta property=\"og:title\" content=\"La r\u00e9forme des pensions progresse avec l&#039;installation du principe de l&#039;unit\u00e9 de carri\u00e8re. - Peoplesphere\" \/>\n<meta property=\"og:description\" content=\"Lors du Conseil des Ministres de ce 20 juillet, et. sur proposition du ministre des Pensions Daniel Bacquelaine et du ministre des Ind\u00e9pendants Willy Borsus, le gouvernement a approuv\u00e9 un avant-projet de loi modifiant diverses dispositions relatives au r\u00e9gime de [&hellip;]\" \/>\n<meta property=\"og:url\" content=\"https:\/\/peoplesphere.be\/fr\/reforme-pensions-progresse-linstallation-principe-de-lunite-de-carriere\/\" \/>\n<meta property=\"og:site_name\" content=\"Peoplesphere\" \/>\n<meta property=\"article:publisher\" content=\"https:\/\/www.facebook.com\/peoplesphere\" \/>\n<meta property=\"article:published_time\" content=\"2017-07-21T07:32:14+00:00\" \/>\n<meta property=\"og:image\" content=\"http:\/\/www.peoplesphere.be\/fr\/wp-content\/uploads\/2016\/07\/facebook-default-posting-1200x628px.jpg\" \/>\n<meta name=\"author\" content=\"Jean-Paul Erhard\" \/>\n<meta name=\"twitter:card\" content=\"summary_large_image\" \/>\n<meta name=\"twitter:creator\" content=\"@PeoplesphereMag\" \/>\n<meta name=\"twitter:site\" content=\"@PeoplesphereMag\" \/>\n<meta name=\"twitter:label1\" content=\"\u00c9crit par\" \/>\n\t<meta name=\"twitter:data1\" content=\"Jean-Paul Erhard\" \/>\n\t<meta name=\"twitter:label2\" content=\"Dur\u00e9e de lecture estim\u00e9e\" \/>\n\t<meta name=\"twitter:data2\" content=\"1 minute\" \/>\n<script type=\"application\/ld+json\" class=\"yoast-schema-graph\">{\"@context\":\"https:\/\/schema.org\",\"@graph\":[{\"@type\":\"Article\",\"@id\":\"https:\/\/peoplesphere.be\/fr\/reforme-pensions-progresse-linstallation-principe-de-lunite-de-carriere\/#article\",\"isPartOf\":{\"@id\":\"https:\/\/peoplesphere.be\/fr\/reforme-pensions-progresse-linstallation-principe-de-lunite-de-carriere\/\"},\"author\":{\"name\":\"Jean-Paul Erhard\",\"@id\":\"https:\/\/peoplesphere.be\/fr\/#\/schema\/person\/7976225ff17988604334abb7b3536a7e\"},\"headline\":\"La r\u00e9forme des pensions progresse avec l&rsquo;installation du principe de l&rsquo;unit\u00e9 de carri\u00e8re.\",\"datePublished\":\"2017-07-21T07:32:14+00:00\",\"dateModified\":\"2017-07-21T07:32:14+00:00\",\"mainEntityOfPage\":{\"@id\":\"https:\/\/peoplesphere.be\/fr\/reforme-pensions-progresse-linstallation-principe-de-lunite-de-carriere\/\"},\"wordCount\":265,\"publisher\":{\"@id\":\"https:\/\/peoplesphere.be\/fr\/#organization\"},\"keywords\":[\"conseil des ministres\",\"Daniel Bacquelaine\",\"Gouvernement\",\"pensions\",\"r\u00e9forme des pensions\",\"retraites\",\"Willy Borsus\"],\"articleSection\":[\"Actualit\u00e9s\",\"Digital\"],\"inLanguage\":\"fr-FR\"},{\"@type\":\"WebPage\",\"@id\":\"https:\/\/peoplesphere.be\/fr\/reforme-pensions-progresse-linstallation-principe-de-lunite-de-carriere\/\",\"url\":\"https:\/\/peoplesphere.be\/fr\/reforme-pensions-progresse-linstallation-principe-de-lunite-de-carriere\/\",\"name\":\"La r\u00e9forme des pensions progresse avec l'installation du principe de l'unit\u00e9 de carri\u00e8re. - Peoplesphere\",\"isPartOf\":{\"@id\":\"https:\/\/peoplesphere.be\/fr\/#website\"},\"datePublished\":\"2017-07-21T07:32:14+00:00\",\"dateModified\":\"2017-07-21T07:32:14+00:00\",\"breadcrumb\":{\"@id\":\"https:\/\/peoplesphere.be\/fr\/reforme-pensions-progresse-linstallation-principe-de-lunite-de-carriere\/#breadcrumb\"},\"inLanguage\":\"fr-FR\",\"potentialAction\":[{\"@type\":\"ReadAction\",\"target\":[\"https:\/\/peoplesphere.be\/fr\/reforme-pensions-progresse-linstallation-principe-de-lunite-de-carriere\/\"]}]},{\"@type\":\"BreadcrumbList\",\"@id\":\"https:\/\/peoplesphere.be\/fr\/reforme-pensions-progresse-linstallation-principe-de-lunite-de-carriere\/#breadcrumb\",\"itemListElement\":[{\"@type\":\"ListItem\",\"position\":1,\"name\":\"Accueil\",\"item\":\"https:\/\/peoplesphere.be\/fr\/\"},{\"@type\":\"ListItem\",\"position\":2,\"name\":\"La r\u00e9forme des pensions progresse avec l&rsquo;installation du principe de l&rsquo;unit\u00e9 de carri\u00e8re.\"}]},{\"@type\":\"WebSite\",\"@id\":\"https:\/\/peoplesphere.be\/fr\/#website\",\"url\":\"https:\/\/peoplesphere.be\/fr\/\",\"name\":\"Peoplesphere\",\"description\":\"The People Managers Magazine\",\"publisher\":{\"@id\":\"https:\/\/peoplesphere.be\/fr\/#organization\"},\"potentialAction\":[{\"@type\":\"SearchAction\",\"target\":{\"@type\":\"EntryPoint\",\"urlTemplate\":\"https:\/\/peoplesphere.be\/fr\/?s={search_term_string}\"},\"query-input\":\"required name=search_term_string\"}],\"inLanguage\":\"fr-FR\"},{\"@type\":\"Organization\",\"@id\":\"https:\/\/peoplesphere.be\/fr\/#organization\",\"name\":\"Peoplesphere Company srl\",\"url\":\"https:\/\/peoplesphere.be\/fr\/\",\"logo\":{\"@type\":\"ImageObject\",\"inLanguage\":\"fr-FR\",\"@id\":\"https:\/\/peoplesphere.be\/fr\/#\/schema\/logo\/image\/\",\"url\":\"https:\/\/peoplesphere.be\/fr\/wp-content\/uploads\/2023\/07\/peoplesphere-lgo-new-generik.jpg\",\"contentUrl\":\"https:\/\/peoplesphere.be\/fr\/wp-content\/uploads\/2023\/07\/peoplesphere-lgo-new-generik.jpg\",\"width\":1031,\"height\":1479,\"caption\":\"Peoplesphere Company srl\"},\"image\":{\"@id\":\"https:\/\/peoplesphere.be\/fr\/#\/schema\/logo\/image\/\"},\"sameAs\":[\"https:\/\/www.facebook.com\/peoplesphere\",\"https:\/\/twitter.com\/PeoplesphereMag\",\"https:\/\/www.linkedin.com\/company\/7587361?trk\",\"http:\/\/youtube.com\/peoplesphere\"]},{\"@type\":\"Person\",\"@id\":\"https:\/\/peoplesphere.be\/fr\/#\/schema\/person\/7976225ff17988604334abb7b3536a7e\",\"name\":\"Jean-Paul Erhard\",\"image\":{\"@type\":\"ImageObject\",\"inLanguage\":\"fr-FR\",\"@id\":\"https:\/\/peoplesphere.be\/fr\/#\/schema\/person\/image\/\",\"url\":\"https:\/\/secure.gravatar.com\/avatar\/f941e681460179738071629a51574930?s=96&d=mm&r=g\",\"contentUrl\":\"https:\/\/secure.gravatar.com\/avatar\/f941e681460179738071629a51574930?s=96&d=mm&r=g\",\"caption\":\"Jean-Paul Erhard\"},\"url\":\"https:\/\/peoplesphere.be\/fr\/author\/jpe\/\"}]}<\/script>\n<!-- \/ Yoast SEO plugin. -->","yoast_head_json":{"title":"La r\u00e9forme des pensions progresse avec l'installation du principe de l'unit\u00e9 de carri\u00e8re. - Peoplesphere","robots":{"index":"index","follow":"follow","max-snippet":"max-snippet:-1","max-image-preview":"max-image-preview:large","max-video-preview":"max-video-preview:-1"},"canonical":"https:\/\/peoplesphere.be\/fr\/reforme-pensions-progresse-linstallation-principe-de-lunite-de-carriere\/","og_locale":"fr_FR","og_type":"article","og_title":"La r\u00e9forme des pensions progresse avec l'installation du principe de l'unit\u00e9 de carri\u00e8re. - Peoplesphere","og_description":"Lors du Conseil des Ministres de ce 20 juillet, et. sur proposition du ministre des Pensions Daniel Bacquelaine et du ministre des Ind\u00e9pendants Willy Borsus, le gouvernement a approuv\u00e9 un avant-projet de loi modifiant diverses dispositions relatives au r\u00e9gime de [&hellip;]","og_url":"https:\/\/peoplesphere.be\/fr\/reforme-pensions-progresse-linstallation-principe-de-lunite-de-carriere\/","og_site_name":"Peoplesphere","article_publisher":"https:\/\/www.facebook.com\/peoplesphere","article_published_time":"2017-07-21T07:32:14+00:00","og_image":[{"url":"http:\/\/www.peoplesphere.be\/fr\/wp-content\/uploads\/2016\/07\/facebook-default-posting-1200x628px.jpg"}],"author":"Jean-Paul Erhard","twitter_card":"summary_large_image","twitter_creator":"@PeoplesphereMag","twitter_site":"@PeoplesphereMag","twitter_misc":{"\u00c9crit par":"Jean-Paul Erhard","Dur\u00e9e de lecture estim\u00e9e":"1 minute"},"schema":{"@context":"https:\/\/schema.org","@graph":[{"@type":"Article","@id":"https:\/\/peoplesphere.be\/fr\/reforme-pensions-progresse-linstallation-principe-de-lunite-de-carriere\/#article","isPartOf":{"@id":"https:\/\/peoplesphere.be\/fr\/reforme-pensions-progresse-linstallation-principe-de-lunite-de-carriere\/"},"author":{"name":"Jean-Paul Erhard","@id":"https:\/\/peoplesphere.be\/fr\/#\/schema\/person\/7976225ff17988604334abb7b3536a7e"},"headline":"La r\u00e9forme des pensions progresse avec l&rsquo;installation du principe de l&rsquo;unit\u00e9 de carri\u00e8re.","datePublished":"2017-07-21T07:32:14+00:00","dateModified":"2017-07-21T07:32:14+00:00","mainEntityOfPage":{"@id":"https:\/\/peoplesphere.be\/fr\/reforme-pensions-progresse-linstallation-principe-de-lunite-de-carriere\/"},"wordCount":265,"publisher":{"@id":"https:\/\/peoplesphere.be\/fr\/#organization"},"keywords":["conseil des ministres","Daniel Bacquelaine","Gouvernement","pensions","r\u00e9forme des pensions","retraites","Willy Borsus"],"articleSection":["Actualit\u00e9s","Digital"],"inLanguage":"fr-FR"},{"@type":"WebPage","@id":"https:\/\/peoplesphere.be\/fr\/reforme-pensions-progresse-linstallation-principe-de-lunite-de-carriere\/","url":"https:\/\/peoplesphere.be\/fr\/reforme-pensions-progresse-linstallation-principe-de-lunite-de-carriere\/","name":"La r\u00e9forme des pensions progresse avec l'installation du principe de l'unit\u00e9 de carri\u00e8re. - Peoplesphere","isPartOf":{"@id":"https:\/\/peoplesphere.be\/fr\/#website"},"datePublished":"2017-07-21T07:32:14+00:00","dateModified":"2017-07-21T07:32:14+00:00","breadcrumb":{"@id":"https:\/\/peoplesphere.be\/fr\/reforme-pensions-progresse-linstallation-principe-de-lunite-de-carriere\/#breadcrumb"},"inLanguage":"fr-FR","potentialAction":[{"@type":"ReadAction","target":["https:\/\/peoplesphere.be\/fr\/reforme-pensions-progresse-linstallation-principe-de-lunite-de-carriere\/"]}]},{"@type":"BreadcrumbList","@id":"https:\/\/peoplesphere.be\/fr\/reforme-pensions-progresse-linstallation-principe-de-lunite-de-carriere\/#breadcrumb","itemListElement":[{"@type":"ListItem","position":1,"name":"Accueil","item":"https:\/\/peoplesphere.be\/fr\/"},{"@type":"ListItem","position":2,"name":"La r\u00e9forme des pensions progresse avec l&rsquo;installation du principe de l&rsquo;unit\u00e9 de carri\u00e8re."}]},{"@type":"WebSite","@id":"https:\/\/peoplesphere.be\/fr\/#website","url":"https:\/\/peoplesphere.be\/fr\/","name":"Peoplesphere","description":"The People Managers Magazine","publisher":{"@id":"https:\/\/peoplesphere.be\/fr\/#organization"},"potentialAction":[{"@type":"SearchAction","target":{"@type":"EntryPoint","urlTemplate":"https:\/\/peoplesphere.be\/fr\/?s={search_term_string}"},"query-input":"required name=search_term_string"}],"inLanguage":"fr-FR"},{"@type":"Organization","@id":"https:\/\/peoplesphere.be\/fr\/#organization","name":"Peoplesphere Company srl","url":"https:\/\/peoplesphere.be\/fr\/","logo":{"@type":"ImageObject","inLanguage":"fr-FR","@id":"https:\/\/peoplesphere.be\/fr\/#\/schema\/logo\/image\/","url":"https:\/\/peoplesphere.be\/fr\/wp-content\/uploads\/2023\/07\/peoplesphere-lgo-new-generik.jpg","contentUrl":"https:\/\/peoplesphere.be\/fr\/wp-content\/uploads\/2023\/07\/peoplesphere-lgo-new-generik.jpg","width":1031,"height":1479,"caption":"Peoplesphere Company srl"},"image":{"@id":"https:\/\/peoplesphere.be\/fr\/#\/schema\/logo\/image\/"},"sameAs":["https:\/\/www.facebook.com\/peoplesphere","https:\/\/twitter.com\/PeoplesphereMag","https:\/\/www.linkedin.com\/company\/7587361?trk","http:\/\/youtube.com\/peoplesphere"]},{"@type":"Person","@id":"https:\/\/peoplesphere.be\/fr\/#\/schema\/person\/7976225ff17988604334abb7b3536a7e","name":"Jean-Paul Erhard","image":{"@type":"ImageObject","inLanguage":"fr-FR","@id":"https:\/\/peoplesphere.be\/fr\/#\/schema\/person\/image\/","url":"https:\/\/secure.gravatar.com\/avatar\/f941e681460179738071629a51574930?s=96&d=mm&r=g","contentUrl":"https:\/\/secure.gravatar.com\/avatar\/f941e681460179738071629a51574930?s=96&d=mm&r=g","caption":"Jean-Paul Erhard"},"url":"https:\/\/peoplesphere.be\/fr\/author\/jpe\/"}]}},"_links":{"self":[{"href":"https:\/\/peoplesphere.be\/fr\/wp-json\/wp\/v2\/posts\/4686"}],"collection":[{"href":"https:\/\/peoplesphere.be\/fr\/wp-json\/wp\/v2\/posts"}],"about":[{"href":"https:\/\/peoplesphere.be\/fr\/wp-json\/wp\/v2\/types\/post"}],"author":[{"embeddable":true,"href":"https:\/\/peoplesphere.be\/fr\/wp-json\/wp\/v2\/users\/2"}],"replies":[{"embeddable":true,"href":"https:\/\/peoplesphere.be\/fr\/wp-json\/wp\/v2\/comments?post=4686"}],"version-history":[{"count":1,"href":"https:\/\/peoplesphere.be\/fr\/wp-json\/wp\/v2\/posts\/4686\/revisions"}],"predecessor-version":[{"id":4687,"href":"https:\/\/peoplesphere.be\/fr\/wp-json\/wp\/v2\/posts\/4686\/revisions\/4687"}],"wp:attachment":[{"href":"https:\/\/peoplesphere.be\/fr\/wp-json\/wp\/v2\/media?parent=4686"}],"wp:term":[{"taxonomy":"category","embeddable":true,"href":"https:\/\/peoplesphere.be\/fr\/wp-json\/wp\/v2\/categories?post=4686"},{"taxonomy":"post_tag","embeddable":true,"href":"https:\/\/peoplesphere.be\/fr\/wp-json\/wp\/v2\/tags?post=4686"}],"curies":[{"name":"wp","href":"https:\/\/api.w.org\/{rel}","templated":true}]}}