









{"id":4720,"date":"2017-08-04T09:24:50","date_gmt":"2017-08-04T07:24:50","guid":{"rendered":"http:\/\/www.peoplesphere.be\/fr\/?p=4720"},"modified":"2017-08-04T09:24:50","modified_gmt":"2017-08-04T07:24:50","slug":"levolution-positive-de-lemploi-wallon-semble-durable","status":"publish","type":"post","link":"https:\/\/peoplesphere.be\/fr\/levolution-positive-de-lemploi-wallon-semble-durable\/","title":{"rendered":"L&rsquo;\u00e9volution positive de l&#8217;emploi wallon semble durable."},"content":{"rendered":"<p>L&#8217;emploi wallon se porte mieux, lui aussi. Malgr\u00e9 l&rsquo;augmentation &#8211; normale &#8211; du nombre de demandeurs d&#8217;emploi en juillet, la tendance g\u00e9n\u00e9rale reste durablement \u00e0 la baisse du ch\u00f4mage puisque le pourcentage de la population active wallonne concern\u00e9e par le ch\u00f4mage a diminu\u00e9 de 0,5% depuis juillet 2016. Toutes les couches de la population &lsquo;profitent&rsquo; de cette \u00e9volution.<!--more--><\/p>\n<p>Fin juillet 2017, la Wallonie compte 158.566 demandeurs d\u2019emploi (D.E.) demandeurs d\u2019allocations (dont 2.018 en Communaut\u00e9 germanophone) et 29.215 jeunes en stage d\u2019insertion professionnelle (dont 270 en Communaut\u00e9 germanophone). Pour une vue compl\u00e8te du volume de demandeurs d\u2019emploi inoccup\u00e9s (D.E.I.), il convient d\u2019ajouter \u00e0 ces personnes 24.852 demandeurs d\u2019emploi inscrits obligatoirement et 13.970 demandeurs d\u2019emploi inscrits librement, pour un total de 226.603 D.E.I. Ceux-ci repr\u00e9sentent 14,4 % de la population active wallonne. A fin juillet 2016, ce taux de demande d\u2019emploi \u00e9tait de 14,9 % et de 15,8 % \u00e0 fin juillet 2015.<\/p>\n<p>Parmi ces 226.603 D.E.I. :<\/p>\n<p>51,0 % sont des hommes ;<br \/>\n19,0 % sont \u00e2g\u00e9s de moins de 25 ans, 25,6 % ont 50 ans et plus ;<br \/>\n44,4 % sont au plus dipl\u00f4m\u00e9s de l\u2019enseignement secondaire du 2\u00e8me degr\u00e9 ;<br \/>\n28,8 % sont inoccup\u00e9s depuis moins de six mois et 37 % depuis deux ans et plus.<br \/>\n16.927 demandeurs d\u2019emploi de plus qu\u2019en juin 2017 (\u00e9cart mensuel)<\/p>\n<p>Par rapport au mois pass\u00e9, le nombre de D.E.I. a augment\u00e9 de 8,1 %, ce qui repr\u00e9sente 16.927 personnes de plus dans la demande d\u2019emploi wallonne.<\/p>\n<p><em><strong>Pourquoi cette hausse entre juin et juillet ?<\/strong><\/em><\/p>\n<p>La demande d\u2019emploi \u00e9volue de mani\u00e8re cyclique. Les mois de juillet sont habituellement marqu\u00e9s par une hausse, pour plusieurs raisons. D\u2019une part, de jeunes gens \u00e0 la sortie de leurs \u00e9tudes viennent s\u2019inscrire dans la demande d\u2019emploi en juillet, d\u00e9butant leur stage d\u2019insertion professionnelle. D\u2019autre part, la r\u00e9cente fin d\u2019ann\u00e9e acad\u00e9mique entra\u00eene l\u2019inscription du personnel de l\u2019enseignement travaillant sous statut temporaire.<\/p>\n<p><strong><em>8.417 demandeurs d\u2019emploi de moins qu\u2019en juillet 2016 (\u00e9cart annuel)<\/em><\/strong><\/p>\n<p>Malgr\u00e9 cette hausse, la demande d\u2019emploi en Wallonie continue de se r\u00e9duire sur base annuelle. A fin juillet 2017, le nombre total de D.E.I. recule de 3,6 %. Cela correspond \u00e0 une diminution nette de 8.417 personnes.<\/p>\n<p>Cette baisse g\u00e9n\u00e9rale de la demande d\u2019emploi r\u00e9sume des \u00e9volutions contrast\u00e9es selon le statut administratif et les caract\u00e9ristiques des personnes inscrites.<\/p>\n<p><em><strong>Ecart annuel selon la situation administrative des personnes<\/strong><\/em><\/p>\n<p>Demandeurs d\u2019emploi demandeurs d\u2019allocation : &#8211; 6,5 %, soit 11.083 personnes<br \/>\nJeunes en stage d\u2019insertion : + 8,0 %, soit + 2.172 personnes<br \/>\nDemandeurs d\u2019emploi inscrits obligatoirement : &#8211; 2,7 %, soit 701 personnes de moins.<br \/>\nDemandeurs d\u2019emploi inscrits librement : + 9,4 %, soit 1.195 personnes<\/p>\n<p><em><strong>Ecart annuel selon les classes d\u2019\u00e2ge<\/strong><\/em><\/p>\n<p>Toutes les classes d\u2019\u00e2ge au sein des D.E.I. sont orient\u00e9es \u00e0 la baisse sur base annuelle. Le nombre de D.E.I. \u00e2g\u00e9s de moins de 25 ans enregistre le recul le plus marqu\u00e9, avec &#8211; 5,9 % \u00e0 un an d\u2019\u00e9cart. Viennent ensuite les personnes \u00e2g\u00e9es de 40 \u00e0 moins de 50 ans, dont le nombre diminue de 4,2 % sur base annuelle.<\/p>\n<p><strong><em>Ecart annuel selon les dur\u00e9es d\u2019inoccupation<\/em><\/strong><\/p>\n<p>La demande d\u2019emploi diminue \u00e0 un an d\u2019\u00e9cart quelle que soit la classe de dur\u00e9e d\u2019inoccupation des personnes. Les reculs les plus notables concernent les publics inoccup\u00e9s depuis au moins deux ans mais moins de cinq ans (- 6,9 %) et, dans une moindre mesure, le groupe de personnes comptant moins de six mois d\u2019inoccupation (- 4,9 %).\u00a0Enfin, l\u2019\u00e9volution de la demande d\u2019emploi est peu diff\u00e9renci\u00e9e selon le sexe des personnes inscrites.<\/p>\n<p><strong><em>La gestion des offres d\u2019emploi par le Forem<\/em><\/strong><\/p>\n<p>Durant le mois de juillet 2017, le Forem a g\u00e9r\u00e9 16.681 offres d\u2019emploi, ce qui repr\u00e9sente une hausse de 32,8 % par rapport \u00e0 juillet 2016. Notons que si cette progression traduit en partie l\u2019\u00e9volution de la demande de travail des entreprises en Wallonie, elle est \u00e9galement le reflet du nombre croissant de partenaires priv\u00e9s ayant recours au Forem pour diffuser leurs offres d\u2019emploi.<\/p>\n<p>En juillet 2017, 7.564 offres re\u00e7ues du VDAB et 714 offres d\u2019Actiris ont en outre fait l\u2019objet d\u2019une diffusion via le site du Forem.<\/p>\n<p><em>Source : Le Forem<\/em><\/p>\n","protected":false},"excerpt":{"rendered":"<p>L&#8217;emploi wallon se porte mieux, lui aussi. Malgr\u00e9 l&rsquo;augmentation &#8211; normale &#8211; du nombre de demandeurs d&#8217;emploi en juillet, la tendance g\u00e9n\u00e9rale reste durablement \u00e0 la baisse du ch\u00f4mage puisque le pourcentage de la population active wallonne concern\u00e9e par le [&hellip;]<\/p>\n","protected":false},"author":2,"featured_media":0,"comment_status":"closed","ping_status":"open","sticky":false,"template":"","format":"standard","meta":[],"categories":[65,10],"tags":[92,11,331,72,394],"yoast_head":"<!-- This site is optimized with the Yoast SEO plugin v21.0 - https:\/\/yoast.com\/wordpress\/plugins\/seo\/ -->\n<title>L&#039;\u00e9volution positive de l&#039;emploi wallon semble durable. - Peoplesphere<\/title>\n<meta name=\"robots\" content=\"index, follow, max-snippet:-1, max-image-preview:large, max-video-preview:-1\" \/>\n<link rel=\"canonical\" href=\"https:\/\/peoplesphere.be\/fr\/levolution-positive-de-lemploi-wallon-semble-durable\/\" \/>\n<meta property=\"og:locale\" content=\"fr_FR\" \/>\n<meta property=\"og:type\" content=\"article\" \/>\n<meta property=\"og:title\" content=\"L&#039;\u00e9volution positive de l&#039;emploi wallon semble durable. - Peoplesphere\" \/>\n<meta property=\"og:description\" content=\"L&#8217;emploi wallon se porte mieux, lui aussi. Malgr\u00e9 l&rsquo;augmentation &#8211; normale &#8211; du nombre de demandeurs d&#8217;emploi en juillet, la tendance g\u00e9n\u00e9rale reste durablement \u00e0 la baisse du ch\u00f4mage puisque le pourcentage de la population active wallonne concern\u00e9e par le [&hellip;]\" \/>\n<meta property=\"og:url\" content=\"https:\/\/peoplesphere.be\/fr\/levolution-positive-de-lemploi-wallon-semble-durable\/\" \/>\n<meta property=\"og:site_name\" content=\"Peoplesphere\" \/>\n<meta property=\"article:publisher\" content=\"https:\/\/www.facebook.com\/peoplesphere\" \/>\n<meta property=\"article:published_time\" content=\"2017-08-04T07:24:50+00:00\" \/>\n<meta property=\"og:image\" content=\"http:\/\/www.peoplesphere.be\/fr\/wp-content\/uploads\/2016\/07\/facebook-default-posting-1200x628px.jpg\" \/>\n<meta name=\"author\" content=\"Jean-Paul Erhard\" \/>\n<meta name=\"twitter:card\" content=\"summary_large_image\" \/>\n<meta name=\"twitter:creator\" content=\"@PeoplesphereMag\" \/>\n<meta name=\"twitter:site\" content=\"@PeoplesphereMag\" \/>\n<meta name=\"twitter:label1\" content=\"\u00c9crit par\" \/>\n\t<meta name=\"twitter:data1\" content=\"Jean-Paul Erhard\" \/>\n\t<meta name=\"twitter:label2\" content=\"Dur\u00e9e de lecture estim\u00e9e\" \/>\n\t<meta name=\"twitter:data2\" content=\"3 minutes\" \/>\n<script type=\"application\/ld+json\" class=\"yoast-schema-graph\">{\"@context\":\"https:\/\/schema.org\",\"@graph\":[{\"@type\":\"Article\",\"@id\":\"https:\/\/peoplesphere.be\/fr\/levolution-positive-de-lemploi-wallon-semble-durable\/#article\",\"isPartOf\":{\"@id\":\"https:\/\/peoplesphere.be\/fr\/levolution-positive-de-lemploi-wallon-semble-durable\/\"},\"author\":{\"name\":\"Jean-Paul Erhard\",\"@id\":\"https:\/\/peoplesphere.be\/fr\/#\/schema\/person\/7976225ff17988604334abb7b3536a7e\"},\"headline\":\"L&rsquo;\u00e9volution positive de l&#8217;emploi wallon semble durable.\",\"datePublished\":\"2017-08-04T07:24:50+00:00\",\"dateModified\":\"2017-08-04T07:24:50+00:00\",\"mainEntityOfPage\":{\"@id\":\"https:\/\/peoplesphere.be\/fr\/levolution-positive-de-lemploi-wallon-semble-durable\/\"},\"wordCount\":694,\"publisher\":{\"@id\":\"https:\/\/peoplesphere.be\/fr\/#organization\"},\"keywords\":[\"ch\u00f4mage\",\"emploi\",\"forem\",\"recrutement\",\"taux d'emploi\"],\"articleSection\":[\"Actualit\u00e9s\",\"Digital\"],\"inLanguage\":\"fr-FR\"},{\"@type\":\"WebPage\",\"@id\":\"https:\/\/peoplesphere.be\/fr\/levolution-positive-de-lemploi-wallon-semble-durable\/\",\"url\":\"https:\/\/peoplesphere.be\/fr\/levolution-positive-de-lemploi-wallon-semble-durable\/\",\"name\":\"L'\u00e9volution positive de l'emploi wallon semble durable. - Peoplesphere\",\"isPartOf\":{\"@id\":\"https:\/\/peoplesphere.be\/fr\/#website\"},\"datePublished\":\"2017-08-04T07:24:50+00:00\",\"dateModified\":\"2017-08-04T07:24:50+00:00\",\"breadcrumb\":{\"@id\":\"https:\/\/peoplesphere.be\/fr\/levolution-positive-de-lemploi-wallon-semble-durable\/#breadcrumb\"},\"inLanguage\":\"fr-FR\",\"potentialAction\":[{\"@type\":\"ReadAction\",\"target\":[\"https:\/\/peoplesphere.be\/fr\/levolution-positive-de-lemploi-wallon-semble-durable\/\"]}]},{\"@type\":\"BreadcrumbList\",\"@id\":\"https:\/\/peoplesphere.be\/fr\/levolution-positive-de-lemploi-wallon-semble-durable\/#breadcrumb\",\"itemListElement\":[{\"@type\":\"ListItem\",\"position\":1,\"name\":\"Accueil\",\"item\":\"https:\/\/peoplesphere.be\/fr\/\"},{\"@type\":\"ListItem\",\"position\":2,\"name\":\"L&rsquo;\u00e9volution positive de l&#8217;emploi wallon semble durable.\"}]},{\"@type\":\"WebSite\",\"@id\":\"https:\/\/peoplesphere.be\/fr\/#website\",\"url\":\"https:\/\/peoplesphere.be\/fr\/\",\"name\":\"Peoplesphere\",\"description\":\"The People Managers Magazine\",\"publisher\":{\"@id\":\"https:\/\/peoplesphere.be\/fr\/#organization\"},\"potentialAction\":[{\"@type\":\"SearchAction\",\"target\":{\"@type\":\"EntryPoint\",\"urlTemplate\":\"https:\/\/peoplesphere.be\/fr\/?s={search_term_string}\"},\"query-input\":\"required name=search_term_string\"}],\"inLanguage\":\"fr-FR\"},{\"@type\":\"Organization\",\"@id\":\"https:\/\/peoplesphere.be\/fr\/#organization\",\"name\":\"Peoplesphere Company srl\",\"url\":\"https:\/\/peoplesphere.be\/fr\/\",\"logo\":{\"@type\":\"ImageObject\",\"inLanguage\":\"fr-FR\",\"@id\":\"https:\/\/peoplesphere.be\/fr\/#\/schema\/logo\/image\/\",\"url\":\"https:\/\/peoplesphere.be\/fr\/wp-content\/uploads\/2023\/07\/peoplesphere-lgo-new-generik.jpg\",\"contentUrl\":\"https:\/\/peoplesphere.be\/fr\/wp-content\/uploads\/2023\/07\/peoplesphere-lgo-new-generik.jpg\",\"width\":1031,\"height\":1479,\"caption\":\"Peoplesphere Company srl\"},\"image\":{\"@id\":\"https:\/\/peoplesphere.be\/fr\/#\/schema\/logo\/image\/\"},\"sameAs\":[\"https:\/\/www.facebook.com\/peoplesphere\",\"https:\/\/twitter.com\/PeoplesphereMag\",\"https:\/\/www.linkedin.com\/company\/7587361?trk\",\"http:\/\/youtube.com\/peoplesphere\"]},{\"@type\":\"Person\",\"@id\":\"https:\/\/peoplesphere.be\/fr\/#\/schema\/person\/7976225ff17988604334abb7b3536a7e\",\"name\":\"Jean-Paul Erhard\",\"image\":{\"@type\":\"ImageObject\",\"inLanguage\":\"fr-FR\",\"@id\":\"https:\/\/peoplesphere.be\/fr\/#\/schema\/person\/image\/\",\"url\":\"https:\/\/secure.gravatar.com\/avatar\/f941e681460179738071629a51574930?s=96&d=mm&r=g\",\"contentUrl\":\"https:\/\/secure.gravatar.com\/avatar\/f941e681460179738071629a51574930?s=96&d=mm&r=g\",\"caption\":\"Jean-Paul Erhard\"},\"url\":\"https:\/\/peoplesphere.be\/fr\/author\/jpe\/\"}]}<\/script>\n<!-- \/ Yoast SEO plugin. -->","yoast_head_json":{"title":"L'\u00e9volution positive de l'emploi wallon semble durable. - Peoplesphere","robots":{"index":"index","follow":"follow","max-snippet":"max-snippet:-1","max-image-preview":"max-image-preview:large","max-video-preview":"max-video-preview:-1"},"canonical":"https:\/\/peoplesphere.be\/fr\/levolution-positive-de-lemploi-wallon-semble-durable\/","og_locale":"fr_FR","og_type":"article","og_title":"L'\u00e9volution positive de l'emploi wallon semble durable. - Peoplesphere","og_description":"L&#8217;emploi wallon se porte mieux, lui aussi. Malgr\u00e9 l&rsquo;augmentation &#8211; normale &#8211; du nombre de demandeurs d&#8217;emploi en juillet, la tendance g\u00e9n\u00e9rale reste durablement \u00e0 la baisse du ch\u00f4mage puisque le pourcentage de la population active wallonne concern\u00e9e par le [&hellip;]","og_url":"https:\/\/peoplesphere.be\/fr\/levolution-positive-de-lemploi-wallon-semble-durable\/","og_site_name":"Peoplesphere","article_publisher":"https:\/\/www.facebook.com\/peoplesphere","article_published_time":"2017-08-04T07:24:50+00:00","og_image":[{"url":"http:\/\/www.peoplesphere.be\/fr\/wp-content\/uploads\/2016\/07\/facebook-default-posting-1200x628px.jpg"}],"author":"Jean-Paul Erhard","twitter_card":"summary_large_image","twitter_creator":"@PeoplesphereMag","twitter_site":"@PeoplesphereMag","twitter_misc":{"\u00c9crit par":"Jean-Paul Erhard","Dur\u00e9e de lecture estim\u00e9e":"3 minutes"},"schema":{"@context":"https:\/\/schema.org","@graph":[{"@type":"Article","@id":"https:\/\/peoplesphere.be\/fr\/levolution-positive-de-lemploi-wallon-semble-durable\/#article","isPartOf":{"@id":"https:\/\/peoplesphere.be\/fr\/levolution-positive-de-lemploi-wallon-semble-durable\/"},"author":{"name":"Jean-Paul Erhard","@id":"https:\/\/peoplesphere.be\/fr\/#\/schema\/person\/7976225ff17988604334abb7b3536a7e"},"headline":"L&rsquo;\u00e9volution positive de l&#8217;emploi wallon semble durable.","datePublished":"2017-08-04T07:24:50+00:00","dateModified":"2017-08-04T07:24:50+00:00","mainEntityOfPage":{"@id":"https:\/\/peoplesphere.be\/fr\/levolution-positive-de-lemploi-wallon-semble-durable\/"},"wordCount":694,"publisher":{"@id":"https:\/\/peoplesphere.be\/fr\/#organization"},"keywords":["ch\u00f4mage","emploi","forem","recrutement","taux d'emploi"],"articleSection":["Actualit\u00e9s","Digital"],"inLanguage":"fr-FR"},{"@type":"WebPage","@id":"https:\/\/peoplesphere.be\/fr\/levolution-positive-de-lemploi-wallon-semble-durable\/","url":"https:\/\/peoplesphere.be\/fr\/levolution-positive-de-lemploi-wallon-semble-durable\/","name":"L'\u00e9volution positive de l'emploi wallon semble durable. - Peoplesphere","isPartOf":{"@id":"https:\/\/peoplesphere.be\/fr\/#website"},"datePublished":"2017-08-04T07:24:50+00:00","dateModified":"2017-08-04T07:24:50+00:00","breadcrumb":{"@id":"https:\/\/peoplesphere.be\/fr\/levolution-positive-de-lemploi-wallon-semble-durable\/#breadcrumb"},"inLanguage":"fr-FR","potentialAction":[{"@type":"ReadAction","target":["https:\/\/peoplesphere.be\/fr\/levolution-positive-de-lemploi-wallon-semble-durable\/"]}]},{"@type":"BreadcrumbList","@id":"https:\/\/peoplesphere.be\/fr\/levolution-positive-de-lemploi-wallon-semble-durable\/#breadcrumb","itemListElement":[{"@type":"ListItem","position":1,"name":"Accueil","item":"https:\/\/peoplesphere.be\/fr\/"},{"@type":"ListItem","position":2,"name":"L&rsquo;\u00e9volution positive de l&#8217;emploi wallon semble durable."}]},{"@type":"WebSite","@id":"https:\/\/peoplesphere.be\/fr\/#website","url":"https:\/\/peoplesphere.be\/fr\/","name":"Peoplesphere","description":"The People Managers Magazine","publisher":{"@id":"https:\/\/peoplesphere.be\/fr\/#organization"},"potentialAction":[{"@type":"SearchAction","target":{"@type":"EntryPoint","urlTemplate":"https:\/\/peoplesphere.be\/fr\/?s={search_term_string}"},"query-input":"required name=search_term_string"}],"inLanguage":"fr-FR"},{"@type":"Organization","@id":"https:\/\/peoplesphere.be\/fr\/#organization","name":"Peoplesphere Company srl","url":"https:\/\/peoplesphere.be\/fr\/","logo":{"@type":"ImageObject","inLanguage":"fr-FR","@id":"https:\/\/peoplesphere.be\/fr\/#\/schema\/logo\/image\/","url":"https:\/\/peoplesphere.be\/fr\/wp-content\/uploads\/2023\/07\/peoplesphere-lgo-new-generik.jpg","contentUrl":"https:\/\/peoplesphere.be\/fr\/wp-content\/uploads\/2023\/07\/peoplesphere-lgo-new-generik.jpg","width":1031,"height":1479,"caption":"Peoplesphere Company srl"},"image":{"@id":"https:\/\/peoplesphere.be\/fr\/#\/schema\/logo\/image\/"},"sameAs":["https:\/\/www.facebook.com\/peoplesphere","https:\/\/twitter.com\/PeoplesphereMag","https:\/\/www.linkedin.com\/company\/7587361?trk","http:\/\/youtube.com\/peoplesphere"]},{"@type":"Person","@id":"https:\/\/peoplesphere.be\/fr\/#\/schema\/person\/7976225ff17988604334abb7b3536a7e","name":"Jean-Paul Erhard","image":{"@type":"ImageObject","inLanguage":"fr-FR","@id":"https:\/\/peoplesphere.be\/fr\/#\/schema\/person\/image\/","url":"https:\/\/secure.gravatar.com\/avatar\/f941e681460179738071629a51574930?s=96&d=mm&r=g","contentUrl":"https:\/\/secure.gravatar.com\/avatar\/f941e681460179738071629a51574930?s=96&d=mm&r=g","caption":"Jean-Paul Erhard"},"url":"https:\/\/peoplesphere.be\/fr\/author\/jpe\/"}]}},"_links":{"self":[{"href":"https:\/\/peoplesphere.be\/fr\/wp-json\/wp\/v2\/posts\/4720"}],"collection":[{"href":"https:\/\/peoplesphere.be\/fr\/wp-json\/wp\/v2\/posts"}],"about":[{"href":"https:\/\/peoplesphere.be\/fr\/wp-json\/wp\/v2\/types\/post"}],"author":[{"embeddable":true,"href":"https:\/\/peoplesphere.be\/fr\/wp-json\/wp\/v2\/users\/2"}],"replies":[{"embeddable":true,"href":"https:\/\/peoplesphere.be\/fr\/wp-json\/wp\/v2\/comments?post=4720"}],"version-history":[{"count":1,"href":"https:\/\/peoplesphere.be\/fr\/wp-json\/wp\/v2\/posts\/4720\/revisions"}],"predecessor-version":[{"id":4721,"href":"https:\/\/peoplesphere.be\/fr\/wp-json\/wp\/v2\/posts\/4720\/revisions\/4721"}],"wp:attachment":[{"href":"https:\/\/peoplesphere.be\/fr\/wp-json\/wp\/v2\/media?parent=4720"}],"wp:term":[{"taxonomy":"category","embeddable":true,"href":"https:\/\/peoplesphere.be\/fr\/wp-json\/wp\/v2\/categories?post=4720"},{"taxonomy":"post_tag","embeddable":true,"href":"https:\/\/peoplesphere.be\/fr\/wp-json\/wp\/v2\/tags?post=4720"}],"curies":[{"name":"wp","href":"https:\/\/api.w.org\/{rel}","templated":true}]}}