









{"id":4759,"date":"2017-08-28T15:32:38","date_gmt":"2017-08-28T13:32:38","guid":{"rendered":"http:\/\/www.peoplesphere.be\/fr\/?p=4759"},"modified":"2017-08-28T15:32:38","modified_gmt":"2017-08-28T13:32:38","slug":"lonem-confirme-forte-diminution-chomage-jeunes","status":"publish","type":"post","link":"https:\/\/peoplesphere.be\/fr\/lonem-confirme-forte-diminution-chomage-jeunes\/","title":{"rendered":"L&rsquo;ONEM confirme la forte diminution du ch\u00f4mage des jeunes."},"content":{"rendered":"<p>Consid\u00e9rons que les statistiques publi\u00e9es par l&rsquo;ONEM en mati\u00e8re de ch\u00f4mage repr\u00e9sentent en quelque sorte le juge de paix en la mati\u00e8re. Celles-ci confirment une diminution g\u00e9n\u00e9rale du nombre de ch\u00f4meurs indemnis\u00e9s : les 3 R\u00e9gions, les genres, les diff\u00e9rentes cat\u00e9gories d&rsquo;\u00e2ge, les dur\u00e9es d&rsquo;inoccupation&#8230; Toutes les couches de population b\u00e9n\u00e9ficient de la reprise. A l&rsquo;exception malheureusement des 60+ impact\u00e9s par le rel\u00e8vement de la limite d&rsquo;\u00e2ge pour l&rsquo;obtention d&rsquo;une dispense d&rsquo;inscription.<!--more--><\/p>\n<p>Le ch\u00f4mage indemnis\u00e9 diminue en juillet 2017 sur une base annuelle* et ce, de mani\u00e8re \u00e9quilibr\u00e9e \u00e0 travers le pays.\u00a0En juillet 2017, 374 292 ch\u00f4meurs complets indemnis\u00e9s demandeurs d&#8217;emploi ont per\u00e7u une allocation, soit 22 152 de moins qu&rsquo;en juillet 2016 (-5,6 %). Ces 374 292 allocataires se r\u00e9partissent comme suit : 345 456 ch\u00f4meurs complets indemnis\u00e9s demandeurs d&#8217;emploi admis sur la base d&rsquo;un travail \u00e0 temps plein ou admis sur la base des \u00e9tudes, 21 673 ch\u00f4meurs complets indemnis\u00e9s demandeurs d&#8217;emploi admis sur la base d&rsquo;un travail \u00e0 temps partiel volontaire et 7 163 ch\u00f4meurs complets indemnis\u00e9s demandeurs d&#8217;emploi b\u00e9n\u00e9ficiant d&rsquo;un compl\u00e9ment d&rsquo;entreprise.<\/p>\n<p>Selon ces chiffres provisoires de juillet 2017, nous recensons 598 ch\u00f4meurs pour lesquels le droit aux allocations d\u2019insertion a expir\u00e9 (pour les mois pr\u00e9c\u00e9dents de 2017, il s&rsquo;agit de 2 903 personnes).<\/p>\n<p>Le ch\u00f4mage complet diminue plus vite chez les hommes (- 12 283 unit\u00e9s ou &#8211; 5,6 %) que chez les femmes (- 9 869 unit\u00e9s ou &#8211; 5,5 %).<br \/>\nLe ch\u00f4mage complet des jeunes (moins de 25 ans) diminue de 18,0 % (- 6 551 unit\u00e9s). Le ch\u00f4mage des 25 \u00e0 49 ans diminue aussi : &#8211; 6,1 % (- 14 116 unit\u00e9s). Il baisse \u00e9galement dans la classe d&rsquo;\u00e2ge des 50 \u00e0 59 ans (9,9 % ou &#8211; 11 060 unit\u00e9s). Par contre, le nombre de ch\u00f4meurs de 60 \u00e0 65 ans augmente (+ 57,0 % ou + 9 575 unit\u00e9s). Il importe toutefois de tenir compte de la modification r\u00e9glementaire concernant le rel\u00e8vement de la limite d&rsquo;\u00e2ge pour l&rsquo;obtention d&rsquo;une dispense d&rsquo;inscription comme demandeur d&#8217;emploi. En 2017, l\u2019\u00e2ge minimum pour l\u2019obtention de la dispense a \u00e9t\u00e9 relev\u00e9 de 61 \u00e0 62 ans.<\/p>\n<p>En juillet 2017, le nombre de ch\u00f4meurs complets sur une base annuelle a diminu\u00e9 de 8,2 % en R\u00e9gion wallonne (- 13 754 unit\u00e9s), de 0,9 % en R\u00e9gion de Bruxelles- Capitale (- 623 unit\u00e9s) et de 4,8 % en R\u00e9gion flamande (- 7 775 unit\u00e9s). En juillet 2017, on d\u00e9nombrait en R\u00e9gion flamande, 154 060 ch\u00f4meurs complets, en R\u00e9gion wallonne, 153 605 et en R\u00e9gion de Bruxelles-Capitale, 66 627.<\/p>\n<p>\u00c0 un an d&rsquo;intervalle, le ch\u00f4mage complet de courte dur\u00e9e (&lt; 1 an) diminue de 10 001 unit\u00e9s\u00a0(- 7,3 %), celui dont la dur\u00e9e est comprise entre 1 et moins de 2 ans diminue \u00e9galement : &#8211; 6 641 unit\u00e9s (- 9,0 %). Le ch\u00f4mage de tr\u00e8s longue dur\u00e9e (2 ans et plus) baisse de 5 510 unit\u00e9s (- 3,0 %).<\/p>\n<p>En juillet 2017, on d\u00e9nombre 34,0 % de ch\u00f4meurs complets indemnis\u00e9s demandeurs d&#8217;emploi au ch\u00f4mage depuis moins d&rsquo;un an, 18,0 % au ch\u00f4mage entre 1 et moins de 2 ans et 48,0 % au ch\u00f4mage depuis 2 ans et plus.<br \/>\nEn juillet 2017, le ch\u00f4mage temporaire diminue de 21 093 unit\u00e9s sur base annuelle, soit 23,1 %. Le nombre de travailleurs en ch\u00f4mage temporaire s&rsquo;\u00e9l\u00e8ve \u00e0 70 306 unit\u00e9s en juillet 2017.<\/p>\n<p><em>* En tant qu\u2019institution f\u00e9d\u00e9rale comp\u00e9tente en mati\u00e8re d\u2019assurance-ch\u00f4mage, l\u2019ONEM publie des statistiques sur les ch\u00f4meurs indemnis\u00e9s. Ces statistiques sont bas\u00e9es sur les paiements d\u2019allocations de ch\u00f4mage effectu\u00e9s au cours du mois.<\/em><\/p>\n","protected":false},"excerpt":{"rendered":"<p>Consid\u00e9rons que les statistiques publi\u00e9es par l&rsquo;ONEM en mati\u00e8re de ch\u00f4mage repr\u00e9sentent en quelque sorte le juge de paix en la mati\u00e8re. Celles-ci confirment une diminution g\u00e9n\u00e9rale du nombre de ch\u00f4meurs indemnis\u00e9s : les 3 R\u00e9gions, les genres, les diff\u00e9rentes [&hellip;]<\/p>\n","protected":false},"author":2,"featured_media":0,"comment_status":"closed","ping_status":"open","sticky":false,"template":"","format":"standard","meta":[],"categories":[65,10],"tags":[889,92,714,653,1463,44],"yoast_head":"<!-- This site is optimized with the Yoast SEO plugin v21.0 - https:\/\/yoast.com\/wordpress\/plugins\/seo\/ -->\n<title>L&#039;ONEM confirme la forte diminution du ch\u00f4mage des jeunes. - Peoplesphere<\/title>\n<meta name=\"robots\" content=\"index, follow, max-snippet:-1, max-image-preview:large, max-video-preview:-1\" \/>\n<link rel=\"canonical\" href=\"https:\/\/peoplesphere.be\/fr\/lonem-confirme-forte-diminution-chomage-jeunes\/\" \/>\n<meta property=\"og:locale\" content=\"fr_FR\" \/>\n<meta property=\"og:type\" content=\"article\" \/>\n<meta property=\"og:title\" content=\"L&#039;ONEM confirme la forte diminution du ch\u00f4mage des jeunes. - Peoplesphere\" \/>\n<meta property=\"og:description\" content=\"Consid\u00e9rons que les statistiques publi\u00e9es par l&rsquo;ONEM en mati\u00e8re de ch\u00f4mage repr\u00e9sentent en quelque sorte le juge de paix en la mati\u00e8re. Celles-ci confirment une diminution g\u00e9n\u00e9rale du nombre de ch\u00f4meurs indemnis\u00e9s : les 3 R\u00e9gions, les genres, les diff\u00e9rentes [&hellip;]\" \/>\n<meta property=\"og:url\" content=\"https:\/\/peoplesphere.be\/fr\/lonem-confirme-forte-diminution-chomage-jeunes\/\" \/>\n<meta property=\"og:site_name\" content=\"Peoplesphere\" \/>\n<meta property=\"article:publisher\" content=\"https:\/\/www.facebook.com\/peoplesphere\" \/>\n<meta property=\"article:published_time\" content=\"2017-08-28T13:32:38+00:00\" \/>\n<meta property=\"og:image\" content=\"http:\/\/www.peoplesphere.be\/fr\/wp-content\/uploads\/2016\/07\/facebook-default-posting-1200x628px.jpg\" \/>\n<meta name=\"author\" content=\"Jean-Paul Erhard\" \/>\n<meta name=\"twitter:card\" content=\"summary_large_image\" \/>\n<meta name=\"twitter:creator\" content=\"@PeoplesphereMag\" \/>\n<meta name=\"twitter:site\" content=\"@PeoplesphereMag\" \/>\n<meta name=\"twitter:label1\" content=\"\u00c9crit par\" \/>\n\t<meta name=\"twitter:data1\" content=\"Jean-Paul Erhard\" \/>\n\t<meta name=\"twitter:label2\" content=\"Dur\u00e9e de lecture estim\u00e9e\" \/>\n\t<meta name=\"twitter:data2\" content=\"3 minutes\" \/>\n<script type=\"application\/ld+json\" class=\"yoast-schema-graph\">{\"@context\":\"https:\/\/schema.org\",\"@graph\":[{\"@type\":\"Article\",\"@id\":\"https:\/\/peoplesphere.be\/fr\/lonem-confirme-forte-diminution-chomage-jeunes\/#article\",\"isPartOf\":{\"@id\":\"https:\/\/peoplesphere.be\/fr\/lonem-confirme-forte-diminution-chomage-jeunes\/\"},\"author\":{\"name\":\"Jean-Paul Erhard\",\"@id\":\"https:\/\/peoplesphere.be\/fr\/#\/schema\/person\/7976225ff17988604334abb7b3536a7e\"},\"headline\":\"L&rsquo;ONEM confirme la forte diminution du ch\u00f4mage des jeunes.\",\"datePublished\":\"2017-08-28T13:32:38+00:00\",\"dateModified\":\"2017-08-28T13:32:38+00:00\",\"mainEntityOfPage\":{\"@id\":\"https:\/\/peoplesphere.be\/fr\/lonem-confirme-forte-diminution-chomage-jeunes\/\"},\"wordCount\":576,\"publisher\":{\"@id\":\"https:\/\/peoplesphere.be\/fr\/#organization\"},\"keywords\":[\"allocations\",\"ch\u00f4mage\",\"ch\u00f4mage temporaire\",\"demandeurs d'emploi\",\"ornent\",\"Statistiques\"],\"articleSection\":[\"Actualit\u00e9s\",\"Digital\"],\"inLanguage\":\"fr-FR\"},{\"@type\":\"WebPage\",\"@id\":\"https:\/\/peoplesphere.be\/fr\/lonem-confirme-forte-diminution-chomage-jeunes\/\",\"url\":\"https:\/\/peoplesphere.be\/fr\/lonem-confirme-forte-diminution-chomage-jeunes\/\",\"name\":\"L'ONEM confirme la forte diminution du ch\u00f4mage des jeunes. - Peoplesphere\",\"isPartOf\":{\"@id\":\"https:\/\/peoplesphere.be\/fr\/#website\"},\"datePublished\":\"2017-08-28T13:32:38+00:00\",\"dateModified\":\"2017-08-28T13:32:38+00:00\",\"breadcrumb\":{\"@id\":\"https:\/\/peoplesphere.be\/fr\/lonem-confirme-forte-diminution-chomage-jeunes\/#breadcrumb\"},\"inLanguage\":\"fr-FR\",\"potentialAction\":[{\"@type\":\"ReadAction\",\"target\":[\"https:\/\/peoplesphere.be\/fr\/lonem-confirme-forte-diminution-chomage-jeunes\/\"]}]},{\"@type\":\"BreadcrumbList\",\"@id\":\"https:\/\/peoplesphere.be\/fr\/lonem-confirme-forte-diminution-chomage-jeunes\/#breadcrumb\",\"itemListElement\":[{\"@type\":\"ListItem\",\"position\":1,\"name\":\"Accueil\",\"item\":\"https:\/\/peoplesphere.be\/fr\/\"},{\"@type\":\"ListItem\",\"position\":2,\"name\":\"L&rsquo;ONEM confirme la forte diminution du ch\u00f4mage des jeunes.\"}]},{\"@type\":\"WebSite\",\"@id\":\"https:\/\/peoplesphere.be\/fr\/#website\",\"url\":\"https:\/\/peoplesphere.be\/fr\/\",\"name\":\"Peoplesphere\",\"description\":\"The People Managers Magazine\",\"publisher\":{\"@id\":\"https:\/\/peoplesphere.be\/fr\/#organization\"},\"potentialAction\":[{\"@type\":\"SearchAction\",\"target\":{\"@type\":\"EntryPoint\",\"urlTemplate\":\"https:\/\/peoplesphere.be\/fr\/?s={search_term_string}\"},\"query-input\":\"required name=search_term_string\"}],\"inLanguage\":\"fr-FR\"},{\"@type\":\"Organization\",\"@id\":\"https:\/\/peoplesphere.be\/fr\/#organization\",\"name\":\"Peoplesphere Company srl\",\"url\":\"https:\/\/peoplesphere.be\/fr\/\",\"logo\":{\"@type\":\"ImageObject\",\"inLanguage\":\"fr-FR\",\"@id\":\"https:\/\/peoplesphere.be\/fr\/#\/schema\/logo\/image\/\",\"url\":\"https:\/\/peoplesphere.be\/fr\/wp-content\/uploads\/2023\/07\/peoplesphere-lgo-new-generik.jpg\",\"contentUrl\":\"https:\/\/peoplesphere.be\/fr\/wp-content\/uploads\/2023\/07\/peoplesphere-lgo-new-generik.jpg\",\"width\":1031,\"height\":1479,\"caption\":\"Peoplesphere Company srl\"},\"image\":{\"@id\":\"https:\/\/peoplesphere.be\/fr\/#\/schema\/logo\/image\/\"},\"sameAs\":[\"https:\/\/www.facebook.com\/peoplesphere\",\"https:\/\/twitter.com\/PeoplesphereMag\",\"https:\/\/www.linkedin.com\/company\/7587361?trk\",\"http:\/\/youtube.com\/peoplesphere\"]},{\"@type\":\"Person\",\"@id\":\"https:\/\/peoplesphere.be\/fr\/#\/schema\/person\/7976225ff17988604334abb7b3536a7e\",\"name\":\"Jean-Paul Erhard\",\"image\":{\"@type\":\"ImageObject\",\"inLanguage\":\"fr-FR\",\"@id\":\"https:\/\/peoplesphere.be\/fr\/#\/schema\/person\/image\/\",\"url\":\"https:\/\/secure.gravatar.com\/avatar\/f941e681460179738071629a51574930?s=96&d=mm&r=g\",\"contentUrl\":\"https:\/\/secure.gravatar.com\/avatar\/f941e681460179738071629a51574930?s=96&d=mm&r=g\",\"caption\":\"Jean-Paul Erhard\"},\"url\":\"https:\/\/peoplesphere.be\/fr\/author\/jpe\/\"}]}<\/script>\n<!-- \/ Yoast SEO plugin. -->","yoast_head_json":{"title":"L'ONEM confirme la forte diminution du ch\u00f4mage des jeunes. - Peoplesphere","robots":{"index":"index","follow":"follow","max-snippet":"max-snippet:-1","max-image-preview":"max-image-preview:large","max-video-preview":"max-video-preview:-1"},"canonical":"https:\/\/peoplesphere.be\/fr\/lonem-confirme-forte-diminution-chomage-jeunes\/","og_locale":"fr_FR","og_type":"article","og_title":"L'ONEM confirme la forte diminution du ch\u00f4mage des jeunes. - Peoplesphere","og_description":"Consid\u00e9rons que les statistiques publi\u00e9es par l&rsquo;ONEM en mati\u00e8re de ch\u00f4mage repr\u00e9sentent en quelque sorte le juge de paix en la mati\u00e8re. Celles-ci confirment une diminution g\u00e9n\u00e9rale du nombre de ch\u00f4meurs indemnis\u00e9s : les 3 R\u00e9gions, les genres, les diff\u00e9rentes [&hellip;]","og_url":"https:\/\/peoplesphere.be\/fr\/lonem-confirme-forte-diminution-chomage-jeunes\/","og_site_name":"Peoplesphere","article_publisher":"https:\/\/www.facebook.com\/peoplesphere","article_published_time":"2017-08-28T13:32:38+00:00","og_image":[{"url":"http:\/\/www.peoplesphere.be\/fr\/wp-content\/uploads\/2016\/07\/facebook-default-posting-1200x628px.jpg"}],"author":"Jean-Paul Erhard","twitter_card":"summary_large_image","twitter_creator":"@PeoplesphereMag","twitter_site":"@PeoplesphereMag","twitter_misc":{"\u00c9crit par":"Jean-Paul Erhard","Dur\u00e9e de lecture estim\u00e9e":"3 minutes"},"schema":{"@context":"https:\/\/schema.org","@graph":[{"@type":"Article","@id":"https:\/\/peoplesphere.be\/fr\/lonem-confirme-forte-diminution-chomage-jeunes\/#article","isPartOf":{"@id":"https:\/\/peoplesphere.be\/fr\/lonem-confirme-forte-diminution-chomage-jeunes\/"},"author":{"name":"Jean-Paul Erhard","@id":"https:\/\/peoplesphere.be\/fr\/#\/schema\/person\/7976225ff17988604334abb7b3536a7e"},"headline":"L&rsquo;ONEM confirme la forte diminution du ch\u00f4mage des jeunes.","datePublished":"2017-08-28T13:32:38+00:00","dateModified":"2017-08-28T13:32:38+00:00","mainEntityOfPage":{"@id":"https:\/\/peoplesphere.be\/fr\/lonem-confirme-forte-diminution-chomage-jeunes\/"},"wordCount":576,"publisher":{"@id":"https:\/\/peoplesphere.be\/fr\/#organization"},"keywords":["allocations","ch\u00f4mage","ch\u00f4mage temporaire","demandeurs d'emploi","ornent","Statistiques"],"articleSection":["Actualit\u00e9s","Digital"],"inLanguage":"fr-FR"},{"@type":"WebPage","@id":"https:\/\/peoplesphere.be\/fr\/lonem-confirme-forte-diminution-chomage-jeunes\/","url":"https:\/\/peoplesphere.be\/fr\/lonem-confirme-forte-diminution-chomage-jeunes\/","name":"L'ONEM confirme la forte diminution du ch\u00f4mage des jeunes. - Peoplesphere","isPartOf":{"@id":"https:\/\/peoplesphere.be\/fr\/#website"},"datePublished":"2017-08-28T13:32:38+00:00","dateModified":"2017-08-28T13:32:38+00:00","breadcrumb":{"@id":"https:\/\/peoplesphere.be\/fr\/lonem-confirme-forte-diminution-chomage-jeunes\/#breadcrumb"},"inLanguage":"fr-FR","potentialAction":[{"@type":"ReadAction","target":["https:\/\/peoplesphere.be\/fr\/lonem-confirme-forte-diminution-chomage-jeunes\/"]}]},{"@type":"BreadcrumbList","@id":"https:\/\/peoplesphere.be\/fr\/lonem-confirme-forte-diminution-chomage-jeunes\/#breadcrumb","itemListElement":[{"@type":"ListItem","position":1,"name":"Accueil","item":"https:\/\/peoplesphere.be\/fr\/"},{"@type":"ListItem","position":2,"name":"L&rsquo;ONEM confirme la forte diminution du ch\u00f4mage des jeunes."}]},{"@type":"WebSite","@id":"https:\/\/peoplesphere.be\/fr\/#website","url":"https:\/\/peoplesphere.be\/fr\/","name":"Peoplesphere","description":"The People Managers Magazine","publisher":{"@id":"https:\/\/peoplesphere.be\/fr\/#organization"},"potentialAction":[{"@type":"SearchAction","target":{"@type":"EntryPoint","urlTemplate":"https:\/\/peoplesphere.be\/fr\/?s={search_term_string}"},"query-input":"required name=search_term_string"}],"inLanguage":"fr-FR"},{"@type":"Organization","@id":"https:\/\/peoplesphere.be\/fr\/#organization","name":"Peoplesphere Company srl","url":"https:\/\/peoplesphere.be\/fr\/","logo":{"@type":"ImageObject","inLanguage":"fr-FR","@id":"https:\/\/peoplesphere.be\/fr\/#\/schema\/logo\/image\/","url":"https:\/\/peoplesphere.be\/fr\/wp-content\/uploads\/2023\/07\/peoplesphere-lgo-new-generik.jpg","contentUrl":"https:\/\/peoplesphere.be\/fr\/wp-content\/uploads\/2023\/07\/peoplesphere-lgo-new-generik.jpg","width":1031,"height":1479,"caption":"Peoplesphere Company srl"},"image":{"@id":"https:\/\/peoplesphere.be\/fr\/#\/schema\/logo\/image\/"},"sameAs":["https:\/\/www.facebook.com\/peoplesphere","https:\/\/twitter.com\/PeoplesphereMag","https:\/\/www.linkedin.com\/company\/7587361?trk","http:\/\/youtube.com\/peoplesphere"]},{"@type":"Person","@id":"https:\/\/peoplesphere.be\/fr\/#\/schema\/person\/7976225ff17988604334abb7b3536a7e","name":"Jean-Paul Erhard","image":{"@type":"ImageObject","inLanguage":"fr-FR","@id":"https:\/\/peoplesphere.be\/fr\/#\/schema\/person\/image\/","url":"https:\/\/secure.gravatar.com\/avatar\/f941e681460179738071629a51574930?s=96&d=mm&r=g","contentUrl":"https:\/\/secure.gravatar.com\/avatar\/f941e681460179738071629a51574930?s=96&d=mm&r=g","caption":"Jean-Paul Erhard"},"url":"https:\/\/peoplesphere.be\/fr\/author\/jpe\/"}]}},"_links":{"self":[{"href":"https:\/\/peoplesphere.be\/fr\/wp-json\/wp\/v2\/posts\/4759"}],"collection":[{"href":"https:\/\/peoplesphere.be\/fr\/wp-json\/wp\/v2\/posts"}],"about":[{"href":"https:\/\/peoplesphere.be\/fr\/wp-json\/wp\/v2\/types\/post"}],"author":[{"embeddable":true,"href":"https:\/\/peoplesphere.be\/fr\/wp-json\/wp\/v2\/users\/2"}],"replies":[{"embeddable":true,"href":"https:\/\/peoplesphere.be\/fr\/wp-json\/wp\/v2\/comments?post=4759"}],"version-history":[{"count":1,"href":"https:\/\/peoplesphere.be\/fr\/wp-json\/wp\/v2\/posts\/4759\/revisions"}],"predecessor-version":[{"id":4760,"href":"https:\/\/peoplesphere.be\/fr\/wp-json\/wp\/v2\/posts\/4759\/revisions\/4760"}],"wp:attachment":[{"href":"https:\/\/peoplesphere.be\/fr\/wp-json\/wp\/v2\/media?parent=4759"}],"wp:term":[{"taxonomy":"category","embeddable":true,"href":"https:\/\/peoplesphere.be\/fr\/wp-json\/wp\/v2\/categories?post=4759"},{"taxonomy":"post_tag","embeddable":true,"href":"https:\/\/peoplesphere.be\/fr\/wp-json\/wp\/v2\/tags?post=4759"}],"curies":[{"name":"wp","href":"https:\/\/api.w.org\/{rel}","templated":true}]}}