









{"id":4865,"date":"2017-09-22T12:20:32","date_gmt":"2017-09-22T10:20:32","guid":{"rendered":"http:\/\/www.peoplesphere.be\/fr\/?p=4865"},"modified":"2017-09-22T12:20:32","modified_gmt":"2017-09-22T10:20:32","slug":"reduction-temps-de-travail-credit-temps-baisse-conge-parental-hausse","status":"publish","type":"post","link":"https:\/\/peoplesphere.be\/fr\/reduction-temps-de-travail-credit-temps-baisse-conge-parental-hausse\/","title":{"rendered":"R\u00e9duction du temps de travail: le cr\u00e9dit-temps en baisse, le cong\u00e9 parental en hausse."},"content":{"rendered":"<p>Impact direct du renforcement des conditions d&rsquo;acc\u00e8s au cr\u00e9dit-temps, cette formule est moins utilis\u00e9e d\u00e9sormais par les travailleurs. Le nombre de cr\u00e9dit-temps serait en chute de 10% sur l&rsquo;ensemble de l&rsquo;ann\u00e9e 2016. Toutefois, cela ne signifie pas que davantage de travailleurs optent d\u00e9sormais pour un r\u00e9gime \u00e0 temps plein. D&rsquo;autres options de r\u00e9duction du temps de travail ont la cote.<!--more--><\/p>\n<p>Les chiffres de l&rsquo;ONEM confirment que depuis le renforcement des conditions, le cr\u00e9dit-temps est moins utilis\u00e9. Le groupe de services RH ACERTA a men\u00e9 une enqu\u00eate aupr\u00e8s de 40 000 employeurs du secteur priv\u00e9, en vue de d\u00e9terminer si, en cons\u00e9quence, davantage de collaborateurs travaillent \u00e0 temps plein. La r\u00e9ponse est non : la baisse observ\u00e9e dans le syst\u00e8me du cr\u00e9dit-temps est presque enti\u00e8rement compens\u00e9e par des augmentations au niveau des diff\u00e9rentes formes de cong\u00e9 th\u00e9matique. Le pourcentage total de r\u00e9duction ou interruption de carri\u00e8re est rest\u00e9 quasiment stable entre 2015 et 2016.<\/p>\n<p><em>\u00ab\u00a0Ces derni\u00e8res ann\u00e9es, les conditions d&rsquo;acc\u00e8s au cr\u00e9dit-temps ont \u00e9t\u00e9 progressivement ajust\u00e9es. L&rsquo;objectif \u00e9tait de rendre le syst\u00e8me plus s\u00e9lectif et de r\u00e9server l&rsquo;acc\u00e8s au cr\u00e9dit-temps \u00e0 un certain nombre d&rsquo;objectifs sp\u00e9cifiques. La suite logique serait une diminution du nombre de collaborateurs en cr\u00e9dit-temps. Les chiffres de l&rsquo;ONEM montrent que le nombre de collaborateurs ayant opt\u00e9 pour le cr\u00e9dit-temps l&rsquo;ann\u00e9e derni\u00e8re a chut\u00e9 d&rsquo;environ 10 %. Le plus populaire reste la r\u00e9duction des prestations de 1\/5 temps.\u00a0\u00bb<\/em><\/p>\n<p><em><strong>Statu quo au niveau de la r\u00e9duction de carri\u00e8re<\/strong><\/em><\/p>\n<p>Le cr\u00e9dit-temps n&rsquo;est cependant pas la seule formule permettant aux collaborateurs du secteur priv\u00e9 d&rsquo;interrompre ou de r\u00e9duire leur carri\u00e8re. Outre le cr\u00e9dit-temps, le travailleur peut utiliser l&rsquo;un des cong\u00e9s th\u00e9matiques (cong\u00e9 parental, assistance m\u00e9dicale ou cong\u00e9 pour soins palliatifs) pour profiter d&rsquo;une r\u00e9duction de carri\u00e8re.\u00a0Il ressort de l&rsquo;enqu\u00eate qu&rsquo;une partie consid\u00e9rable des travailleurs du secteur priv\u00e9 profitent d&rsquo;une ou l&rsquo;autre forme de r\u00e9duction ou d&rsquo;interruption de carri\u00e8re. Et cette part augmente chaque ann\u00e9e.<\/p>\n<p><strong><em>Augmentation importante du cong\u00e9 parental, surtout chez les hommes<\/em><\/strong><\/p>\n<p>La chute du nombre de cr\u00e9dit-temps est compens\u00e9e par\u00a0l&rsquo;augmentation du nombre de cong\u00e9s parentaux en 2016. Parmi les travailleurs b\u00e9n\u00e9ficiant de l&rsquo;une ou l&rsquo;autre forme de r\u00e9duction ou d&rsquo;interruption de carri\u00e8re, un sur trois b\u00e9n\u00e9ficie d&rsquo;un cong\u00e9 parental \u00e0 temps partiel. Et la demande de cette forme de cong\u00e9 th\u00e9matique ne cesse d&rsquo;augmenter. Les chiffres montrent une augmentation de 15 % par rapport \u00e0 2013. Il est surprenant de constater l&rsquo;engouement des hommes pour le cong\u00e9 parental. Chez les hommes, une augmentation de 25 % se dessine par rapport \u00e0 2013, tandis que la tendance reste stable chez les femmes. Le cong\u00e9 parental \u00e0 temps partiel prend surtout de l&rsquo;ampleur.<\/p>\n<p><em>\u00ab\u00a0La proposition \u00e9mise par la Commissaire europ\u00e9enne pour l&rsquo;Emploi Marianne Thyssen juste avant l&rsquo;\u00e9t\u00e9, \u00e0 savoir que l&rsquo;allocation de cong\u00e9 parental soit port\u00e9e \u00e0 la hauteur de l&rsquo;indemnit\u00e9 de maladie, ce qui reviendrait \u00e0 doubler voire tripler l&rsquo;allocation, fera encore augmenter la popularit\u00e9 de ce type de cong\u00e9 th\u00e9matique.\u00a0\u00bb\u00a0<\/em>Le nombre de travailleurs utilisant le cong\u00e9 pour soins palliatifs \u00e0 temps plein ou temps partiel, ou le cong\u00e9 th\u00e9matique pour soins apport\u00e9s \u00e0 une personne gravement malade a m\u00eame doubl\u00e9 depuis 2012. En 2016, environ 0,5 % du nombre d&#8217;employ\u00e9s s&rsquo;est absent\u00e9 une partie de l&rsquo;ann\u00e9e pour l&rsquo;une de ces raisons.<\/p>\n<p><em><strong>Une alternative dans la Loi Peeters ?<\/strong><\/em><\/p>\n<p>Avec la loi relative au travail faisable et maniable, se d\u00e9veloppe le principe selon lequel les travailleurs pourront \u00e0 l&rsquo;avenir \u00e9pargner du temps qu&rsquo;ils r\u00e9cup\u00e9reront plus tard dans leur carri\u00e8re en tant que cong\u00e9s pay\u00e9s. <em>\u00ab\u00a0L&#8217;employ\u00e9 pourrait, dans le cadre des accords avec son employeur, accumuler chaque ann\u00e9e un certain nombre de jours de vacances en tant qu&rsquo;avantages extral\u00e9gaux. Le syst\u00e8me permettrait m\u00eame d&rsquo;\u00e9pargner les jours de vacances \u00e9conomis\u00e9s au fil des ann\u00e9es, et ce aupr\u00e8s de plusieurs employeurs. Nous constatons que malheureusement les partenaires sociaux ne proposent pas de solution viable. Pourtant une telle mesure permettrait au travailleur de prendre sa propre carri\u00e8re en main. Ce pourrait \u00eatre une alternative aux formules existantes de r\u00e9duction ou d&rsquo;interruption de carri\u00e8re.\u00a0\u00bb<\/em><\/p>\n","protected":false},"excerpt":{"rendered":"<p>Impact direct du renforcement des conditions d&rsquo;acc\u00e8s au cr\u00e9dit-temps, cette formule est moins utilis\u00e9e d\u00e9sormais par les travailleurs. Le nombre de cr\u00e9dit-temps serait en chute de 10% sur l&rsquo;ensemble de l&rsquo;ann\u00e9e 2016. Toutefois, cela ne signifie pas que davantage de [&hellip;]<\/p>\n","protected":false},"author":2,"featured_media":0,"comment_status":"closed","ping_status":"open","sticky":false,"template":"","format":"standard","meta":[],"categories":[65,10],"tags":[474,1098,500,1515,914,157,39,516],"yoast_head":"<!-- This site is optimized with the Yoast SEO plugin v21.0 - https:\/\/yoast.com\/wordpress\/plugins\/seo\/ -->\n<title>R\u00e9duction du temps de travail: le cr\u00e9dit-temps en baisse, le cong\u00e9 parental en hausse. - Peoplesphere<\/title>\n<meta name=\"robots\" content=\"index, follow, max-snippet:-1, max-image-preview:large, max-video-preview:-1\" \/>\n<link rel=\"canonical\" href=\"https:\/\/peoplesphere.be\/fr\/reduction-temps-de-travail-credit-temps-baisse-conge-parental-hausse\/\" \/>\n<meta property=\"og:locale\" content=\"fr_FR\" \/>\n<meta property=\"og:type\" content=\"article\" \/>\n<meta property=\"og:title\" content=\"R\u00e9duction du temps de travail: le cr\u00e9dit-temps en baisse, le cong\u00e9 parental en hausse. - Peoplesphere\" \/>\n<meta property=\"og:description\" content=\"Impact direct du renforcement des conditions d&rsquo;acc\u00e8s au cr\u00e9dit-temps, cette formule est moins utilis\u00e9e d\u00e9sormais par les travailleurs. Le nombre de cr\u00e9dit-temps serait en chute de 10% sur l&rsquo;ensemble de l&rsquo;ann\u00e9e 2016. Toutefois, cela ne signifie pas que davantage de [&hellip;]\" \/>\n<meta property=\"og:url\" content=\"https:\/\/peoplesphere.be\/fr\/reduction-temps-de-travail-credit-temps-baisse-conge-parental-hausse\/\" \/>\n<meta property=\"og:site_name\" content=\"Peoplesphere\" \/>\n<meta property=\"article:publisher\" content=\"https:\/\/www.facebook.com\/peoplesphere\" \/>\n<meta property=\"article:published_time\" content=\"2017-09-22T10:20:32+00:00\" \/>\n<meta property=\"og:image\" content=\"http:\/\/www.peoplesphere.be\/fr\/wp-content\/uploads\/2016\/07\/facebook-default-posting-1200x628px.jpg\" \/>\n<meta name=\"author\" content=\"Jean-Paul Erhard\" \/>\n<meta name=\"twitter:card\" content=\"summary_large_image\" \/>\n<meta name=\"twitter:creator\" content=\"@PeoplesphereMag\" \/>\n<meta name=\"twitter:site\" content=\"@PeoplesphereMag\" \/>\n<meta name=\"twitter:label1\" content=\"\u00c9crit par\" \/>\n\t<meta name=\"twitter:data1\" content=\"Jean-Paul Erhard\" \/>\n\t<meta name=\"twitter:label2\" content=\"Dur\u00e9e de lecture estim\u00e9e\" \/>\n\t<meta name=\"twitter:data2\" content=\"4 minutes\" \/>\n<script type=\"application\/ld+json\" class=\"yoast-schema-graph\">{\"@context\":\"https:\/\/schema.org\",\"@graph\":[{\"@type\":\"Article\",\"@id\":\"https:\/\/peoplesphere.be\/fr\/reduction-temps-de-travail-credit-temps-baisse-conge-parental-hausse\/#article\",\"isPartOf\":{\"@id\":\"https:\/\/peoplesphere.be\/fr\/reduction-temps-de-travail-credit-temps-baisse-conge-parental-hausse\/\"},\"author\":{\"name\":\"Jean-Paul Erhard\",\"@id\":\"https:\/\/peoplesphere.be\/fr\/#\/schema\/person\/7976225ff17988604334abb7b3536a7e\"},\"headline\":\"R\u00e9duction du temps de travail: le cr\u00e9dit-temps en baisse, le cong\u00e9 parental en hausse.\",\"datePublished\":\"2017-09-22T10:20:32+00:00\",\"dateModified\":\"2017-09-22T10:20:32+00:00\",\"mainEntityOfPage\":{\"@id\":\"https:\/\/peoplesphere.be\/fr\/reduction-temps-de-travail-credit-temps-baisse-conge-parental-hausse\/\"},\"wordCount\":735,\"publisher\":{\"@id\":\"https:\/\/peoplesphere.be\/fr\/#organization\"},\"keywords\":[\"cong\u00e9 parental\",\"cr\u00e9dit-temps\",\"horaires de travail\",\"interruption de carri\u00e8re\",\"loi Peeters\",\"partenaires sociaux\",\"temps de travail\",\"travail faisable\"],\"articleSection\":[\"Actualit\u00e9s\",\"Digital\"],\"inLanguage\":\"fr-FR\"},{\"@type\":\"WebPage\",\"@id\":\"https:\/\/peoplesphere.be\/fr\/reduction-temps-de-travail-credit-temps-baisse-conge-parental-hausse\/\",\"url\":\"https:\/\/peoplesphere.be\/fr\/reduction-temps-de-travail-credit-temps-baisse-conge-parental-hausse\/\",\"name\":\"R\u00e9duction du temps de travail: le cr\u00e9dit-temps en baisse, le cong\u00e9 parental en hausse. - Peoplesphere\",\"isPartOf\":{\"@id\":\"https:\/\/peoplesphere.be\/fr\/#website\"},\"datePublished\":\"2017-09-22T10:20:32+00:00\",\"dateModified\":\"2017-09-22T10:20:32+00:00\",\"breadcrumb\":{\"@id\":\"https:\/\/peoplesphere.be\/fr\/reduction-temps-de-travail-credit-temps-baisse-conge-parental-hausse\/#breadcrumb\"},\"inLanguage\":\"fr-FR\",\"potentialAction\":[{\"@type\":\"ReadAction\",\"target\":[\"https:\/\/peoplesphere.be\/fr\/reduction-temps-de-travail-credit-temps-baisse-conge-parental-hausse\/\"]}]},{\"@type\":\"BreadcrumbList\",\"@id\":\"https:\/\/peoplesphere.be\/fr\/reduction-temps-de-travail-credit-temps-baisse-conge-parental-hausse\/#breadcrumb\",\"itemListElement\":[{\"@type\":\"ListItem\",\"position\":1,\"name\":\"Accueil\",\"item\":\"https:\/\/peoplesphere.be\/fr\/\"},{\"@type\":\"ListItem\",\"position\":2,\"name\":\"R\u00e9duction du temps de travail: le cr\u00e9dit-temps en baisse, le cong\u00e9 parental en hausse.\"}]},{\"@type\":\"WebSite\",\"@id\":\"https:\/\/peoplesphere.be\/fr\/#website\",\"url\":\"https:\/\/peoplesphere.be\/fr\/\",\"name\":\"Peoplesphere\",\"description\":\"The People Managers Magazine\",\"publisher\":{\"@id\":\"https:\/\/peoplesphere.be\/fr\/#organization\"},\"potentialAction\":[{\"@type\":\"SearchAction\",\"target\":{\"@type\":\"EntryPoint\",\"urlTemplate\":\"https:\/\/peoplesphere.be\/fr\/?s={search_term_string}\"},\"query-input\":\"required name=search_term_string\"}],\"inLanguage\":\"fr-FR\"},{\"@type\":\"Organization\",\"@id\":\"https:\/\/peoplesphere.be\/fr\/#organization\",\"name\":\"Peoplesphere Company srl\",\"url\":\"https:\/\/peoplesphere.be\/fr\/\",\"logo\":{\"@type\":\"ImageObject\",\"inLanguage\":\"fr-FR\",\"@id\":\"https:\/\/peoplesphere.be\/fr\/#\/schema\/logo\/image\/\",\"url\":\"https:\/\/peoplesphere.be\/fr\/wp-content\/uploads\/2023\/07\/peoplesphere-lgo-new-generik.jpg\",\"contentUrl\":\"https:\/\/peoplesphere.be\/fr\/wp-content\/uploads\/2023\/07\/peoplesphere-lgo-new-generik.jpg\",\"width\":1031,\"height\":1479,\"caption\":\"Peoplesphere Company srl\"},\"image\":{\"@id\":\"https:\/\/peoplesphere.be\/fr\/#\/schema\/logo\/image\/\"},\"sameAs\":[\"https:\/\/www.facebook.com\/peoplesphere\",\"https:\/\/twitter.com\/PeoplesphereMag\",\"https:\/\/www.linkedin.com\/company\/7587361?trk\",\"http:\/\/youtube.com\/peoplesphere\"]},{\"@type\":\"Person\",\"@id\":\"https:\/\/peoplesphere.be\/fr\/#\/schema\/person\/7976225ff17988604334abb7b3536a7e\",\"name\":\"Jean-Paul Erhard\",\"image\":{\"@type\":\"ImageObject\",\"inLanguage\":\"fr-FR\",\"@id\":\"https:\/\/peoplesphere.be\/fr\/#\/schema\/person\/image\/\",\"url\":\"https:\/\/secure.gravatar.com\/avatar\/f941e681460179738071629a51574930?s=96&d=mm&r=g\",\"contentUrl\":\"https:\/\/secure.gravatar.com\/avatar\/f941e681460179738071629a51574930?s=96&d=mm&r=g\",\"caption\":\"Jean-Paul Erhard\"},\"url\":\"https:\/\/peoplesphere.be\/fr\/author\/jpe\/\"}]}<\/script>\n<!-- \/ Yoast SEO plugin. -->","yoast_head_json":{"title":"R\u00e9duction du temps de travail: le cr\u00e9dit-temps en baisse, le cong\u00e9 parental en hausse. - Peoplesphere","robots":{"index":"index","follow":"follow","max-snippet":"max-snippet:-1","max-image-preview":"max-image-preview:large","max-video-preview":"max-video-preview:-1"},"canonical":"https:\/\/peoplesphere.be\/fr\/reduction-temps-de-travail-credit-temps-baisse-conge-parental-hausse\/","og_locale":"fr_FR","og_type":"article","og_title":"R\u00e9duction du temps de travail: le cr\u00e9dit-temps en baisse, le cong\u00e9 parental en hausse. - Peoplesphere","og_description":"Impact direct du renforcement des conditions d&rsquo;acc\u00e8s au cr\u00e9dit-temps, cette formule est moins utilis\u00e9e d\u00e9sormais par les travailleurs. Le nombre de cr\u00e9dit-temps serait en chute de 10% sur l&rsquo;ensemble de l&rsquo;ann\u00e9e 2016. Toutefois, cela ne signifie pas que davantage de [&hellip;]","og_url":"https:\/\/peoplesphere.be\/fr\/reduction-temps-de-travail-credit-temps-baisse-conge-parental-hausse\/","og_site_name":"Peoplesphere","article_publisher":"https:\/\/www.facebook.com\/peoplesphere","article_published_time":"2017-09-22T10:20:32+00:00","og_image":[{"url":"http:\/\/www.peoplesphere.be\/fr\/wp-content\/uploads\/2016\/07\/facebook-default-posting-1200x628px.jpg"}],"author":"Jean-Paul Erhard","twitter_card":"summary_large_image","twitter_creator":"@PeoplesphereMag","twitter_site":"@PeoplesphereMag","twitter_misc":{"\u00c9crit par":"Jean-Paul Erhard","Dur\u00e9e de lecture estim\u00e9e":"4 minutes"},"schema":{"@context":"https:\/\/schema.org","@graph":[{"@type":"Article","@id":"https:\/\/peoplesphere.be\/fr\/reduction-temps-de-travail-credit-temps-baisse-conge-parental-hausse\/#article","isPartOf":{"@id":"https:\/\/peoplesphere.be\/fr\/reduction-temps-de-travail-credit-temps-baisse-conge-parental-hausse\/"},"author":{"name":"Jean-Paul Erhard","@id":"https:\/\/peoplesphere.be\/fr\/#\/schema\/person\/7976225ff17988604334abb7b3536a7e"},"headline":"R\u00e9duction du temps de travail: le cr\u00e9dit-temps en baisse, le cong\u00e9 parental en hausse.","datePublished":"2017-09-22T10:20:32+00:00","dateModified":"2017-09-22T10:20:32+00:00","mainEntityOfPage":{"@id":"https:\/\/peoplesphere.be\/fr\/reduction-temps-de-travail-credit-temps-baisse-conge-parental-hausse\/"},"wordCount":735,"publisher":{"@id":"https:\/\/peoplesphere.be\/fr\/#organization"},"keywords":["cong\u00e9 parental","cr\u00e9dit-temps","horaires de travail","interruption de carri\u00e8re","loi Peeters","partenaires sociaux","temps de travail","travail faisable"],"articleSection":["Actualit\u00e9s","Digital"],"inLanguage":"fr-FR"},{"@type":"WebPage","@id":"https:\/\/peoplesphere.be\/fr\/reduction-temps-de-travail-credit-temps-baisse-conge-parental-hausse\/","url":"https:\/\/peoplesphere.be\/fr\/reduction-temps-de-travail-credit-temps-baisse-conge-parental-hausse\/","name":"R\u00e9duction du temps de travail: le cr\u00e9dit-temps en baisse, le cong\u00e9 parental en hausse. - Peoplesphere","isPartOf":{"@id":"https:\/\/peoplesphere.be\/fr\/#website"},"datePublished":"2017-09-22T10:20:32+00:00","dateModified":"2017-09-22T10:20:32+00:00","breadcrumb":{"@id":"https:\/\/peoplesphere.be\/fr\/reduction-temps-de-travail-credit-temps-baisse-conge-parental-hausse\/#breadcrumb"},"inLanguage":"fr-FR","potentialAction":[{"@type":"ReadAction","target":["https:\/\/peoplesphere.be\/fr\/reduction-temps-de-travail-credit-temps-baisse-conge-parental-hausse\/"]}]},{"@type":"BreadcrumbList","@id":"https:\/\/peoplesphere.be\/fr\/reduction-temps-de-travail-credit-temps-baisse-conge-parental-hausse\/#breadcrumb","itemListElement":[{"@type":"ListItem","position":1,"name":"Accueil","item":"https:\/\/peoplesphere.be\/fr\/"},{"@type":"ListItem","position":2,"name":"R\u00e9duction du temps de travail: le cr\u00e9dit-temps en baisse, le cong\u00e9 parental en hausse."}]},{"@type":"WebSite","@id":"https:\/\/peoplesphere.be\/fr\/#website","url":"https:\/\/peoplesphere.be\/fr\/","name":"Peoplesphere","description":"The People Managers Magazine","publisher":{"@id":"https:\/\/peoplesphere.be\/fr\/#organization"},"potentialAction":[{"@type":"SearchAction","target":{"@type":"EntryPoint","urlTemplate":"https:\/\/peoplesphere.be\/fr\/?s={search_term_string}"},"query-input":"required name=search_term_string"}],"inLanguage":"fr-FR"},{"@type":"Organization","@id":"https:\/\/peoplesphere.be\/fr\/#organization","name":"Peoplesphere Company srl","url":"https:\/\/peoplesphere.be\/fr\/","logo":{"@type":"ImageObject","inLanguage":"fr-FR","@id":"https:\/\/peoplesphere.be\/fr\/#\/schema\/logo\/image\/","url":"https:\/\/peoplesphere.be\/fr\/wp-content\/uploads\/2023\/07\/peoplesphere-lgo-new-generik.jpg","contentUrl":"https:\/\/peoplesphere.be\/fr\/wp-content\/uploads\/2023\/07\/peoplesphere-lgo-new-generik.jpg","width":1031,"height":1479,"caption":"Peoplesphere Company srl"},"image":{"@id":"https:\/\/peoplesphere.be\/fr\/#\/schema\/logo\/image\/"},"sameAs":["https:\/\/www.facebook.com\/peoplesphere","https:\/\/twitter.com\/PeoplesphereMag","https:\/\/www.linkedin.com\/company\/7587361?trk","http:\/\/youtube.com\/peoplesphere"]},{"@type":"Person","@id":"https:\/\/peoplesphere.be\/fr\/#\/schema\/person\/7976225ff17988604334abb7b3536a7e","name":"Jean-Paul Erhard","image":{"@type":"ImageObject","inLanguage":"fr-FR","@id":"https:\/\/peoplesphere.be\/fr\/#\/schema\/person\/image\/","url":"https:\/\/secure.gravatar.com\/avatar\/f941e681460179738071629a51574930?s=96&d=mm&r=g","contentUrl":"https:\/\/secure.gravatar.com\/avatar\/f941e681460179738071629a51574930?s=96&d=mm&r=g","caption":"Jean-Paul Erhard"},"url":"https:\/\/peoplesphere.be\/fr\/author\/jpe\/"}]}},"_links":{"self":[{"href":"https:\/\/peoplesphere.be\/fr\/wp-json\/wp\/v2\/posts\/4865"}],"collection":[{"href":"https:\/\/peoplesphere.be\/fr\/wp-json\/wp\/v2\/posts"}],"about":[{"href":"https:\/\/peoplesphere.be\/fr\/wp-json\/wp\/v2\/types\/post"}],"author":[{"embeddable":true,"href":"https:\/\/peoplesphere.be\/fr\/wp-json\/wp\/v2\/users\/2"}],"replies":[{"embeddable":true,"href":"https:\/\/peoplesphere.be\/fr\/wp-json\/wp\/v2\/comments?post=4865"}],"version-history":[{"count":1,"href":"https:\/\/peoplesphere.be\/fr\/wp-json\/wp\/v2\/posts\/4865\/revisions"}],"predecessor-version":[{"id":4866,"href":"https:\/\/peoplesphere.be\/fr\/wp-json\/wp\/v2\/posts\/4865\/revisions\/4866"}],"wp:attachment":[{"href":"https:\/\/peoplesphere.be\/fr\/wp-json\/wp\/v2\/media?parent=4865"}],"wp:term":[{"taxonomy":"category","embeddable":true,"href":"https:\/\/peoplesphere.be\/fr\/wp-json\/wp\/v2\/categories?post=4865"},{"taxonomy":"post_tag","embeddable":true,"href":"https:\/\/peoplesphere.be\/fr\/wp-json\/wp\/v2\/tags?post=4865"}],"curies":[{"name":"wp","href":"https:\/\/api.w.org\/{rel}","templated":true}]}}