









{"id":5110,"date":"2017-11-06T18:06:44","date_gmt":"2017-11-06T16:06:44","guid":{"rendered":"http:\/\/www.peoplesphere.be\/fr\/?p=5110"},"modified":"2017-11-06T18:06:44","modified_gmt":"2017-11-06T16:06:44","slug":"caisses-dallocations-familiales-fusionnent-afin-danticiper-effets-de-regionalisation","status":"publish","type":"post","link":"https:\/\/peoplesphere.be\/fr\/caisses-dallocations-familiales-fusionnent-afin-danticiper-effets-de-regionalisation\/","title":{"rendered":"Les caisses d&rsquo;allocations familiales fusionnent afin d&rsquo;anticiper les effets de la r\u00e9gionalisation."},"content":{"rendered":"<p>Ce lundi 6 novembre, les caisses d\u2019allocations familiales de Partena Professional et d\u2019Attentia ont annonc\u00e9 leur union.\u00a0Elles\u00a0d\u00e9clarent avoir\u00a0conclu un accord afin d\u2019\u0153uvrer ensemble au succ\u00e8s de la r\u00e9gionalisation des allocations familiales. Auparavant, l&rsquo;ancienne caisse d\u2019allocations familiales Mensura, Future G\u00e9n\u00e9rations, avait annonc\u00e9 sa collaboration avec Partena Professional. Les trois entit\u00e9s\u00a0op\u00e8reront de concert au sein de ce groupe qui veillera annuellement au versement de\u00a01,5 milliard \u20ac d\u2019allocations familiales au b\u00e9n\u00e9fice de\u00a0675 000 enfants, c\u2019est-\u00e0-dire un enfant sur quatre en Belgique.<!--more--><\/p>\n<p>D\u00e8s 2019, le niveau f\u00e9d\u00e9ral va transf\u00e9rer la comp\u00e9tence des allocations familiales aux r\u00e9gions, et les familles vont pouvoir choisir leur caisse. Il s\u2019agit pour elles d\u2019un enjeu de taille, car elles comptent chaque mois sur cette contribution essentielle \u00e0 leur budget.\u00a0L\u2019alliance entre les caisses d\u2019allocations familiales d\u2019Attentia, Future Generations (anciennement allocations familiales Mensura) et Partena Professional leur garantit une position confortable\u00a0sur le march\u00e9 dans les trois r\u00e9gions de Belgique et limite \u00e0 quatre le nombre d\u2019acteurs priv\u00e9s potentiels en Flandre.<\/p>\n<p>Le rapprochement des caisses d\u2019allocations familiales permet des synergies essentielles \u00e0 l\u2019investissement dans les futurs syst\u00e8mes r\u00e9gionaux, o\u00f9 les familles choisiront leur caisse.<\/p>\n<p><em><strong>De grands changements en perspective.<\/strong><\/em><\/p>\n<p>L\u2019employeur ne d\u00e9terminera donc plus lui-m\u00eame quelle caisse d\u2019allocations familiales versera ces montants \u00e0 ses travailleurs. Les familles choisiront elles-m\u00eames. Par cons\u00e9quent, ces caisses doivent passer du mod\u00e8le de gestion b2b (business-to-business) \u00e0 un mod\u00e8le b2c (business-to-consumer).\u00a0Ces changements exercent une influence consid\u00e9rable sur le fonctionnement futur des caisses d\u2019allocations familiales. Les caisses d\u2019allocations familiales d\u2019Attentia, Future Generations et Partena Professional veulent contribuer activement \u00e0 une politique familiale int\u00e9gr\u00e9e dans chaque r\u00e9gion. \u00ab\u00a0<em>Ensemble, nous ne craignons pas l\u2019avenir. En attendant, nous ne manquons pas d\u2019ambition pour promouvoir le bien-\u00eatre social et financier de nos familles\u00a0\u00bb.<\/em><\/p>\n","protected":false},"excerpt":{"rendered":"<p>Ce lundi 6 novembre, les caisses d\u2019allocations familiales de Partena Professional et d\u2019Attentia ont annonc\u00e9 leur union.\u00a0Elles\u00a0d\u00e9clarent avoir\u00a0conclu un accord afin d\u2019\u0153uvrer ensemble au succ\u00e8s de la r\u00e9gionalisation des allocations familiales. Auparavant, l&rsquo;ancienne caisse d\u2019allocations familiales Mensura, Future G\u00e9n\u00e9rations, avait [&hellip;]<\/p>\n","protected":false},"author":2,"featured_media":0,"comment_status":"closed","ping_status":"open","sticky":false,"template":"","format":"standard","meta":[],"categories":[65,10],"tags":[103,716],"yoast_head":"<!-- This site is optimized with the Yoast SEO plugin v21.0 - https:\/\/yoast.com\/wordpress\/plugins\/seo\/ -->\n<title>Les caisses d&#039;allocations familiales fusionnent afin d&#039;anticiper les effets de la r\u00e9gionalisation. - Peoplesphere<\/title>\n<meta name=\"robots\" content=\"index, follow, max-snippet:-1, max-image-preview:large, max-video-preview:-1\" \/>\n<link rel=\"canonical\" href=\"https:\/\/peoplesphere.be\/fr\/caisses-dallocations-familiales-fusionnent-afin-danticiper-effets-de-regionalisation\/\" \/>\n<meta property=\"og:locale\" content=\"fr_FR\" \/>\n<meta property=\"og:type\" content=\"article\" \/>\n<meta property=\"og:title\" content=\"Les caisses d&#039;allocations familiales fusionnent afin d&#039;anticiper les effets de la r\u00e9gionalisation. - Peoplesphere\" \/>\n<meta property=\"og:description\" content=\"Ce lundi 6 novembre, les caisses d\u2019allocations familiales de Partena Professional et d\u2019Attentia ont annonc\u00e9 leur union.\u00a0Elles\u00a0d\u00e9clarent avoir\u00a0conclu un accord afin d\u2019\u0153uvrer ensemble au succ\u00e8s de la r\u00e9gionalisation des allocations familiales. Auparavant, l&rsquo;ancienne caisse d\u2019allocations familiales Mensura, Future G\u00e9n\u00e9rations, avait [&hellip;]\" \/>\n<meta property=\"og:url\" content=\"https:\/\/peoplesphere.be\/fr\/caisses-dallocations-familiales-fusionnent-afin-danticiper-effets-de-regionalisation\/\" \/>\n<meta property=\"og:site_name\" content=\"Peoplesphere\" \/>\n<meta property=\"article:publisher\" content=\"https:\/\/www.facebook.com\/peoplesphere\" \/>\n<meta property=\"article:published_time\" content=\"2017-11-06T16:06:44+00:00\" \/>\n<meta property=\"og:image\" content=\"http:\/\/www.peoplesphere.be\/fr\/wp-content\/uploads\/2016\/07\/facebook-default-posting-1200x628px.jpg\" \/>\n<meta name=\"author\" content=\"Jean-Paul Erhard\" \/>\n<meta name=\"twitter:card\" content=\"summary_large_image\" \/>\n<meta name=\"twitter:creator\" content=\"@PeoplesphereMag\" \/>\n<meta name=\"twitter:site\" content=\"@PeoplesphereMag\" \/>\n<meta name=\"twitter:label1\" content=\"\u00c9crit par\" \/>\n\t<meta name=\"twitter:data1\" content=\"Jean-Paul Erhard\" \/>\n\t<meta name=\"twitter:label2\" content=\"Dur\u00e9e de lecture estim\u00e9e\" \/>\n\t<meta name=\"twitter:data2\" content=\"2 minutes\" \/>\n<script type=\"application\/ld+json\" class=\"yoast-schema-graph\">{\"@context\":\"https:\/\/schema.org\",\"@graph\":[{\"@type\":\"Article\",\"@id\":\"https:\/\/peoplesphere.be\/fr\/caisses-dallocations-familiales-fusionnent-afin-danticiper-effets-de-regionalisation\/#article\",\"isPartOf\":{\"@id\":\"https:\/\/peoplesphere.be\/fr\/caisses-dallocations-familiales-fusionnent-afin-danticiper-effets-de-regionalisation\/\"},\"author\":{\"name\":\"Jean-Paul Erhard\",\"@id\":\"https:\/\/peoplesphere.be\/fr\/#\/schema\/person\/7976225ff17988604334abb7b3536a7e\"},\"headline\":\"Les caisses d&rsquo;allocations familiales fusionnent afin d&rsquo;anticiper les effets de la r\u00e9gionalisation.\",\"datePublished\":\"2017-11-06T16:06:44+00:00\",\"dateModified\":\"2017-11-06T16:06:44+00:00\",\"mainEntityOfPage\":{\"@id\":\"https:\/\/peoplesphere.be\/fr\/caisses-dallocations-familiales-fusionnent-afin-danticiper-effets-de-regionalisation\/\"},\"wordCount\":345,\"publisher\":{\"@id\":\"https:\/\/peoplesphere.be\/fr\/#organization\"},\"keywords\":[\"allocations familiales\",\"r\u00e9gionalisation\"],\"articleSection\":[\"Actualit\u00e9s\",\"Digital\"],\"inLanguage\":\"fr-FR\"},{\"@type\":\"WebPage\",\"@id\":\"https:\/\/peoplesphere.be\/fr\/caisses-dallocations-familiales-fusionnent-afin-danticiper-effets-de-regionalisation\/\",\"url\":\"https:\/\/peoplesphere.be\/fr\/caisses-dallocations-familiales-fusionnent-afin-danticiper-effets-de-regionalisation\/\",\"name\":\"Les caisses d'allocations familiales fusionnent afin d'anticiper les effets de la r\u00e9gionalisation. - Peoplesphere\",\"isPartOf\":{\"@id\":\"https:\/\/peoplesphere.be\/fr\/#website\"},\"datePublished\":\"2017-11-06T16:06:44+00:00\",\"dateModified\":\"2017-11-06T16:06:44+00:00\",\"breadcrumb\":{\"@id\":\"https:\/\/peoplesphere.be\/fr\/caisses-dallocations-familiales-fusionnent-afin-danticiper-effets-de-regionalisation\/#breadcrumb\"},\"inLanguage\":\"fr-FR\",\"potentialAction\":[{\"@type\":\"ReadAction\",\"target\":[\"https:\/\/peoplesphere.be\/fr\/caisses-dallocations-familiales-fusionnent-afin-danticiper-effets-de-regionalisation\/\"]}]},{\"@type\":\"BreadcrumbList\",\"@id\":\"https:\/\/peoplesphere.be\/fr\/caisses-dallocations-familiales-fusionnent-afin-danticiper-effets-de-regionalisation\/#breadcrumb\",\"itemListElement\":[{\"@type\":\"ListItem\",\"position\":1,\"name\":\"Accueil\",\"item\":\"https:\/\/peoplesphere.be\/fr\/\"},{\"@type\":\"ListItem\",\"position\":2,\"name\":\"Les caisses d&rsquo;allocations familiales fusionnent afin d&rsquo;anticiper les effets de la r\u00e9gionalisation.\"}]},{\"@type\":\"WebSite\",\"@id\":\"https:\/\/peoplesphere.be\/fr\/#website\",\"url\":\"https:\/\/peoplesphere.be\/fr\/\",\"name\":\"Peoplesphere\",\"description\":\"The People Managers Magazine\",\"publisher\":{\"@id\":\"https:\/\/peoplesphere.be\/fr\/#organization\"},\"potentialAction\":[{\"@type\":\"SearchAction\",\"target\":{\"@type\":\"EntryPoint\",\"urlTemplate\":\"https:\/\/peoplesphere.be\/fr\/?s={search_term_string}\"},\"query-input\":\"required name=search_term_string\"}],\"inLanguage\":\"fr-FR\"},{\"@type\":\"Organization\",\"@id\":\"https:\/\/peoplesphere.be\/fr\/#organization\",\"name\":\"Peoplesphere Company srl\",\"url\":\"https:\/\/peoplesphere.be\/fr\/\",\"logo\":{\"@type\":\"ImageObject\",\"inLanguage\":\"fr-FR\",\"@id\":\"https:\/\/peoplesphere.be\/fr\/#\/schema\/logo\/image\/\",\"url\":\"https:\/\/peoplesphere.be\/fr\/wp-content\/uploads\/2023\/07\/peoplesphere-lgo-new-generik.jpg\",\"contentUrl\":\"https:\/\/peoplesphere.be\/fr\/wp-content\/uploads\/2023\/07\/peoplesphere-lgo-new-generik.jpg\",\"width\":1031,\"height\":1479,\"caption\":\"Peoplesphere Company srl\"},\"image\":{\"@id\":\"https:\/\/peoplesphere.be\/fr\/#\/schema\/logo\/image\/\"},\"sameAs\":[\"https:\/\/www.facebook.com\/peoplesphere\",\"https:\/\/twitter.com\/PeoplesphereMag\",\"https:\/\/www.linkedin.com\/company\/7587361?trk\",\"http:\/\/youtube.com\/peoplesphere\"]},{\"@type\":\"Person\",\"@id\":\"https:\/\/peoplesphere.be\/fr\/#\/schema\/person\/7976225ff17988604334abb7b3536a7e\",\"name\":\"Jean-Paul Erhard\",\"image\":{\"@type\":\"ImageObject\",\"inLanguage\":\"fr-FR\",\"@id\":\"https:\/\/peoplesphere.be\/fr\/#\/schema\/person\/image\/\",\"url\":\"https:\/\/secure.gravatar.com\/avatar\/f941e681460179738071629a51574930?s=96&d=mm&r=g\",\"contentUrl\":\"https:\/\/secure.gravatar.com\/avatar\/f941e681460179738071629a51574930?s=96&d=mm&r=g\",\"caption\":\"Jean-Paul Erhard\"},\"url\":\"https:\/\/peoplesphere.be\/fr\/author\/jpe\/\"}]}<\/script>\n<!-- \/ Yoast SEO plugin. -->","yoast_head_json":{"title":"Les caisses d'allocations familiales fusionnent afin d'anticiper les effets de la r\u00e9gionalisation. - Peoplesphere","robots":{"index":"index","follow":"follow","max-snippet":"max-snippet:-1","max-image-preview":"max-image-preview:large","max-video-preview":"max-video-preview:-1"},"canonical":"https:\/\/peoplesphere.be\/fr\/caisses-dallocations-familiales-fusionnent-afin-danticiper-effets-de-regionalisation\/","og_locale":"fr_FR","og_type":"article","og_title":"Les caisses d'allocations familiales fusionnent afin d'anticiper les effets de la r\u00e9gionalisation. - Peoplesphere","og_description":"Ce lundi 6 novembre, les caisses d\u2019allocations familiales de Partena Professional et d\u2019Attentia ont annonc\u00e9 leur union.\u00a0Elles\u00a0d\u00e9clarent avoir\u00a0conclu un accord afin d\u2019\u0153uvrer ensemble au succ\u00e8s de la r\u00e9gionalisation des allocations familiales. Auparavant, l&rsquo;ancienne caisse d\u2019allocations familiales Mensura, Future G\u00e9n\u00e9rations, avait [&hellip;]","og_url":"https:\/\/peoplesphere.be\/fr\/caisses-dallocations-familiales-fusionnent-afin-danticiper-effets-de-regionalisation\/","og_site_name":"Peoplesphere","article_publisher":"https:\/\/www.facebook.com\/peoplesphere","article_published_time":"2017-11-06T16:06:44+00:00","og_image":[{"url":"http:\/\/www.peoplesphere.be\/fr\/wp-content\/uploads\/2016\/07\/facebook-default-posting-1200x628px.jpg"}],"author":"Jean-Paul Erhard","twitter_card":"summary_large_image","twitter_creator":"@PeoplesphereMag","twitter_site":"@PeoplesphereMag","twitter_misc":{"\u00c9crit par":"Jean-Paul Erhard","Dur\u00e9e de lecture estim\u00e9e":"2 minutes"},"schema":{"@context":"https:\/\/schema.org","@graph":[{"@type":"Article","@id":"https:\/\/peoplesphere.be\/fr\/caisses-dallocations-familiales-fusionnent-afin-danticiper-effets-de-regionalisation\/#article","isPartOf":{"@id":"https:\/\/peoplesphere.be\/fr\/caisses-dallocations-familiales-fusionnent-afin-danticiper-effets-de-regionalisation\/"},"author":{"name":"Jean-Paul Erhard","@id":"https:\/\/peoplesphere.be\/fr\/#\/schema\/person\/7976225ff17988604334abb7b3536a7e"},"headline":"Les caisses d&rsquo;allocations familiales fusionnent afin d&rsquo;anticiper les effets de la r\u00e9gionalisation.","datePublished":"2017-11-06T16:06:44+00:00","dateModified":"2017-11-06T16:06:44+00:00","mainEntityOfPage":{"@id":"https:\/\/peoplesphere.be\/fr\/caisses-dallocations-familiales-fusionnent-afin-danticiper-effets-de-regionalisation\/"},"wordCount":345,"publisher":{"@id":"https:\/\/peoplesphere.be\/fr\/#organization"},"keywords":["allocations familiales","r\u00e9gionalisation"],"articleSection":["Actualit\u00e9s","Digital"],"inLanguage":"fr-FR"},{"@type":"WebPage","@id":"https:\/\/peoplesphere.be\/fr\/caisses-dallocations-familiales-fusionnent-afin-danticiper-effets-de-regionalisation\/","url":"https:\/\/peoplesphere.be\/fr\/caisses-dallocations-familiales-fusionnent-afin-danticiper-effets-de-regionalisation\/","name":"Les caisses d'allocations familiales fusionnent afin d'anticiper les effets de la r\u00e9gionalisation. - Peoplesphere","isPartOf":{"@id":"https:\/\/peoplesphere.be\/fr\/#website"},"datePublished":"2017-11-06T16:06:44+00:00","dateModified":"2017-11-06T16:06:44+00:00","breadcrumb":{"@id":"https:\/\/peoplesphere.be\/fr\/caisses-dallocations-familiales-fusionnent-afin-danticiper-effets-de-regionalisation\/#breadcrumb"},"inLanguage":"fr-FR","potentialAction":[{"@type":"ReadAction","target":["https:\/\/peoplesphere.be\/fr\/caisses-dallocations-familiales-fusionnent-afin-danticiper-effets-de-regionalisation\/"]}]},{"@type":"BreadcrumbList","@id":"https:\/\/peoplesphere.be\/fr\/caisses-dallocations-familiales-fusionnent-afin-danticiper-effets-de-regionalisation\/#breadcrumb","itemListElement":[{"@type":"ListItem","position":1,"name":"Accueil","item":"https:\/\/peoplesphere.be\/fr\/"},{"@type":"ListItem","position":2,"name":"Les caisses d&rsquo;allocations familiales fusionnent afin d&rsquo;anticiper les effets de la r\u00e9gionalisation."}]},{"@type":"WebSite","@id":"https:\/\/peoplesphere.be\/fr\/#website","url":"https:\/\/peoplesphere.be\/fr\/","name":"Peoplesphere","description":"The People Managers Magazine","publisher":{"@id":"https:\/\/peoplesphere.be\/fr\/#organization"},"potentialAction":[{"@type":"SearchAction","target":{"@type":"EntryPoint","urlTemplate":"https:\/\/peoplesphere.be\/fr\/?s={search_term_string}"},"query-input":"required name=search_term_string"}],"inLanguage":"fr-FR"},{"@type":"Organization","@id":"https:\/\/peoplesphere.be\/fr\/#organization","name":"Peoplesphere Company srl","url":"https:\/\/peoplesphere.be\/fr\/","logo":{"@type":"ImageObject","inLanguage":"fr-FR","@id":"https:\/\/peoplesphere.be\/fr\/#\/schema\/logo\/image\/","url":"https:\/\/peoplesphere.be\/fr\/wp-content\/uploads\/2023\/07\/peoplesphere-lgo-new-generik.jpg","contentUrl":"https:\/\/peoplesphere.be\/fr\/wp-content\/uploads\/2023\/07\/peoplesphere-lgo-new-generik.jpg","width":1031,"height":1479,"caption":"Peoplesphere Company srl"},"image":{"@id":"https:\/\/peoplesphere.be\/fr\/#\/schema\/logo\/image\/"},"sameAs":["https:\/\/www.facebook.com\/peoplesphere","https:\/\/twitter.com\/PeoplesphereMag","https:\/\/www.linkedin.com\/company\/7587361?trk","http:\/\/youtube.com\/peoplesphere"]},{"@type":"Person","@id":"https:\/\/peoplesphere.be\/fr\/#\/schema\/person\/7976225ff17988604334abb7b3536a7e","name":"Jean-Paul Erhard","image":{"@type":"ImageObject","inLanguage":"fr-FR","@id":"https:\/\/peoplesphere.be\/fr\/#\/schema\/person\/image\/","url":"https:\/\/secure.gravatar.com\/avatar\/f941e681460179738071629a51574930?s=96&d=mm&r=g","contentUrl":"https:\/\/secure.gravatar.com\/avatar\/f941e681460179738071629a51574930?s=96&d=mm&r=g","caption":"Jean-Paul Erhard"},"url":"https:\/\/peoplesphere.be\/fr\/author\/jpe\/"}]}},"_links":{"self":[{"href":"https:\/\/peoplesphere.be\/fr\/wp-json\/wp\/v2\/posts\/5110"}],"collection":[{"href":"https:\/\/peoplesphere.be\/fr\/wp-json\/wp\/v2\/posts"}],"about":[{"href":"https:\/\/peoplesphere.be\/fr\/wp-json\/wp\/v2\/types\/post"}],"author":[{"embeddable":true,"href":"https:\/\/peoplesphere.be\/fr\/wp-json\/wp\/v2\/users\/2"}],"replies":[{"embeddable":true,"href":"https:\/\/peoplesphere.be\/fr\/wp-json\/wp\/v2\/comments?post=5110"}],"version-history":[{"count":1,"href":"https:\/\/peoplesphere.be\/fr\/wp-json\/wp\/v2\/posts\/5110\/revisions"}],"predecessor-version":[{"id":5111,"href":"https:\/\/peoplesphere.be\/fr\/wp-json\/wp\/v2\/posts\/5110\/revisions\/5111"}],"wp:attachment":[{"href":"https:\/\/peoplesphere.be\/fr\/wp-json\/wp\/v2\/media?parent=5110"}],"wp:term":[{"taxonomy":"category","embeddable":true,"href":"https:\/\/peoplesphere.be\/fr\/wp-json\/wp\/v2\/categories?post=5110"},{"taxonomy":"post_tag","embeddable":true,"href":"https:\/\/peoplesphere.be\/fr\/wp-json\/wp\/v2\/tags?post=5110"}],"curies":[{"name":"wp","href":"https:\/\/api.w.org\/{rel}","templated":true}]}}