









{"id":5134,"date":"2017-11-10T12:23:44","date_gmt":"2017-11-10T10:23:44","guid":{"rendered":"http:\/\/www.peoplesphere.be\/fr\/?p=5134"},"modified":"2017-11-10T12:23:44","modified_gmt":"2017-11-10T10:23:44","slug":"conference-atelier-7-decembre-a-lln-susciter-curiosite-dapprendre","status":"publish","type":"post","link":"https:\/\/peoplesphere.be\/fr\/conference-atelier-7-decembre-a-lln-susciter-curiosite-dapprendre\/","title":{"rendered":"Conf\u00e9rence-Atelier le 7 d\u00e9cembre \u00e0 LLN : Comment susciter la curiosit\u00e9 d&rsquo;apprendre?"},"content":{"rendered":"<p>La prochaine rencontre organis\u00e9e par FormaForm se tiendra le 7 d\u00e9cembre prochain et prendra la forme d&rsquo;une conf\u00e9rence &#8211; atelier, dont le th\u00e8me sera \u00ab\u00a0Comment susciter la curiosit\u00e9 d&rsquo;apprendre?\u00a0\u00bb. Envie de nous y rejoindre ?<!--more--><\/p>\n<p>L&rsquo;envie d&rsquo;apprendre, de d\u00e9couvrir est une qualit\u00e9 d\u00e9terminante dans notre monde en perp\u00e9tuel changement. Comment d\u00e9velopper les potentiels en cultivant la curiosit\u00e9 d&rsquo;apprendre? Une question abord\u00e9e lors de notre atelier conf\u00e9rence-atelier de mani\u00e8re r\u00e9solument positive. Rendez-vous le 07 d\u00e9cembre 2017 d\u00e8s 09h \u00e0 FormaForm. Attention, le nombre de places est limit\u00e9! Inscrivez-vous sans plus attendre.<\/p>\n<p><strong><em>Programme<\/em><\/strong><\/p>\n<p>09h00 &#8211; Accueil &#8211;\u00a0<em>La r\u00e9volution des comp\u00e9tences et l&rsquo;importance du \u00ab\u00a0learnability\u00a0\u00bb<\/em><\/p>\n<p>09h30 &#8211; <em>En quoi l&rsquo;impact de la robotisation et de la digitalisation est-il un enjeu dans l&rsquo;\u00e9mergence de nouvelles comp\u00e9tences? Comment la curiosit\u00e9 d&rsquo;apprendre concoure \u00e0 la r\u00e9volution des comp\u00e9tences?<\/em>, par\u00a0S\u00e9bastien Delfosse &#8211; HR &amp; Legal Director ManpowerGroup Belux<\/p>\n<p>10h15 \u00e0 12h30 &#8211; Conf\u00e9rence-atelier &#8211;\u00a0<em>La bienveillance envers soi-m\u00eame comme levier pour favoriser la curiosit\u00e9 et l&rsquo;envie d&rsquo;apprendre.\u00a0<\/em>N<em>otre curiosit\u00e9 et notre d\u00e9sir d&rsquo;apprendre sont des sources d&rsquo;\u00e9nergie positive. La d\u00e9couverte de nouveaux savoirs nous nourrit intellectuellement et \u00e9motionnellement. Alors, qu&rsquo;est-ce qui freine cette envie? Sur quoi s&rsquo;appuyer pour d\u00e9passer ces obstacles et aller plus loin? Et quel r\u00f4le la bienveillance joue-t-elle \u00e0 ce sujet?<\/em> &#8211; par\u00a0Pierre Portevin &#8211; lifecoach et co-pilote du projet DareDo<\/p>\n<p><strong><em>Adresse : <\/em><\/strong><\/p>\n<p>FORMAFORM<br \/>\nNew Tech Center<br \/>\nAvenue Albert Einstein 2,<br \/>\n1348 Ottignies-Louvain-la-Neuve<\/p>\n<p>Pour s&rsquo;inscrire :<\/p>\n<p><a href=\"https:\/\/www.eventbrite.fr\/e\/billets-conference-atelier-comment-cultiver-la-curiosite-dapprendre-39085817733?aff=affiliate1\">https:\/\/www.eventbrite.fr\/e\/billets-conference-atelier-comment-cultiver-la-curiosite-dapprendre-39085817733?aff=affiliate1<\/a><\/p>\n","protected":false},"excerpt":{"rendered":"<p>La prochaine rencontre organis\u00e9e par FormaForm se tiendra le 7 d\u00e9cembre prochain et prendra la forme d&rsquo;une conf\u00e9rence &#8211; atelier, dont le th\u00e8me sera \u00ab\u00a0Comment susciter la curiosit\u00e9 d&rsquo;apprendre?\u00a0\u00bb. Envie de nous y rejoindre ?<\/p>\n","protected":false},"author":2,"featured_media":5135,"comment_status":"closed","ping_status":"open","sticky":false,"template":"","format":"standard","meta":[],"categories":[67,8],"tags":[47,1612,735,48,1118,1607],"yoast_head":"<!-- This site is optimized with the Yoast SEO plugin v21.0 - https:\/\/yoast.com\/wordpress\/plugins\/seo\/ -->\n<title>Conf\u00e9rence-Atelier le 7 d\u00e9cembre \u00e0 LLN : Comment susciter la curiosit\u00e9 d&#039;apprendre? - Peoplesphere<\/title>\n<meta name=\"robots\" content=\"index, follow, max-snippet:-1, max-image-preview:large, max-video-preview:-1\" \/>\n<link rel=\"canonical\" href=\"https:\/\/peoplesphere.be\/fr\/conference-atelier-7-decembre-a-lln-susciter-curiosite-dapprendre\/\" \/>\n<meta property=\"og:locale\" content=\"fr_FR\" \/>\n<meta property=\"og:type\" content=\"article\" \/>\n<meta property=\"og:title\" content=\"Conf\u00e9rence-Atelier le 7 d\u00e9cembre \u00e0 LLN : Comment susciter la curiosit\u00e9 d&#039;apprendre? - Peoplesphere\" \/>\n<meta property=\"og:description\" content=\"La prochaine rencontre organis\u00e9e par FormaForm se tiendra le 7 d\u00e9cembre prochain et prendra la forme d&rsquo;une conf\u00e9rence &#8211; atelier, dont le th\u00e8me sera \u00ab\u00a0Comment susciter la curiosit\u00e9 d&rsquo;apprendre?\u00a0\u00bb. Envie de nous y rejoindre ?\" \/>\n<meta property=\"og:url\" content=\"https:\/\/peoplesphere.be\/fr\/conference-atelier-7-decembre-a-lln-susciter-curiosite-dapprendre\/\" \/>\n<meta property=\"og:site_name\" content=\"Peoplesphere\" \/>\n<meta property=\"article:publisher\" content=\"https:\/\/www.facebook.com\/peoplesphere\" \/>\n<meta property=\"article:published_time\" content=\"2017-11-10T10:23:44+00:00\" \/>\n<meta property=\"og:image\" content=\"https:\/\/peoplesphere.be\/fr\/wp-content\/uploads\/2017\/11\/formaform-original.jpg\" \/>\n\t<meta property=\"og:image:width\" content=\"800\" \/>\n\t<meta property=\"og:image:height\" content=\"400\" \/>\n\t<meta property=\"og:image:type\" content=\"image\/jpeg\" \/>\n<meta name=\"author\" content=\"Jean-Paul Erhard\" \/>\n<meta name=\"twitter:card\" content=\"summary_large_image\" \/>\n<meta name=\"twitter:creator\" content=\"@PeoplesphereMag\" \/>\n<meta name=\"twitter:site\" content=\"@PeoplesphereMag\" \/>\n<meta name=\"twitter:label1\" content=\"\u00c9crit par\" \/>\n\t<meta name=\"twitter:data1\" content=\"Jean-Paul Erhard\" \/>\n\t<meta name=\"twitter:label2\" content=\"Dur\u00e9e de lecture estim\u00e9e\" \/>\n\t<meta name=\"twitter:data2\" content=\"1 minute\" \/>\n<script type=\"application\/ld+json\" class=\"yoast-schema-graph\">{\"@context\":\"https:\/\/schema.org\",\"@graph\":[{\"@type\":\"Article\",\"@id\":\"https:\/\/peoplesphere.be\/fr\/conference-atelier-7-decembre-a-lln-susciter-curiosite-dapprendre\/#article\",\"isPartOf\":{\"@id\":\"https:\/\/peoplesphere.be\/fr\/conference-atelier-7-decembre-a-lln-susciter-curiosite-dapprendre\/\"},\"author\":{\"name\":\"Jean-Paul Erhard\",\"@id\":\"https:\/\/peoplesphere.be\/fr\/#\/schema\/person\/7976225ff17988604334abb7b3536a7e\"},\"headline\":\"Conf\u00e9rence-Atelier le 7 d\u00e9cembre \u00e0 LLN : Comment susciter la curiosit\u00e9 d&rsquo;apprendre?\",\"datePublished\":\"2017-11-10T10:23:44+00:00\",\"dateModified\":\"2017-11-10T10:23:44+00:00\",\"mainEntityOfPage\":{\"@id\":\"https:\/\/peoplesphere.be\/fr\/conference-atelier-7-decembre-a-lln-susciter-curiosite-dapprendre\/\"},\"wordCount\":270,\"publisher\":{\"@id\":\"https:\/\/peoplesphere.be\/fr\/#organization\"},\"keywords\":[\"Apprentissage\",\"curiosit\u00e9\",\"formaform\",\"Formation\",\"learnability\",\"skills\"],\"articleSection\":[\"Calendrier\",\"Events\"],\"inLanguage\":\"fr-FR\"},{\"@type\":\"WebPage\",\"@id\":\"https:\/\/peoplesphere.be\/fr\/conference-atelier-7-decembre-a-lln-susciter-curiosite-dapprendre\/\",\"url\":\"https:\/\/peoplesphere.be\/fr\/conference-atelier-7-decembre-a-lln-susciter-curiosite-dapprendre\/\",\"name\":\"Conf\u00e9rence-Atelier le 7 d\u00e9cembre \u00e0 LLN : Comment susciter la curiosit\u00e9 d'apprendre? - Peoplesphere\",\"isPartOf\":{\"@id\":\"https:\/\/peoplesphere.be\/fr\/#website\"},\"datePublished\":\"2017-11-10T10:23:44+00:00\",\"dateModified\":\"2017-11-10T10:23:44+00:00\",\"breadcrumb\":{\"@id\":\"https:\/\/peoplesphere.be\/fr\/conference-atelier-7-decembre-a-lln-susciter-curiosite-dapprendre\/#breadcrumb\"},\"inLanguage\":\"fr-FR\",\"potentialAction\":[{\"@type\":\"ReadAction\",\"target\":[\"https:\/\/peoplesphere.be\/fr\/conference-atelier-7-decembre-a-lln-susciter-curiosite-dapprendre\/\"]}]},{\"@type\":\"BreadcrumbList\",\"@id\":\"https:\/\/peoplesphere.be\/fr\/conference-atelier-7-decembre-a-lln-susciter-curiosite-dapprendre\/#breadcrumb\",\"itemListElement\":[{\"@type\":\"ListItem\",\"position\":1,\"name\":\"Accueil\",\"item\":\"https:\/\/peoplesphere.be\/fr\/\"},{\"@type\":\"ListItem\",\"position\":2,\"name\":\"Conf\u00e9rence-Atelier le 7 d\u00e9cembre \u00e0 LLN : Comment susciter la curiosit\u00e9 d&rsquo;apprendre?\"}]},{\"@type\":\"WebSite\",\"@id\":\"https:\/\/peoplesphere.be\/fr\/#website\",\"url\":\"https:\/\/peoplesphere.be\/fr\/\",\"name\":\"Peoplesphere\",\"description\":\"The People Managers Magazine\",\"publisher\":{\"@id\":\"https:\/\/peoplesphere.be\/fr\/#organization\"},\"potentialAction\":[{\"@type\":\"SearchAction\",\"target\":{\"@type\":\"EntryPoint\",\"urlTemplate\":\"https:\/\/peoplesphere.be\/fr\/?s={search_term_string}\"},\"query-input\":\"required name=search_term_string\"}],\"inLanguage\":\"fr-FR\"},{\"@type\":\"Organization\",\"@id\":\"https:\/\/peoplesphere.be\/fr\/#organization\",\"name\":\"Peoplesphere Company srl\",\"url\":\"https:\/\/peoplesphere.be\/fr\/\",\"logo\":{\"@type\":\"ImageObject\",\"inLanguage\":\"fr-FR\",\"@id\":\"https:\/\/peoplesphere.be\/fr\/#\/schema\/logo\/image\/\",\"url\":\"https:\/\/peoplesphere.be\/fr\/wp-content\/uploads\/2023\/07\/peoplesphere-lgo-new-generik.jpg\",\"contentUrl\":\"https:\/\/peoplesphere.be\/fr\/wp-content\/uploads\/2023\/07\/peoplesphere-lgo-new-generik.jpg\",\"width\":1031,\"height\":1479,\"caption\":\"Peoplesphere Company srl\"},\"image\":{\"@id\":\"https:\/\/peoplesphere.be\/fr\/#\/schema\/logo\/image\/\"},\"sameAs\":[\"https:\/\/www.facebook.com\/peoplesphere\",\"https:\/\/twitter.com\/PeoplesphereMag\",\"https:\/\/www.linkedin.com\/company\/7587361?trk\",\"http:\/\/youtube.com\/peoplesphere\"]},{\"@type\":\"Person\",\"@id\":\"https:\/\/peoplesphere.be\/fr\/#\/schema\/person\/7976225ff17988604334abb7b3536a7e\",\"name\":\"Jean-Paul Erhard\",\"image\":{\"@type\":\"ImageObject\",\"inLanguage\":\"fr-FR\",\"@id\":\"https:\/\/peoplesphere.be\/fr\/#\/schema\/person\/image\/\",\"url\":\"https:\/\/secure.gravatar.com\/avatar\/f941e681460179738071629a51574930?s=96&d=mm&r=g\",\"contentUrl\":\"https:\/\/secure.gravatar.com\/avatar\/f941e681460179738071629a51574930?s=96&d=mm&r=g\",\"caption\":\"Jean-Paul Erhard\"},\"url\":\"https:\/\/peoplesphere.be\/fr\/author\/jpe\/\"}]}<\/script>\n<!-- \/ Yoast SEO plugin. -->","yoast_head_json":{"title":"Conf\u00e9rence-Atelier le 7 d\u00e9cembre \u00e0 LLN : Comment susciter la curiosit\u00e9 d'apprendre? - Peoplesphere","robots":{"index":"index","follow":"follow","max-snippet":"max-snippet:-1","max-image-preview":"max-image-preview:large","max-video-preview":"max-video-preview:-1"},"canonical":"https:\/\/peoplesphere.be\/fr\/conference-atelier-7-decembre-a-lln-susciter-curiosite-dapprendre\/","og_locale":"fr_FR","og_type":"article","og_title":"Conf\u00e9rence-Atelier le 7 d\u00e9cembre \u00e0 LLN : Comment susciter la curiosit\u00e9 d'apprendre? - Peoplesphere","og_description":"La prochaine rencontre organis\u00e9e par FormaForm se tiendra le 7 d\u00e9cembre prochain et prendra la forme d&rsquo;une conf\u00e9rence &#8211; atelier, dont le th\u00e8me sera \u00ab\u00a0Comment susciter la curiosit\u00e9 d&rsquo;apprendre?\u00a0\u00bb. Envie de nous y rejoindre ?","og_url":"https:\/\/peoplesphere.be\/fr\/conference-atelier-7-decembre-a-lln-susciter-curiosite-dapprendre\/","og_site_name":"Peoplesphere","article_publisher":"https:\/\/www.facebook.com\/peoplesphere","article_published_time":"2017-11-10T10:23:44+00:00","og_image":[{"width":800,"height":400,"url":"https:\/\/peoplesphere.be\/fr\/wp-content\/uploads\/2017\/11\/formaform-original.jpg","type":"image\/jpeg"}],"author":"Jean-Paul Erhard","twitter_card":"summary_large_image","twitter_creator":"@PeoplesphereMag","twitter_site":"@PeoplesphereMag","twitter_misc":{"\u00c9crit par":"Jean-Paul Erhard","Dur\u00e9e de lecture estim\u00e9e":"1 minute"},"schema":{"@context":"https:\/\/schema.org","@graph":[{"@type":"Article","@id":"https:\/\/peoplesphere.be\/fr\/conference-atelier-7-decembre-a-lln-susciter-curiosite-dapprendre\/#article","isPartOf":{"@id":"https:\/\/peoplesphere.be\/fr\/conference-atelier-7-decembre-a-lln-susciter-curiosite-dapprendre\/"},"author":{"name":"Jean-Paul Erhard","@id":"https:\/\/peoplesphere.be\/fr\/#\/schema\/person\/7976225ff17988604334abb7b3536a7e"},"headline":"Conf\u00e9rence-Atelier le 7 d\u00e9cembre \u00e0 LLN : Comment susciter la curiosit\u00e9 d&rsquo;apprendre?","datePublished":"2017-11-10T10:23:44+00:00","dateModified":"2017-11-10T10:23:44+00:00","mainEntityOfPage":{"@id":"https:\/\/peoplesphere.be\/fr\/conference-atelier-7-decembre-a-lln-susciter-curiosite-dapprendre\/"},"wordCount":270,"publisher":{"@id":"https:\/\/peoplesphere.be\/fr\/#organization"},"keywords":["Apprentissage","curiosit\u00e9","formaform","Formation","learnability","skills"],"articleSection":["Calendrier","Events"],"inLanguage":"fr-FR"},{"@type":"WebPage","@id":"https:\/\/peoplesphere.be\/fr\/conference-atelier-7-decembre-a-lln-susciter-curiosite-dapprendre\/","url":"https:\/\/peoplesphere.be\/fr\/conference-atelier-7-decembre-a-lln-susciter-curiosite-dapprendre\/","name":"Conf\u00e9rence-Atelier le 7 d\u00e9cembre \u00e0 LLN : Comment susciter la curiosit\u00e9 d'apprendre? - Peoplesphere","isPartOf":{"@id":"https:\/\/peoplesphere.be\/fr\/#website"},"datePublished":"2017-11-10T10:23:44+00:00","dateModified":"2017-11-10T10:23:44+00:00","breadcrumb":{"@id":"https:\/\/peoplesphere.be\/fr\/conference-atelier-7-decembre-a-lln-susciter-curiosite-dapprendre\/#breadcrumb"},"inLanguage":"fr-FR","potentialAction":[{"@type":"ReadAction","target":["https:\/\/peoplesphere.be\/fr\/conference-atelier-7-decembre-a-lln-susciter-curiosite-dapprendre\/"]}]},{"@type":"BreadcrumbList","@id":"https:\/\/peoplesphere.be\/fr\/conference-atelier-7-decembre-a-lln-susciter-curiosite-dapprendre\/#breadcrumb","itemListElement":[{"@type":"ListItem","position":1,"name":"Accueil","item":"https:\/\/peoplesphere.be\/fr\/"},{"@type":"ListItem","position":2,"name":"Conf\u00e9rence-Atelier le 7 d\u00e9cembre \u00e0 LLN : Comment susciter la curiosit\u00e9 d&rsquo;apprendre?"}]},{"@type":"WebSite","@id":"https:\/\/peoplesphere.be\/fr\/#website","url":"https:\/\/peoplesphere.be\/fr\/","name":"Peoplesphere","description":"The People Managers Magazine","publisher":{"@id":"https:\/\/peoplesphere.be\/fr\/#organization"},"potentialAction":[{"@type":"SearchAction","target":{"@type":"EntryPoint","urlTemplate":"https:\/\/peoplesphere.be\/fr\/?s={search_term_string}"},"query-input":"required name=search_term_string"}],"inLanguage":"fr-FR"},{"@type":"Organization","@id":"https:\/\/peoplesphere.be\/fr\/#organization","name":"Peoplesphere Company srl","url":"https:\/\/peoplesphere.be\/fr\/","logo":{"@type":"ImageObject","inLanguage":"fr-FR","@id":"https:\/\/peoplesphere.be\/fr\/#\/schema\/logo\/image\/","url":"https:\/\/peoplesphere.be\/fr\/wp-content\/uploads\/2023\/07\/peoplesphere-lgo-new-generik.jpg","contentUrl":"https:\/\/peoplesphere.be\/fr\/wp-content\/uploads\/2023\/07\/peoplesphere-lgo-new-generik.jpg","width":1031,"height":1479,"caption":"Peoplesphere Company srl"},"image":{"@id":"https:\/\/peoplesphere.be\/fr\/#\/schema\/logo\/image\/"},"sameAs":["https:\/\/www.facebook.com\/peoplesphere","https:\/\/twitter.com\/PeoplesphereMag","https:\/\/www.linkedin.com\/company\/7587361?trk","http:\/\/youtube.com\/peoplesphere"]},{"@type":"Person","@id":"https:\/\/peoplesphere.be\/fr\/#\/schema\/person\/7976225ff17988604334abb7b3536a7e","name":"Jean-Paul Erhard","image":{"@type":"ImageObject","inLanguage":"fr-FR","@id":"https:\/\/peoplesphere.be\/fr\/#\/schema\/person\/image\/","url":"https:\/\/secure.gravatar.com\/avatar\/f941e681460179738071629a51574930?s=96&d=mm&r=g","contentUrl":"https:\/\/secure.gravatar.com\/avatar\/f941e681460179738071629a51574930?s=96&d=mm&r=g","caption":"Jean-Paul Erhard"},"url":"https:\/\/peoplesphere.be\/fr\/author\/jpe\/"}]}},"_links":{"self":[{"href":"https:\/\/peoplesphere.be\/fr\/wp-json\/wp\/v2\/posts\/5134"}],"collection":[{"href":"https:\/\/peoplesphere.be\/fr\/wp-json\/wp\/v2\/posts"}],"about":[{"href":"https:\/\/peoplesphere.be\/fr\/wp-json\/wp\/v2\/types\/post"}],"author":[{"embeddable":true,"href":"https:\/\/peoplesphere.be\/fr\/wp-json\/wp\/v2\/users\/2"}],"replies":[{"embeddable":true,"href":"https:\/\/peoplesphere.be\/fr\/wp-json\/wp\/v2\/comments?post=5134"}],"version-history":[{"count":2,"href":"https:\/\/peoplesphere.be\/fr\/wp-json\/wp\/v2\/posts\/5134\/revisions"}],"predecessor-version":[{"id":5137,"href":"https:\/\/peoplesphere.be\/fr\/wp-json\/wp\/v2\/posts\/5134\/revisions\/5137"}],"wp:featuredmedia":[{"embeddable":true,"href":"https:\/\/peoplesphere.be\/fr\/wp-json\/wp\/v2\/media\/5135"}],"wp:attachment":[{"href":"https:\/\/peoplesphere.be\/fr\/wp-json\/wp\/v2\/media?parent=5134"}],"wp:term":[{"taxonomy":"category","embeddable":true,"href":"https:\/\/peoplesphere.be\/fr\/wp-json\/wp\/v2\/categories?post=5134"},{"taxonomy":"post_tag","embeddable":true,"href":"https:\/\/peoplesphere.be\/fr\/wp-json\/wp\/v2\/tags?post=5134"}],"curies":[{"name":"wp","href":"https:\/\/api.w.org\/{rel}","templated":true}]}}