









{"id":5191,"date":"2017-11-21T14:03:58","date_gmt":"2017-11-21T12:03:58","guid":{"rendered":"http:\/\/www.peoplesphere.be\/fr\/?p=5191"},"modified":"2017-11-21T14:03:58","modified_gmt":"2017-11-21T12:03:58","slug":"montant-de-future-pension-desormais-disponible-mypension-be","status":"publish","type":"post","link":"https:\/\/peoplesphere.be\/fr\/montant-de-future-pension-desormais-disponible-mypension-be\/","title":{"rendered":"Le montant de votre future pension est d\u00e9sormais disponible sur mypension.be !"},"content":{"rendered":"<p>Depuis janvier 2016, vous pouvez calculer votre date de pension sur mypension.be. Apr\u00e8s la question du \u00ab\u00a0quand ?\u00a0\u00bb vient directement la question du \u00ab\u00a0combien ?\u00a0\u00bb. Si vous constituez une pension compl\u00e9mentaire, vous pouvez d\u00e9j\u00e0 consulter le montant auquel vous aurez droit plus tard sur mypension.be. \u00c0 partir d\u2019aujourd\u2019hui, les salari\u00e9s, les ind\u00e9pendants et les fonctionnaires peuvent consulter le montant de leur pension l\u00e9gale. L\u2019application a aussi une nouvelle interface et est d\u00e9sormais adapt\u00e9e aux appareils mobiles.<!--more--><\/p>\n<p>Lorsque vous pensez \u00e0 votre future pension, vous vous posez vraisemblablement deux questions : \u00ab\u00a0Quand pourrai-je prendre ma pension ?\u00a0\u00bb et \u00ab\u00a0Combien vais-je recevoir ?\u00a0\u00bb.<\/p>\n<p>Depuis janvier 2016, mypension.be a r\u00e9pondu \u00e0 la premi\u00e8re question pour 1.124.237 Belges qui ont consult\u00e9 leur date de d\u00e9part \u00e0 la pension. 884.684 de ceux-ci avaient plus de 45 ans.\u00a0\u00c0 partir d\u2019aujourd\u2019hui, les salari\u00e9s, les ind\u00e9pendants et les fonctionnaires peuvent consulter le montant estim\u00e9 de leur pension l\u00e9gale (1er pilier). Les 3,4 millions de salari\u00e9s et d\u2019ind\u00e9pendants qui constituent une pension compl\u00e9mentaire (2e pilier) peuvent d\u00e9j\u00e0 voir sur mypension.be le montant qu\u2019ils ont d\u00e9j\u00e0 constitu\u00e9 et \u00e0 combien celui-ci s\u2019\u00e9l\u00e8verait plus tard.<\/p>\n<p>Le Ministre des Pensions Daniel Bacquelaine d\u00e9clare : <em>\u00ab\u00a0L\u2019am\u00e9lioration du service au citoyen constitue un axe fondamental de la r\u00e9forme des pensions. Il implique une meilleure information permettant \u00e0 chacun d\u2019organiser sa carri\u00e8re en parfaite connaissance de cause.\u00a0Le succ\u00e8s de mypension.be, avec 6.743.850 visites depuis d\u00e9but 2016, s\u2019explique, non seulement par la qualit\u00e9 de la plateforme mais aussi par l\u2019attente du citoyen davantage de transparence en ce qui concerne les droits de pension. Aujourd\u2019hui, chacun peut conna\u00eetre en quelques clics quand il peut partir \u00e0 la retraite et le montant qu\u2019il recevra.\u00a0\u00bb<\/em><\/p>\n<p>Du c\u00f4t\u00e9 du Ministre des ind\u00e9pendants Denis Ducarme : <em>\u00ab\u00a0\u00c0 partir de maintenant, tout le monde peut consulter son montant de pension sur mypension.be. Les salari\u00e9s et ind\u00e9pendants qui constituent une pension compl\u00e9mentaire peuvent aussi la retrouver sur mypension.be. C\u2019est une avanc\u00e9e importante pour les ind\u00e9pendants : plus de clart\u00e9 et donc plus de s\u00e9curit\u00e9 sur leur future pension.\u00a0\u00bb<\/em><\/p>\n<p><strong><em>Pr\u00eat pour l\u2019e-government mobile<\/em><\/strong><\/p>\n<p>Vu que la possibilit\u00e9 de se connecter aux applications d\u2019e-government avec un appareil mobile existe d\u00e9sormais, nous en avons profit\u00e9 pour donner une cure de jouvence \u00e0 l\u2019interface de mypension.be. Elle est d\u00e9sormais adapt\u00e9e aux appareils mobiles.<\/p>\n<p>mypension.be est le r\u00e9sultat d&rsquo;une collaboration entre le SFP (Service f\u00e9d\u00e9ral des Pensions) , l&rsquo;INASTI (Institut national d&rsquo;assurances sociales pour travailleurs ind\u00e9pendants) et Sigedis (L&rsquo;ASBL Sociale Individuele Gegevens \u2013 Donn\u00e9es Individuelles Sociales).<\/p>\n<p><em><strong>Quelques chiffres int\u00e9ressants<\/strong><\/em><\/p>\n<p>Depuis le lancement du calcul de la date de pension sur mypension.be le 21\/01\/2016 :<br \/>\n1.412.277 visiteurs uniques ont visit\u00e9 6.743.850 fois le dossier de pension en ligne.<br \/>\n1.124.237 Belges ont consult\u00e9 leur date de pension, dont 884.684 avaient plus de 45 ans.<br \/>\n600.000 utilisateurs ont opt\u00e9 pour la communication \u00e9lectronique via mypension.be<br \/>\n95 % des utilisateurs de la version actuelle de mypension.be se disent satisfaits ou tr\u00e8s satisfaits de l\u2019outil.<\/p>\n<p><em>Selon le SPF Economie (chiffres de 2016) :<\/em><br \/>\n&#8211; 85% des m\u00e9nages belges disposent d\u2019une connexion internet.<br \/>\n&#8211; 54,9% des citoyens (femmes 52,8%, hommes 57%) ont utilis\u00e9 internet pour leurs relations avec les services publics.<br \/>\n&#8211; 34,9% des Belges (femmes 31,7%, hommes 38,1%) ont renvoy\u00e9 des formulaires remplis aux administrations publiques via internet.<br \/>\n&#8211; 78,4% poss\u00e8de d\u2019un smartphone, 77,6% d\u2019un ordinateur portable, 53,3% d\u2019un ordinateur de bureau et 48,5% d\u2019une tablette.<\/p>\n","protected":false},"excerpt":{"rendered":"<p>Depuis janvier 2016, vous pouvez calculer votre date de pension sur mypension.be. Apr\u00e8s la question du \u00ab\u00a0quand ?\u00a0\u00bb vient directement la question du \u00ab\u00a0combien ?\u00a0\u00bb. Si vous constituez une pension compl\u00e9mentaire, vous pouvez d\u00e9j\u00e0 consulter le montant auquel vous aurez [&hellip;]<\/p>\n","protected":false},"author":2,"featured_media":0,"comment_status":"closed","ping_status":"open","sticky":false,"template":"","format":"standard","meta":[],"categories":[65,10],"tags":[1298,1552,1635,285,57],"yoast_head":"<!-- This site is optimized with the Yoast SEO plugin v21.0 - https:\/\/yoast.com\/wordpress\/plugins\/seo\/ -->\n<title>Le montant de votre future pension est d\u00e9sormais disponible sur mypension.be ! - Peoplesphere<\/title>\n<meta name=\"robots\" content=\"index, follow, max-snippet:-1, max-image-preview:large, max-video-preview:-1\" \/>\n<link rel=\"canonical\" href=\"https:\/\/peoplesphere.be\/fr\/montant-de-future-pension-desormais-disponible-mypension-be\/\" \/>\n<meta property=\"og:locale\" content=\"fr_FR\" \/>\n<meta property=\"og:type\" content=\"article\" \/>\n<meta property=\"og:title\" content=\"Le montant de votre future pension est d\u00e9sormais disponible sur mypension.be ! - Peoplesphere\" \/>\n<meta property=\"og:description\" content=\"Depuis janvier 2016, vous pouvez calculer votre date de pension sur mypension.be. Apr\u00e8s la question du \u00ab\u00a0quand ?\u00a0\u00bb vient directement la question du \u00ab\u00a0combien ?\u00a0\u00bb. Si vous constituez une pension compl\u00e9mentaire, vous pouvez d\u00e9j\u00e0 consulter le montant auquel vous aurez [&hellip;]\" \/>\n<meta property=\"og:url\" content=\"https:\/\/peoplesphere.be\/fr\/montant-de-future-pension-desormais-disponible-mypension-be\/\" \/>\n<meta property=\"og:site_name\" content=\"Peoplesphere\" \/>\n<meta property=\"article:publisher\" content=\"https:\/\/www.facebook.com\/peoplesphere\" \/>\n<meta property=\"article:published_time\" content=\"2017-11-21T12:03:58+00:00\" \/>\n<meta property=\"og:image\" content=\"http:\/\/www.peoplesphere.be\/fr\/wp-content\/uploads\/2016\/07\/facebook-default-posting-1200x628px.jpg\" \/>\n<meta name=\"author\" content=\"Jean-Paul Erhard\" \/>\n<meta name=\"twitter:card\" content=\"summary_large_image\" \/>\n<meta name=\"twitter:creator\" content=\"@PeoplesphereMag\" \/>\n<meta name=\"twitter:site\" content=\"@PeoplesphereMag\" \/>\n<meta name=\"twitter:label1\" content=\"\u00c9crit par\" \/>\n\t<meta name=\"twitter:data1\" content=\"Jean-Paul Erhard\" \/>\n\t<meta name=\"twitter:label2\" content=\"Dur\u00e9e de lecture estim\u00e9e\" \/>\n\t<meta name=\"twitter:data2\" content=\"3 minutes\" \/>\n<script type=\"application\/ld+json\" class=\"yoast-schema-graph\">{\"@context\":\"https:\/\/schema.org\",\"@graph\":[{\"@type\":\"Article\",\"@id\":\"https:\/\/peoplesphere.be\/fr\/montant-de-future-pension-desormais-disponible-mypension-be\/#article\",\"isPartOf\":{\"@id\":\"https:\/\/peoplesphere.be\/fr\/montant-de-future-pension-desormais-disponible-mypension-be\/\"},\"author\":{\"name\":\"Jean-Paul Erhard\",\"@id\":\"https:\/\/peoplesphere.be\/fr\/#\/schema\/person\/7976225ff17988604334abb7b3536a7e\"},\"headline\":\"Le montant de votre future pension est d\u00e9sormais disponible sur mypension.be !\",\"datePublished\":\"2017-11-21T12:03:58+00:00\",\"dateModified\":\"2017-11-21T12:03:58+00:00\",\"mainEntityOfPage\":{\"@id\":\"https:\/\/peoplesphere.be\/fr\/montant-de-future-pension-desormais-disponible-mypension-be\/\"},\"wordCount\":601,\"publisher\":{\"@id\":\"https:\/\/peoplesphere.be\/fr\/#organization\"},\"keywords\":[\"calcul des retraites\",\"e-gouvernement\",\"fonctionnaires\",\"ind\u00e9pendants\",\"pensions\"],\"articleSection\":[\"Actualit\u00e9s\",\"Digital\"],\"inLanguage\":\"fr-FR\"},{\"@type\":\"WebPage\",\"@id\":\"https:\/\/peoplesphere.be\/fr\/montant-de-future-pension-desormais-disponible-mypension-be\/\",\"url\":\"https:\/\/peoplesphere.be\/fr\/montant-de-future-pension-desormais-disponible-mypension-be\/\",\"name\":\"Le montant de votre future pension est d\u00e9sormais disponible sur mypension.be ! - Peoplesphere\",\"isPartOf\":{\"@id\":\"https:\/\/peoplesphere.be\/fr\/#website\"},\"datePublished\":\"2017-11-21T12:03:58+00:00\",\"dateModified\":\"2017-11-21T12:03:58+00:00\",\"breadcrumb\":{\"@id\":\"https:\/\/peoplesphere.be\/fr\/montant-de-future-pension-desormais-disponible-mypension-be\/#breadcrumb\"},\"inLanguage\":\"fr-FR\",\"potentialAction\":[{\"@type\":\"ReadAction\",\"target\":[\"https:\/\/peoplesphere.be\/fr\/montant-de-future-pension-desormais-disponible-mypension-be\/\"]}]},{\"@type\":\"BreadcrumbList\",\"@id\":\"https:\/\/peoplesphere.be\/fr\/montant-de-future-pension-desormais-disponible-mypension-be\/#breadcrumb\",\"itemListElement\":[{\"@type\":\"ListItem\",\"position\":1,\"name\":\"Accueil\",\"item\":\"https:\/\/peoplesphere.be\/fr\/\"},{\"@type\":\"ListItem\",\"position\":2,\"name\":\"Le montant de votre future pension est d\u00e9sormais disponible sur mypension.be !\"}]},{\"@type\":\"WebSite\",\"@id\":\"https:\/\/peoplesphere.be\/fr\/#website\",\"url\":\"https:\/\/peoplesphere.be\/fr\/\",\"name\":\"Peoplesphere\",\"description\":\"The People Managers Magazine\",\"publisher\":{\"@id\":\"https:\/\/peoplesphere.be\/fr\/#organization\"},\"potentialAction\":[{\"@type\":\"SearchAction\",\"target\":{\"@type\":\"EntryPoint\",\"urlTemplate\":\"https:\/\/peoplesphere.be\/fr\/?s={search_term_string}\"},\"query-input\":\"required name=search_term_string\"}],\"inLanguage\":\"fr-FR\"},{\"@type\":\"Organization\",\"@id\":\"https:\/\/peoplesphere.be\/fr\/#organization\",\"name\":\"Peoplesphere Company srl\",\"url\":\"https:\/\/peoplesphere.be\/fr\/\",\"logo\":{\"@type\":\"ImageObject\",\"inLanguage\":\"fr-FR\",\"@id\":\"https:\/\/peoplesphere.be\/fr\/#\/schema\/logo\/image\/\",\"url\":\"https:\/\/peoplesphere.be\/fr\/wp-content\/uploads\/2023\/07\/peoplesphere-lgo-new-generik.jpg\",\"contentUrl\":\"https:\/\/peoplesphere.be\/fr\/wp-content\/uploads\/2023\/07\/peoplesphere-lgo-new-generik.jpg\",\"width\":1031,\"height\":1479,\"caption\":\"Peoplesphere Company srl\"},\"image\":{\"@id\":\"https:\/\/peoplesphere.be\/fr\/#\/schema\/logo\/image\/\"},\"sameAs\":[\"https:\/\/www.facebook.com\/peoplesphere\",\"https:\/\/twitter.com\/PeoplesphereMag\",\"https:\/\/www.linkedin.com\/company\/7587361?trk\",\"http:\/\/youtube.com\/peoplesphere\"]},{\"@type\":\"Person\",\"@id\":\"https:\/\/peoplesphere.be\/fr\/#\/schema\/person\/7976225ff17988604334abb7b3536a7e\",\"name\":\"Jean-Paul Erhard\",\"image\":{\"@type\":\"ImageObject\",\"inLanguage\":\"fr-FR\",\"@id\":\"https:\/\/peoplesphere.be\/fr\/#\/schema\/person\/image\/\",\"url\":\"https:\/\/secure.gravatar.com\/avatar\/f941e681460179738071629a51574930?s=96&d=mm&r=g\",\"contentUrl\":\"https:\/\/secure.gravatar.com\/avatar\/f941e681460179738071629a51574930?s=96&d=mm&r=g\",\"caption\":\"Jean-Paul Erhard\"},\"url\":\"https:\/\/peoplesphere.be\/fr\/author\/jpe\/\"}]}<\/script>\n<!-- \/ Yoast SEO plugin. -->","yoast_head_json":{"title":"Le montant de votre future pension est d\u00e9sormais disponible sur mypension.be ! - Peoplesphere","robots":{"index":"index","follow":"follow","max-snippet":"max-snippet:-1","max-image-preview":"max-image-preview:large","max-video-preview":"max-video-preview:-1"},"canonical":"https:\/\/peoplesphere.be\/fr\/montant-de-future-pension-desormais-disponible-mypension-be\/","og_locale":"fr_FR","og_type":"article","og_title":"Le montant de votre future pension est d\u00e9sormais disponible sur mypension.be ! - Peoplesphere","og_description":"Depuis janvier 2016, vous pouvez calculer votre date de pension sur mypension.be. Apr\u00e8s la question du \u00ab\u00a0quand ?\u00a0\u00bb vient directement la question du \u00ab\u00a0combien ?\u00a0\u00bb. Si vous constituez une pension compl\u00e9mentaire, vous pouvez d\u00e9j\u00e0 consulter le montant auquel vous aurez [&hellip;]","og_url":"https:\/\/peoplesphere.be\/fr\/montant-de-future-pension-desormais-disponible-mypension-be\/","og_site_name":"Peoplesphere","article_publisher":"https:\/\/www.facebook.com\/peoplesphere","article_published_time":"2017-11-21T12:03:58+00:00","og_image":[{"url":"http:\/\/www.peoplesphere.be\/fr\/wp-content\/uploads\/2016\/07\/facebook-default-posting-1200x628px.jpg"}],"author":"Jean-Paul Erhard","twitter_card":"summary_large_image","twitter_creator":"@PeoplesphereMag","twitter_site":"@PeoplesphereMag","twitter_misc":{"\u00c9crit par":"Jean-Paul Erhard","Dur\u00e9e de lecture estim\u00e9e":"3 minutes"},"schema":{"@context":"https:\/\/schema.org","@graph":[{"@type":"Article","@id":"https:\/\/peoplesphere.be\/fr\/montant-de-future-pension-desormais-disponible-mypension-be\/#article","isPartOf":{"@id":"https:\/\/peoplesphere.be\/fr\/montant-de-future-pension-desormais-disponible-mypension-be\/"},"author":{"name":"Jean-Paul Erhard","@id":"https:\/\/peoplesphere.be\/fr\/#\/schema\/person\/7976225ff17988604334abb7b3536a7e"},"headline":"Le montant de votre future pension est d\u00e9sormais disponible sur mypension.be !","datePublished":"2017-11-21T12:03:58+00:00","dateModified":"2017-11-21T12:03:58+00:00","mainEntityOfPage":{"@id":"https:\/\/peoplesphere.be\/fr\/montant-de-future-pension-desormais-disponible-mypension-be\/"},"wordCount":601,"publisher":{"@id":"https:\/\/peoplesphere.be\/fr\/#organization"},"keywords":["calcul des retraites","e-gouvernement","fonctionnaires","ind\u00e9pendants","pensions"],"articleSection":["Actualit\u00e9s","Digital"],"inLanguage":"fr-FR"},{"@type":"WebPage","@id":"https:\/\/peoplesphere.be\/fr\/montant-de-future-pension-desormais-disponible-mypension-be\/","url":"https:\/\/peoplesphere.be\/fr\/montant-de-future-pension-desormais-disponible-mypension-be\/","name":"Le montant de votre future pension est d\u00e9sormais disponible sur mypension.be ! - Peoplesphere","isPartOf":{"@id":"https:\/\/peoplesphere.be\/fr\/#website"},"datePublished":"2017-11-21T12:03:58+00:00","dateModified":"2017-11-21T12:03:58+00:00","breadcrumb":{"@id":"https:\/\/peoplesphere.be\/fr\/montant-de-future-pension-desormais-disponible-mypension-be\/#breadcrumb"},"inLanguage":"fr-FR","potentialAction":[{"@type":"ReadAction","target":["https:\/\/peoplesphere.be\/fr\/montant-de-future-pension-desormais-disponible-mypension-be\/"]}]},{"@type":"BreadcrumbList","@id":"https:\/\/peoplesphere.be\/fr\/montant-de-future-pension-desormais-disponible-mypension-be\/#breadcrumb","itemListElement":[{"@type":"ListItem","position":1,"name":"Accueil","item":"https:\/\/peoplesphere.be\/fr\/"},{"@type":"ListItem","position":2,"name":"Le montant de votre future pension est d\u00e9sormais disponible sur mypension.be !"}]},{"@type":"WebSite","@id":"https:\/\/peoplesphere.be\/fr\/#website","url":"https:\/\/peoplesphere.be\/fr\/","name":"Peoplesphere","description":"The People Managers Magazine","publisher":{"@id":"https:\/\/peoplesphere.be\/fr\/#organization"},"potentialAction":[{"@type":"SearchAction","target":{"@type":"EntryPoint","urlTemplate":"https:\/\/peoplesphere.be\/fr\/?s={search_term_string}"},"query-input":"required name=search_term_string"}],"inLanguage":"fr-FR"},{"@type":"Organization","@id":"https:\/\/peoplesphere.be\/fr\/#organization","name":"Peoplesphere Company srl","url":"https:\/\/peoplesphere.be\/fr\/","logo":{"@type":"ImageObject","inLanguage":"fr-FR","@id":"https:\/\/peoplesphere.be\/fr\/#\/schema\/logo\/image\/","url":"https:\/\/peoplesphere.be\/fr\/wp-content\/uploads\/2023\/07\/peoplesphere-lgo-new-generik.jpg","contentUrl":"https:\/\/peoplesphere.be\/fr\/wp-content\/uploads\/2023\/07\/peoplesphere-lgo-new-generik.jpg","width":1031,"height":1479,"caption":"Peoplesphere Company srl"},"image":{"@id":"https:\/\/peoplesphere.be\/fr\/#\/schema\/logo\/image\/"},"sameAs":["https:\/\/www.facebook.com\/peoplesphere","https:\/\/twitter.com\/PeoplesphereMag","https:\/\/www.linkedin.com\/company\/7587361?trk","http:\/\/youtube.com\/peoplesphere"]},{"@type":"Person","@id":"https:\/\/peoplesphere.be\/fr\/#\/schema\/person\/7976225ff17988604334abb7b3536a7e","name":"Jean-Paul Erhard","image":{"@type":"ImageObject","inLanguage":"fr-FR","@id":"https:\/\/peoplesphere.be\/fr\/#\/schema\/person\/image\/","url":"https:\/\/secure.gravatar.com\/avatar\/f941e681460179738071629a51574930?s=96&d=mm&r=g","contentUrl":"https:\/\/secure.gravatar.com\/avatar\/f941e681460179738071629a51574930?s=96&d=mm&r=g","caption":"Jean-Paul Erhard"},"url":"https:\/\/peoplesphere.be\/fr\/author\/jpe\/"}]}},"_links":{"self":[{"href":"https:\/\/peoplesphere.be\/fr\/wp-json\/wp\/v2\/posts\/5191"}],"collection":[{"href":"https:\/\/peoplesphere.be\/fr\/wp-json\/wp\/v2\/posts"}],"about":[{"href":"https:\/\/peoplesphere.be\/fr\/wp-json\/wp\/v2\/types\/post"}],"author":[{"embeddable":true,"href":"https:\/\/peoplesphere.be\/fr\/wp-json\/wp\/v2\/users\/2"}],"replies":[{"embeddable":true,"href":"https:\/\/peoplesphere.be\/fr\/wp-json\/wp\/v2\/comments?post=5191"}],"version-history":[{"count":1,"href":"https:\/\/peoplesphere.be\/fr\/wp-json\/wp\/v2\/posts\/5191\/revisions"}],"predecessor-version":[{"id":5192,"href":"https:\/\/peoplesphere.be\/fr\/wp-json\/wp\/v2\/posts\/5191\/revisions\/5192"}],"wp:attachment":[{"href":"https:\/\/peoplesphere.be\/fr\/wp-json\/wp\/v2\/media?parent=5191"}],"wp:term":[{"taxonomy":"category","embeddable":true,"href":"https:\/\/peoplesphere.be\/fr\/wp-json\/wp\/v2\/categories?post=5191"},{"taxonomy":"post_tag","embeddable":true,"href":"https:\/\/peoplesphere.be\/fr\/wp-json\/wp\/v2\/tags?post=5191"}],"curies":[{"name":"wp","href":"https:\/\/api.w.org\/{rel}","templated":true}]}}