









{"id":5193,"date":"2017-11-21T14:31:41","date_gmt":"2017-11-21T12:31:41","guid":{"rendered":"http:\/\/www.peoplesphere.be\/fr\/?p=5193"},"modified":"2017-11-21T14:31:41","modified_gmt":"2017-11-21T12:31:41","slug":"experience-collaborateur-7-collaborateurs-8-decus-lecart-entre-limage-de-lemployeur-realite","status":"publish","type":"post","link":"https:\/\/peoplesphere.be\/fr\/experience-collaborateur-7-collaborateurs-8-decus-lecart-entre-limage-de-lemployeur-realite\/","title":{"rendered":"Exp\u00e9rience collaborateur : 7 collaborateurs sur 8 d\u00e9\u00e7us par l&rsquo;\u00e9cart entre l&rsquo;image de l&#8217;employeur et la r\u00e9alit\u00e9."},"content":{"rendered":"<p>En Belgique et aux Pays-Bas, seulement un salari\u00e9 sur huit (12%) estime que l&rsquo;image v\u00e9hicul\u00e9e par son employeur correspond \u00e0 ce qu\u2019il ressent sur son lieu de travail. Les pays du Benelux obtiennent ainsi des r\u00e9sultats bien en-de\u00e7\u00e0 de la moyenne internationale de 19%. Cet \u00e9cart entre perception et image peut porter gravement atteinte \u00e0 la r\u00e9putation d\u2019une entreprise, comme en t\u00e9moigne le r\u00e9cent rapport de Weber Shandwick intitul\u00e9 <em>&lsquo;Employer Brand Credibility Gap&rsquo;<\/em>.<!--more--><\/p>\n<p>1.902 salari\u00e9s \u00e0 temps plein, venus de 19 pays \u00e0 travers le monde, ont \u00e9t\u00e9 interrog\u00e9s pour \u00e9valuer si l\u2019image de leur employeur, \u00e0 l\u2019ext\u00e9rieur, correspondait \u00e0 leur r\u00e9alit\u00e9 au travail. La recherche montre que l&rsquo;\u00e9cart entre l&rsquo;image et la perception des employ\u00e9s est tr\u00e8s important. Seulement 1 salari\u00e9 sur 8 (12%) pense que la marque de l\u2019employeur correspond \u00e0 son v\u00e9cu au quotidien sur son lieu de travail.<\/p>\n<p>Le constat ne manque pas d&rsquo;interpeller \u00e0 l&rsquo;heure o\u00f9 <em>\u00ab\u00a0la bonne image d&rsquo;un employeur repose sur une histoire convaincante, authentique et identifiable. Celle-ci doit s\u2019articuler autour de l\u2019exp\u00e9rience r\u00e9elle que les employ\u00e9s ont en travaillant pour l\u2019entreprise, qu\u2019il s\u2019agisse de culture, leadership, formation, opportunit\u00e9s ou communication.\u00a0\u00bb<\/em><\/p>\n<p><em><strong>Au coeur du probl\u00e8me : l&rsquo;\u00e9quilibre entre le travail et la vie priv\u00e9e<\/strong><\/em><\/p>\n<p>C&rsquo;est en effet cette dimension qui a le plus d&rsquo;impact sur la perception des employ\u00e9s (39 %).\u00a0Il est frappant de constater que les employ\u00e9s trouvent que la bonne r\u00e9putation d\u2019une entreprise est l&rsquo;un des facteurs les plus importants dans leur recherche d\u2019emploi. <em>\u00ab\u00a0En cette \u00e8re de m\u00e9ga-transparence et de commentaires instantan\u00e9s en ligne, les employeurs doivent \u00eatre en mesure de justifier ce qu\u2019ils pr\u00e9tendent \u00eatre, la mani\u00e8re dont ils g\u00e8rent leurs employ\u00e9s, respectent leurs valeurs et leur fa\u00e7on de se d\u00e9marquer des autres. Les employ\u00e9s sont bien plus que des spectateurs lorsqu&rsquo;il s&rsquo;agit de r\u00e9putation. Ils cr\u00e9ent et d\u00e9truisent des marques, quotidiennement.\u00a0\u00bb<\/em><\/p>\n<p>Bien que la cr\u00e9dibilit\u00e9 de l&rsquo;image de marque de l&#8217;employeur n\u2019atteigne que 12 %, l&rsquo;\u00e9tude montre qu\u2019une grande marge de man\u0153uvre existe pour l\u2019am\u00e9liorer. Seul un petit groupe d&#8217;employ\u00e9s (7 %) souligne qu&rsquo;il n&rsquo;y a aucune similitude entre ce que l&#8217;employeur dit de lui-m\u00eame et ce qu&rsquo;il vit sur son lieu de travail. Cependant, la grande majorit\u00e9 (74 %) des employ\u00e9s per\u00e7oit plus ou moins de similarit\u00e9s entre l&rsquo;image et la perception.<\/p>\n<p><em>\u00ab\u00a0Les employeurs peuvent r\u00e9ussir \u00e0 combler cet \u00e9cart via un meilleur recrutement, un engagement plus fort, davantage de contrats \u00e0 long terme et une plus grande productivit\u00e9. Il leur suffit de d\u00e9finir une image dans laquelle l\u2019employ\u00e9 se reconnait, en laquelle il croit et dont il a envie de promouvoir les valeurs.\u00a0\u00bb<\/em>, conclut M\u00f3nica Vicente Cristina, Managing Director chez Weber Shandwick Bruxelles.<\/p>\n<p>Au Benelux, les employ\u00e9s ont relativement peu confiance dans la direction des entreprises. Seuls 7 % d&rsquo;entre eux d\u00e9clarent avoir confiance dans les dirigeants d\u2019entreprise (contre le double au niveau international, \u00e0 16 %). \u00c0 peine 6% trouvent que leur direction leur montre ouvertement de l&rsquo;appr\u00e9ciation quand le travail est bien fait (contre 17% \u00e0 l&rsquo;international). Les employeurs qui sont capables de combler le foss\u00e9 entre l&rsquo;image et la perception sont en bien meilleure position ; dans ces organisations, les employ\u00e9s ont six fois plus confiance en leur leadership (41 %) et plus de 2 employ\u00e9s sur 5 estiment qu\u2019ils ont \u00e9t\u00e9 publiquement f\u00e9licit\u00e9s pour leur travail.<\/p>\n<p>&nbsp;<\/p>\n<p><em>\u00c0 propos de l\u2019\u00e9tude<\/em><\/p>\n<p><em>L\u2019enqu\u00eate, The Employer Brand Credibility Gap: Bridging the Divide, a \u00e9t\u00e9 men\u00e9e par le cabinet de conseil KRC Research, \u00e0 la demande de Weber Shandwick, aupr\u00e8s de 1.902 personnes dans 19 pays dans le monde entier. Elle fait suite \u00e0 une \u00e9tude publi\u00e9e en 2014, Employees Rising: Seizing the Opportunity in Employee Activism, sur l\u2019\u00e9mergence d\u2019un nouveau mouvement social port\u00e9 par les m\u00e9dias num\u00e9riques et sociaux : celui des employ\u00e9s engag\u00e9s, militants et partisans.<\/em><\/p>\n<p><em>En partenariat avec KRC Research, Weber Shandwick a men\u00e9 une \u00e9tude en ligne du 18 juin au 1er ao\u00fbt 2017 aupr\u00e8s de 1.902 adultes, \u00e2g\u00e9s de 20 \u00e0 65 ans, qui travaillent au moins 30 heures par semaine dans une grande entreprise (500 employ\u00e9s ou plus aux \u00c9tats-Unis, et 250 employ\u00e9s ou plus dans les autres pays) et ce, dans 19 pays dans le monde.<\/em><\/p>\n<p><em>Les salari\u00e9s ont \u00e9t\u00e9 s\u00e9lectionn\u00e9s afin de repr\u00e9senter diff\u00e9rents entreprises, secteurs et fonctions. Les ind\u00e9pendants ne sont pas pris en compte.<\/em><\/p>\n","protected":false},"excerpt":{"rendered":"<p>En Belgique et aux Pays-Bas, seulement un salari\u00e9 sur huit (12%) estime que l&rsquo;image v\u00e9hicul\u00e9e par son employeur correspond \u00e0 ce qu\u2019il ressent sur son lieu de travail. Les pays du Benelux obtiennent ainsi des r\u00e9sultats bien en-de\u00e7\u00e0 de la [&hellip;]<\/p>\n","protected":false},"author":2,"featured_media":0,"comment_status":"closed","ping_status":"open","sticky":false,"template":"","format":"standard","meta":[],"categories":[65,10],"tags":[210,165,166,1636,189,72],"yoast_head":"<!-- This site is optimized with the Yoast SEO plugin v21.0 - https:\/\/yoast.com\/wordpress\/plugins\/seo\/ -->\n<title>Exp\u00e9rience collaborateur : 7 collaborateurs sur 8 d\u00e9\u00e7us par l&#039;\u00e9cart entre l&#039;image de l&#039;employeur et la r\u00e9alit\u00e9. - Peoplesphere<\/title>\n<meta name=\"robots\" content=\"index, follow, max-snippet:-1, max-image-preview:large, max-video-preview:-1\" \/>\n<link rel=\"canonical\" href=\"https:\/\/peoplesphere.be\/fr\/experience-collaborateur-7-collaborateurs-8-decus-lecart-entre-limage-de-lemployeur-realite\/\" \/>\n<meta property=\"og:locale\" content=\"fr_FR\" \/>\n<meta property=\"og:type\" content=\"article\" \/>\n<meta property=\"og:title\" content=\"Exp\u00e9rience collaborateur : 7 collaborateurs sur 8 d\u00e9\u00e7us par l&#039;\u00e9cart entre l&#039;image de l&#039;employeur et la r\u00e9alit\u00e9. - Peoplesphere\" \/>\n<meta property=\"og:description\" content=\"En Belgique et aux Pays-Bas, seulement un salari\u00e9 sur huit (12%) estime que l&rsquo;image v\u00e9hicul\u00e9e par son employeur correspond \u00e0 ce qu\u2019il ressent sur son lieu de travail. Les pays du Benelux obtiennent ainsi des r\u00e9sultats bien en-de\u00e7\u00e0 de la [&hellip;]\" \/>\n<meta property=\"og:url\" content=\"https:\/\/peoplesphere.be\/fr\/experience-collaborateur-7-collaborateurs-8-decus-lecart-entre-limage-de-lemployeur-realite\/\" \/>\n<meta property=\"og:site_name\" content=\"Peoplesphere\" \/>\n<meta property=\"article:publisher\" content=\"https:\/\/www.facebook.com\/peoplesphere\" \/>\n<meta property=\"article:published_time\" content=\"2017-11-21T12:31:41+00:00\" \/>\n<meta property=\"og:image\" content=\"http:\/\/www.peoplesphere.be\/fr\/wp-content\/uploads\/2016\/07\/facebook-default-posting-1200x628px.jpg\" \/>\n<meta name=\"author\" content=\"Jean-Paul Erhard\" \/>\n<meta name=\"twitter:card\" content=\"summary_large_image\" \/>\n<meta name=\"twitter:creator\" content=\"@PeoplesphereMag\" \/>\n<meta name=\"twitter:site\" content=\"@PeoplesphereMag\" \/>\n<meta name=\"twitter:label1\" content=\"\u00c9crit par\" \/>\n\t<meta name=\"twitter:data1\" content=\"Jean-Paul Erhard\" \/>\n\t<meta name=\"twitter:label2\" content=\"Dur\u00e9e de lecture estim\u00e9e\" \/>\n\t<meta name=\"twitter:data2\" content=\"4 minutes\" \/>\n<script type=\"application\/ld+json\" class=\"yoast-schema-graph\">{\"@context\":\"https:\/\/schema.org\",\"@graph\":[{\"@type\":\"Article\",\"@id\":\"https:\/\/peoplesphere.be\/fr\/experience-collaborateur-7-collaborateurs-8-decus-lecart-entre-limage-de-lemployeur-realite\/#article\",\"isPartOf\":{\"@id\":\"https:\/\/peoplesphere.be\/fr\/experience-collaborateur-7-collaborateurs-8-decus-lecart-entre-limage-de-lemployeur-realite\/\"},\"author\":{\"name\":\"Jean-Paul Erhard\",\"@id\":\"https:\/\/peoplesphere.be\/fr\/#\/schema\/person\/7976225ff17988604334abb7b3536a7e\"},\"headline\":\"Exp\u00e9rience collaborateur : 7 collaborateurs sur 8 d\u00e9\u00e7us par l&rsquo;\u00e9cart entre l&rsquo;image de l&#8217;employeur et la r\u00e9alit\u00e9.\",\"datePublished\":\"2017-11-21T12:31:41+00:00\",\"dateModified\":\"2017-11-21T12:31:41+00:00\",\"mainEntityOfPage\":{\"@id\":\"https:\/\/peoplesphere.be\/fr\/experience-collaborateur-7-collaborateurs-8-decus-lecart-entre-limage-de-lemployeur-realite\/\"},\"wordCount\":768,\"publisher\":{\"@id\":\"https:\/\/peoplesphere.be\/fr\/#organization\"},\"keywords\":[\"employer branding\",\"environnement de travail\",\"exp\u00e9rience collaborateur\",\"image de marque\",\"leadership\",\"recrutement\"],\"articleSection\":[\"Actualit\u00e9s\",\"Digital\"],\"inLanguage\":\"fr-FR\"},{\"@type\":\"WebPage\",\"@id\":\"https:\/\/peoplesphere.be\/fr\/experience-collaborateur-7-collaborateurs-8-decus-lecart-entre-limage-de-lemployeur-realite\/\",\"url\":\"https:\/\/peoplesphere.be\/fr\/experience-collaborateur-7-collaborateurs-8-decus-lecart-entre-limage-de-lemployeur-realite\/\",\"name\":\"Exp\u00e9rience collaborateur : 7 collaborateurs sur 8 d\u00e9\u00e7us par l'\u00e9cart entre l'image de l'employeur et la r\u00e9alit\u00e9. - Peoplesphere\",\"isPartOf\":{\"@id\":\"https:\/\/peoplesphere.be\/fr\/#website\"},\"datePublished\":\"2017-11-21T12:31:41+00:00\",\"dateModified\":\"2017-11-21T12:31:41+00:00\",\"breadcrumb\":{\"@id\":\"https:\/\/peoplesphere.be\/fr\/experience-collaborateur-7-collaborateurs-8-decus-lecart-entre-limage-de-lemployeur-realite\/#breadcrumb\"},\"inLanguage\":\"fr-FR\",\"potentialAction\":[{\"@type\":\"ReadAction\",\"target\":[\"https:\/\/peoplesphere.be\/fr\/experience-collaborateur-7-collaborateurs-8-decus-lecart-entre-limage-de-lemployeur-realite\/\"]}]},{\"@type\":\"BreadcrumbList\",\"@id\":\"https:\/\/peoplesphere.be\/fr\/experience-collaborateur-7-collaborateurs-8-decus-lecart-entre-limage-de-lemployeur-realite\/#breadcrumb\",\"itemListElement\":[{\"@type\":\"ListItem\",\"position\":1,\"name\":\"Accueil\",\"item\":\"https:\/\/peoplesphere.be\/fr\/\"},{\"@type\":\"ListItem\",\"position\":2,\"name\":\"Exp\u00e9rience collaborateur : 7 collaborateurs sur 8 d\u00e9\u00e7us par l&rsquo;\u00e9cart entre l&rsquo;image de l&#8217;employeur et la r\u00e9alit\u00e9.\"}]},{\"@type\":\"WebSite\",\"@id\":\"https:\/\/peoplesphere.be\/fr\/#website\",\"url\":\"https:\/\/peoplesphere.be\/fr\/\",\"name\":\"Peoplesphere\",\"description\":\"The People Managers Magazine\",\"publisher\":{\"@id\":\"https:\/\/peoplesphere.be\/fr\/#organization\"},\"potentialAction\":[{\"@type\":\"SearchAction\",\"target\":{\"@type\":\"EntryPoint\",\"urlTemplate\":\"https:\/\/peoplesphere.be\/fr\/?s={search_term_string}\"},\"query-input\":\"required name=search_term_string\"}],\"inLanguage\":\"fr-FR\"},{\"@type\":\"Organization\",\"@id\":\"https:\/\/peoplesphere.be\/fr\/#organization\",\"name\":\"Peoplesphere Company srl\",\"url\":\"https:\/\/peoplesphere.be\/fr\/\",\"logo\":{\"@type\":\"ImageObject\",\"inLanguage\":\"fr-FR\",\"@id\":\"https:\/\/peoplesphere.be\/fr\/#\/schema\/logo\/image\/\",\"url\":\"https:\/\/peoplesphere.be\/fr\/wp-content\/uploads\/2023\/07\/peoplesphere-lgo-new-generik.jpg\",\"contentUrl\":\"https:\/\/peoplesphere.be\/fr\/wp-content\/uploads\/2023\/07\/peoplesphere-lgo-new-generik.jpg\",\"width\":1031,\"height\":1479,\"caption\":\"Peoplesphere Company srl\"},\"image\":{\"@id\":\"https:\/\/peoplesphere.be\/fr\/#\/schema\/logo\/image\/\"},\"sameAs\":[\"https:\/\/www.facebook.com\/peoplesphere\",\"https:\/\/twitter.com\/PeoplesphereMag\",\"https:\/\/www.linkedin.com\/company\/7587361?trk\",\"http:\/\/youtube.com\/peoplesphere\"]},{\"@type\":\"Person\",\"@id\":\"https:\/\/peoplesphere.be\/fr\/#\/schema\/person\/7976225ff17988604334abb7b3536a7e\",\"name\":\"Jean-Paul Erhard\",\"image\":{\"@type\":\"ImageObject\",\"inLanguage\":\"fr-FR\",\"@id\":\"https:\/\/peoplesphere.be\/fr\/#\/schema\/person\/image\/\",\"url\":\"https:\/\/secure.gravatar.com\/avatar\/f941e681460179738071629a51574930?s=96&d=mm&r=g\",\"contentUrl\":\"https:\/\/secure.gravatar.com\/avatar\/f941e681460179738071629a51574930?s=96&d=mm&r=g\",\"caption\":\"Jean-Paul Erhard\"},\"url\":\"https:\/\/peoplesphere.be\/fr\/author\/jpe\/\"}]}<\/script>\n<!-- \/ Yoast SEO plugin. -->","yoast_head_json":{"title":"Exp\u00e9rience collaborateur : 7 collaborateurs sur 8 d\u00e9\u00e7us par l'\u00e9cart entre l'image de l'employeur et la r\u00e9alit\u00e9. - Peoplesphere","robots":{"index":"index","follow":"follow","max-snippet":"max-snippet:-1","max-image-preview":"max-image-preview:large","max-video-preview":"max-video-preview:-1"},"canonical":"https:\/\/peoplesphere.be\/fr\/experience-collaborateur-7-collaborateurs-8-decus-lecart-entre-limage-de-lemployeur-realite\/","og_locale":"fr_FR","og_type":"article","og_title":"Exp\u00e9rience collaborateur : 7 collaborateurs sur 8 d\u00e9\u00e7us par l'\u00e9cart entre l'image de l'employeur et la r\u00e9alit\u00e9. - Peoplesphere","og_description":"En Belgique et aux Pays-Bas, seulement un salari\u00e9 sur huit (12%) estime que l&rsquo;image v\u00e9hicul\u00e9e par son employeur correspond \u00e0 ce qu\u2019il ressent sur son lieu de travail. Les pays du Benelux obtiennent ainsi des r\u00e9sultats bien en-de\u00e7\u00e0 de la [&hellip;]","og_url":"https:\/\/peoplesphere.be\/fr\/experience-collaborateur-7-collaborateurs-8-decus-lecart-entre-limage-de-lemployeur-realite\/","og_site_name":"Peoplesphere","article_publisher":"https:\/\/www.facebook.com\/peoplesphere","article_published_time":"2017-11-21T12:31:41+00:00","og_image":[{"url":"http:\/\/www.peoplesphere.be\/fr\/wp-content\/uploads\/2016\/07\/facebook-default-posting-1200x628px.jpg"}],"author":"Jean-Paul Erhard","twitter_card":"summary_large_image","twitter_creator":"@PeoplesphereMag","twitter_site":"@PeoplesphereMag","twitter_misc":{"\u00c9crit par":"Jean-Paul Erhard","Dur\u00e9e de lecture estim\u00e9e":"4 minutes"},"schema":{"@context":"https:\/\/schema.org","@graph":[{"@type":"Article","@id":"https:\/\/peoplesphere.be\/fr\/experience-collaborateur-7-collaborateurs-8-decus-lecart-entre-limage-de-lemployeur-realite\/#article","isPartOf":{"@id":"https:\/\/peoplesphere.be\/fr\/experience-collaborateur-7-collaborateurs-8-decus-lecart-entre-limage-de-lemployeur-realite\/"},"author":{"name":"Jean-Paul Erhard","@id":"https:\/\/peoplesphere.be\/fr\/#\/schema\/person\/7976225ff17988604334abb7b3536a7e"},"headline":"Exp\u00e9rience collaborateur : 7 collaborateurs sur 8 d\u00e9\u00e7us par l&rsquo;\u00e9cart entre l&rsquo;image de l&#8217;employeur et la r\u00e9alit\u00e9.","datePublished":"2017-11-21T12:31:41+00:00","dateModified":"2017-11-21T12:31:41+00:00","mainEntityOfPage":{"@id":"https:\/\/peoplesphere.be\/fr\/experience-collaborateur-7-collaborateurs-8-decus-lecart-entre-limage-de-lemployeur-realite\/"},"wordCount":768,"publisher":{"@id":"https:\/\/peoplesphere.be\/fr\/#organization"},"keywords":["employer branding","environnement de travail","exp\u00e9rience collaborateur","image de marque","leadership","recrutement"],"articleSection":["Actualit\u00e9s","Digital"],"inLanguage":"fr-FR"},{"@type":"WebPage","@id":"https:\/\/peoplesphere.be\/fr\/experience-collaborateur-7-collaborateurs-8-decus-lecart-entre-limage-de-lemployeur-realite\/","url":"https:\/\/peoplesphere.be\/fr\/experience-collaborateur-7-collaborateurs-8-decus-lecart-entre-limage-de-lemployeur-realite\/","name":"Exp\u00e9rience collaborateur : 7 collaborateurs sur 8 d\u00e9\u00e7us par l'\u00e9cart entre l'image de l'employeur et la r\u00e9alit\u00e9. - Peoplesphere","isPartOf":{"@id":"https:\/\/peoplesphere.be\/fr\/#website"},"datePublished":"2017-11-21T12:31:41+00:00","dateModified":"2017-11-21T12:31:41+00:00","breadcrumb":{"@id":"https:\/\/peoplesphere.be\/fr\/experience-collaborateur-7-collaborateurs-8-decus-lecart-entre-limage-de-lemployeur-realite\/#breadcrumb"},"inLanguage":"fr-FR","potentialAction":[{"@type":"ReadAction","target":["https:\/\/peoplesphere.be\/fr\/experience-collaborateur-7-collaborateurs-8-decus-lecart-entre-limage-de-lemployeur-realite\/"]}]},{"@type":"BreadcrumbList","@id":"https:\/\/peoplesphere.be\/fr\/experience-collaborateur-7-collaborateurs-8-decus-lecart-entre-limage-de-lemployeur-realite\/#breadcrumb","itemListElement":[{"@type":"ListItem","position":1,"name":"Accueil","item":"https:\/\/peoplesphere.be\/fr\/"},{"@type":"ListItem","position":2,"name":"Exp\u00e9rience collaborateur : 7 collaborateurs sur 8 d\u00e9\u00e7us par l&rsquo;\u00e9cart entre l&rsquo;image de l&#8217;employeur et la r\u00e9alit\u00e9."}]},{"@type":"WebSite","@id":"https:\/\/peoplesphere.be\/fr\/#website","url":"https:\/\/peoplesphere.be\/fr\/","name":"Peoplesphere","description":"The People Managers Magazine","publisher":{"@id":"https:\/\/peoplesphere.be\/fr\/#organization"},"potentialAction":[{"@type":"SearchAction","target":{"@type":"EntryPoint","urlTemplate":"https:\/\/peoplesphere.be\/fr\/?s={search_term_string}"},"query-input":"required name=search_term_string"}],"inLanguage":"fr-FR"},{"@type":"Organization","@id":"https:\/\/peoplesphere.be\/fr\/#organization","name":"Peoplesphere Company srl","url":"https:\/\/peoplesphere.be\/fr\/","logo":{"@type":"ImageObject","inLanguage":"fr-FR","@id":"https:\/\/peoplesphere.be\/fr\/#\/schema\/logo\/image\/","url":"https:\/\/peoplesphere.be\/fr\/wp-content\/uploads\/2023\/07\/peoplesphere-lgo-new-generik.jpg","contentUrl":"https:\/\/peoplesphere.be\/fr\/wp-content\/uploads\/2023\/07\/peoplesphere-lgo-new-generik.jpg","width":1031,"height":1479,"caption":"Peoplesphere Company srl"},"image":{"@id":"https:\/\/peoplesphere.be\/fr\/#\/schema\/logo\/image\/"},"sameAs":["https:\/\/www.facebook.com\/peoplesphere","https:\/\/twitter.com\/PeoplesphereMag","https:\/\/www.linkedin.com\/company\/7587361?trk","http:\/\/youtube.com\/peoplesphere"]},{"@type":"Person","@id":"https:\/\/peoplesphere.be\/fr\/#\/schema\/person\/7976225ff17988604334abb7b3536a7e","name":"Jean-Paul Erhard","image":{"@type":"ImageObject","inLanguage":"fr-FR","@id":"https:\/\/peoplesphere.be\/fr\/#\/schema\/person\/image\/","url":"https:\/\/secure.gravatar.com\/avatar\/f941e681460179738071629a51574930?s=96&d=mm&r=g","contentUrl":"https:\/\/secure.gravatar.com\/avatar\/f941e681460179738071629a51574930?s=96&d=mm&r=g","caption":"Jean-Paul Erhard"},"url":"https:\/\/peoplesphere.be\/fr\/author\/jpe\/"}]}},"_links":{"self":[{"href":"https:\/\/peoplesphere.be\/fr\/wp-json\/wp\/v2\/posts\/5193"}],"collection":[{"href":"https:\/\/peoplesphere.be\/fr\/wp-json\/wp\/v2\/posts"}],"about":[{"href":"https:\/\/peoplesphere.be\/fr\/wp-json\/wp\/v2\/types\/post"}],"author":[{"embeddable":true,"href":"https:\/\/peoplesphere.be\/fr\/wp-json\/wp\/v2\/users\/2"}],"replies":[{"embeddable":true,"href":"https:\/\/peoplesphere.be\/fr\/wp-json\/wp\/v2\/comments?post=5193"}],"version-history":[{"count":1,"href":"https:\/\/peoplesphere.be\/fr\/wp-json\/wp\/v2\/posts\/5193\/revisions"}],"predecessor-version":[{"id":5194,"href":"https:\/\/peoplesphere.be\/fr\/wp-json\/wp\/v2\/posts\/5193\/revisions\/5194"}],"wp:attachment":[{"href":"https:\/\/peoplesphere.be\/fr\/wp-json\/wp\/v2\/media?parent=5193"}],"wp:term":[{"taxonomy":"category","embeddable":true,"href":"https:\/\/peoplesphere.be\/fr\/wp-json\/wp\/v2\/categories?post=5193"},{"taxonomy":"post_tag","embeddable":true,"href":"https:\/\/peoplesphere.be\/fr\/wp-json\/wp\/v2\/tags?post=5193"}],"curies":[{"name":"wp","href":"https:\/\/api.w.org\/{rel}","templated":true}]}}