









{"id":5211,"date":"2017-11-24T17:00:01","date_gmt":"2017-11-24T15:00:01","guid":{"rendered":"http:\/\/www.peoplesphere.be\/fr\/?p=5211"},"modified":"2017-11-24T17:00:01","modified_gmt":"2017-11-24T15:00:01","slug":"secteur-technologique-wallon-va-proposer-4-000-emplois-a-pourvoir-2018","status":"publish","type":"post","link":"https:\/\/peoplesphere.be\/fr\/secteur-technologique-wallon-va-proposer-4-000-emplois-a-pourvoir-2018\/","title":{"rendered":"Le secteur technologique wallon va proposer 4.000 emplois \u00e0 pourvoir en 2018."},"content":{"rendered":"<p>L\u2019industrie technologique wallonne affiche en 2017 une croissance de 2.2%. L\u2019emploi quant \u00e0 lui conna\u00eetra en 2018 une hausse de 1,2%, pour la premi\u00e8re fois depuis 2012, selon les pr\u00e9visions d\u2019Agoria qui pr\u00e9cise que \u00ab\u00a0l\u2019industrie technologique wallonne b\u00e9n\u00e9ficie elle aussi du bon climat \u00e9conomique global. Il faut maintenant tout faire pour maintenir cette croissance retrouv\u00e9e et pour qu\u2019elle profite encore plus \u00e0 l\u2019emploi en Wallonie.\u00a0\u00bb<!--more--><\/p>\n<p>La f\u00e9d\u00e9ration de l&rsquo;industrie technologique se r\u00e9jouit de la bonne forme affich\u00e9e par la plupart de ses membres apr\u00e8s une ann\u00e9e marqu\u00e9e par\u00a0la fermeture de Caterpillar. <em>\u00ab\u00a0Les effets de cette catastrophe sociale et \u00e9conomique n\u2019ont pas encore \u00e9t\u00e9 absorb\u00e9s et se feront encore sentir au premier semestre 2018. Pourtant, en Wallonie, le chiffre d\u2019affaires de l\u2019industrie technologique a augment\u00e9 de 2.2% en 2017 (3% au niveau de la Belgique) et Agoria pr\u00e9voit une nouvelle croissance de 2% pour 2018. On le voit, le retour de la croissance observ\u00e9 dans les secteurs technologiques concerne toutes les r\u00e9gions du pays.\u00a0\u00bb<\/em><\/p>\n<p><strong><em>L\u2019emploi repart aussi \u00e0 la hausse en 2018.<\/em><\/strong><\/p>\n<p>En l\u00e9g\u00e8re hausse en 2016, l\u2019emploi dans l\u2019industrie technologique wallonne a perdu 2.400 emplois en 2017, l\u00e0 aussi le contrecoup de la fermeture de Caterpillar et l\u2019impact sur ses sous-traitants. Mais le retour de la croissance va-t-elle \u00e0 pr\u00e9sent se traduire en emplois ? <em>\u00ab\u00a0Agoria pr\u00e9voit au moins 4.000 jobs vacants en 2018 en Wallonie. L\u2019emploi sectoriel se consolidera avec une cr\u00e9ation nette de 700 nouveaux postes, soit +1,2%,\u00a0\u00bb<\/em> affirme Thierry Castagne. <em>\u00ab\u00a0Ce chiffre est plut\u00f4t encourageant puisqu\u2019il constitue la premi\u00e8re augmentation de l\u2019emploi dans nos secteurs technologiques depuis 2012, et ce malgr\u00e9 les pertes d\u2019emplois directs et indirects majeures dues \u00e0 Caterpillar ainsi qu\u2019\u00e0 d\u2019autres fermetures et restructurations dans d\u2019autres secteurs comme par exemple, la sid\u00e9rurgie ou le verre.\u00a0\u00bb<\/em>\u00a0En compensation de certains sous-secteurs qui souffrent, d\u2019autres continuent \u00e0 afficher une croissance soutenue dans le temps, comme l\u2019automobile et transports (a\u00e9ronautique), le num\u00e9rique (IT-solutions), les produits m\u00e9talliques et la premi\u00e8re transformation.<\/p>\n<p>Via des programmes comme les p\u00f4les de comp\u00e9titivit\u00e9, Factories of the Future ou Digital Wallonia, la politique \u00e9conomique wallonne centr\u00e9e sur l\u2019industrie et le num\u00e9rique porte ses fruits. <em>\u00ab\u00a0Il faut \u00e0 tout prix maintenir et acc\u00e9l\u00e9rer cette politique volontariste, associant activement les entreprises. Cette exigence d\u2019aller plus vite et plus fort conduit Agoria \u00e0 soutenir aussi les plans d\u2019investissements annonc\u00e9s &#8211; tant au niveau f\u00e9d\u00e9ral que r\u00e9gional &#8211; ax\u00e9s sur les domaines clefs que sont le num\u00e9rique, l\u2019\u00e9nergie la mobilit\u00e9, l\u2019innovation.\u00a0\u00bb<\/em><\/p>\n<p><strong><em>En finir avec les p\u00e9nuries de main d\u2019\u0153uvre !<\/em><\/strong><\/p>\n<p>Enfin, les entreprises technologiques sont particuli\u00e8rement confront\u00e9es aux difficult\u00e9s de recrutement, 1\/3 des m\u00e9tiers consid\u00e9r\u00e9s en p\u00e9nurie par le FOREM relevant de ses secteurs. Cette situation freine le d\u00e9veloppement des entreprises.<\/p>\n<p>Refrain connu. La f\u00e9d\u00e9ration insiste sur les efforts \u00e0 mener en mati\u00e8re d&rsquo;activation et d&rsquo;enseignement.<em> \u00ab\u00a0\u00c0 court terme, il est capital de renforcer l\u2019activation des demandeurs d\u2019emploi et l\u2019orientation des jeunes vers les fili\u00e8res d\u2019\u00e9tudes et de formation porteuses d\u2019emplois, notamment au moyen d\u2019incitants, comme le pr\u00e9voit du reste le programme du gouvernement wallon.\u00a0\u00c0 moyen et long terme, il faut viser une meilleure ad\u00e9quation entre l\u2019enseignement et l\u2019emploi. Et ne pas tarder dans la mise en \u0153uvre du pacte pour un enseignement d\u2019excellence ainsi que dans la prise en compte des 18 mesures propos\u00e9es par le coll\u00e8ge des experts de l\u2019ARES visant la r\u00e9forme de l\u2019enseignement sup\u00e9rieur \u00e0 l\u2019horizon 2030.\u00a0\u00bb<\/em><\/p>\n<p><em>Source : Agoria<\/em><\/p>\n","protected":false},"excerpt":{"rendered":"<p>L\u2019industrie technologique wallonne affiche en 2017 une croissance de 2.2%. L\u2019emploi quant \u00e0 lui conna\u00eetra en 2018 une hausse de 1,2%, pour la premi\u00e8re fois depuis 2012, selon les pr\u00e9visions d\u2019Agoria qui pr\u00e9cise que \u00ab\u00a0l\u2019industrie technologique wallonne b\u00e9n\u00e9ficie elle aussi [&hellip;]<\/p>\n","protected":false},"author":2,"featured_media":0,"comment_status":"closed","ping_status":"open","sticky":false,"template":"","format":"standard","meta":[],"categories":[65,10],"tags":[318,11,72,487,1642],"yoast_head":"<!-- This site is optimized with the Yoast SEO plugin v21.0 - https:\/\/yoast.com\/wordpress\/plugins\/seo\/ -->\n<title>Le secteur technologique wallon va proposer 4.000 emplois \u00e0 pourvoir en 2018. - Peoplesphere<\/title>\n<meta name=\"robots\" content=\"index, follow, max-snippet:-1, max-image-preview:large, max-video-preview:-1\" \/>\n<link rel=\"canonical\" href=\"https:\/\/peoplesphere.be\/fr\/secteur-technologique-wallon-va-proposer-4-000-emplois-a-pourvoir-2018\/\" \/>\n<meta property=\"og:locale\" content=\"fr_FR\" \/>\n<meta property=\"og:type\" content=\"article\" \/>\n<meta property=\"og:title\" content=\"Le secteur technologique wallon va proposer 4.000 emplois \u00e0 pourvoir en 2018. - Peoplesphere\" \/>\n<meta property=\"og:description\" content=\"L\u2019industrie technologique wallonne affiche en 2017 une croissance de 2.2%. L\u2019emploi quant \u00e0 lui conna\u00eetra en 2018 une hausse de 1,2%, pour la premi\u00e8re fois depuis 2012, selon les pr\u00e9visions d\u2019Agoria qui pr\u00e9cise que \u00ab\u00a0l\u2019industrie technologique wallonne b\u00e9n\u00e9ficie elle aussi [&hellip;]\" \/>\n<meta property=\"og:url\" content=\"https:\/\/peoplesphere.be\/fr\/secteur-technologique-wallon-va-proposer-4-000-emplois-a-pourvoir-2018\/\" \/>\n<meta property=\"og:site_name\" content=\"Peoplesphere\" \/>\n<meta property=\"article:publisher\" content=\"https:\/\/www.facebook.com\/peoplesphere\" \/>\n<meta property=\"article:published_time\" content=\"2017-11-24T15:00:01+00:00\" \/>\n<meta property=\"og:image\" content=\"http:\/\/www.peoplesphere.be\/fr\/wp-content\/uploads\/2016\/07\/facebook-default-posting-1200x628px.jpg\" \/>\n<meta name=\"author\" content=\"Jean-Paul Erhard\" \/>\n<meta name=\"twitter:card\" content=\"summary_large_image\" \/>\n<meta name=\"twitter:creator\" content=\"@PeoplesphereMag\" \/>\n<meta name=\"twitter:site\" content=\"@PeoplesphereMag\" \/>\n<meta name=\"twitter:label1\" content=\"\u00c9crit par\" \/>\n\t<meta name=\"twitter:data1\" content=\"Jean-Paul Erhard\" \/>\n\t<meta name=\"twitter:label2\" content=\"Dur\u00e9e de lecture estim\u00e9e\" \/>\n\t<meta name=\"twitter:data2\" content=\"3 minutes\" \/>\n<script type=\"application\/ld+json\" class=\"yoast-schema-graph\">{\"@context\":\"https:\/\/schema.org\",\"@graph\":[{\"@type\":\"Article\",\"@id\":\"https:\/\/peoplesphere.be\/fr\/secteur-technologique-wallon-va-proposer-4-000-emplois-a-pourvoir-2018\/#article\",\"isPartOf\":{\"@id\":\"https:\/\/peoplesphere.be\/fr\/secteur-technologique-wallon-va-proposer-4-000-emplois-a-pourvoir-2018\/\"},\"author\":{\"name\":\"Jean-Paul Erhard\",\"@id\":\"https:\/\/peoplesphere.be\/fr\/#\/schema\/person\/7976225ff17988604334abb7b3536a7e\"},\"headline\":\"Le secteur technologique wallon va proposer 4.000 emplois \u00e0 pourvoir en 2018.\",\"datePublished\":\"2017-11-24T15:00:01+00:00\",\"dateModified\":\"2017-11-24T15:00:01+00:00\",\"mainEntityOfPage\":{\"@id\":\"https:\/\/peoplesphere.be\/fr\/secteur-technologique-wallon-va-proposer-4-000-emplois-a-pourvoir-2018\/\"},\"wordCount\":629,\"publisher\":{\"@id\":\"https:\/\/peoplesphere.be\/fr\/#organization\"},\"keywords\":[\"agoria\",\"emploi\",\"recrutement\",\"reprise \u00e9conomique\",\"secteur technologique\"],\"articleSection\":[\"Actualit\u00e9s\",\"Digital\"],\"inLanguage\":\"fr-FR\"},{\"@type\":\"WebPage\",\"@id\":\"https:\/\/peoplesphere.be\/fr\/secteur-technologique-wallon-va-proposer-4-000-emplois-a-pourvoir-2018\/\",\"url\":\"https:\/\/peoplesphere.be\/fr\/secteur-technologique-wallon-va-proposer-4-000-emplois-a-pourvoir-2018\/\",\"name\":\"Le secteur technologique wallon va proposer 4.000 emplois \u00e0 pourvoir en 2018. - Peoplesphere\",\"isPartOf\":{\"@id\":\"https:\/\/peoplesphere.be\/fr\/#website\"},\"datePublished\":\"2017-11-24T15:00:01+00:00\",\"dateModified\":\"2017-11-24T15:00:01+00:00\",\"breadcrumb\":{\"@id\":\"https:\/\/peoplesphere.be\/fr\/secteur-technologique-wallon-va-proposer-4-000-emplois-a-pourvoir-2018\/#breadcrumb\"},\"inLanguage\":\"fr-FR\",\"potentialAction\":[{\"@type\":\"ReadAction\",\"target\":[\"https:\/\/peoplesphere.be\/fr\/secteur-technologique-wallon-va-proposer-4-000-emplois-a-pourvoir-2018\/\"]}]},{\"@type\":\"BreadcrumbList\",\"@id\":\"https:\/\/peoplesphere.be\/fr\/secteur-technologique-wallon-va-proposer-4-000-emplois-a-pourvoir-2018\/#breadcrumb\",\"itemListElement\":[{\"@type\":\"ListItem\",\"position\":1,\"name\":\"Accueil\",\"item\":\"https:\/\/peoplesphere.be\/fr\/\"},{\"@type\":\"ListItem\",\"position\":2,\"name\":\"Le secteur technologique wallon va proposer 4.000 emplois \u00e0 pourvoir en 2018.\"}]},{\"@type\":\"WebSite\",\"@id\":\"https:\/\/peoplesphere.be\/fr\/#website\",\"url\":\"https:\/\/peoplesphere.be\/fr\/\",\"name\":\"Peoplesphere\",\"description\":\"The People Managers Magazine\",\"publisher\":{\"@id\":\"https:\/\/peoplesphere.be\/fr\/#organization\"},\"potentialAction\":[{\"@type\":\"SearchAction\",\"target\":{\"@type\":\"EntryPoint\",\"urlTemplate\":\"https:\/\/peoplesphere.be\/fr\/?s={search_term_string}\"},\"query-input\":\"required name=search_term_string\"}],\"inLanguage\":\"fr-FR\"},{\"@type\":\"Organization\",\"@id\":\"https:\/\/peoplesphere.be\/fr\/#organization\",\"name\":\"Peoplesphere Company srl\",\"url\":\"https:\/\/peoplesphere.be\/fr\/\",\"logo\":{\"@type\":\"ImageObject\",\"inLanguage\":\"fr-FR\",\"@id\":\"https:\/\/peoplesphere.be\/fr\/#\/schema\/logo\/image\/\",\"url\":\"https:\/\/peoplesphere.be\/fr\/wp-content\/uploads\/2023\/07\/peoplesphere-lgo-new-generik.jpg\",\"contentUrl\":\"https:\/\/peoplesphere.be\/fr\/wp-content\/uploads\/2023\/07\/peoplesphere-lgo-new-generik.jpg\",\"width\":1031,\"height\":1479,\"caption\":\"Peoplesphere Company srl\"},\"image\":{\"@id\":\"https:\/\/peoplesphere.be\/fr\/#\/schema\/logo\/image\/\"},\"sameAs\":[\"https:\/\/www.facebook.com\/peoplesphere\",\"https:\/\/twitter.com\/PeoplesphereMag\",\"https:\/\/www.linkedin.com\/company\/7587361?trk\",\"http:\/\/youtube.com\/peoplesphere\"]},{\"@type\":\"Person\",\"@id\":\"https:\/\/peoplesphere.be\/fr\/#\/schema\/person\/7976225ff17988604334abb7b3536a7e\",\"name\":\"Jean-Paul Erhard\",\"image\":{\"@type\":\"ImageObject\",\"inLanguage\":\"fr-FR\",\"@id\":\"https:\/\/peoplesphere.be\/fr\/#\/schema\/person\/image\/\",\"url\":\"https:\/\/secure.gravatar.com\/avatar\/f941e681460179738071629a51574930?s=96&d=mm&r=g\",\"contentUrl\":\"https:\/\/secure.gravatar.com\/avatar\/f941e681460179738071629a51574930?s=96&d=mm&r=g\",\"caption\":\"Jean-Paul Erhard\"},\"url\":\"https:\/\/peoplesphere.be\/fr\/author\/jpe\/\"}]}<\/script>\n<!-- \/ Yoast SEO plugin. -->","yoast_head_json":{"title":"Le secteur technologique wallon va proposer 4.000 emplois \u00e0 pourvoir en 2018. - Peoplesphere","robots":{"index":"index","follow":"follow","max-snippet":"max-snippet:-1","max-image-preview":"max-image-preview:large","max-video-preview":"max-video-preview:-1"},"canonical":"https:\/\/peoplesphere.be\/fr\/secteur-technologique-wallon-va-proposer-4-000-emplois-a-pourvoir-2018\/","og_locale":"fr_FR","og_type":"article","og_title":"Le secteur technologique wallon va proposer 4.000 emplois \u00e0 pourvoir en 2018. - Peoplesphere","og_description":"L\u2019industrie technologique wallonne affiche en 2017 une croissance de 2.2%. L\u2019emploi quant \u00e0 lui conna\u00eetra en 2018 une hausse de 1,2%, pour la premi\u00e8re fois depuis 2012, selon les pr\u00e9visions d\u2019Agoria qui pr\u00e9cise que \u00ab\u00a0l\u2019industrie technologique wallonne b\u00e9n\u00e9ficie elle aussi [&hellip;]","og_url":"https:\/\/peoplesphere.be\/fr\/secteur-technologique-wallon-va-proposer-4-000-emplois-a-pourvoir-2018\/","og_site_name":"Peoplesphere","article_publisher":"https:\/\/www.facebook.com\/peoplesphere","article_published_time":"2017-11-24T15:00:01+00:00","og_image":[{"url":"http:\/\/www.peoplesphere.be\/fr\/wp-content\/uploads\/2016\/07\/facebook-default-posting-1200x628px.jpg"}],"author":"Jean-Paul Erhard","twitter_card":"summary_large_image","twitter_creator":"@PeoplesphereMag","twitter_site":"@PeoplesphereMag","twitter_misc":{"\u00c9crit par":"Jean-Paul Erhard","Dur\u00e9e de lecture estim\u00e9e":"3 minutes"},"schema":{"@context":"https:\/\/schema.org","@graph":[{"@type":"Article","@id":"https:\/\/peoplesphere.be\/fr\/secteur-technologique-wallon-va-proposer-4-000-emplois-a-pourvoir-2018\/#article","isPartOf":{"@id":"https:\/\/peoplesphere.be\/fr\/secteur-technologique-wallon-va-proposer-4-000-emplois-a-pourvoir-2018\/"},"author":{"name":"Jean-Paul Erhard","@id":"https:\/\/peoplesphere.be\/fr\/#\/schema\/person\/7976225ff17988604334abb7b3536a7e"},"headline":"Le secteur technologique wallon va proposer 4.000 emplois \u00e0 pourvoir en 2018.","datePublished":"2017-11-24T15:00:01+00:00","dateModified":"2017-11-24T15:00:01+00:00","mainEntityOfPage":{"@id":"https:\/\/peoplesphere.be\/fr\/secteur-technologique-wallon-va-proposer-4-000-emplois-a-pourvoir-2018\/"},"wordCount":629,"publisher":{"@id":"https:\/\/peoplesphere.be\/fr\/#organization"},"keywords":["agoria","emploi","recrutement","reprise \u00e9conomique","secteur technologique"],"articleSection":["Actualit\u00e9s","Digital"],"inLanguage":"fr-FR"},{"@type":"WebPage","@id":"https:\/\/peoplesphere.be\/fr\/secteur-technologique-wallon-va-proposer-4-000-emplois-a-pourvoir-2018\/","url":"https:\/\/peoplesphere.be\/fr\/secteur-technologique-wallon-va-proposer-4-000-emplois-a-pourvoir-2018\/","name":"Le secteur technologique wallon va proposer 4.000 emplois \u00e0 pourvoir en 2018. - Peoplesphere","isPartOf":{"@id":"https:\/\/peoplesphere.be\/fr\/#website"},"datePublished":"2017-11-24T15:00:01+00:00","dateModified":"2017-11-24T15:00:01+00:00","breadcrumb":{"@id":"https:\/\/peoplesphere.be\/fr\/secteur-technologique-wallon-va-proposer-4-000-emplois-a-pourvoir-2018\/#breadcrumb"},"inLanguage":"fr-FR","potentialAction":[{"@type":"ReadAction","target":["https:\/\/peoplesphere.be\/fr\/secteur-technologique-wallon-va-proposer-4-000-emplois-a-pourvoir-2018\/"]}]},{"@type":"BreadcrumbList","@id":"https:\/\/peoplesphere.be\/fr\/secteur-technologique-wallon-va-proposer-4-000-emplois-a-pourvoir-2018\/#breadcrumb","itemListElement":[{"@type":"ListItem","position":1,"name":"Accueil","item":"https:\/\/peoplesphere.be\/fr\/"},{"@type":"ListItem","position":2,"name":"Le secteur technologique wallon va proposer 4.000 emplois \u00e0 pourvoir en 2018."}]},{"@type":"WebSite","@id":"https:\/\/peoplesphere.be\/fr\/#website","url":"https:\/\/peoplesphere.be\/fr\/","name":"Peoplesphere","description":"The People Managers Magazine","publisher":{"@id":"https:\/\/peoplesphere.be\/fr\/#organization"},"potentialAction":[{"@type":"SearchAction","target":{"@type":"EntryPoint","urlTemplate":"https:\/\/peoplesphere.be\/fr\/?s={search_term_string}"},"query-input":"required name=search_term_string"}],"inLanguage":"fr-FR"},{"@type":"Organization","@id":"https:\/\/peoplesphere.be\/fr\/#organization","name":"Peoplesphere Company srl","url":"https:\/\/peoplesphere.be\/fr\/","logo":{"@type":"ImageObject","inLanguage":"fr-FR","@id":"https:\/\/peoplesphere.be\/fr\/#\/schema\/logo\/image\/","url":"https:\/\/peoplesphere.be\/fr\/wp-content\/uploads\/2023\/07\/peoplesphere-lgo-new-generik.jpg","contentUrl":"https:\/\/peoplesphere.be\/fr\/wp-content\/uploads\/2023\/07\/peoplesphere-lgo-new-generik.jpg","width":1031,"height":1479,"caption":"Peoplesphere Company srl"},"image":{"@id":"https:\/\/peoplesphere.be\/fr\/#\/schema\/logo\/image\/"},"sameAs":["https:\/\/www.facebook.com\/peoplesphere","https:\/\/twitter.com\/PeoplesphereMag","https:\/\/www.linkedin.com\/company\/7587361?trk","http:\/\/youtube.com\/peoplesphere"]},{"@type":"Person","@id":"https:\/\/peoplesphere.be\/fr\/#\/schema\/person\/7976225ff17988604334abb7b3536a7e","name":"Jean-Paul Erhard","image":{"@type":"ImageObject","inLanguage":"fr-FR","@id":"https:\/\/peoplesphere.be\/fr\/#\/schema\/person\/image\/","url":"https:\/\/secure.gravatar.com\/avatar\/f941e681460179738071629a51574930?s=96&d=mm&r=g","contentUrl":"https:\/\/secure.gravatar.com\/avatar\/f941e681460179738071629a51574930?s=96&d=mm&r=g","caption":"Jean-Paul Erhard"},"url":"https:\/\/peoplesphere.be\/fr\/author\/jpe\/"}]}},"_links":{"self":[{"href":"https:\/\/peoplesphere.be\/fr\/wp-json\/wp\/v2\/posts\/5211"}],"collection":[{"href":"https:\/\/peoplesphere.be\/fr\/wp-json\/wp\/v2\/posts"}],"about":[{"href":"https:\/\/peoplesphere.be\/fr\/wp-json\/wp\/v2\/types\/post"}],"author":[{"embeddable":true,"href":"https:\/\/peoplesphere.be\/fr\/wp-json\/wp\/v2\/users\/2"}],"replies":[{"embeddable":true,"href":"https:\/\/peoplesphere.be\/fr\/wp-json\/wp\/v2\/comments?post=5211"}],"version-history":[{"count":1,"href":"https:\/\/peoplesphere.be\/fr\/wp-json\/wp\/v2\/posts\/5211\/revisions"}],"predecessor-version":[{"id":5212,"href":"https:\/\/peoplesphere.be\/fr\/wp-json\/wp\/v2\/posts\/5211\/revisions\/5212"}],"wp:attachment":[{"href":"https:\/\/peoplesphere.be\/fr\/wp-json\/wp\/v2\/media?parent=5211"}],"wp:term":[{"taxonomy":"category","embeddable":true,"href":"https:\/\/peoplesphere.be\/fr\/wp-json\/wp\/v2\/categories?post=5211"},{"taxonomy":"post_tag","embeddable":true,"href":"https:\/\/peoplesphere.be\/fr\/wp-json\/wp\/v2\/tags?post=5211"}],"curies":[{"name":"wp","href":"https:\/\/api.w.org\/{rel}","templated":true}]}}