









{"id":5261,"date":"2017-12-05T20:07:26","date_gmt":"2017-12-05T18:07:26","guid":{"rendered":"http:\/\/www.peoplesphere.be\/fr\/?p=5261"},"modified":"2017-12-06T12:26:07","modified_gmt":"2017-12-06T10:26:07","slug":"salaire-decent-fgtb-revendique-seuil-horaire-minimum-de-14-euros","status":"publish","type":"post","link":"https:\/\/peoplesphere.be\/fr\/salaire-decent-fgtb-revendique-seuil-horaire-minimum-de-14-euros\/","title":{"rendered":"Salaire d\u00e9cent: la FGTB revendique un seuil horaire minimum de 14 euros."},"content":{"rendered":"<p>Passer de 10 \u00e0 14 euros minimum en guise de salaire horaire, telle est la revendication de la FGTB. Selon une \u00e9tude r\u00e9alis\u00e9e par la centrale g\u00e9n\u00e9rale de Li\u00e8ge-Huy-Waremme, le salaire horaire brut minimum doit \u00eatre de 14 euros, soit 2.300 euros par mois.<!--more--><\/p>\n<p>Comme l&rsquo;a soulign\u00e9 mardi Geoffrey Goblet, pr\u00e9sident de la centrale g\u00e9n\u00e9rale de la FGTB Li\u00e8ge-Huy-Waremme, \u00e0 l&rsquo;occasion du lancement d&rsquo;une campagne \u00e0 destination du grand public intitul\u00e9e \u00ab\u00a0Un salaire d\u00e9cent pour tous!\u00a0\u00bb, le salaire minimum en Belgique repr\u00e9sente \u00e0 peine plus de 1.500 euros brut par mois, soit moins de 10 euros de l&rsquo;heure. Impossible de faire face aux d\u00e9penses courantes d&rsquo;un m\u00e9nage et ainsi vivre dignement,<\/p>\n<p>La RTBF illustre ces revendications de plusieurs t\u00e9moignages:<em> \u00ab\u00a0Dans le commerce, il y a beaucoup de temps partiel. Ce sont souvent des femmes seules avec des enfants, voire des hommes car cela arrive de plus en plus. Ces personnes parviennent de moins en moins \u00e0 lier les deux bouts\u00a0\u00bb<\/em>, rel\u00e8ve Fran\u00e7oise Bernard, secr\u00e9taire g\u00e9n\u00e9rale adjointe du Setca Li\u00e8ge. <em>\u00ab\u00a0Entre 2015 et 2016, les patrons des entreprises du Bel20 ont vu leurs r\u00e9mun\u00e9rations progresser de 13 % l\u00e0 o\u00f9 les travailleurs se sont content\u00e9s de 0,3%. Permettre \u00e0 chacun de vivre d\u00e9cemment, c&rsquo;est faisable en redistribuant mieux les richesses. Gr\u00e2ce au travail des salari\u00e9s, les soci\u00e9t\u00e9s belges versent chaque ann\u00e9e \u00e0 leurs actionnaires 14 milliards de dividendes. C&rsquo;est largement de quoi augmenter le salaire minimum \u00e0 14 euros de l&rsquo;heure sans ruiner personne\u00a0\u00bb.<\/em><\/p>\n<p>Elle pr\u00e9cise encore que les revenus pr\u00e9caires ne s&rsquo;observent pas uniquement dans le commerce, c&rsquo;est le cas \u00e9galement dans le secteur des titres-services. <em>\u00ab\u00a0C&rsquo;est 11,50 euros de l&rsquo;heure et cela restera fig\u00e9. En \u00e9tant \u00e0 temps partiel, je gagne moins de 1.000 euros par mois. Avec les factures, le loyer \u00e0 payer, je ne pourrais m&rsquo;en sortir si mon compagnon ne gagnait pas sa vie\u00a0\u00bb,<\/em> t\u00e9moigne Marie-Virginie, une militante.<\/p>\n<p>La campagne de la FGTB trouve son prolongement sur les sites internet minimum14.be et minimum2300.be.<\/p>\n<p><em>Source : RTBF &#8211; Belga &#8211; Image : Vivre Ici \/ RTC Li\u00e8ge<\/em><\/p>\n","protected":false},"excerpt":{"rendered":"<p>Passer de 10 \u00e0 14 euros minimum en guise de salaire horaire, telle est la revendication de la FGTB. Selon une \u00e9tude r\u00e9alis\u00e9e par la centrale g\u00e9n\u00e9rale de Li\u00e8ge-Huy-Waremme, le salaire horaire brut minimum doit \u00eatre de 14 euros, soit [&hellip;]<\/p>\n","protected":false},"author":2,"featured_media":5266,"comment_status":"closed","ping_status":"open","sticky":false,"template":"","format":"standard","meta":[],"categories":[65,10],"tags":[1662,1186,30,33,199,826],"yoast_head":"<!-- This site is optimized with the Yoast SEO plugin v21.0 - https:\/\/yoast.com\/wordpress\/plugins\/seo\/ -->\n<title>Salaire d\u00e9cent: la FGTB revendique un seuil horaire minimum de 14 euros. - Peoplesphere<\/title>\n<meta name=\"robots\" content=\"index, follow, max-snippet:-1, max-image-preview:large, max-video-preview:-1\" \/>\n<link rel=\"canonical\" href=\"https:\/\/peoplesphere.be\/fr\/salaire-decent-fgtb-revendique-seuil-horaire-minimum-de-14-euros\/\" \/>\n<meta property=\"og:locale\" content=\"fr_FR\" \/>\n<meta property=\"og:type\" content=\"article\" \/>\n<meta property=\"og:title\" content=\"Salaire d\u00e9cent: la FGTB revendique un seuil horaire minimum de 14 euros. - Peoplesphere\" \/>\n<meta property=\"og:description\" content=\"Passer de 10 \u00e0 14 euros minimum en guise de salaire horaire, telle est la revendication de la FGTB. Selon une \u00e9tude r\u00e9alis\u00e9e par la centrale g\u00e9n\u00e9rale de Li\u00e8ge-Huy-Waremme, le salaire horaire brut minimum doit \u00eatre de 14 euros, soit [&hellip;]\" \/>\n<meta property=\"og:url\" content=\"https:\/\/peoplesphere.be\/fr\/salaire-decent-fgtb-revendique-seuil-horaire-minimum-de-14-euros\/\" \/>\n<meta property=\"og:site_name\" content=\"Peoplesphere\" \/>\n<meta property=\"article:publisher\" content=\"https:\/\/www.facebook.com\/peoplesphere\" \/>\n<meta property=\"article:published_time\" content=\"2017-12-05T18:07:26+00:00\" \/>\n<meta property=\"article:modified_time\" content=\"2017-12-06T10:26:07+00:00\" \/>\n<meta property=\"og:image\" content=\"https:\/\/peoplesphere.be\/fr\/wp-content\/uploads\/2017\/12\/fgtb-14-euros.jpg\" \/>\n\t<meta property=\"og:image:width\" content=\"600\" \/>\n\t<meta property=\"og:image:height\" content=\"338\" \/>\n\t<meta property=\"og:image:type\" content=\"image\/jpeg\" \/>\n<meta name=\"author\" content=\"Jean-Paul Erhard\" \/>\n<meta name=\"twitter:card\" content=\"summary_large_image\" \/>\n<meta name=\"twitter:creator\" content=\"@PeoplesphereMag\" \/>\n<meta name=\"twitter:site\" content=\"@PeoplesphereMag\" \/>\n<meta name=\"twitter:label1\" content=\"\u00c9crit par\" \/>\n\t<meta name=\"twitter:data1\" content=\"Jean-Paul Erhard\" \/>\n\t<meta name=\"twitter:label2\" content=\"Dur\u00e9e de lecture estim\u00e9e\" \/>\n\t<meta name=\"twitter:data2\" content=\"2 minutes\" \/>\n<script type=\"application\/ld+json\" class=\"yoast-schema-graph\">{\"@context\":\"https:\/\/schema.org\",\"@graph\":[{\"@type\":\"Article\",\"@id\":\"https:\/\/peoplesphere.be\/fr\/salaire-decent-fgtb-revendique-seuil-horaire-minimum-de-14-euros\/#article\",\"isPartOf\":{\"@id\":\"https:\/\/peoplesphere.be\/fr\/salaire-decent-fgtb-revendique-seuil-horaire-minimum-de-14-euros\/\"},\"author\":{\"name\":\"Jean-Paul Erhard\",\"@id\":\"https:\/\/peoplesphere.be\/fr\/#\/schema\/person\/7976225ff17988604334abb7b3536a7e\"},\"headline\":\"Salaire d\u00e9cent: la FGTB revendique un seuil horaire minimum de 14 euros.\",\"datePublished\":\"2017-12-05T18:07:26+00:00\",\"dateModified\":\"2017-12-06T10:26:07+00:00\",\"mainEntityOfPage\":{\"@id\":\"https:\/\/peoplesphere.be\/fr\/salaire-decent-fgtb-revendique-seuil-horaire-minimum-de-14-euros\/\"},\"wordCount\":360,\"publisher\":{\"@id\":\"https:\/\/peoplesphere.be\/fr\/#organization\"},\"keywords\":[\"dividendes\",\"FGTB\",\"r\u00e9mun\u00e9ration\",\"salaire\",\"syndicat\",\"titres-services\"],\"articleSection\":[\"Actualit\u00e9s\",\"Digital\"],\"inLanguage\":\"fr-FR\"},{\"@type\":\"WebPage\",\"@id\":\"https:\/\/peoplesphere.be\/fr\/salaire-decent-fgtb-revendique-seuil-horaire-minimum-de-14-euros\/\",\"url\":\"https:\/\/peoplesphere.be\/fr\/salaire-decent-fgtb-revendique-seuil-horaire-minimum-de-14-euros\/\",\"name\":\"Salaire d\u00e9cent: la FGTB revendique un seuil horaire minimum de 14 euros. - Peoplesphere\",\"isPartOf\":{\"@id\":\"https:\/\/peoplesphere.be\/fr\/#website\"},\"datePublished\":\"2017-12-05T18:07:26+00:00\",\"dateModified\":\"2017-12-06T10:26:07+00:00\",\"breadcrumb\":{\"@id\":\"https:\/\/peoplesphere.be\/fr\/salaire-decent-fgtb-revendique-seuil-horaire-minimum-de-14-euros\/#breadcrumb\"},\"inLanguage\":\"fr-FR\",\"potentialAction\":[{\"@type\":\"ReadAction\",\"target\":[\"https:\/\/peoplesphere.be\/fr\/salaire-decent-fgtb-revendique-seuil-horaire-minimum-de-14-euros\/\"]}]},{\"@type\":\"BreadcrumbList\",\"@id\":\"https:\/\/peoplesphere.be\/fr\/salaire-decent-fgtb-revendique-seuil-horaire-minimum-de-14-euros\/#breadcrumb\",\"itemListElement\":[{\"@type\":\"ListItem\",\"position\":1,\"name\":\"Accueil\",\"item\":\"https:\/\/peoplesphere.be\/fr\/\"},{\"@type\":\"ListItem\",\"position\":2,\"name\":\"Salaire d\u00e9cent: la FGTB revendique un seuil horaire minimum de 14 euros.\"}]},{\"@type\":\"WebSite\",\"@id\":\"https:\/\/peoplesphere.be\/fr\/#website\",\"url\":\"https:\/\/peoplesphere.be\/fr\/\",\"name\":\"Peoplesphere\",\"description\":\"The People Managers Magazine\",\"publisher\":{\"@id\":\"https:\/\/peoplesphere.be\/fr\/#organization\"},\"potentialAction\":[{\"@type\":\"SearchAction\",\"target\":{\"@type\":\"EntryPoint\",\"urlTemplate\":\"https:\/\/peoplesphere.be\/fr\/?s={search_term_string}\"},\"query-input\":\"required name=search_term_string\"}],\"inLanguage\":\"fr-FR\"},{\"@type\":\"Organization\",\"@id\":\"https:\/\/peoplesphere.be\/fr\/#organization\",\"name\":\"Peoplesphere Company srl\",\"url\":\"https:\/\/peoplesphere.be\/fr\/\",\"logo\":{\"@type\":\"ImageObject\",\"inLanguage\":\"fr-FR\",\"@id\":\"https:\/\/peoplesphere.be\/fr\/#\/schema\/logo\/image\/\",\"url\":\"https:\/\/peoplesphere.be\/fr\/wp-content\/uploads\/2023\/07\/peoplesphere-lgo-new-generik.jpg\",\"contentUrl\":\"https:\/\/peoplesphere.be\/fr\/wp-content\/uploads\/2023\/07\/peoplesphere-lgo-new-generik.jpg\",\"width\":1031,\"height\":1479,\"caption\":\"Peoplesphere Company srl\"},\"image\":{\"@id\":\"https:\/\/peoplesphere.be\/fr\/#\/schema\/logo\/image\/\"},\"sameAs\":[\"https:\/\/www.facebook.com\/peoplesphere\",\"https:\/\/twitter.com\/PeoplesphereMag\",\"https:\/\/www.linkedin.com\/company\/7587361?trk\",\"http:\/\/youtube.com\/peoplesphere\"]},{\"@type\":\"Person\",\"@id\":\"https:\/\/peoplesphere.be\/fr\/#\/schema\/person\/7976225ff17988604334abb7b3536a7e\",\"name\":\"Jean-Paul Erhard\",\"image\":{\"@type\":\"ImageObject\",\"inLanguage\":\"fr-FR\",\"@id\":\"https:\/\/peoplesphere.be\/fr\/#\/schema\/person\/image\/\",\"url\":\"https:\/\/secure.gravatar.com\/avatar\/f941e681460179738071629a51574930?s=96&d=mm&r=g\",\"contentUrl\":\"https:\/\/secure.gravatar.com\/avatar\/f941e681460179738071629a51574930?s=96&d=mm&r=g\",\"caption\":\"Jean-Paul Erhard\"},\"url\":\"https:\/\/peoplesphere.be\/fr\/author\/jpe\/\"}]}<\/script>\n<!-- \/ Yoast SEO plugin. -->","yoast_head_json":{"title":"Salaire d\u00e9cent: la FGTB revendique un seuil horaire minimum de 14 euros. - Peoplesphere","robots":{"index":"index","follow":"follow","max-snippet":"max-snippet:-1","max-image-preview":"max-image-preview:large","max-video-preview":"max-video-preview:-1"},"canonical":"https:\/\/peoplesphere.be\/fr\/salaire-decent-fgtb-revendique-seuil-horaire-minimum-de-14-euros\/","og_locale":"fr_FR","og_type":"article","og_title":"Salaire d\u00e9cent: la FGTB revendique un seuil horaire minimum de 14 euros. - Peoplesphere","og_description":"Passer de 10 \u00e0 14 euros minimum en guise de salaire horaire, telle est la revendication de la FGTB. Selon une \u00e9tude r\u00e9alis\u00e9e par la centrale g\u00e9n\u00e9rale de Li\u00e8ge-Huy-Waremme, le salaire horaire brut minimum doit \u00eatre de 14 euros, soit [&hellip;]","og_url":"https:\/\/peoplesphere.be\/fr\/salaire-decent-fgtb-revendique-seuil-horaire-minimum-de-14-euros\/","og_site_name":"Peoplesphere","article_publisher":"https:\/\/www.facebook.com\/peoplesphere","article_published_time":"2017-12-05T18:07:26+00:00","article_modified_time":"2017-12-06T10:26:07+00:00","og_image":[{"width":600,"height":338,"url":"https:\/\/peoplesphere.be\/fr\/wp-content\/uploads\/2017\/12\/fgtb-14-euros.jpg","type":"image\/jpeg"}],"author":"Jean-Paul Erhard","twitter_card":"summary_large_image","twitter_creator":"@PeoplesphereMag","twitter_site":"@PeoplesphereMag","twitter_misc":{"\u00c9crit par":"Jean-Paul Erhard","Dur\u00e9e de lecture estim\u00e9e":"2 minutes"},"schema":{"@context":"https:\/\/schema.org","@graph":[{"@type":"Article","@id":"https:\/\/peoplesphere.be\/fr\/salaire-decent-fgtb-revendique-seuil-horaire-minimum-de-14-euros\/#article","isPartOf":{"@id":"https:\/\/peoplesphere.be\/fr\/salaire-decent-fgtb-revendique-seuil-horaire-minimum-de-14-euros\/"},"author":{"name":"Jean-Paul Erhard","@id":"https:\/\/peoplesphere.be\/fr\/#\/schema\/person\/7976225ff17988604334abb7b3536a7e"},"headline":"Salaire d\u00e9cent: la FGTB revendique un seuil horaire minimum de 14 euros.","datePublished":"2017-12-05T18:07:26+00:00","dateModified":"2017-12-06T10:26:07+00:00","mainEntityOfPage":{"@id":"https:\/\/peoplesphere.be\/fr\/salaire-decent-fgtb-revendique-seuil-horaire-minimum-de-14-euros\/"},"wordCount":360,"publisher":{"@id":"https:\/\/peoplesphere.be\/fr\/#organization"},"keywords":["dividendes","FGTB","r\u00e9mun\u00e9ration","salaire","syndicat","titres-services"],"articleSection":["Actualit\u00e9s","Digital"],"inLanguage":"fr-FR"},{"@type":"WebPage","@id":"https:\/\/peoplesphere.be\/fr\/salaire-decent-fgtb-revendique-seuil-horaire-minimum-de-14-euros\/","url":"https:\/\/peoplesphere.be\/fr\/salaire-decent-fgtb-revendique-seuil-horaire-minimum-de-14-euros\/","name":"Salaire d\u00e9cent: la FGTB revendique un seuil horaire minimum de 14 euros. - Peoplesphere","isPartOf":{"@id":"https:\/\/peoplesphere.be\/fr\/#website"},"datePublished":"2017-12-05T18:07:26+00:00","dateModified":"2017-12-06T10:26:07+00:00","breadcrumb":{"@id":"https:\/\/peoplesphere.be\/fr\/salaire-decent-fgtb-revendique-seuil-horaire-minimum-de-14-euros\/#breadcrumb"},"inLanguage":"fr-FR","potentialAction":[{"@type":"ReadAction","target":["https:\/\/peoplesphere.be\/fr\/salaire-decent-fgtb-revendique-seuil-horaire-minimum-de-14-euros\/"]}]},{"@type":"BreadcrumbList","@id":"https:\/\/peoplesphere.be\/fr\/salaire-decent-fgtb-revendique-seuil-horaire-minimum-de-14-euros\/#breadcrumb","itemListElement":[{"@type":"ListItem","position":1,"name":"Accueil","item":"https:\/\/peoplesphere.be\/fr\/"},{"@type":"ListItem","position":2,"name":"Salaire d\u00e9cent: la FGTB revendique un seuil horaire minimum de 14 euros."}]},{"@type":"WebSite","@id":"https:\/\/peoplesphere.be\/fr\/#website","url":"https:\/\/peoplesphere.be\/fr\/","name":"Peoplesphere","description":"The People Managers Magazine","publisher":{"@id":"https:\/\/peoplesphere.be\/fr\/#organization"},"potentialAction":[{"@type":"SearchAction","target":{"@type":"EntryPoint","urlTemplate":"https:\/\/peoplesphere.be\/fr\/?s={search_term_string}"},"query-input":"required name=search_term_string"}],"inLanguage":"fr-FR"},{"@type":"Organization","@id":"https:\/\/peoplesphere.be\/fr\/#organization","name":"Peoplesphere Company srl","url":"https:\/\/peoplesphere.be\/fr\/","logo":{"@type":"ImageObject","inLanguage":"fr-FR","@id":"https:\/\/peoplesphere.be\/fr\/#\/schema\/logo\/image\/","url":"https:\/\/peoplesphere.be\/fr\/wp-content\/uploads\/2023\/07\/peoplesphere-lgo-new-generik.jpg","contentUrl":"https:\/\/peoplesphere.be\/fr\/wp-content\/uploads\/2023\/07\/peoplesphere-lgo-new-generik.jpg","width":1031,"height":1479,"caption":"Peoplesphere Company srl"},"image":{"@id":"https:\/\/peoplesphere.be\/fr\/#\/schema\/logo\/image\/"},"sameAs":["https:\/\/www.facebook.com\/peoplesphere","https:\/\/twitter.com\/PeoplesphereMag","https:\/\/www.linkedin.com\/company\/7587361?trk","http:\/\/youtube.com\/peoplesphere"]},{"@type":"Person","@id":"https:\/\/peoplesphere.be\/fr\/#\/schema\/person\/7976225ff17988604334abb7b3536a7e","name":"Jean-Paul Erhard","image":{"@type":"ImageObject","inLanguage":"fr-FR","@id":"https:\/\/peoplesphere.be\/fr\/#\/schema\/person\/image\/","url":"https:\/\/secure.gravatar.com\/avatar\/f941e681460179738071629a51574930?s=96&d=mm&r=g","contentUrl":"https:\/\/secure.gravatar.com\/avatar\/f941e681460179738071629a51574930?s=96&d=mm&r=g","caption":"Jean-Paul Erhard"},"url":"https:\/\/peoplesphere.be\/fr\/author\/jpe\/"}]}},"_links":{"self":[{"href":"https:\/\/peoplesphere.be\/fr\/wp-json\/wp\/v2\/posts\/5261"}],"collection":[{"href":"https:\/\/peoplesphere.be\/fr\/wp-json\/wp\/v2\/posts"}],"about":[{"href":"https:\/\/peoplesphere.be\/fr\/wp-json\/wp\/v2\/types\/post"}],"author":[{"embeddable":true,"href":"https:\/\/peoplesphere.be\/fr\/wp-json\/wp\/v2\/users\/2"}],"replies":[{"embeddable":true,"href":"https:\/\/peoplesphere.be\/fr\/wp-json\/wp\/v2\/comments?post=5261"}],"version-history":[{"count":3,"href":"https:\/\/peoplesphere.be\/fr\/wp-json\/wp\/v2\/posts\/5261\/revisions"}],"predecessor-version":[{"id":5267,"href":"https:\/\/peoplesphere.be\/fr\/wp-json\/wp\/v2\/posts\/5261\/revisions\/5267"}],"wp:featuredmedia":[{"embeddable":true,"href":"https:\/\/peoplesphere.be\/fr\/wp-json\/wp\/v2\/media\/5266"}],"wp:attachment":[{"href":"https:\/\/peoplesphere.be\/fr\/wp-json\/wp\/v2\/media?parent=5261"}],"wp:term":[{"taxonomy":"category","embeddable":true,"href":"https:\/\/peoplesphere.be\/fr\/wp-json\/wp\/v2\/categories?post=5261"},{"taxonomy":"post_tag","embeddable":true,"href":"https:\/\/peoplesphere.be\/fr\/wp-json\/wp\/v2\/tags?post=5261"}],"curies":[{"name":"wp","href":"https:\/\/api.w.org\/{rel}","templated":true}]}}