









{"id":5316,"date":"2017-12-14T15:43:51","date_gmt":"2017-12-14T13:43:51","guid":{"rendered":"http:\/\/www.peoplesphere.be\/fr\/?p=5316"},"modified":"2017-12-14T15:56:14","modified_gmt":"2017-12-14T13:56:14","slug":"accompagner-plan-psycho-social-personnes-ont-subi-crise-majeure","status":"publish","type":"post","link":"https:\/\/peoplesphere.be\/fr\/accompagner-plan-psycho-social-personnes-ont-subi-crise-majeure\/","title":{"rendered":"Comment accompagner sur le plan psycho-social les personnes qui ont subi une crise majeure?"},"content":{"rendered":"<p>Les s\u00e9quelles psycho-sociales cons\u00e9cutives \u00e0 une situation de crise sont \u00e9normes&#8230;et malheureusement,souvent mal g\u00e9r\u00e9es. Suite aux attentats du 22 mars 2016, le Conseil Sup\u00e9rieur de la Sant\u00e9 (CSS) a \u00e9labor\u00e9 un avis sur la pr\u00e9vention et l\u2019accompagnement psychologique lors d\u2019attentats ou toute situation d\u2019urgence, collective ou individuelle.<!--more--><\/p>\n<p>Qui sont les personnes impliqu\u00e9es ?\u00a0Le Conseil Sup\u00e9rieur de la Sant\u00e9 consid\u00e8re que toutes les personnes pr\u00e9sentes sur les lieux, leur famille et proches, les t\u00e9moins et les intervenants, sont susceptibles d\u2019avoir besoin d\u2019un accompagnement sp\u00e9cifique.<\/p>\n<p><strong><em>Les cons\u00e9quences psycho-traumatiques en quelques chiffres<\/em><\/strong><br \/>\nL\u2019\u00e9tude \u00ab IMPACTS \u00bb (qui a fait suite aux attentats de janvier 2015 \u00e0 Paris) a permis de montrer que 6 mois apr\u00e8s les \u00e9v\u00e8nements, des cons\u00e9quences psycho-traumatiques \u00e9taient toujours importantes parmi les personnes impliqu\u00e9es :<br \/>\n&#8211; pr\u00e8s de 4 personnes sur 10 pr\u00e9sentaient au moins un trouble de la sant\u00e9 mentale ;<br \/>\n&#8211; des t\u00e9moins non directement menac\u00e9s pr\u00e9sentaient des troubles psychiques \u00e0 6 mois.<\/p>\n<p><em><strong>Les trois phases post situation d\u2019urgence<\/strong><\/em><br \/>\nDans le trajet de soins apr\u00e8s un \u00e9v\u00e8nement potentiellement traumatisant, trois phases importantes sont \u00e0 distinguer :<br \/>\n&#8211; La phase d\u2019impact (en principe 48 \u00e0 72h apr\u00e8s l\u2019\u00e9v\u00e8nement) lors de laquelle les personnes ont surtout besoin de retrouver leur s\u00e9curit\u00e9 de base, et qu\u2019un lien avec le r\u00e9seau social soit r\u00e9tabli. Le plan d\u2019intervention psychosociale (PIPS) est d\u2019application.<br \/>\n&#8211; La phase aig\u00fce (jusqu\u2019\u00e0 4 \u00e0 6 semaines apr\u00e8s l\u2019\u00e9v\u00e8nement) lors de laquelle un soutien des proches, ou de professionnels de premi\u00e8re ligne peut \u00eatre n\u00e9cessaire.<br \/>\n&#8211; La phase de chronicisation lors de laquelle il est conseill\u00e9 de consulter un sp\u00e9cialiste du trauma si les sympt\u00f4mes durent plus d\u2019un mois.<\/p>\n<p><strong><em>Recommandations<\/em><\/strong><br \/>\nAfin d\u2019am\u00e9liorer l\u2019accompagnement des personnes impliqu\u00e9es dans une situation d\u2019urgence, le CSS recommande de :<br \/>\n&#8211; mettre en place une structure de coordination pour faciliter la prise en charge globale et \u00e0 long terme des patients ;<br \/>\n&#8211; former des professionnels de la premi\u00e8re ligne aux sympt\u00f4mes du trouble du stress post-traumatique et aux possibilit\u00e9s d\u2019intervention ;<br \/>\n&#8211; mettre \u00e0 disposition un inventaire de professionnels ou de structures habilit\u00e9s.<br \/>\n&#8211; \u00eatre particuli\u00e8rement attentif \u00e0 la protection des enfants ;<br \/>\n&#8211; offrir aux intervenants de premier secours un accompagnement sp\u00e9cifique apr\u00e8s un \u00e9v\u00e8nement. La pr\u00e9vention est aussi ici essentielle.<\/p>\n<p>Le CSS pr\u00e9conise aussi de mettre en place un syst\u00e8me d\u2019enregistrement des personnes impliqu\u00e9es et attire l\u2019attention sur les risques que comporte la mise en place d\u2019un statut de solidarit\u00e9 nationale pour les victimes, qui risque de stigmatiser les personnes dans un statut dont il peut \u00eatre difficile de sortir.\u00a0Un groupe de travail interf\u00e9d\u00e9ral a d\u00e9j\u00e0 \u00e9t\u00e9 \u00e9tabli et a r\u00e9alis\u00e9 quelques recommandations de mani\u00e8re anticipative.<\/p>\n<p><strong><em>Communication et m\u00e9dias<\/em><\/strong><br \/>\nLa communication et l\u2019intervention des m\u00e9dias jouent un r\u00f4le essentiel dans la perception de ce type d\u2019\u00e9v\u00e8nements. Le CSS recommande que :<br \/>\n&#8211; une strat\u00e9gie de communication soit mise en place ;<br \/>\n&#8211; un point de contact unique soit facilement accessible apr\u00e8s l\u2019\u00e9v\u00e8nement;<br \/>\n&#8211; les m\u00e9dias soient attentifs \u00e0 l\u2019impact des images, et \u00e9vitent de stigmatiser les sujets impliqu\u00e9s dans une cat\u00e9gorie r\u00e9ductrice de \u00ab victime traumatis\u00e9e \u00bb.<\/p>\n<p>L\u2019avis, dans son int\u00e9gralit\u00e9, (n\u00b09403) se trouve sur le site internet du Conseil Sup\u00e9rieur de la Sant\u00e9 : <a href=\"https:\/\/www.health.belgium.be\/fr\/avis-9403-sequelles-psycho-sociales\">https:\/\/www.health.belgium.be\/fr\/avis-9403-sequelles-psycho-sociales<\/a><\/p>\n","protected":false},"excerpt":{"rendered":"<p>Les s\u00e9quelles psycho-sociales cons\u00e9cutives \u00e0 une situation de crise sont \u00e9normes&#8230;et malheureusement,souvent mal g\u00e9r\u00e9es. Suite aux attentats du 22 mars 2016, le Conseil Sup\u00e9rieur de la Sant\u00e9 (CSS) a \u00e9labor\u00e9 un avis sur la pr\u00e9vention et l\u2019accompagnement psychologique lors d\u2019attentats [&hellip;]<\/p>\n","protected":false},"author":2,"featured_media":5318,"comment_status":"closed","ping_status":"open","sticky":false,"template":"","format":"standard","meta":[],"categories":[65,10],"tags":[469,456,1525,1685,550,1684],"yoast_head":"<!-- This site is optimized with the Yoast SEO plugin v21.0 - https:\/\/yoast.com\/wordpress\/plugins\/seo\/ -->\n<title>Comment accompagner sur le plan psycho-social les personnes qui ont subi une crise majeure? - Peoplesphere<\/title>\n<meta name=\"robots\" content=\"index, follow, max-snippet:-1, max-image-preview:large, max-video-preview:-1\" \/>\n<link rel=\"canonical\" href=\"https:\/\/peoplesphere.be\/fr\/accompagner-plan-psycho-social-personnes-ont-subi-crise-majeure\/\" \/>\n<meta property=\"og:locale\" content=\"fr_FR\" \/>\n<meta property=\"og:type\" content=\"article\" \/>\n<meta property=\"og:title\" content=\"Comment accompagner sur le plan psycho-social les personnes qui ont subi une crise majeure? - Peoplesphere\" \/>\n<meta property=\"og:description\" content=\"Les s\u00e9quelles psycho-sociales cons\u00e9cutives \u00e0 une situation de crise sont \u00e9normes&#8230;et malheureusement,souvent mal g\u00e9r\u00e9es. Suite aux attentats du 22 mars 2016, le Conseil Sup\u00e9rieur de la Sant\u00e9 (CSS) a \u00e9labor\u00e9 un avis sur la pr\u00e9vention et l\u2019accompagnement psychologique lors d\u2019attentats [&hellip;]\" \/>\n<meta property=\"og:url\" content=\"https:\/\/peoplesphere.be\/fr\/accompagner-plan-psycho-social-personnes-ont-subi-crise-majeure\/\" \/>\n<meta property=\"og:site_name\" content=\"Peoplesphere\" \/>\n<meta property=\"article:publisher\" content=\"https:\/\/www.facebook.com\/peoplesphere\" \/>\n<meta property=\"article:published_time\" content=\"2017-12-14T13:43:51+00:00\" \/>\n<meta property=\"article:modified_time\" content=\"2017-12-14T13:56:14+00:00\" \/>\n<meta property=\"og:image\" content=\"https:\/\/peoplesphere.be\/fr\/wp-content\/uploads\/2017\/12\/brussels-timeline-2-752x501.jpg\" \/>\n\t<meta property=\"og:image:width\" content=\"450\" \/>\n\t<meta property=\"og:image:height\" content=\"300\" \/>\n\t<meta property=\"og:image:type\" content=\"image\/jpeg\" \/>\n<meta name=\"author\" content=\"Jean-Paul Erhard\" \/>\n<meta name=\"twitter:card\" content=\"summary_large_image\" \/>\n<meta name=\"twitter:creator\" content=\"@PeoplesphereMag\" \/>\n<meta name=\"twitter:site\" content=\"@PeoplesphereMag\" \/>\n<meta name=\"twitter:label1\" content=\"\u00c9crit par\" \/>\n\t<meta name=\"twitter:data1\" content=\"Jean-Paul Erhard\" \/>\n\t<meta name=\"twitter:label2\" content=\"Dur\u00e9e de lecture estim\u00e9e\" \/>\n\t<meta name=\"twitter:data2\" content=\"3 minutes\" \/>\n<script type=\"application\/ld+json\" class=\"yoast-schema-graph\">{\"@context\":\"https:\/\/schema.org\",\"@graph\":[{\"@type\":\"Article\",\"@id\":\"https:\/\/peoplesphere.be\/fr\/accompagner-plan-psycho-social-personnes-ont-subi-crise-majeure\/#article\",\"isPartOf\":{\"@id\":\"https:\/\/peoplesphere.be\/fr\/accompagner-plan-psycho-social-personnes-ont-subi-crise-majeure\/\"},\"author\":{\"name\":\"Jean-Paul Erhard\",\"@id\":\"https:\/\/peoplesphere.be\/fr\/#\/schema\/person\/7976225ff17988604334abb7b3536a7e\"},\"headline\":\"Comment accompagner sur le plan psycho-social les personnes qui ont subi une crise majeure?\",\"datePublished\":\"2017-12-14T13:43:51+00:00\",\"dateModified\":\"2017-12-14T13:56:14+00:00\",\"mainEntityOfPage\":{\"@id\":\"https:\/\/peoplesphere.be\/fr\/accompagner-plan-psycho-social-personnes-ont-subi-crise-majeure\/\"},\"wordCount\":610,\"publisher\":{\"@id\":\"https:\/\/peoplesphere.be\/fr\/#organization\"},\"keywords\":[\"accompagnement\",\"Attentats\",\"conseil sup\u00e9rieur de la sant\u00e9\",\"patients\",\"risques psycho-sociaux\",\"situations de crise\"],\"articleSection\":[\"Actualit\u00e9s\",\"Digital\"],\"inLanguage\":\"fr-FR\"},{\"@type\":\"WebPage\",\"@id\":\"https:\/\/peoplesphere.be\/fr\/accompagner-plan-psycho-social-personnes-ont-subi-crise-majeure\/\",\"url\":\"https:\/\/peoplesphere.be\/fr\/accompagner-plan-psycho-social-personnes-ont-subi-crise-majeure\/\",\"name\":\"Comment accompagner sur le plan psycho-social les personnes qui ont subi une crise majeure? - Peoplesphere\",\"isPartOf\":{\"@id\":\"https:\/\/peoplesphere.be\/fr\/#website\"},\"datePublished\":\"2017-12-14T13:43:51+00:00\",\"dateModified\":\"2017-12-14T13:56:14+00:00\",\"breadcrumb\":{\"@id\":\"https:\/\/peoplesphere.be\/fr\/accompagner-plan-psycho-social-personnes-ont-subi-crise-majeure\/#breadcrumb\"},\"inLanguage\":\"fr-FR\",\"potentialAction\":[{\"@type\":\"ReadAction\",\"target\":[\"https:\/\/peoplesphere.be\/fr\/accompagner-plan-psycho-social-personnes-ont-subi-crise-majeure\/\"]}]},{\"@type\":\"BreadcrumbList\",\"@id\":\"https:\/\/peoplesphere.be\/fr\/accompagner-plan-psycho-social-personnes-ont-subi-crise-majeure\/#breadcrumb\",\"itemListElement\":[{\"@type\":\"ListItem\",\"position\":1,\"name\":\"Accueil\",\"item\":\"https:\/\/peoplesphere.be\/fr\/\"},{\"@type\":\"ListItem\",\"position\":2,\"name\":\"Comment accompagner sur le plan psycho-social les personnes qui ont subi une crise majeure?\"}]},{\"@type\":\"WebSite\",\"@id\":\"https:\/\/peoplesphere.be\/fr\/#website\",\"url\":\"https:\/\/peoplesphere.be\/fr\/\",\"name\":\"Peoplesphere\",\"description\":\"The People Managers Magazine\",\"publisher\":{\"@id\":\"https:\/\/peoplesphere.be\/fr\/#organization\"},\"potentialAction\":[{\"@type\":\"SearchAction\",\"target\":{\"@type\":\"EntryPoint\",\"urlTemplate\":\"https:\/\/peoplesphere.be\/fr\/?s={search_term_string}\"},\"query-input\":\"required name=search_term_string\"}],\"inLanguage\":\"fr-FR\"},{\"@type\":\"Organization\",\"@id\":\"https:\/\/peoplesphere.be\/fr\/#organization\",\"name\":\"Peoplesphere Company srl\",\"url\":\"https:\/\/peoplesphere.be\/fr\/\",\"logo\":{\"@type\":\"ImageObject\",\"inLanguage\":\"fr-FR\",\"@id\":\"https:\/\/peoplesphere.be\/fr\/#\/schema\/logo\/image\/\",\"url\":\"https:\/\/peoplesphere.be\/fr\/wp-content\/uploads\/2023\/07\/peoplesphere-lgo-new-generik.jpg\",\"contentUrl\":\"https:\/\/peoplesphere.be\/fr\/wp-content\/uploads\/2023\/07\/peoplesphere-lgo-new-generik.jpg\",\"width\":1031,\"height\":1479,\"caption\":\"Peoplesphere Company srl\"},\"image\":{\"@id\":\"https:\/\/peoplesphere.be\/fr\/#\/schema\/logo\/image\/\"},\"sameAs\":[\"https:\/\/www.facebook.com\/peoplesphere\",\"https:\/\/twitter.com\/PeoplesphereMag\",\"https:\/\/www.linkedin.com\/company\/7587361?trk\",\"http:\/\/youtube.com\/peoplesphere\"]},{\"@type\":\"Person\",\"@id\":\"https:\/\/peoplesphere.be\/fr\/#\/schema\/person\/7976225ff17988604334abb7b3536a7e\",\"name\":\"Jean-Paul Erhard\",\"image\":{\"@type\":\"ImageObject\",\"inLanguage\":\"fr-FR\",\"@id\":\"https:\/\/peoplesphere.be\/fr\/#\/schema\/person\/image\/\",\"url\":\"https:\/\/secure.gravatar.com\/avatar\/f941e681460179738071629a51574930?s=96&d=mm&r=g\",\"contentUrl\":\"https:\/\/secure.gravatar.com\/avatar\/f941e681460179738071629a51574930?s=96&d=mm&r=g\",\"caption\":\"Jean-Paul Erhard\"},\"url\":\"https:\/\/peoplesphere.be\/fr\/author\/jpe\/\"}]}<\/script>\n<!-- \/ Yoast SEO plugin. -->","yoast_head_json":{"title":"Comment accompagner sur le plan psycho-social les personnes qui ont subi une crise majeure? - Peoplesphere","robots":{"index":"index","follow":"follow","max-snippet":"max-snippet:-1","max-image-preview":"max-image-preview:large","max-video-preview":"max-video-preview:-1"},"canonical":"https:\/\/peoplesphere.be\/fr\/accompagner-plan-psycho-social-personnes-ont-subi-crise-majeure\/","og_locale":"fr_FR","og_type":"article","og_title":"Comment accompagner sur le plan psycho-social les personnes qui ont subi une crise majeure? - Peoplesphere","og_description":"Les s\u00e9quelles psycho-sociales cons\u00e9cutives \u00e0 une situation de crise sont \u00e9normes&#8230;et malheureusement,souvent mal g\u00e9r\u00e9es. Suite aux attentats du 22 mars 2016, le Conseil Sup\u00e9rieur de la Sant\u00e9 (CSS) a \u00e9labor\u00e9 un avis sur la pr\u00e9vention et l\u2019accompagnement psychologique lors d\u2019attentats [&hellip;]","og_url":"https:\/\/peoplesphere.be\/fr\/accompagner-plan-psycho-social-personnes-ont-subi-crise-majeure\/","og_site_name":"Peoplesphere","article_publisher":"https:\/\/www.facebook.com\/peoplesphere","article_published_time":"2017-12-14T13:43:51+00:00","article_modified_time":"2017-12-14T13:56:14+00:00","og_image":[{"width":450,"height":300,"url":"https:\/\/peoplesphere.be\/fr\/wp-content\/uploads\/2017\/12\/brussels-timeline-2-752x501.jpg","type":"image\/jpeg"}],"author":"Jean-Paul Erhard","twitter_card":"summary_large_image","twitter_creator":"@PeoplesphereMag","twitter_site":"@PeoplesphereMag","twitter_misc":{"\u00c9crit par":"Jean-Paul Erhard","Dur\u00e9e de lecture estim\u00e9e":"3 minutes"},"schema":{"@context":"https:\/\/schema.org","@graph":[{"@type":"Article","@id":"https:\/\/peoplesphere.be\/fr\/accompagner-plan-psycho-social-personnes-ont-subi-crise-majeure\/#article","isPartOf":{"@id":"https:\/\/peoplesphere.be\/fr\/accompagner-plan-psycho-social-personnes-ont-subi-crise-majeure\/"},"author":{"name":"Jean-Paul Erhard","@id":"https:\/\/peoplesphere.be\/fr\/#\/schema\/person\/7976225ff17988604334abb7b3536a7e"},"headline":"Comment accompagner sur le plan psycho-social les personnes qui ont subi une crise majeure?","datePublished":"2017-12-14T13:43:51+00:00","dateModified":"2017-12-14T13:56:14+00:00","mainEntityOfPage":{"@id":"https:\/\/peoplesphere.be\/fr\/accompagner-plan-psycho-social-personnes-ont-subi-crise-majeure\/"},"wordCount":610,"publisher":{"@id":"https:\/\/peoplesphere.be\/fr\/#organization"},"keywords":["accompagnement","Attentats","conseil sup\u00e9rieur de la sant\u00e9","patients","risques psycho-sociaux","situations de crise"],"articleSection":["Actualit\u00e9s","Digital"],"inLanguage":"fr-FR"},{"@type":"WebPage","@id":"https:\/\/peoplesphere.be\/fr\/accompagner-plan-psycho-social-personnes-ont-subi-crise-majeure\/","url":"https:\/\/peoplesphere.be\/fr\/accompagner-plan-psycho-social-personnes-ont-subi-crise-majeure\/","name":"Comment accompagner sur le plan psycho-social les personnes qui ont subi une crise majeure? - Peoplesphere","isPartOf":{"@id":"https:\/\/peoplesphere.be\/fr\/#website"},"datePublished":"2017-12-14T13:43:51+00:00","dateModified":"2017-12-14T13:56:14+00:00","breadcrumb":{"@id":"https:\/\/peoplesphere.be\/fr\/accompagner-plan-psycho-social-personnes-ont-subi-crise-majeure\/#breadcrumb"},"inLanguage":"fr-FR","potentialAction":[{"@type":"ReadAction","target":["https:\/\/peoplesphere.be\/fr\/accompagner-plan-psycho-social-personnes-ont-subi-crise-majeure\/"]}]},{"@type":"BreadcrumbList","@id":"https:\/\/peoplesphere.be\/fr\/accompagner-plan-psycho-social-personnes-ont-subi-crise-majeure\/#breadcrumb","itemListElement":[{"@type":"ListItem","position":1,"name":"Accueil","item":"https:\/\/peoplesphere.be\/fr\/"},{"@type":"ListItem","position":2,"name":"Comment accompagner sur le plan psycho-social les personnes qui ont subi une crise majeure?"}]},{"@type":"WebSite","@id":"https:\/\/peoplesphere.be\/fr\/#website","url":"https:\/\/peoplesphere.be\/fr\/","name":"Peoplesphere","description":"The People Managers Magazine","publisher":{"@id":"https:\/\/peoplesphere.be\/fr\/#organization"},"potentialAction":[{"@type":"SearchAction","target":{"@type":"EntryPoint","urlTemplate":"https:\/\/peoplesphere.be\/fr\/?s={search_term_string}"},"query-input":"required name=search_term_string"}],"inLanguage":"fr-FR"},{"@type":"Organization","@id":"https:\/\/peoplesphere.be\/fr\/#organization","name":"Peoplesphere Company srl","url":"https:\/\/peoplesphere.be\/fr\/","logo":{"@type":"ImageObject","inLanguage":"fr-FR","@id":"https:\/\/peoplesphere.be\/fr\/#\/schema\/logo\/image\/","url":"https:\/\/peoplesphere.be\/fr\/wp-content\/uploads\/2023\/07\/peoplesphere-lgo-new-generik.jpg","contentUrl":"https:\/\/peoplesphere.be\/fr\/wp-content\/uploads\/2023\/07\/peoplesphere-lgo-new-generik.jpg","width":1031,"height":1479,"caption":"Peoplesphere Company srl"},"image":{"@id":"https:\/\/peoplesphere.be\/fr\/#\/schema\/logo\/image\/"},"sameAs":["https:\/\/www.facebook.com\/peoplesphere","https:\/\/twitter.com\/PeoplesphereMag","https:\/\/www.linkedin.com\/company\/7587361?trk","http:\/\/youtube.com\/peoplesphere"]},{"@type":"Person","@id":"https:\/\/peoplesphere.be\/fr\/#\/schema\/person\/7976225ff17988604334abb7b3536a7e","name":"Jean-Paul Erhard","image":{"@type":"ImageObject","inLanguage":"fr-FR","@id":"https:\/\/peoplesphere.be\/fr\/#\/schema\/person\/image\/","url":"https:\/\/secure.gravatar.com\/avatar\/f941e681460179738071629a51574930?s=96&d=mm&r=g","contentUrl":"https:\/\/secure.gravatar.com\/avatar\/f941e681460179738071629a51574930?s=96&d=mm&r=g","caption":"Jean-Paul Erhard"},"url":"https:\/\/peoplesphere.be\/fr\/author\/jpe\/"}]}},"_links":{"self":[{"href":"https:\/\/peoplesphere.be\/fr\/wp-json\/wp\/v2\/posts\/5316"}],"collection":[{"href":"https:\/\/peoplesphere.be\/fr\/wp-json\/wp\/v2\/posts"}],"about":[{"href":"https:\/\/peoplesphere.be\/fr\/wp-json\/wp\/v2\/types\/post"}],"author":[{"embeddable":true,"href":"https:\/\/peoplesphere.be\/fr\/wp-json\/wp\/v2\/users\/2"}],"replies":[{"embeddable":true,"href":"https:\/\/peoplesphere.be\/fr\/wp-json\/wp\/v2\/comments?post=5316"}],"version-history":[{"count":1,"href":"https:\/\/peoplesphere.be\/fr\/wp-json\/wp\/v2\/posts\/5316\/revisions"}],"predecessor-version":[{"id":5317,"href":"https:\/\/peoplesphere.be\/fr\/wp-json\/wp\/v2\/posts\/5316\/revisions\/5317"}],"wp:featuredmedia":[{"embeddable":true,"href":"https:\/\/peoplesphere.be\/fr\/wp-json\/wp\/v2\/media\/5318"}],"wp:attachment":[{"href":"https:\/\/peoplesphere.be\/fr\/wp-json\/wp\/v2\/media?parent=5316"}],"wp:term":[{"taxonomy":"category","embeddable":true,"href":"https:\/\/peoplesphere.be\/fr\/wp-json\/wp\/v2\/categories?post=5316"},{"taxonomy":"post_tag","embeddable":true,"href":"https:\/\/peoplesphere.be\/fr\/wp-json\/wp\/v2\/tags?post=5316"}],"curies":[{"name":"wp","href":"https:\/\/api.w.org\/{rel}","templated":true}]}}