









{"id":5351,"date":"2017-12-22T13:21:36","date_gmt":"2017-12-22T11:21:36","guid":{"rendered":"http:\/\/www.peoplesphere.be\/fr\/?p=5351"},"modified":"2017-12-22T13:21:36","modified_gmt":"2017-12-22T11:21:36","slug":"securite-sociale-couts-lies-vieillissement-augmentent-depenses-liees-chomage-diminuent","status":"publish","type":"post","link":"https:\/\/peoplesphere.be\/fr\/securite-sociale-couts-lies-vieillissement-augmentent-depenses-liees-chomage-diminuent\/","title":{"rendered":"S\u00e9curit\u00e9 sociale : les co\u00fbts li\u00e9s au vieillissement augmentent, les d\u00e9penses li\u00e9es au ch\u00f4mage diminuent."},"content":{"rendered":"<p>L&rsquo;analyse des donn\u00e9es de la s\u00e9curit\u00e9 sociale nous permet de prendre un peu de hauteur. A l&rsquo;occasion de la publication de SESPROS dont l&rsquo;objet est l&rsquo;analyse de la protection sociale en Belgique et sur le plan de l\u2019Union europ\u00e9enne, nous pouvons constater les tendances lourdes de la s\u00e9cu dans nos contr\u00e9es. Attention cependant,\u00a0cette nouvelle brochure nous donne un aper\u00e7u de l\u2019actualisation des chiffres de la protection sociale belge en 2015.<!--more--><\/p>\n<p>Le SPF S\u00e9curit\u00e9 sociale analyse chaque ann\u00e9e l\u2019\u00e9tat des lieux de la protection sociale en Belgique sur base du Syst\u00e8me europ\u00e9en de statistiques int\u00e9gr\u00e9es de la protection sociale (SESPROS).<\/p>\n<p>Que pouvons-nous constater? Les d\u00e9penses de protection sociale de la Belgique en terme de produit int\u00e9rieur brut (PIB) ont l\u00e9g\u00e8rement augment\u00e9 jusqu\u2019\u00e0 124,8 milliards d\u2019euros en 2015 ou bien jusqu\u2019\u00e0 30,4% du PIB par rapport \u00e0 30,2% du PIB en 2014.<\/p>\n<p><em><strong>D\u00e9penses li\u00e9es au ch\u00f4mage en diminution en 2015 tandis que celles li\u00e9es \u00e0 la vieillesse augmentaient<\/strong><\/em><\/p>\n<p>Par rapport aux donn\u00e9es 2014 de la Belgique, on constate une diminution des d\u00e9penses concernant le ch\u00f4mage, celles-ci passent de 3,4% du PIB en 2014 \u00e0 3,1% du PIB en 2015. Cette diminution est principalement due \u00e0 l\u2019\u00e9volution des facteurs de volume, au saut de l\u2019index qui avait \u00e9t\u00e9 d\u00e9cid\u00e9 par le gouvernement en octobre 2014 et aux diff\u00e9rentes mesures prises par le gouvernement. En termes relatifs, les d\u00e9penses de ch\u00f4mage repr\u00e9sentaient 10,7% du total des prestations de protection sociale en 2015 contre 11,6 % en 2014.<\/p>\n<p>On constate \u00e9galement une l\u00e9g\u00e8re augmentation des d\u00e9penses concernant la protection sociale contre les risques li\u00e9s \u00e0 la vieillesse (comme p.ex. les pensions de vieillesse, des revenus insuffisants, perte de l\u2019autonomie dans les t\u00e2ches de la vie quotidienne\u2026) par rapport \u00e0 2014. Celles-ci repr\u00e9sentaient 10,2% du PIB en 2015 contre 9,8% du PIB en 2014. Ce qui confirme le vieillissement de la population belge.<\/p>\n<p>Si l\u2019on additionne les d\u00e9penses li\u00e9es \u00e0 la survie (c\u00e0d la protection sociale fournie aux survivants d\u2019un d\u00e9funt), les d\u00e9penses de protection sociale y aff\u00e9rentes ont augment\u00e9, passant de 40,3% du total des prestations de protection sociale en 2014 \u00e0 41,5 % en 2015. Les d\u00e9penses li\u00e9es \u00e0 la vieillesse et la survie repr\u00e9sentaient ensemble 49,5 milliards EUR en 2015.<\/p>\n<p>Comparaison des d\u00e9penses et sources de financement belges pour la protection sociale aux autres \u00e9tats-membres de l\u2019EU<br \/>\nAu niveau europ\u00e9en, les d\u00e9penses de protection sociale repr\u00e9sentaient 28,7 % du PIB en 2014 pour les 28 \u00e9tats membres de l\u2019UE. Les d\u00e9penses sociales li\u00e9es \u00e0 la vieillesse \u00e9taient particuli\u00e8rement \u00e9lev\u00e9es pour l\u2019Italie (14,1% du PIB), la France (12,8% du PIB) et la Su\u00e8de (12,2% du PIB). Pour la Belgique, ces d\u00e9penses (9,8% du PIB) restaient sous la moyenne europ\u00e9enne qui s\u2019\u00e9l\u00e8ve \u00e0 11,1% du PIB pour 2014.<\/p>\n<p>Par ailleurs, en 2014, les principales sources de financement de la protection sociale dans toute l\u2019UE sont les cotisations sociales avec en moyenne 54,1% des recettes totales. Quant aux contributions publiques, elles repr\u00e9sentaient 40,5% des recettes totales pour tous les \u00e9tats membres de l\u2019Union europ\u00e9enne. En Belgique, les cotisations sociales repr\u00e9sentaient 59,4% des recettes totales et les contributions publiques 38,4% des recettes totales.<\/p>\n<p><strong><em>Source : SPF S\u00e9curit\u00e9 Sociale<\/em><\/strong><\/p>\n","protected":false},"excerpt":{"rendered":"<p>L&rsquo;analyse des donn\u00e9es de la s\u00e9curit\u00e9 sociale nous permet de prendre un peu de hauteur. A l&rsquo;occasion de la publication de SESPROS dont l&rsquo;objet est l&rsquo;analyse de la protection sociale en Belgique et sur le plan de l\u2019Union europ\u00e9enne, nous [&hellip;]<\/p>\n","protected":false},"author":2,"featured_media":0,"comment_status":"closed","ping_status":"open","sticky":false,"template":"","format":"standard","meta":[],"categories":[65,10],"tags":[92,782,201,58,53],"yoast_head":"<!-- This site is optimized with the Yoast SEO plugin v21.0 - https:\/\/yoast.com\/wordpress\/plugins\/seo\/ -->\n<title>S\u00e9curit\u00e9 sociale : les co\u00fbts li\u00e9s au vieillissement augmentent, les d\u00e9penses li\u00e9es au ch\u00f4mage diminuent. - Peoplesphere<\/title>\n<meta name=\"robots\" content=\"index, follow, max-snippet:-1, max-image-preview:large, max-video-preview:-1\" \/>\n<link rel=\"canonical\" href=\"https:\/\/peoplesphere.be\/fr\/securite-sociale-couts-lies-vieillissement-augmentent-depenses-liees-chomage-diminuent\/\" \/>\n<meta property=\"og:locale\" content=\"fr_FR\" \/>\n<meta property=\"og:type\" content=\"article\" \/>\n<meta property=\"og:title\" content=\"S\u00e9curit\u00e9 sociale : les co\u00fbts li\u00e9s au vieillissement augmentent, les d\u00e9penses li\u00e9es au ch\u00f4mage diminuent. - Peoplesphere\" \/>\n<meta property=\"og:description\" content=\"L&rsquo;analyse des donn\u00e9es de la s\u00e9curit\u00e9 sociale nous permet de prendre un peu de hauteur. A l&rsquo;occasion de la publication de SESPROS dont l&rsquo;objet est l&rsquo;analyse de la protection sociale en Belgique et sur le plan de l\u2019Union europ\u00e9enne, nous [&hellip;]\" \/>\n<meta property=\"og:url\" content=\"https:\/\/peoplesphere.be\/fr\/securite-sociale-couts-lies-vieillissement-augmentent-depenses-liees-chomage-diminuent\/\" \/>\n<meta property=\"og:site_name\" content=\"Peoplesphere\" \/>\n<meta property=\"article:publisher\" content=\"https:\/\/www.facebook.com\/peoplesphere\" \/>\n<meta property=\"article:published_time\" content=\"2017-12-22T11:21:36+00:00\" \/>\n<meta property=\"og:image\" content=\"http:\/\/www.peoplesphere.be\/fr\/wp-content\/uploads\/2016\/07\/facebook-default-posting-1200x628px.jpg\" \/>\n<meta name=\"author\" content=\"Jean-Paul Erhard\" \/>\n<meta name=\"twitter:card\" content=\"summary_large_image\" \/>\n<meta name=\"twitter:creator\" content=\"@PeoplesphereMag\" \/>\n<meta name=\"twitter:site\" content=\"@PeoplesphereMag\" \/>\n<meta name=\"twitter:label1\" content=\"\u00c9crit par\" \/>\n\t<meta name=\"twitter:data1\" content=\"Jean-Paul Erhard\" \/>\n\t<meta name=\"twitter:label2\" content=\"Dur\u00e9e de lecture estim\u00e9e\" \/>\n\t<meta name=\"twitter:data2\" content=\"3 minutes\" \/>\n<script type=\"application\/ld+json\" class=\"yoast-schema-graph\">{\"@context\":\"https:\/\/schema.org\",\"@graph\":[{\"@type\":\"Article\",\"@id\":\"https:\/\/peoplesphere.be\/fr\/securite-sociale-couts-lies-vieillissement-augmentent-depenses-liees-chomage-diminuent\/#article\",\"isPartOf\":{\"@id\":\"https:\/\/peoplesphere.be\/fr\/securite-sociale-couts-lies-vieillissement-augmentent-depenses-liees-chomage-diminuent\/\"},\"author\":{\"name\":\"Jean-Paul Erhard\",\"@id\":\"https:\/\/peoplesphere.be\/fr\/#\/schema\/person\/7976225ff17988604334abb7b3536a7e\"},\"headline\":\"S\u00e9curit\u00e9 sociale : les co\u00fbts li\u00e9s au vieillissement augmentent, les d\u00e9penses li\u00e9es au ch\u00f4mage diminuent.\",\"datePublished\":\"2017-12-22T11:21:36+00:00\",\"dateModified\":\"2017-12-22T11:21:36+00:00\",\"mainEntityOfPage\":{\"@id\":\"https:\/\/peoplesphere.be\/fr\/securite-sociale-couts-lies-vieillissement-augmentent-depenses-liees-chomage-diminuent\/\"},\"wordCount\":560,\"publisher\":{\"@id\":\"https:\/\/peoplesphere.be\/fr\/#organization\"},\"keywords\":[\"ch\u00f4mage\",\"cotisations sociales\",\"protection sociale\",\"s\u00e9curit\u00e9 sociale\",\"Vieillissement\"],\"articleSection\":[\"Actualit\u00e9s\",\"Digital\"],\"inLanguage\":\"fr-FR\"},{\"@type\":\"WebPage\",\"@id\":\"https:\/\/peoplesphere.be\/fr\/securite-sociale-couts-lies-vieillissement-augmentent-depenses-liees-chomage-diminuent\/\",\"url\":\"https:\/\/peoplesphere.be\/fr\/securite-sociale-couts-lies-vieillissement-augmentent-depenses-liees-chomage-diminuent\/\",\"name\":\"S\u00e9curit\u00e9 sociale : les co\u00fbts li\u00e9s au vieillissement augmentent, les d\u00e9penses li\u00e9es au ch\u00f4mage diminuent. - Peoplesphere\",\"isPartOf\":{\"@id\":\"https:\/\/peoplesphere.be\/fr\/#website\"},\"datePublished\":\"2017-12-22T11:21:36+00:00\",\"dateModified\":\"2017-12-22T11:21:36+00:00\",\"breadcrumb\":{\"@id\":\"https:\/\/peoplesphere.be\/fr\/securite-sociale-couts-lies-vieillissement-augmentent-depenses-liees-chomage-diminuent\/#breadcrumb\"},\"inLanguage\":\"fr-FR\",\"potentialAction\":[{\"@type\":\"ReadAction\",\"target\":[\"https:\/\/peoplesphere.be\/fr\/securite-sociale-couts-lies-vieillissement-augmentent-depenses-liees-chomage-diminuent\/\"]}]},{\"@type\":\"BreadcrumbList\",\"@id\":\"https:\/\/peoplesphere.be\/fr\/securite-sociale-couts-lies-vieillissement-augmentent-depenses-liees-chomage-diminuent\/#breadcrumb\",\"itemListElement\":[{\"@type\":\"ListItem\",\"position\":1,\"name\":\"Accueil\",\"item\":\"https:\/\/peoplesphere.be\/fr\/\"},{\"@type\":\"ListItem\",\"position\":2,\"name\":\"S\u00e9curit\u00e9 sociale : les co\u00fbts li\u00e9s au vieillissement augmentent, les d\u00e9penses li\u00e9es au ch\u00f4mage diminuent.\"}]},{\"@type\":\"WebSite\",\"@id\":\"https:\/\/peoplesphere.be\/fr\/#website\",\"url\":\"https:\/\/peoplesphere.be\/fr\/\",\"name\":\"Peoplesphere\",\"description\":\"The People Managers Magazine\",\"publisher\":{\"@id\":\"https:\/\/peoplesphere.be\/fr\/#organization\"},\"potentialAction\":[{\"@type\":\"SearchAction\",\"target\":{\"@type\":\"EntryPoint\",\"urlTemplate\":\"https:\/\/peoplesphere.be\/fr\/?s={search_term_string}\"},\"query-input\":\"required name=search_term_string\"}],\"inLanguage\":\"fr-FR\"},{\"@type\":\"Organization\",\"@id\":\"https:\/\/peoplesphere.be\/fr\/#organization\",\"name\":\"Peoplesphere Company srl\",\"url\":\"https:\/\/peoplesphere.be\/fr\/\",\"logo\":{\"@type\":\"ImageObject\",\"inLanguage\":\"fr-FR\",\"@id\":\"https:\/\/peoplesphere.be\/fr\/#\/schema\/logo\/image\/\",\"url\":\"https:\/\/peoplesphere.be\/fr\/wp-content\/uploads\/2023\/07\/peoplesphere-lgo-new-generik.jpg\",\"contentUrl\":\"https:\/\/peoplesphere.be\/fr\/wp-content\/uploads\/2023\/07\/peoplesphere-lgo-new-generik.jpg\",\"width\":1031,\"height\":1479,\"caption\":\"Peoplesphere Company srl\"},\"image\":{\"@id\":\"https:\/\/peoplesphere.be\/fr\/#\/schema\/logo\/image\/\"},\"sameAs\":[\"https:\/\/www.facebook.com\/peoplesphere\",\"https:\/\/twitter.com\/PeoplesphereMag\",\"https:\/\/www.linkedin.com\/company\/7587361?trk\",\"http:\/\/youtube.com\/peoplesphere\"]},{\"@type\":\"Person\",\"@id\":\"https:\/\/peoplesphere.be\/fr\/#\/schema\/person\/7976225ff17988604334abb7b3536a7e\",\"name\":\"Jean-Paul Erhard\",\"image\":{\"@type\":\"ImageObject\",\"inLanguage\":\"fr-FR\",\"@id\":\"https:\/\/peoplesphere.be\/fr\/#\/schema\/person\/image\/\",\"url\":\"https:\/\/secure.gravatar.com\/avatar\/f941e681460179738071629a51574930?s=96&d=mm&r=g\",\"contentUrl\":\"https:\/\/secure.gravatar.com\/avatar\/f941e681460179738071629a51574930?s=96&d=mm&r=g\",\"caption\":\"Jean-Paul Erhard\"},\"url\":\"https:\/\/peoplesphere.be\/fr\/author\/jpe\/\"}]}<\/script>\n<!-- \/ Yoast SEO plugin. -->","yoast_head_json":{"title":"S\u00e9curit\u00e9 sociale : les co\u00fbts li\u00e9s au vieillissement augmentent, les d\u00e9penses li\u00e9es au ch\u00f4mage diminuent. - Peoplesphere","robots":{"index":"index","follow":"follow","max-snippet":"max-snippet:-1","max-image-preview":"max-image-preview:large","max-video-preview":"max-video-preview:-1"},"canonical":"https:\/\/peoplesphere.be\/fr\/securite-sociale-couts-lies-vieillissement-augmentent-depenses-liees-chomage-diminuent\/","og_locale":"fr_FR","og_type":"article","og_title":"S\u00e9curit\u00e9 sociale : les co\u00fbts li\u00e9s au vieillissement augmentent, les d\u00e9penses li\u00e9es au ch\u00f4mage diminuent. - Peoplesphere","og_description":"L&rsquo;analyse des donn\u00e9es de la s\u00e9curit\u00e9 sociale nous permet de prendre un peu de hauteur. A l&rsquo;occasion de la publication de SESPROS dont l&rsquo;objet est l&rsquo;analyse de la protection sociale en Belgique et sur le plan de l\u2019Union europ\u00e9enne, nous [&hellip;]","og_url":"https:\/\/peoplesphere.be\/fr\/securite-sociale-couts-lies-vieillissement-augmentent-depenses-liees-chomage-diminuent\/","og_site_name":"Peoplesphere","article_publisher":"https:\/\/www.facebook.com\/peoplesphere","article_published_time":"2017-12-22T11:21:36+00:00","og_image":[{"url":"http:\/\/www.peoplesphere.be\/fr\/wp-content\/uploads\/2016\/07\/facebook-default-posting-1200x628px.jpg"}],"author":"Jean-Paul Erhard","twitter_card":"summary_large_image","twitter_creator":"@PeoplesphereMag","twitter_site":"@PeoplesphereMag","twitter_misc":{"\u00c9crit par":"Jean-Paul Erhard","Dur\u00e9e de lecture estim\u00e9e":"3 minutes"},"schema":{"@context":"https:\/\/schema.org","@graph":[{"@type":"Article","@id":"https:\/\/peoplesphere.be\/fr\/securite-sociale-couts-lies-vieillissement-augmentent-depenses-liees-chomage-diminuent\/#article","isPartOf":{"@id":"https:\/\/peoplesphere.be\/fr\/securite-sociale-couts-lies-vieillissement-augmentent-depenses-liees-chomage-diminuent\/"},"author":{"name":"Jean-Paul Erhard","@id":"https:\/\/peoplesphere.be\/fr\/#\/schema\/person\/7976225ff17988604334abb7b3536a7e"},"headline":"S\u00e9curit\u00e9 sociale : les co\u00fbts li\u00e9s au vieillissement augmentent, les d\u00e9penses li\u00e9es au ch\u00f4mage diminuent.","datePublished":"2017-12-22T11:21:36+00:00","dateModified":"2017-12-22T11:21:36+00:00","mainEntityOfPage":{"@id":"https:\/\/peoplesphere.be\/fr\/securite-sociale-couts-lies-vieillissement-augmentent-depenses-liees-chomage-diminuent\/"},"wordCount":560,"publisher":{"@id":"https:\/\/peoplesphere.be\/fr\/#organization"},"keywords":["ch\u00f4mage","cotisations sociales","protection sociale","s\u00e9curit\u00e9 sociale","Vieillissement"],"articleSection":["Actualit\u00e9s","Digital"],"inLanguage":"fr-FR"},{"@type":"WebPage","@id":"https:\/\/peoplesphere.be\/fr\/securite-sociale-couts-lies-vieillissement-augmentent-depenses-liees-chomage-diminuent\/","url":"https:\/\/peoplesphere.be\/fr\/securite-sociale-couts-lies-vieillissement-augmentent-depenses-liees-chomage-diminuent\/","name":"S\u00e9curit\u00e9 sociale : les co\u00fbts li\u00e9s au vieillissement augmentent, les d\u00e9penses li\u00e9es au ch\u00f4mage diminuent. - Peoplesphere","isPartOf":{"@id":"https:\/\/peoplesphere.be\/fr\/#website"},"datePublished":"2017-12-22T11:21:36+00:00","dateModified":"2017-12-22T11:21:36+00:00","breadcrumb":{"@id":"https:\/\/peoplesphere.be\/fr\/securite-sociale-couts-lies-vieillissement-augmentent-depenses-liees-chomage-diminuent\/#breadcrumb"},"inLanguage":"fr-FR","potentialAction":[{"@type":"ReadAction","target":["https:\/\/peoplesphere.be\/fr\/securite-sociale-couts-lies-vieillissement-augmentent-depenses-liees-chomage-diminuent\/"]}]},{"@type":"BreadcrumbList","@id":"https:\/\/peoplesphere.be\/fr\/securite-sociale-couts-lies-vieillissement-augmentent-depenses-liees-chomage-diminuent\/#breadcrumb","itemListElement":[{"@type":"ListItem","position":1,"name":"Accueil","item":"https:\/\/peoplesphere.be\/fr\/"},{"@type":"ListItem","position":2,"name":"S\u00e9curit\u00e9 sociale : les co\u00fbts li\u00e9s au vieillissement augmentent, les d\u00e9penses li\u00e9es au ch\u00f4mage diminuent."}]},{"@type":"WebSite","@id":"https:\/\/peoplesphere.be\/fr\/#website","url":"https:\/\/peoplesphere.be\/fr\/","name":"Peoplesphere","description":"The People Managers Magazine","publisher":{"@id":"https:\/\/peoplesphere.be\/fr\/#organization"},"potentialAction":[{"@type":"SearchAction","target":{"@type":"EntryPoint","urlTemplate":"https:\/\/peoplesphere.be\/fr\/?s={search_term_string}"},"query-input":"required name=search_term_string"}],"inLanguage":"fr-FR"},{"@type":"Organization","@id":"https:\/\/peoplesphere.be\/fr\/#organization","name":"Peoplesphere Company srl","url":"https:\/\/peoplesphere.be\/fr\/","logo":{"@type":"ImageObject","inLanguage":"fr-FR","@id":"https:\/\/peoplesphere.be\/fr\/#\/schema\/logo\/image\/","url":"https:\/\/peoplesphere.be\/fr\/wp-content\/uploads\/2023\/07\/peoplesphere-lgo-new-generik.jpg","contentUrl":"https:\/\/peoplesphere.be\/fr\/wp-content\/uploads\/2023\/07\/peoplesphere-lgo-new-generik.jpg","width":1031,"height":1479,"caption":"Peoplesphere Company srl"},"image":{"@id":"https:\/\/peoplesphere.be\/fr\/#\/schema\/logo\/image\/"},"sameAs":["https:\/\/www.facebook.com\/peoplesphere","https:\/\/twitter.com\/PeoplesphereMag","https:\/\/www.linkedin.com\/company\/7587361?trk","http:\/\/youtube.com\/peoplesphere"]},{"@type":"Person","@id":"https:\/\/peoplesphere.be\/fr\/#\/schema\/person\/7976225ff17988604334abb7b3536a7e","name":"Jean-Paul Erhard","image":{"@type":"ImageObject","inLanguage":"fr-FR","@id":"https:\/\/peoplesphere.be\/fr\/#\/schema\/person\/image\/","url":"https:\/\/secure.gravatar.com\/avatar\/f941e681460179738071629a51574930?s=96&d=mm&r=g","contentUrl":"https:\/\/secure.gravatar.com\/avatar\/f941e681460179738071629a51574930?s=96&d=mm&r=g","caption":"Jean-Paul Erhard"},"url":"https:\/\/peoplesphere.be\/fr\/author\/jpe\/"}]}},"_links":{"self":[{"href":"https:\/\/peoplesphere.be\/fr\/wp-json\/wp\/v2\/posts\/5351"}],"collection":[{"href":"https:\/\/peoplesphere.be\/fr\/wp-json\/wp\/v2\/posts"}],"about":[{"href":"https:\/\/peoplesphere.be\/fr\/wp-json\/wp\/v2\/types\/post"}],"author":[{"embeddable":true,"href":"https:\/\/peoplesphere.be\/fr\/wp-json\/wp\/v2\/users\/2"}],"replies":[{"embeddable":true,"href":"https:\/\/peoplesphere.be\/fr\/wp-json\/wp\/v2\/comments?post=5351"}],"version-history":[{"count":1,"href":"https:\/\/peoplesphere.be\/fr\/wp-json\/wp\/v2\/posts\/5351\/revisions"}],"predecessor-version":[{"id":5352,"href":"https:\/\/peoplesphere.be\/fr\/wp-json\/wp\/v2\/posts\/5351\/revisions\/5352"}],"wp:attachment":[{"href":"https:\/\/peoplesphere.be\/fr\/wp-json\/wp\/v2\/media?parent=5351"}],"wp:term":[{"taxonomy":"category","embeddable":true,"href":"https:\/\/peoplesphere.be\/fr\/wp-json\/wp\/v2\/categories?post=5351"},{"taxonomy":"post_tag","embeddable":true,"href":"https:\/\/peoplesphere.be\/fr\/wp-json\/wp\/v2\/tags?post=5351"}],"curies":[{"name":"wp","href":"https:\/\/api.w.org\/{rel}","templated":true}]}}