









{"id":5354,"date":"2017-12-27T15:27:16","date_gmt":"2017-12-27T13:27:16","guid":{"rendered":"http:\/\/www.peoplesphere.be\/fr\/?p=5354"},"modified":"2017-12-27T15:27:16","modified_gmt":"2017-12-27T13:27:16","slug":"pme-face-defi-de-croissance-2018-principaux-enjeux-seront-domaine-rh","status":"publish","type":"post","link":"https:\/\/peoplesphere.be\/fr\/pme-face-defi-de-croissance-2018-principaux-enjeux-seront-domaine-rh\/","title":{"rendered":"Les PME face au d\u00e9fi de la croissance en 2018 : les principaux enjeux seront du domaine des RH."},"content":{"rendered":"<p>43 % des PME estiment que (ne pas) trouver les bons collaborateurs repr\u00e9sentera une grande voire une tr\u00e8s grande menace pour la croissance l&rsquo;ann\u00e9e prochaine<br \/>\nPr\u00e8s de trois PME sur quatre estiment qu&rsquo;une nouvelle baisse des co\u00fbts salariaux constituerait une opportunit\u00e9 majeure pour poursuivre la croissance en 2018.<!--more--><br \/>\nNos PME citent en premier lieu le fait de ne pas trouver de personnel ad\u00e9quat comme menace pesant sur la croissance en 2018. C&rsquo;est ce que r\u00e9v\u00e8le une enqu\u00eate de\u00a0SD Worx aupr\u00e8s de 547 PME belges.<\/p>\n<p>Selon pr\u00e8s de trois PME belges sur quatre, une nouvelle baisse des co\u00fbts salariaux serait une tr\u00e8s grande opportunit\u00e9 pour poursuivre la croissance. Parmi les autres acc\u00e9l\u00e9rateurs potentiels de croissance, citons une simplification de l&rsquo;administration sociale (49,9 %), le fait de trouver des candidats ad\u00e9quats (48,5 %) et une baisse de l&rsquo;imp\u00f4t des soci\u00e9t\u00e9s (47,2 %). Chose surprenante, seul un quart des PME consid\u00e8re les \u00ab nouvelles technologies \u00bb comme une opportunit\u00e9 de croissance, malgr\u00e9 la forte vague de num\u00e9risation.<\/p>\n<p><strong><em>Trouver les bons collaborateurs pose le plus souvent probl\u00e8me.<\/em><\/strong><\/p>\n<p>Recruter et garder des travailleurs demeure un point d\u00e9licat pour les PME. En effet, 43 % d\u00e9clarent que ne pas trouver les collaborateurs qui leur sont n\u00e9cessaires repr\u00e9sente une grande voire une tr\u00e8s grande menace pour l&rsquo;essor de leur entreprise en 2018. En outre, pr\u00e8s d&rsquo;un quart des entreprises (27 %) est convaincu que la rotation et le manque de r\u00e9tention des travailleurs constituent de grandes menaces.<\/p>\n<p>En outre, pas moins d&rsquo;un tiers des entreprises s&rsquo;inqui\u00e8tent de l&rsquo;encadrement l\u00e9gal de leurs activit\u00e9s. Il appara\u00eet que 37 % des PME affirment que les modifications incessantes de la r\u00e9glementation fiscale repr\u00e9sentent une grande voire une tr\u00e8s grande menace, comme les imp\u00f4ts sur l&rsquo;\u00e9nergie. Par ailleurs, 35 % per\u00e7oivent la r\u00e9glementation stricte en mati\u00e8re d&rsquo;organisation du travail comme un frein \u00e0 la croissance et 34 % estiment que les changements constants sur le plan sociojuridique peuvent compromettre leurs activit\u00e9s.<\/p>\n<p>Les PME s&rsquo;inqui\u00e8tent aussi de la mobilit\u00e9 de leurs collaborateurs. De mani\u00e8re g\u00e9n\u00e9rale, 19 % la voient comme une grande voire une tr\u00e8s grande menace, tandis que 39 % consid\u00e8rent qu&rsquo;elle implique un risque faible ou nul. Les r\u00e9ponses d\u00e9pendent de la taille de l&rsquo;entreprise : parmi les PME de moins de 20 travailleurs, 42,6 % jugent que la mobilit\u00e9 des collaborateurs ne repr\u00e9sente pas une grande menace. Ce nombre baisse \u00e0 30,1 % pour les entreprises qui occupent entre 20 et 49 travailleurs et \u00e0 18,3 % pour les PME de plus de 50 collaborateurs.<\/p>\n<p>Pour la plupart des PME, des charges salariales inf\u00e9rieures riment avec une grande opportunit\u00e9 de croissance.<\/p>\n<p>En 2016, le gouvernement f\u00e9d\u00e9ral belge a introduit le tax shift, impliquant une baisse consid\u00e9rable des co\u00fbts salariaux pour les entreprises. Malgr\u00e9 cette aide financi\u00e8re, pr\u00e8s de trois PME belges sur quatre (74,6 %) estiment encore qu&rsquo;une (nouvelle) baisse des co\u00fbts salariaux constituerait une opportunit\u00e9 non n\u00e9gligeable pour poursuivre leur croissance. Les entreprises croient principalement en l&rsquo;impact positif des baisses des charges ; les cinq autres options ont enregistr\u00e9 un score nettement inf\u00e9rieur : simplifier la r\u00e9glementation en mati\u00e8re d&rsquo;administration sociale a atteint 49,9 %, trouver les bons collaborateurs 48,5 % et diminuer l&rsquo;imp\u00f4t des soci\u00e9t\u00e9s 47,2 %. Un peu plus d&rsquo;un tiers (36,9 %) des PME consid\u00e8re une r\u00e9glementation plus simple concernant la collaboration entre l&rsquo;entreprise et les travailleurs comme une opportunit\u00e9 de croissance. Pas plus d&rsquo;un quart juge que les technologies \u00e0 \u00e9volution rapide peuvent faire cro\u00eetre l&rsquo;entreprise.<br \/>\nJohan Van Duyse : <em>\u00ab\u00a0Ces chiffres montrent surtout que les PME belges ont vraiment diff\u00e9rents besoins, selon leur taille, afin de poursuivre leur croissance. Il n&rsquo;est pas tr\u00e8s surprenant que la nouvelle baisse des co\u00fbts salariaux soit la solution par excellence pour de nombreuses PME pour r\u00e9aliser un essor. Il est essentiel de souligner que le tax shift en deux phases entra\u00eene une diminution des co\u00fbts salariaux pour les entreprises marchandes. Les cotisations patronales de base ont baiss\u00e9 une premi\u00e8re fois en 2016. La deuxi\u00e8me \u00e9tape suit d\u00e8s le 1er janvier 2018. Une diminution des co\u00fbts signifie que les PME peuvent investir davantage, qu&rsquo;une entreprise soit active dans le secteur des technologies ou du transport. Enfin, la mobilit\u00e9 devient manifestement un plus grand probl\u00e8me \u00e0 mesure que l&rsquo;entreprise occupe plus de collaborateurs. Les plus petites entreprises ont davantage de collaborateurs habitant dans les environs imm\u00e9diats.\u00a0\u00bb<\/em><\/p>\n","protected":false},"excerpt":{"rendered":"<p>43 % des PME estiment que (ne pas) trouver les bons collaborateurs repr\u00e9sentera une grande voire une tr\u00e8s grande menace pour la croissance l&rsquo;ann\u00e9e prochaine Pr\u00e8s de trois PME sur quatre estiment qu&rsquo;une nouvelle baisse des co\u00fbts salariaux constituerait une [&hellip;]<\/p>\n","protected":false},"author":2,"featured_media":0,"comment_status":"closed","ping_status":"open","sticky":false,"template":"","format":"standard","meta":[],"categories":[65,10],"tags":[519,1695,1696,1697,671,100],"yoast_head":"<!-- This site is optimized with the Yoast SEO plugin v21.0 - https:\/\/yoast.com\/wordpress\/plugins\/seo\/ -->\n<title>Les PME face au d\u00e9fi de la croissance en 2018 : les principaux enjeux seront du domaine des RH. - Peoplesphere<\/title>\n<meta name=\"robots\" content=\"index, follow, max-snippet:-1, max-image-preview:large, max-video-preview:-1\" \/>\n<link rel=\"canonical\" href=\"https:\/\/peoplesphere.be\/fr\/pme-face-defi-de-croissance-2018-principaux-enjeux-seront-domaine-rh\/\" \/>\n<meta property=\"og:locale\" content=\"fr_FR\" \/>\n<meta property=\"og:type\" content=\"article\" \/>\n<meta property=\"og:title\" content=\"Les PME face au d\u00e9fi de la croissance en 2018 : les principaux enjeux seront du domaine des RH. - Peoplesphere\" \/>\n<meta property=\"og:description\" content=\"43 % des PME estiment que (ne pas) trouver les bons collaborateurs repr\u00e9sentera une grande voire une tr\u00e8s grande menace pour la croissance l&rsquo;ann\u00e9e prochaine Pr\u00e8s de trois PME sur quatre estiment qu&rsquo;une nouvelle baisse des co\u00fbts salariaux constituerait une [&hellip;]\" \/>\n<meta property=\"og:url\" content=\"https:\/\/peoplesphere.be\/fr\/pme-face-defi-de-croissance-2018-principaux-enjeux-seront-domaine-rh\/\" \/>\n<meta property=\"og:site_name\" content=\"Peoplesphere\" \/>\n<meta property=\"article:publisher\" content=\"https:\/\/www.facebook.com\/peoplesphere\" \/>\n<meta property=\"article:published_time\" content=\"2017-12-27T13:27:16+00:00\" \/>\n<meta property=\"og:image\" content=\"http:\/\/www.peoplesphere.be\/fr\/wp-content\/uploads\/2016\/07\/facebook-default-posting-1200x628px.jpg\" \/>\n<meta name=\"author\" content=\"Jean-Paul Erhard\" \/>\n<meta name=\"twitter:card\" content=\"summary_large_image\" \/>\n<meta name=\"twitter:creator\" content=\"@PeoplesphereMag\" \/>\n<meta name=\"twitter:site\" content=\"@PeoplesphereMag\" \/>\n<meta name=\"twitter:label1\" content=\"\u00c9crit par\" \/>\n\t<meta name=\"twitter:data1\" content=\"Jean-Paul Erhard\" \/>\n\t<meta name=\"twitter:label2\" content=\"Dur\u00e9e de lecture estim\u00e9e\" \/>\n\t<meta name=\"twitter:data2\" content=\"4 minutes\" \/>\n<script type=\"application\/ld+json\" class=\"yoast-schema-graph\">{\"@context\":\"https:\/\/schema.org\",\"@graph\":[{\"@type\":\"Article\",\"@id\":\"https:\/\/peoplesphere.be\/fr\/pme-face-defi-de-croissance-2018-principaux-enjeux-seront-domaine-rh\/#article\",\"isPartOf\":{\"@id\":\"https:\/\/peoplesphere.be\/fr\/pme-face-defi-de-croissance-2018-principaux-enjeux-seront-domaine-rh\/\"},\"author\":{\"name\":\"Jean-Paul Erhard\",\"@id\":\"https:\/\/peoplesphere.be\/fr\/#\/schema\/person\/7976225ff17988604334abb7b3536a7e\"},\"headline\":\"Les PME face au d\u00e9fi de la croissance en 2018 : les principaux enjeux seront du domaine des RH.\",\"datePublished\":\"2017-12-27T13:27:16+00:00\",\"dateModified\":\"2017-12-27T13:27:16+00:00\",\"mainEntityOfPage\":{\"@id\":\"https:\/\/peoplesphere.be\/fr\/pme-face-defi-de-croissance-2018-principaux-enjeux-seront-domaine-rh\/\"},\"wordCount\":756,\"publisher\":{\"@id\":\"https:\/\/peoplesphere.be\/fr\/#organization\"},\"keywords\":[\"attractivit\u00e9\",\"co\u00fbts salariaux\",\"guerre des talents recrutement\",\"r\u00e9tention des collaborateurs\",\"SD Worx\",\"tax shift\"],\"articleSection\":[\"Actualit\u00e9s\",\"Digital\"],\"inLanguage\":\"fr-FR\"},{\"@type\":\"WebPage\",\"@id\":\"https:\/\/peoplesphere.be\/fr\/pme-face-defi-de-croissance-2018-principaux-enjeux-seront-domaine-rh\/\",\"url\":\"https:\/\/peoplesphere.be\/fr\/pme-face-defi-de-croissance-2018-principaux-enjeux-seront-domaine-rh\/\",\"name\":\"Les PME face au d\u00e9fi de la croissance en 2018 : les principaux enjeux seront du domaine des RH. - Peoplesphere\",\"isPartOf\":{\"@id\":\"https:\/\/peoplesphere.be\/fr\/#website\"},\"datePublished\":\"2017-12-27T13:27:16+00:00\",\"dateModified\":\"2017-12-27T13:27:16+00:00\",\"breadcrumb\":{\"@id\":\"https:\/\/peoplesphere.be\/fr\/pme-face-defi-de-croissance-2018-principaux-enjeux-seront-domaine-rh\/#breadcrumb\"},\"inLanguage\":\"fr-FR\",\"potentialAction\":[{\"@type\":\"ReadAction\",\"target\":[\"https:\/\/peoplesphere.be\/fr\/pme-face-defi-de-croissance-2018-principaux-enjeux-seront-domaine-rh\/\"]}]},{\"@type\":\"BreadcrumbList\",\"@id\":\"https:\/\/peoplesphere.be\/fr\/pme-face-defi-de-croissance-2018-principaux-enjeux-seront-domaine-rh\/#breadcrumb\",\"itemListElement\":[{\"@type\":\"ListItem\",\"position\":1,\"name\":\"Accueil\",\"item\":\"https:\/\/peoplesphere.be\/fr\/\"},{\"@type\":\"ListItem\",\"position\":2,\"name\":\"Les PME face au d\u00e9fi de la croissance en 2018 : les principaux enjeux seront du domaine des RH.\"}]},{\"@type\":\"WebSite\",\"@id\":\"https:\/\/peoplesphere.be\/fr\/#website\",\"url\":\"https:\/\/peoplesphere.be\/fr\/\",\"name\":\"Peoplesphere\",\"description\":\"The People Managers Magazine\",\"publisher\":{\"@id\":\"https:\/\/peoplesphere.be\/fr\/#organization\"},\"potentialAction\":[{\"@type\":\"SearchAction\",\"target\":{\"@type\":\"EntryPoint\",\"urlTemplate\":\"https:\/\/peoplesphere.be\/fr\/?s={search_term_string}\"},\"query-input\":\"required name=search_term_string\"}],\"inLanguage\":\"fr-FR\"},{\"@type\":\"Organization\",\"@id\":\"https:\/\/peoplesphere.be\/fr\/#organization\",\"name\":\"Peoplesphere Company srl\",\"url\":\"https:\/\/peoplesphere.be\/fr\/\",\"logo\":{\"@type\":\"ImageObject\",\"inLanguage\":\"fr-FR\",\"@id\":\"https:\/\/peoplesphere.be\/fr\/#\/schema\/logo\/image\/\",\"url\":\"https:\/\/peoplesphere.be\/fr\/wp-content\/uploads\/2023\/07\/peoplesphere-lgo-new-generik.jpg\",\"contentUrl\":\"https:\/\/peoplesphere.be\/fr\/wp-content\/uploads\/2023\/07\/peoplesphere-lgo-new-generik.jpg\",\"width\":1031,\"height\":1479,\"caption\":\"Peoplesphere Company srl\"},\"image\":{\"@id\":\"https:\/\/peoplesphere.be\/fr\/#\/schema\/logo\/image\/\"},\"sameAs\":[\"https:\/\/www.facebook.com\/peoplesphere\",\"https:\/\/twitter.com\/PeoplesphereMag\",\"https:\/\/www.linkedin.com\/company\/7587361?trk\",\"http:\/\/youtube.com\/peoplesphere\"]},{\"@type\":\"Person\",\"@id\":\"https:\/\/peoplesphere.be\/fr\/#\/schema\/person\/7976225ff17988604334abb7b3536a7e\",\"name\":\"Jean-Paul Erhard\",\"image\":{\"@type\":\"ImageObject\",\"inLanguage\":\"fr-FR\",\"@id\":\"https:\/\/peoplesphere.be\/fr\/#\/schema\/person\/image\/\",\"url\":\"https:\/\/secure.gravatar.com\/avatar\/f941e681460179738071629a51574930?s=96&d=mm&r=g\",\"contentUrl\":\"https:\/\/secure.gravatar.com\/avatar\/f941e681460179738071629a51574930?s=96&d=mm&r=g\",\"caption\":\"Jean-Paul Erhard\"},\"url\":\"https:\/\/peoplesphere.be\/fr\/author\/jpe\/\"}]}<\/script>\n<!-- \/ Yoast SEO plugin. -->","yoast_head_json":{"title":"Les PME face au d\u00e9fi de la croissance en 2018 : les principaux enjeux seront du domaine des RH. - Peoplesphere","robots":{"index":"index","follow":"follow","max-snippet":"max-snippet:-1","max-image-preview":"max-image-preview:large","max-video-preview":"max-video-preview:-1"},"canonical":"https:\/\/peoplesphere.be\/fr\/pme-face-defi-de-croissance-2018-principaux-enjeux-seront-domaine-rh\/","og_locale":"fr_FR","og_type":"article","og_title":"Les PME face au d\u00e9fi de la croissance en 2018 : les principaux enjeux seront du domaine des RH. - Peoplesphere","og_description":"43 % des PME estiment que (ne pas) trouver les bons collaborateurs repr\u00e9sentera une grande voire une tr\u00e8s grande menace pour la croissance l&rsquo;ann\u00e9e prochaine Pr\u00e8s de trois PME sur quatre estiment qu&rsquo;une nouvelle baisse des co\u00fbts salariaux constituerait une [&hellip;]","og_url":"https:\/\/peoplesphere.be\/fr\/pme-face-defi-de-croissance-2018-principaux-enjeux-seront-domaine-rh\/","og_site_name":"Peoplesphere","article_publisher":"https:\/\/www.facebook.com\/peoplesphere","article_published_time":"2017-12-27T13:27:16+00:00","og_image":[{"url":"http:\/\/www.peoplesphere.be\/fr\/wp-content\/uploads\/2016\/07\/facebook-default-posting-1200x628px.jpg"}],"author":"Jean-Paul Erhard","twitter_card":"summary_large_image","twitter_creator":"@PeoplesphereMag","twitter_site":"@PeoplesphereMag","twitter_misc":{"\u00c9crit par":"Jean-Paul Erhard","Dur\u00e9e de lecture estim\u00e9e":"4 minutes"},"schema":{"@context":"https:\/\/schema.org","@graph":[{"@type":"Article","@id":"https:\/\/peoplesphere.be\/fr\/pme-face-defi-de-croissance-2018-principaux-enjeux-seront-domaine-rh\/#article","isPartOf":{"@id":"https:\/\/peoplesphere.be\/fr\/pme-face-defi-de-croissance-2018-principaux-enjeux-seront-domaine-rh\/"},"author":{"name":"Jean-Paul Erhard","@id":"https:\/\/peoplesphere.be\/fr\/#\/schema\/person\/7976225ff17988604334abb7b3536a7e"},"headline":"Les PME face au d\u00e9fi de la croissance en 2018 : les principaux enjeux seront du domaine des RH.","datePublished":"2017-12-27T13:27:16+00:00","dateModified":"2017-12-27T13:27:16+00:00","mainEntityOfPage":{"@id":"https:\/\/peoplesphere.be\/fr\/pme-face-defi-de-croissance-2018-principaux-enjeux-seront-domaine-rh\/"},"wordCount":756,"publisher":{"@id":"https:\/\/peoplesphere.be\/fr\/#organization"},"keywords":["attractivit\u00e9","co\u00fbts salariaux","guerre des talents recrutement","r\u00e9tention des collaborateurs","SD Worx","tax shift"],"articleSection":["Actualit\u00e9s","Digital"],"inLanguage":"fr-FR"},{"@type":"WebPage","@id":"https:\/\/peoplesphere.be\/fr\/pme-face-defi-de-croissance-2018-principaux-enjeux-seront-domaine-rh\/","url":"https:\/\/peoplesphere.be\/fr\/pme-face-defi-de-croissance-2018-principaux-enjeux-seront-domaine-rh\/","name":"Les PME face au d\u00e9fi de la croissance en 2018 : les principaux enjeux seront du domaine des RH. - Peoplesphere","isPartOf":{"@id":"https:\/\/peoplesphere.be\/fr\/#website"},"datePublished":"2017-12-27T13:27:16+00:00","dateModified":"2017-12-27T13:27:16+00:00","breadcrumb":{"@id":"https:\/\/peoplesphere.be\/fr\/pme-face-defi-de-croissance-2018-principaux-enjeux-seront-domaine-rh\/#breadcrumb"},"inLanguage":"fr-FR","potentialAction":[{"@type":"ReadAction","target":["https:\/\/peoplesphere.be\/fr\/pme-face-defi-de-croissance-2018-principaux-enjeux-seront-domaine-rh\/"]}]},{"@type":"BreadcrumbList","@id":"https:\/\/peoplesphere.be\/fr\/pme-face-defi-de-croissance-2018-principaux-enjeux-seront-domaine-rh\/#breadcrumb","itemListElement":[{"@type":"ListItem","position":1,"name":"Accueil","item":"https:\/\/peoplesphere.be\/fr\/"},{"@type":"ListItem","position":2,"name":"Les PME face au d\u00e9fi de la croissance en 2018 : les principaux enjeux seront du domaine des RH."}]},{"@type":"WebSite","@id":"https:\/\/peoplesphere.be\/fr\/#website","url":"https:\/\/peoplesphere.be\/fr\/","name":"Peoplesphere","description":"The People Managers Magazine","publisher":{"@id":"https:\/\/peoplesphere.be\/fr\/#organization"},"potentialAction":[{"@type":"SearchAction","target":{"@type":"EntryPoint","urlTemplate":"https:\/\/peoplesphere.be\/fr\/?s={search_term_string}"},"query-input":"required name=search_term_string"}],"inLanguage":"fr-FR"},{"@type":"Organization","@id":"https:\/\/peoplesphere.be\/fr\/#organization","name":"Peoplesphere Company srl","url":"https:\/\/peoplesphere.be\/fr\/","logo":{"@type":"ImageObject","inLanguage":"fr-FR","@id":"https:\/\/peoplesphere.be\/fr\/#\/schema\/logo\/image\/","url":"https:\/\/peoplesphere.be\/fr\/wp-content\/uploads\/2023\/07\/peoplesphere-lgo-new-generik.jpg","contentUrl":"https:\/\/peoplesphere.be\/fr\/wp-content\/uploads\/2023\/07\/peoplesphere-lgo-new-generik.jpg","width":1031,"height":1479,"caption":"Peoplesphere Company srl"},"image":{"@id":"https:\/\/peoplesphere.be\/fr\/#\/schema\/logo\/image\/"},"sameAs":["https:\/\/www.facebook.com\/peoplesphere","https:\/\/twitter.com\/PeoplesphereMag","https:\/\/www.linkedin.com\/company\/7587361?trk","http:\/\/youtube.com\/peoplesphere"]},{"@type":"Person","@id":"https:\/\/peoplesphere.be\/fr\/#\/schema\/person\/7976225ff17988604334abb7b3536a7e","name":"Jean-Paul Erhard","image":{"@type":"ImageObject","inLanguage":"fr-FR","@id":"https:\/\/peoplesphere.be\/fr\/#\/schema\/person\/image\/","url":"https:\/\/secure.gravatar.com\/avatar\/f941e681460179738071629a51574930?s=96&d=mm&r=g","contentUrl":"https:\/\/secure.gravatar.com\/avatar\/f941e681460179738071629a51574930?s=96&d=mm&r=g","caption":"Jean-Paul Erhard"},"url":"https:\/\/peoplesphere.be\/fr\/author\/jpe\/"}]}},"_links":{"self":[{"href":"https:\/\/peoplesphere.be\/fr\/wp-json\/wp\/v2\/posts\/5354"}],"collection":[{"href":"https:\/\/peoplesphere.be\/fr\/wp-json\/wp\/v2\/posts"}],"about":[{"href":"https:\/\/peoplesphere.be\/fr\/wp-json\/wp\/v2\/types\/post"}],"author":[{"embeddable":true,"href":"https:\/\/peoplesphere.be\/fr\/wp-json\/wp\/v2\/users\/2"}],"replies":[{"embeddable":true,"href":"https:\/\/peoplesphere.be\/fr\/wp-json\/wp\/v2\/comments?post=5354"}],"version-history":[{"count":1,"href":"https:\/\/peoplesphere.be\/fr\/wp-json\/wp\/v2\/posts\/5354\/revisions"}],"predecessor-version":[{"id":5355,"href":"https:\/\/peoplesphere.be\/fr\/wp-json\/wp\/v2\/posts\/5354\/revisions\/5355"}],"wp:attachment":[{"href":"https:\/\/peoplesphere.be\/fr\/wp-json\/wp\/v2\/media?parent=5354"}],"wp:term":[{"taxonomy":"category","embeddable":true,"href":"https:\/\/peoplesphere.be\/fr\/wp-json\/wp\/v2\/categories?post=5354"},{"taxonomy":"post_tag","embeddable":true,"href":"https:\/\/peoplesphere.be\/fr\/wp-json\/wp\/v2\/tags?post=5354"}],"curies":[{"name":"wp","href":"https:\/\/api.w.org\/{rel}","templated":true}]}}