









{"id":5356,"date":"2017-12-28T09:57:50","date_gmt":"2017-12-28T07:57:50","guid":{"rendered":"http:\/\/www.peoplesphere.be\/fr\/?p=5356"},"modified":"2017-12-28T09:57:50","modified_gmt":"2017-12-28T07:57:50","slug":"flexi-jobs-etendus-secteur-commerce-de-detail-1er-janvier-2018","status":"publish","type":"post","link":"https:\/\/peoplesphere.be\/fr\/flexi-jobs-etendus-secteur-commerce-de-detail-1er-janvier-2018\/","title":{"rendered":"Les flexi-jobs \u00e9tendus au secteur du commerce de d\u00e9tail d\u00e8s ce 1er janvier 2018."},"content":{"rendered":"<p>Annonc\u00e9e dans l&rsquo;accord de gouvernement de cet \u00e9t\u00e9, l&rsquo;extension des flex jobs dans le secteur du commerce de d\u00e9tail sera effective d\u00e8s ce 1er janvier 2018. Le dispositif \u00e9tait jusqu&rsquo;\u00e0 pr\u00e9sent limit\u00e9 au secteur horeca. Ce type d&#8217;emploi permet \u00e0 un travailleur, occup\u00e9 \u00e0 4\/5e temps au moins, d&rsquo;effectuer des prestations compl\u00e9mentaires exon\u00e9r\u00e9es de cotisations sociales.<!--more--><\/p>\n<p>La mesure des flexi-jobs dans l&rsquo;horeca a \u00e9t\u00e9 mise en place le 1er janvier 2015. Aujourd&rsquo;hui, on d\u00e9nombre quelque 28.000 emplois flexibles dans 7.300 \u00e9tablissements du secteur, selon les derniers chiffres du cabinet de la ministre des Affaires sociales, Maggie De Block. Fort de ce succ\u00e8s, le gouvernement f\u00e9d\u00e9ral a d\u00e9cid\u00e9 d&rsquo;\u00e9tendre cette forme d&rsquo;occupation \u00ab\u00a0plus souple\u00a0\u00bb au secteur du commerce de d\u00e9tail (bouchers, boulangers, magasins de v\u00eatements, etc.). Les commissions paritaires suivantes sont concern\u00e9es: 118.03, 119, 201, 202.01, 202, 311, 312, 314.<\/p>\n<p>Concr\u00e8tement, les flexi-jobs permettent \u00e0 tout travailleur salari\u00e9 qui preste au moins un 4\/5e temps aupr\u00e8s d&rsquo;un ou plusieurs autres employeurs de faire des \u00e0-c\u00f4t\u00e9s dans l&rsquo;horeca et d\u00e9sormais \u00e9galement, dans le commerce de d\u00e9tail. Ce travailleur occasionnel touche alors un salaire net sur lequel l&#8217;employeur est redevable de 25% de cotisations sp\u00e9ciales aupr\u00e8s de l&rsquo;Office national de S\u00e9curit\u00e9 sociale (ONSS). \u00c0 noter qu&rsquo;\u00e0 partir de ce 1er janvier, les pensionn\u00e9s peuvent \u00e9galement utiliser le syst\u00e8me des flexi-jobs.<\/p>\n<p><em>Source : Belga<\/em><\/p>\n","protected":false},"excerpt":{"rendered":"<p>Annonc\u00e9e dans l&rsquo;accord de gouvernement de cet \u00e9t\u00e9, l&rsquo;extension des flex jobs dans le secteur du commerce de d\u00e9tail sera effective d\u00e8s ce 1er janvier 2018. Le dispositif \u00e9tait jusqu&rsquo;\u00e0 pr\u00e9sent limit\u00e9 au secteur horeca. Ce type d&#8217;emploi permet \u00e0 [&hellip;]<\/p>\n","protected":false},"author":2,"featured_media":0,"comment_status":"closed","ping_status":"open","sticky":false,"template":"","format":"standard","meta":[],"categories":[65,10],"tags":[1699,782,1698,337,924,282],"yoast_head":"<!-- This site is optimized with the Yoast SEO plugin v21.0 - https:\/\/yoast.com\/wordpress\/plugins\/seo\/ -->\n<title>Les flexi-jobs \u00e9tendus au secteur du commerce de d\u00e9tail d\u00e8s ce 1er janvier 2018. - Peoplesphere<\/title>\n<meta name=\"robots\" content=\"index, follow, max-snippet:-1, max-image-preview:large, max-video-preview:-1\" \/>\n<link rel=\"canonical\" href=\"https:\/\/peoplesphere.be\/fr\/flexi-jobs-etendus-secteur-commerce-de-detail-1er-janvier-2018\/\" \/>\n<meta property=\"og:locale\" content=\"fr_FR\" \/>\n<meta property=\"og:type\" content=\"article\" \/>\n<meta property=\"og:title\" content=\"Les flexi-jobs \u00e9tendus au secteur du commerce de d\u00e9tail d\u00e8s ce 1er janvier 2018. - Peoplesphere\" \/>\n<meta property=\"og:description\" content=\"Annonc\u00e9e dans l&rsquo;accord de gouvernement de cet \u00e9t\u00e9, l&rsquo;extension des flex jobs dans le secteur du commerce de d\u00e9tail sera effective d\u00e8s ce 1er janvier 2018. Le dispositif \u00e9tait jusqu&rsquo;\u00e0 pr\u00e9sent limit\u00e9 au secteur horeca. Ce type d&#8217;emploi permet \u00e0 [&hellip;]\" \/>\n<meta property=\"og:url\" content=\"https:\/\/peoplesphere.be\/fr\/flexi-jobs-etendus-secteur-commerce-de-detail-1er-janvier-2018\/\" \/>\n<meta property=\"og:site_name\" content=\"Peoplesphere\" \/>\n<meta property=\"article:publisher\" content=\"https:\/\/www.facebook.com\/peoplesphere\" \/>\n<meta property=\"article:published_time\" content=\"2017-12-28T07:57:50+00:00\" \/>\n<meta property=\"og:image\" content=\"http:\/\/www.peoplesphere.be\/fr\/wp-content\/uploads\/2016\/07\/facebook-default-posting-1200x628px.jpg\" \/>\n<meta name=\"author\" content=\"Jean-Paul Erhard\" \/>\n<meta name=\"twitter:card\" content=\"summary_large_image\" \/>\n<meta name=\"twitter:creator\" content=\"@PeoplesphereMag\" \/>\n<meta name=\"twitter:site\" content=\"@PeoplesphereMag\" \/>\n<meta name=\"twitter:label1\" content=\"\u00c9crit par\" \/>\n\t<meta name=\"twitter:data1\" content=\"Jean-Paul Erhard\" \/>\n\t<meta name=\"twitter:label2\" content=\"Dur\u00e9e de lecture estim\u00e9e\" \/>\n\t<meta name=\"twitter:data2\" content=\"1 minute\" \/>\n<script type=\"application\/ld+json\" class=\"yoast-schema-graph\">{\"@context\":\"https:\/\/schema.org\",\"@graph\":[{\"@type\":\"Article\",\"@id\":\"https:\/\/peoplesphere.be\/fr\/flexi-jobs-etendus-secteur-commerce-de-detail-1er-janvier-2018\/#article\",\"isPartOf\":{\"@id\":\"https:\/\/peoplesphere.be\/fr\/flexi-jobs-etendus-secteur-commerce-de-detail-1er-janvier-2018\/\"},\"author\":{\"name\":\"Jean-Paul Erhard\",\"@id\":\"https:\/\/peoplesphere.be\/fr\/#\/schema\/person\/7976225ff17988604334abb7b3536a7e\"},\"headline\":\"Les flexi-jobs \u00e9tendus au secteur du commerce de d\u00e9tail d\u00e8s ce 1er janvier 2018.\",\"datePublished\":\"2017-12-28T07:57:50+00:00\",\"dateModified\":\"2017-12-28T07:57:50+00:00\",\"mainEntityOfPage\":{\"@id\":\"https:\/\/peoplesphere.be\/fr\/flexi-jobs-etendus-secteur-commerce-de-detail-1er-janvier-2018\/\"},\"wordCount\":244,\"publisher\":{\"@id\":\"https:\/\/peoplesphere.be\/fr\/#organization\"},\"keywords\":[\"conventions paritaires\",\"cotisations sociales\",\"flex-jobs\",\"horeca\",\"maggie de block\",\"onss\"],\"articleSection\":[\"Actualit\u00e9s\",\"Digital\"],\"inLanguage\":\"fr-FR\"},{\"@type\":\"WebPage\",\"@id\":\"https:\/\/peoplesphere.be\/fr\/flexi-jobs-etendus-secteur-commerce-de-detail-1er-janvier-2018\/\",\"url\":\"https:\/\/peoplesphere.be\/fr\/flexi-jobs-etendus-secteur-commerce-de-detail-1er-janvier-2018\/\",\"name\":\"Les flexi-jobs \u00e9tendus au secteur du commerce de d\u00e9tail d\u00e8s ce 1er janvier 2018. - Peoplesphere\",\"isPartOf\":{\"@id\":\"https:\/\/peoplesphere.be\/fr\/#website\"},\"datePublished\":\"2017-12-28T07:57:50+00:00\",\"dateModified\":\"2017-12-28T07:57:50+00:00\",\"breadcrumb\":{\"@id\":\"https:\/\/peoplesphere.be\/fr\/flexi-jobs-etendus-secteur-commerce-de-detail-1er-janvier-2018\/#breadcrumb\"},\"inLanguage\":\"fr-FR\",\"potentialAction\":[{\"@type\":\"ReadAction\",\"target\":[\"https:\/\/peoplesphere.be\/fr\/flexi-jobs-etendus-secteur-commerce-de-detail-1er-janvier-2018\/\"]}]},{\"@type\":\"BreadcrumbList\",\"@id\":\"https:\/\/peoplesphere.be\/fr\/flexi-jobs-etendus-secteur-commerce-de-detail-1er-janvier-2018\/#breadcrumb\",\"itemListElement\":[{\"@type\":\"ListItem\",\"position\":1,\"name\":\"Accueil\",\"item\":\"https:\/\/peoplesphere.be\/fr\/\"},{\"@type\":\"ListItem\",\"position\":2,\"name\":\"Les flexi-jobs \u00e9tendus au secteur du commerce de d\u00e9tail d\u00e8s ce 1er janvier 2018.\"}]},{\"@type\":\"WebSite\",\"@id\":\"https:\/\/peoplesphere.be\/fr\/#website\",\"url\":\"https:\/\/peoplesphere.be\/fr\/\",\"name\":\"Peoplesphere\",\"description\":\"The People Managers Magazine\",\"publisher\":{\"@id\":\"https:\/\/peoplesphere.be\/fr\/#organization\"},\"potentialAction\":[{\"@type\":\"SearchAction\",\"target\":{\"@type\":\"EntryPoint\",\"urlTemplate\":\"https:\/\/peoplesphere.be\/fr\/?s={search_term_string}\"},\"query-input\":\"required name=search_term_string\"}],\"inLanguage\":\"fr-FR\"},{\"@type\":\"Organization\",\"@id\":\"https:\/\/peoplesphere.be\/fr\/#organization\",\"name\":\"Peoplesphere Company srl\",\"url\":\"https:\/\/peoplesphere.be\/fr\/\",\"logo\":{\"@type\":\"ImageObject\",\"inLanguage\":\"fr-FR\",\"@id\":\"https:\/\/peoplesphere.be\/fr\/#\/schema\/logo\/image\/\",\"url\":\"https:\/\/peoplesphere.be\/fr\/wp-content\/uploads\/2023\/07\/peoplesphere-lgo-new-generik.jpg\",\"contentUrl\":\"https:\/\/peoplesphere.be\/fr\/wp-content\/uploads\/2023\/07\/peoplesphere-lgo-new-generik.jpg\",\"width\":1031,\"height\":1479,\"caption\":\"Peoplesphere Company srl\"},\"image\":{\"@id\":\"https:\/\/peoplesphere.be\/fr\/#\/schema\/logo\/image\/\"},\"sameAs\":[\"https:\/\/www.facebook.com\/peoplesphere\",\"https:\/\/twitter.com\/PeoplesphereMag\",\"https:\/\/www.linkedin.com\/company\/7587361?trk\",\"http:\/\/youtube.com\/peoplesphere\"]},{\"@type\":\"Person\",\"@id\":\"https:\/\/peoplesphere.be\/fr\/#\/schema\/person\/7976225ff17988604334abb7b3536a7e\",\"name\":\"Jean-Paul Erhard\",\"image\":{\"@type\":\"ImageObject\",\"inLanguage\":\"fr-FR\",\"@id\":\"https:\/\/peoplesphere.be\/fr\/#\/schema\/person\/image\/\",\"url\":\"https:\/\/secure.gravatar.com\/avatar\/f941e681460179738071629a51574930?s=96&d=mm&r=g\",\"contentUrl\":\"https:\/\/secure.gravatar.com\/avatar\/f941e681460179738071629a51574930?s=96&d=mm&r=g\",\"caption\":\"Jean-Paul Erhard\"},\"url\":\"https:\/\/peoplesphere.be\/fr\/author\/jpe\/\"}]}<\/script>\n<!-- \/ Yoast SEO plugin. -->","yoast_head_json":{"title":"Les flexi-jobs \u00e9tendus au secteur du commerce de d\u00e9tail d\u00e8s ce 1er janvier 2018. - Peoplesphere","robots":{"index":"index","follow":"follow","max-snippet":"max-snippet:-1","max-image-preview":"max-image-preview:large","max-video-preview":"max-video-preview:-1"},"canonical":"https:\/\/peoplesphere.be\/fr\/flexi-jobs-etendus-secteur-commerce-de-detail-1er-janvier-2018\/","og_locale":"fr_FR","og_type":"article","og_title":"Les flexi-jobs \u00e9tendus au secteur du commerce de d\u00e9tail d\u00e8s ce 1er janvier 2018. - Peoplesphere","og_description":"Annonc\u00e9e dans l&rsquo;accord de gouvernement de cet \u00e9t\u00e9, l&rsquo;extension des flex jobs dans le secteur du commerce de d\u00e9tail sera effective d\u00e8s ce 1er janvier 2018. Le dispositif \u00e9tait jusqu&rsquo;\u00e0 pr\u00e9sent limit\u00e9 au secteur horeca. Ce type d&#8217;emploi permet \u00e0 [&hellip;]","og_url":"https:\/\/peoplesphere.be\/fr\/flexi-jobs-etendus-secteur-commerce-de-detail-1er-janvier-2018\/","og_site_name":"Peoplesphere","article_publisher":"https:\/\/www.facebook.com\/peoplesphere","article_published_time":"2017-12-28T07:57:50+00:00","og_image":[{"url":"http:\/\/www.peoplesphere.be\/fr\/wp-content\/uploads\/2016\/07\/facebook-default-posting-1200x628px.jpg"}],"author":"Jean-Paul Erhard","twitter_card":"summary_large_image","twitter_creator":"@PeoplesphereMag","twitter_site":"@PeoplesphereMag","twitter_misc":{"\u00c9crit par":"Jean-Paul Erhard","Dur\u00e9e de lecture estim\u00e9e":"1 minute"},"schema":{"@context":"https:\/\/schema.org","@graph":[{"@type":"Article","@id":"https:\/\/peoplesphere.be\/fr\/flexi-jobs-etendus-secteur-commerce-de-detail-1er-janvier-2018\/#article","isPartOf":{"@id":"https:\/\/peoplesphere.be\/fr\/flexi-jobs-etendus-secteur-commerce-de-detail-1er-janvier-2018\/"},"author":{"name":"Jean-Paul Erhard","@id":"https:\/\/peoplesphere.be\/fr\/#\/schema\/person\/7976225ff17988604334abb7b3536a7e"},"headline":"Les flexi-jobs \u00e9tendus au secteur du commerce de d\u00e9tail d\u00e8s ce 1er janvier 2018.","datePublished":"2017-12-28T07:57:50+00:00","dateModified":"2017-12-28T07:57:50+00:00","mainEntityOfPage":{"@id":"https:\/\/peoplesphere.be\/fr\/flexi-jobs-etendus-secteur-commerce-de-detail-1er-janvier-2018\/"},"wordCount":244,"publisher":{"@id":"https:\/\/peoplesphere.be\/fr\/#organization"},"keywords":["conventions paritaires","cotisations sociales","flex-jobs","horeca","maggie de block","onss"],"articleSection":["Actualit\u00e9s","Digital"],"inLanguage":"fr-FR"},{"@type":"WebPage","@id":"https:\/\/peoplesphere.be\/fr\/flexi-jobs-etendus-secteur-commerce-de-detail-1er-janvier-2018\/","url":"https:\/\/peoplesphere.be\/fr\/flexi-jobs-etendus-secteur-commerce-de-detail-1er-janvier-2018\/","name":"Les flexi-jobs \u00e9tendus au secteur du commerce de d\u00e9tail d\u00e8s ce 1er janvier 2018. - Peoplesphere","isPartOf":{"@id":"https:\/\/peoplesphere.be\/fr\/#website"},"datePublished":"2017-12-28T07:57:50+00:00","dateModified":"2017-12-28T07:57:50+00:00","breadcrumb":{"@id":"https:\/\/peoplesphere.be\/fr\/flexi-jobs-etendus-secteur-commerce-de-detail-1er-janvier-2018\/#breadcrumb"},"inLanguage":"fr-FR","potentialAction":[{"@type":"ReadAction","target":["https:\/\/peoplesphere.be\/fr\/flexi-jobs-etendus-secteur-commerce-de-detail-1er-janvier-2018\/"]}]},{"@type":"BreadcrumbList","@id":"https:\/\/peoplesphere.be\/fr\/flexi-jobs-etendus-secteur-commerce-de-detail-1er-janvier-2018\/#breadcrumb","itemListElement":[{"@type":"ListItem","position":1,"name":"Accueil","item":"https:\/\/peoplesphere.be\/fr\/"},{"@type":"ListItem","position":2,"name":"Les flexi-jobs \u00e9tendus au secteur du commerce de d\u00e9tail d\u00e8s ce 1er janvier 2018."}]},{"@type":"WebSite","@id":"https:\/\/peoplesphere.be\/fr\/#website","url":"https:\/\/peoplesphere.be\/fr\/","name":"Peoplesphere","description":"The People Managers Magazine","publisher":{"@id":"https:\/\/peoplesphere.be\/fr\/#organization"},"potentialAction":[{"@type":"SearchAction","target":{"@type":"EntryPoint","urlTemplate":"https:\/\/peoplesphere.be\/fr\/?s={search_term_string}"},"query-input":"required name=search_term_string"}],"inLanguage":"fr-FR"},{"@type":"Organization","@id":"https:\/\/peoplesphere.be\/fr\/#organization","name":"Peoplesphere Company srl","url":"https:\/\/peoplesphere.be\/fr\/","logo":{"@type":"ImageObject","inLanguage":"fr-FR","@id":"https:\/\/peoplesphere.be\/fr\/#\/schema\/logo\/image\/","url":"https:\/\/peoplesphere.be\/fr\/wp-content\/uploads\/2023\/07\/peoplesphere-lgo-new-generik.jpg","contentUrl":"https:\/\/peoplesphere.be\/fr\/wp-content\/uploads\/2023\/07\/peoplesphere-lgo-new-generik.jpg","width":1031,"height":1479,"caption":"Peoplesphere Company srl"},"image":{"@id":"https:\/\/peoplesphere.be\/fr\/#\/schema\/logo\/image\/"},"sameAs":["https:\/\/www.facebook.com\/peoplesphere","https:\/\/twitter.com\/PeoplesphereMag","https:\/\/www.linkedin.com\/company\/7587361?trk","http:\/\/youtube.com\/peoplesphere"]},{"@type":"Person","@id":"https:\/\/peoplesphere.be\/fr\/#\/schema\/person\/7976225ff17988604334abb7b3536a7e","name":"Jean-Paul Erhard","image":{"@type":"ImageObject","inLanguage":"fr-FR","@id":"https:\/\/peoplesphere.be\/fr\/#\/schema\/person\/image\/","url":"https:\/\/secure.gravatar.com\/avatar\/f941e681460179738071629a51574930?s=96&d=mm&r=g","contentUrl":"https:\/\/secure.gravatar.com\/avatar\/f941e681460179738071629a51574930?s=96&d=mm&r=g","caption":"Jean-Paul Erhard"},"url":"https:\/\/peoplesphere.be\/fr\/author\/jpe\/"}]}},"_links":{"self":[{"href":"https:\/\/peoplesphere.be\/fr\/wp-json\/wp\/v2\/posts\/5356"}],"collection":[{"href":"https:\/\/peoplesphere.be\/fr\/wp-json\/wp\/v2\/posts"}],"about":[{"href":"https:\/\/peoplesphere.be\/fr\/wp-json\/wp\/v2\/types\/post"}],"author":[{"embeddable":true,"href":"https:\/\/peoplesphere.be\/fr\/wp-json\/wp\/v2\/users\/2"}],"replies":[{"embeddable":true,"href":"https:\/\/peoplesphere.be\/fr\/wp-json\/wp\/v2\/comments?post=5356"}],"version-history":[{"count":1,"href":"https:\/\/peoplesphere.be\/fr\/wp-json\/wp\/v2\/posts\/5356\/revisions"}],"predecessor-version":[{"id":5357,"href":"https:\/\/peoplesphere.be\/fr\/wp-json\/wp\/v2\/posts\/5356\/revisions\/5357"}],"wp:attachment":[{"href":"https:\/\/peoplesphere.be\/fr\/wp-json\/wp\/v2\/media?parent=5356"}],"wp:term":[{"taxonomy":"category","embeddable":true,"href":"https:\/\/peoplesphere.be\/fr\/wp-json\/wp\/v2\/categories?post=5356"},{"taxonomy":"post_tag","embeddable":true,"href":"https:\/\/peoplesphere.be\/fr\/wp-json\/wp\/v2\/tags?post=5356"}],"curies":[{"name":"wp","href":"https:\/\/api.w.org\/{rel}","templated":true}]}}