









{"id":5381,"date":"2018-01-08T10:00:40","date_gmt":"2018-01-08T08:00:40","guid":{"rendered":"http:\/\/www.peoplesphere.be\/fr\/?p=5381"},"modified":"2018-01-08T10:00:40","modified_gmt":"2018-01-08T08:00:40","slug":"semaine-28-heures-table-negociations-allemagne-reel-enjeu-de-societe","status":"publish","type":"post","link":"https:\/\/peoplesphere.be\/fr\/semaine-28-heures-table-negociations-allemagne-reel-enjeu-de-societe\/","title":{"rendered":"La semaine des 28 heures sur la table des n\u00e9gociations en Allemagne: un r\u00e9el enjeu de soci\u00e9t\u00e9."},"content":{"rendered":"<p>Le puissant syndicat allemand, IG Metall, se lance dans un bras de fer avec le patronat. Celui-ci s&rsquo;annonce comme l&rsquo;un des plus durs de ces derni\u00e8res ann\u00e9es. Les positions semblent pour le moment irr\u00e9conciliables, fait rarissime chez nos voisins allemands habitu\u00e9s au consensus sur les questions sociales au sein de l&rsquo;entreprise. Il y a bien s\u00fbr un rituel de type &lsquo;jeu de r\u00f4les&rsquo; dans le processus de concertation. Mais la hauteur des revendications syndicales ouvre d&rsquo;importants d\u00e9bats de soci\u00e9t\u00e9.<!--more--><\/p>\n<p>Au cours de la semaine derni\u00e8re, plusieurs d\u00e9brayages (notamment chez Porsche) sont intervenus. \u00a0Strat\u00e9gie de n\u00e9gociation ? IG Metall, syndicat repr\u00e9sentatif du secteur de\u00a0la m\u00e9tallurgie, a formul\u00e9 ses demandes. S&rsquo;en suivent des discussions, parfois tr\u00e8s longues, avec le patronat et l&rsquo;accord trouv\u00e9 sert un peu de r\u00e9f\u00e9rence pour toutes les autres branches. Cette ann\u00e9e, IG Metall exige\u00a06% de progression salariale. La bonne sant\u00e9 de l&rsquo;industrie allemande semble justifier la hauteur de ces revendications.<\/p>\n<p>A ce jour, le patronat propose trois fois moins. G\u00e9n\u00e9ralement, les deux parties s&rsquo;alignent\u00a0sur un chiffre interm\u00e9diaire mais&#8230;\u00a0Ce qui pose probl\u00e8me c&rsquo;est que le syndicat allemand demande en plus la semaine de 28 heures pour ceux qui le souhaitent. L&rsquo;entreprise ne pourrait pas s&rsquo;y opposer. Le syndicat demande en plus, pour accompagner une telle mesure, une compensation partielle du manque \u00e0 gagner salarial par l&#8217;employeur. La formule serait valable deux ans au maximum et l&#8217;employeur devrait garantir un retour \u00e0 un poste \u00e0 plein temps. Le patronat estime que c&rsquo;est impossible \u00e0 mettre en place.<\/p>\n<p><strong><em>Quels arguments du c\u00f4t\u00e9 syndical ?<\/em><\/strong><\/p>\n<p>Deux arguments principalement. Le premier est que ceci permettrait aux parents d&rsquo;avoir un travail plus compatible avec la vie de famille. \u00c7a permettrait donc de soutenir la natalit\u00e9, ce qui est un probl\u00e8me en Allemagne. Deuxi\u00e8me argument, dans un pays qui se robotise \u00e0 marche forc\u00e9e, ce serait un juste retour des choses pour les collaborateurs. Ce serait une sorte de compensation. M\u00eame si l&rsquo;Allemagne manque de main d&rsquo;\u0153uvre et que pour le moment la robotisation s&rsquo;est pass\u00e9e sans trop de destruction de postes, les salari\u00e9s allemands ont du faire des efforts de salaires et accepter une plus grande flexibilit\u00e9 du travail. C&rsquo;est donc un vrai d\u00e9bat de soci\u00e9t\u00e9 qui m\u00e9rite d&rsquo;\u00eatre pos\u00e9 qui est aujourd\u2019hui sur la table des discussions entre patronat et syndicats. On pourrait le r\u00e9sumer ainsi : faut-il toujours travailler autant dans les m\u00e9tiers p\u00e9nibles \u00e0 l&rsquo;heure de la robotisation ?<\/p>\n<p><em>Source : Europe1.fr<\/em><\/p>\n","protected":false},"excerpt":{"rendered":"<p>Le puissant syndicat allemand, IG Metall, se lance dans un bras de fer avec le patronat. Celui-ci s&rsquo;annonce comme l&rsquo;un des plus durs de ces derni\u00e8res ann\u00e9es. Les positions semblent pour le moment irr\u00e9conciliables, fait rarissime chez nos voisins allemands [&hellip;]<\/p>\n","protected":false},"author":2,"featured_media":0,"comment_status":"closed","ping_status":"open","sticky":false,"template":"","format":"standard","meta":[],"categories":[65,10],"tags":[601,1709,202,1710,39],"yoast_head":"<!-- This site is optimized with the Yoast SEO plugin v21.0 - https:\/\/yoast.com\/wordpress\/plugins\/seo\/ -->\n<title>La semaine des 28 heures sur la table des n\u00e9gociations en Allemagne: un r\u00e9el enjeu de soci\u00e9t\u00e9. - Peoplesphere<\/title>\n<meta name=\"robots\" content=\"index, follow, max-snippet:-1, max-image-preview:large, max-video-preview:-1\" \/>\n<link rel=\"canonical\" href=\"https:\/\/peoplesphere.be\/fr\/semaine-28-heures-table-negociations-allemagne-reel-enjeu-de-societe\/\" \/>\n<meta property=\"og:locale\" content=\"fr_FR\" \/>\n<meta property=\"og:type\" content=\"article\" \/>\n<meta property=\"og:title\" content=\"La semaine des 28 heures sur la table des n\u00e9gociations en Allemagne: un r\u00e9el enjeu de soci\u00e9t\u00e9. - Peoplesphere\" \/>\n<meta property=\"og:description\" content=\"Le puissant syndicat allemand, IG Metall, se lance dans un bras de fer avec le patronat. Celui-ci s&rsquo;annonce comme l&rsquo;un des plus durs de ces derni\u00e8res ann\u00e9es. Les positions semblent pour le moment irr\u00e9conciliables, fait rarissime chez nos voisins allemands [&hellip;]\" \/>\n<meta property=\"og:url\" content=\"https:\/\/peoplesphere.be\/fr\/semaine-28-heures-table-negociations-allemagne-reel-enjeu-de-societe\/\" \/>\n<meta property=\"og:site_name\" content=\"Peoplesphere\" \/>\n<meta property=\"article:publisher\" content=\"https:\/\/www.facebook.com\/peoplesphere\" \/>\n<meta property=\"article:published_time\" content=\"2018-01-08T08:00:40+00:00\" \/>\n<meta property=\"og:image\" content=\"http:\/\/www.peoplesphere.be\/fr\/wp-content\/uploads\/2016\/07\/facebook-default-posting-1200x628px.jpg\" \/>\n<meta name=\"author\" content=\"Jean-Paul Erhard\" \/>\n<meta name=\"twitter:card\" content=\"summary_large_image\" \/>\n<meta name=\"twitter:creator\" content=\"@PeoplesphereMag\" \/>\n<meta name=\"twitter:site\" content=\"@PeoplesphereMag\" \/>\n<meta name=\"twitter:label1\" content=\"\u00c9crit par\" \/>\n\t<meta name=\"twitter:data1\" content=\"Jean-Paul Erhard\" \/>\n\t<meta name=\"twitter:label2\" content=\"Dur\u00e9e de lecture estim\u00e9e\" \/>\n\t<meta name=\"twitter:data2\" content=\"2 minutes\" \/>\n<script type=\"application\/ld+json\" class=\"yoast-schema-graph\">{\"@context\":\"https:\/\/schema.org\",\"@graph\":[{\"@type\":\"Article\",\"@id\":\"https:\/\/peoplesphere.be\/fr\/semaine-28-heures-table-negociations-allemagne-reel-enjeu-de-societe\/#article\",\"isPartOf\":{\"@id\":\"https:\/\/peoplesphere.be\/fr\/semaine-28-heures-table-negociations-allemagne-reel-enjeu-de-societe\/\"},\"author\":{\"name\":\"Jean-Paul Erhard\",\"@id\":\"https:\/\/peoplesphere.be\/fr\/#\/schema\/person\/7976225ff17988604334abb7b3536a7e\"},\"headline\":\"La semaine des 28 heures sur la table des n\u00e9gociations en Allemagne: un r\u00e9el enjeu de soci\u00e9t\u00e9.\",\"datePublished\":\"2018-01-08T08:00:40+00:00\",\"dateModified\":\"2018-01-08T08:00:40+00:00\",\"mainEntityOfPage\":{\"@id\":\"https:\/\/peoplesphere.be\/fr\/semaine-28-heures-table-negociations-allemagne-reel-enjeu-de-societe\/\"},\"wordCount\":450,\"publisher\":{\"@id\":\"https:\/\/peoplesphere.be\/fr\/#organization\"},\"keywords\":[\"\u00e9quilibre priv\u00e9-professionnel\",\"IG Metall\",\"robotisation\",\"semaine de 28 heures\",\"temps de travail\"],\"articleSection\":[\"Actualit\u00e9s\",\"Digital\"],\"inLanguage\":\"fr-FR\"},{\"@type\":\"WebPage\",\"@id\":\"https:\/\/peoplesphere.be\/fr\/semaine-28-heures-table-negociations-allemagne-reel-enjeu-de-societe\/\",\"url\":\"https:\/\/peoplesphere.be\/fr\/semaine-28-heures-table-negociations-allemagne-reel-enjeu-de-societe\/\",\"name\":\"La semaine des 28 heures sur la table des n\u00e9gociations en Allemagne: un r\u00e9el enjeu de soci\u00e9t\u00e9. - Peoplesphere\",\"isPartOf\":{\"@id\":\"https:\/\/peoplesphere.be\/fr\/#website\"},\"datePublished\":\"2018-01-08T08:00:40+00:00\",\"dateModified\":\"2018-01-08T08:00:40+00:00\",\"breadcrumb\":{\"@id\":\"https:\/\/peoplesphere.be\/fr\/semaine-28-heures-table-negociations-allemagne-reel-enjeu-de-societe\/#breadcrumb\"},\"inLanguage\":\"fr-FR\",\"potentialAction\":[{\"@type\":\"ReadAction\",\"target\":[\"https:\/\/peoplesphere.be\/fr\/semaine-28-heures-table-negociations-allemagne-reel-enjeu-de-societe\/\"]}]},{\"@type\":\"BreadcrumbList\",\"@id\":\"https:\/\/peoplesphere.be\/fr\/semaine-28-heures-table-negociations-allemagne-reel-enjeu-de-societe\/#breadcrumb\",\"itemListElement\":[{\"@type\":\"ListItem\",\"position\":1,\"name\":\"Accueil\",\"item\":\"https:\/\/peoplesphere.be\/fr\/\"},{\"@type\":\"ListItem\",\"position\":2,\"name\":\"La semaine des 28 heures sur la table des n\u00e9gociations en Allemagne: un r\u00e9el enjeu de soci\u00e9t\u00e9.\"}]},{\"@type\":\"WebSite\",\"@id\":\"https:\/\/peoplesphere.be\/fr\/#website\",\"url\":\"https:\/\/peoplesphere.be\/fr\/\",\"name\":\"Peoplesphere\",\"description\":\"The People Managers Magazine\",\"publisher\":{\"@id\":\"https:\/\/peoplesphere.be\/fr\/#organization\"},\"potentialAction\":[{\"@type\":\"SearchAction\",\"target\":{\"@type\":\"EntryPoint\",\"urlTemplate\":\"https:\/\/peoplesphere.be\/fr\/?s={search_term_string}\"},\"query-input\":\"required name=search_term_string\"}],\"inLanguage\":\"fr-FR\"},{\"@type\":\"Organization\",\"@id\":\"https:\/\/peoplesphere.be\/fr\/#organization\",\"name\":\"Peoplesphere Company srl\",\"url\":\"https:\/\/peoplesphere.be\/fr\/\",\"logo\":{\"@type\":\"ImageObject\",\"inLanguage\":\"fr-FR\",\"@id\":\"https:\/\/peoplesphere.be\/fr\/#\/schema\/logo\/image\/\",\"url\":\"https:\/\/peoplesphere.be\/fr\/wp-content\/uploads\/2023\/07\/peoplesphere-lgo-new-generik.jpg\",\"contentUrl\":\"https:\/\/peoplesphere.be\/fr\/wp-content\/uploads\/2023\/07\/peoplesphere-lgo-new-generik.jpg\",\"width\":1031,\"height\":1479,\"caption\":\"Peoplesphere Company srl\"},\"image\":{\"@id\":\"https:\/\/peoplesphere.be\/fr\/#\/schema\/logo\/image\/\"},\"sameAs\":[\"https:\/\/www.facebook.com\/peoplesphere\",\"https:\/\/twitter.com\/PeoplesphereMag\",\"https:\/\/www.linkedin.com\/company\/7587361?trk\",\"http:\/\/youtube.com\/peoplesphere\"]},{\"@type\":\"Person\",\"@id\":\"https:\/\/peoplesphere.be\/fr\/#\/schema\/person\/7976225ff17988604334abb7b3536a7e\",\"name\":\"Jean-Paul Erhard\",\"image\":{\"@type\":\"ImageObject\",\"inLanguage\":\"fr-FR\",\"@id\":\"https:\/\/peoplesphere.be\/fr\/#\/schema\/person\/image\/\",\"url\":\"https:\/\/secure.gravatar.com\/avatar\/f941e681460179738071629a51574930?s=96&d=mm&r=g\",\"contentUrl\":\"https:\/\/secure.gravatar.com\/avatar\/f941e681460179738071629a51574930?s=96&d=mm&r=g\",\"caption\":\"Jean-Paul Erhard\"},\"url\":\"https:\/\/peoplesphere.be\/fr\/author\/jpe\/\"}]}<\/script>\n<!-- \/ Yoast SEO plugin. -->","yoast_head_json":{"title":"La semaine des 28 heures sur la table des n\u00e9gociations en Allemagne: un r\u00e9el enjeu de soci\u00e9t\u00e9. - Peoplesphere","robots":{"index":"index","follow":"follow","max-snippet":"max-snippet:-1","max-image-preview":"max-image-preview:large","max-video-preview":"max-video-preview:-1"},"canonical":"https:\/\/peoplesphere.be\/fr\/semaine-28-heures-table-negociations-allemagne-reel-enjeu-de-societe\/","og_locale":"fr_FR","og_type":"article","og_title":"La semaine des 28 heures sur la table des n\u00e9gociations en Allemagne: un r\u00e9el enjeu de soci\u00e9t\u00e9. - Peoplesphere","og_description":"Le puissant syndicat allemand, IG Metall, se lance dans un bras de fer avec le patronat. Celui-ci s&rsquo;annonce comme l&rsquo;un des plus durs de ces derni\u00e8res ann\u00e9es. Les positions semblent pour le moment irr\u00e9conciliables, fait rarissime chez nos voisins allemands [&hellip;]","og_url":"https:\/\/peoplesphere.be\/fr\/semaine-28-heures-table-negociations-allemagne-reel-enjeu-de-societe\/","og_site_name":"Peoplesphere","article_publisher":"https:\/\/www.facebook.com\/peoplesphere","article_published_time":"2018-01-08T08:00:40+00:00","og_image":[{"url":"http:\/\/www.peoplesphere.be\/fr\/wp-content\/uploads\/2016\/07\/facebook-default-posting-1200x628px.jpg"}],"author":"Jean-Paul Erhard","twitter_card":"summary_large_image","twitter_creator":"@PeoplesphereMag","twitter_site":"@PeoplesphereMag","twitter_misc":{"\u00c9crit par":"Jean-Paul Erhard","Dur\u00e9e de lecture estim\u00e9e":"2 minutes"},"schema":{"@context":"https:\/\/schema.org","@graph":[{"@type":"Article","@id":"https:\/\/peoplesphere.be\/fr\/semaine-28-heures-table-negociations-allemagne-reel-enjeu-de-societe\/#article","isPartOf":{"@id":"https:\/\/peoplesphere.be\/fr\/semaine-28-heures-table-negociations-allemagne-reel-enjeu-de-societe\/"},"author":{"name":"Jean-Paul Erhard","@id":"https:\/\/peoplesphere.be\/fr\/#\/schema\/person\/7976225ff17988604334abb7b3536a7e"},"headline":"La semaine des 28 heures sur la table des n\u00e9gociations en Allemagne: un r\u00e9el enjeu de soci\u00e9t\u00e9.","datePublished":"2018-01-08T08:00:40+00:00","dateModified":"2018-01-08T08:00:40+00:00","mainEntityOfPage":{"@id":"https:\/\/peoplesphere.be\/fr\/semaine-28-heures-table-negociations-allemagne-reel-enjeu-de-societe\/"},"wordCount":450,"publisher":{"@id":"https:\/\/peoplesphere.be\/fr\/#organization"},"keywords":["\u00e9quilibre priv\u00e9-professionnel","IG Metall","robotisation","semaine de 28 heures","temps de travail"],"articleSection":["Actualit\u00e9s","Digital"],"inLanguage":"fr-FR"},{"@type":"WebPage","@id":"https:\/\/peoplesphere.be\/fr\/semaine-28-heures-table-negociations-allemagne-reel-enjeu-de-societe\/","url":"https:\/\/peoplesphere.be\/fr\/semaine-28-heures-table-negociations-allemagne-reel-enjeu-de-societe\/","name":"La semaine des 28 heures sur la table des n\u00e9gociations en Allemagne: un r\u00e9el enjeu de soci\u00e9t\u00e9. - Peoplesphere","isPartOf":{"@id":"https:\/\/peoplesphere.be\/fr\/#website"},"datePublished":"2018-01-08T08:00:40+00:00","dateModified":"2018-01-08T08:00:40+00:00","breadcrumb":{"@id":"https:\/\/peoplesphere.be\/fr\/semaine-28-heures-table-negociations-allemagne-reel-enjeu-de-societe\/#breadcrumb"},"inLanguage":"fr-FR","potentialAction":[{"@type":"ReadAction","target":["https:\/\/peoplesphere.be\/fr\/semaine-28-heures-table-negociations-allemagne-reel-enjeu-de-societe\/"]}]},{"@type":"BreadcrumbList","@id":"https:\/\/peoplesphere.be\/fr\/semaine-28-heures-table-negociations-allemagne-reel-enjeu-de-societe\/#breadcrumb","itemListElement":[{"@type":"ListItem","position":1,"name":"Accueil","item":"https:\/\/peoplesphere.be\/fr\/"},{"@type":"ListItem","position":2,"name":"La semaine des 28 heures sur la table des n\u00e9gociations en Allemagne: un r\u00e9el enjeu de soci\u00e9t\u00e9."}]},{"@type":"WebSite","@id":"https:\/\/peoplesphere.be\/fr\/#website","url":"https:\/\/peoplesphere.be\/fr\/","name":"Peoplesphere","description":"The People Managers Magazine","publisher":{"@id":"https:\/\/peoplesphere.be\/fr\/#organization"},"potentialAction":[{"@type":"SearchAction","target":{"@type":"EntryPoint","urlTemplate":"https:\/\/peoplesphere.be\/fr\/?s={search_term_string}"},"query-input":"required name=search_term_string"}],"inLanguage":"fr-FR"},{"@type":"Organization","@id":"https:\/\/peoplesphere.be\/fr\/#organization","name":"Peoplesphere Company srl","url":"https:\/\/peoplesphere.be\/fr\/","logo":{"@type":"ImageObject","inLanguage":"fr-FR","@id":"https:\/\/peoplesphere.be\/fr\/#\/schema\/logo\/image\/","url":"https:\/\/peoplesphere.be\/fr\/wp-content\/uploads\/2023\/07\/peoplesphere-lgo-new-generik.jpg","contentUrl":"https:\/\/peoplesphere.be\/fr\/wp-content\/uploads\/2023\/07\/peoplesphere-lgo-new-generik.jpg","width":1031,"height":1479,"caption":"Peoplesphere Company srl"},"image":{"@id":"https:\/\/peoplesphere.be\/fr\/#\/schema\/logo\/image\/"},"sameAs":["https:\/\/www.facebook.com\/peoplesphere","https:\/\/twitter.com\/PeoplesphereMag","https:\/\/www.linkedin.com\/company\/7587361?trk","http:\/\/youtube.com\/peoplesphere"]},{"@type":"Person","@id":"https:\/\/peoplesphere.be\/fr\/#\/schema\/person\/7976225ff17988604334abb7b3536a7e","name":"Jean-Paul Erhard","image":{"@type":"ImageObject","inLanguage":"fr-FR","@id":"https:\/\/peoplesphere.be\/fr\/#\/schema\/person\/image\/","url":"https:\/\/secure.gravatar.com\/avatar\/f941e681460179738071629a51574930?s=96&d=mm&r=g","contentUrl":"https:\/\/secure.gravatar.com\/avatar\/f941e681460179738071629a51574930?s=96&d=mm&r=g","caption":"Jean-Paul Erhard"},"url":"https:\/\/peoplesphere.be\/fr\/author\/jpe\/"}]}},"_links":{"self":[{"href":"https:\/\/peoplesphere.be\/fr\/wp-json\/wp\/v2\/posts\/5381"}],"collection":[{"href":"https:\/\/peoplesphere.be\/fr\/wp-json\/wp\/v2\/posts"}],"about":[{"href":"https:\/\/peoplesphere.be\/fr\/wp-json\/wp\/v2\/types\/post"}],"author":[{"embeddable":true,"href":"https:\/\/peoplesphere.be\/fr\/wp-json\/wp\/v2\/users\/2"}],"replies":[{"embeddable":true,"href":"https:\/\/peoplesphere.be\/fr\/wp-json\/wp\/v2\/comments?post=5381"}],"version-history":[{"count":1,"href":"https:\/\/peoplesphere.be\/fr\/wp-json\/wp\/v2\/posts\/5381\/revisions"}],"predecessor-version":[{"id":5382,"href":"https:\/\/peoplesphere.be\/fr\/wp-json\/wp\/v2\/posts\/5381\/revisions\/5382"}],"wp:attachment":[{"href":"https:\/\/peoplesphere.be\/fr\/wp-json\/wp\/v2\/media?parent=5381"}],"wp:term":[{"taxonomy":"category","embeddable":true,"href":"https:\/\/peoplesphere.be\/fr\/wp-json\/wp\/v2\/categories?post=5381"},{"taxonomy":"post_tag","embeddable":true,"href":"https:\/\/peoplesphere.be\/fr\/wp-json\/wp\/v2\/tags?post=5381"}],"curies":[{"name":"wp","href":"https:\/\/api.w.org\/{rel}","templated":true}]}}