









{"id":5391,"date":"2018-01-09T17:58:22","date_gmt":"2018-01-09T15:58:22","guid":{"rendered":"http:\/\/www.peoplesphere.be\/fr\/?p=5391"},"modified":"2018-01-09T17:58:22","modified_gmt":"2018-01-09T15:58:22","slug":"parlement-wallon-veut-lui-controles-mysteres-lutter-contre-discrimination-a-lembauche-fausse-bonne-idee","status":"publish","type":"post","link":"https:\/\/peoplesphere.be\/fr\/parlement-wallon-veut-lui-controles-mysteres-lutter-contre-discrimination-a-lembauche-fausse-bonne-idee\/","title":{"rendered":"Le Parlement wallon veut lui aussi des contr\u00f4les myst\u00e8res pour lutter contre la discrimination \u00e0 l&#8217;embauche: fausse bonne id\u00e9e?"},"content":{"rendered":"<p>Ce 9 janvier 2018, des auditions sont organis\u00e9es au Parlement wallon autour du projet de lutte contre les discriminations \u00e0 l\u2019emploi via un \u00ab\u00a0contr\u00f4le myst\u00e8re\u00a0\u00bb des employeurs. La volont\u00e9 du projet d\u00e9pos\u00e9 par certains parlementaires wallons est, comme \u00e0 Bruxelles et au F\u00e9d\u00e9ral, de lutter contre les discriminations \u00e0 l\u2019embauche par l\u2019envoi de faux CV ou la passation d\u2019appels sous une fausse identit\u00e9. L&rsquo;UCM, figurant parmi les interlocuteurs entendus par les parlementaires, tient \u00e0 exprimer sa d\u00e9sapprobation.<!--more--><\/p>\n<p><em>\u00ab\u00a0Le contr\u00f4le myst\u00e8re des employeurs pour lutter contre les discriminations, que ce soit par l\u2019envoi de faux CV ou la passation d\u2019appels myst\u00e8re, suit une v\u00e9ritable saga politique depuis plus d\u2019un an. D\u00e9but 2017, la R\u00e9gion bruxelloise a pris l\u2019initiative d\u2019une ordonnance. Ce, malgr\u00e9 les r\u00e9serves du monde patronal. Et malgr\u00e9 le risque d\u2019un chevauchement de comp\u00e9tence avec le pouvoir f\u00e9d\u00e9ral, o\u00f9 un projet similaire suivait malheureusement son cours.\u00a0\u00bb<\/em><\/p>\n<p>L&rsquo;UCM regrette en effet que <em>\u00ab\u00a0depuis le 1er janvier 2018, les entreprises bruxelloises sont les seules entreprises d\u2019Europe devant faire face \u00e0 la r\u00e9ception de faux CV et d\u2019appels des inspecteurs r\u00e9gionaux sous une fausse identit\u00e9.\u00a0\u00c0 pr\u00e9sent, c\u2019est au niveau f\u00e9d\u00e9ral que le projet d\u2019envoi de faux CV se concr\u00e9tise \u2013 pour l\u2019inspection sociale cette fois. Il a \u00e9t\u00e9 adopt\u00e9 en Commission le 20 d\u00e9cembre 2017 et sera vot\u00e9 tr\u00e8s prochainement \u00e0 la Chambre. Il met davantage de garde-fous que la mouture bruxelloise pour \u00e9viter les d\u00e9bordements sur le terrain, notamment avec l\u2019accord pr\u00e9alablement obligatoire de l\u2019auditeur du travail ou du procureur de Roi, mais conserve le m\u00eame caract\u00e8re insidieux \u00e0 l\u2019encontre des employeurs.\u00a0\u00bb<\/em><\/p>\n<p>La r\u00e9flexion entam\u00e9e \u00e0 l&rsquo;\u00e9chelon r\u00e9gional wallon fatigue donc les repr\u00e9sentants des ind\u00e9pendants&#8230; <em>\u00ab\u00a0La\u00a0proposition de d\u00e9cret wallon qui calque le texte bruxellois vient d\u2019appara\u00eetre sur les bancs des parlementaires wallons. Mais cette fois, en plus du go\u00fbt amer de la mesure pour les employeurs, le timing pose r\u00e9ellement question quand on sait que les entreprises wallonnes devront d\u00e9j\u00e0 faire face au texte f\u00e9d\u00e9ral qui s\u2019appliquera \u00e0 tout le territoire belge.\u00a0Bouillon institutionnel en vue ? On le craint. Et ce sont les entrepreneurs qui risquent d\u2019en faire les frais.\u00a0\u00bb<\/em><\/p>\n","protected":false},"excerpt":{"rendered":"<p>Ce 9 janvier 2018, des auditions sont organis\u00e9es au Parlement wallon autour du projet de lutte contre les discriminations \u00e0 l\u2019emploi via un \u00ab\u00a0contr\u00f4le myst\u00e8re\u00a0\u00bb des employeurs. La volont\u00e9 du projet d\u00e9pos\u00e9 par certains parlementaires wallons est, comme \u00e0 Bruxelles [&hellip;]<\/p>\n","protected":false},"author":2,"featured_media":0,"comment_status":"closed","ping_status":"open","sticky":false,"template":"","format":"standard","meta":[],"categories":[65,10],"tags":[1713,1714,72,1350],"yoast_head":"<!-- This site is optimized with the Yoast SEO plugin v21.0 - https:\/\/yoast.com\/wordpress\/plugins\/seo\/ -->\n<title>Le Parlement wallon veut lui aussi des contr\u00f4les myst\u00e8res pour lutter contre la discrimination \u00e0 l&#039;embauche: fausse bonne id\u00e9e? - Peoplesphere<\/title>\n<meta name=\"robots\" content=\"index, follow, max-snippet:-1, max-image-preview:large, max-video-preview:-1\" \/>\n<link rel=\"canonical\" href=\"https:\/\/peoplesphere.be\/fr\/parlement-wallon-veut-lui-controles-mysteres-lutter-contre-discrimination-a-lembauche-fausse-bonne-idee\/\" \/>\n<meta property=\"og:locale\" content=\"fr_FR\" \/>\n<meta property=\"og:type\" content=\"article\" \/>\n<meta property=\"og:title\" content=\"Le Parlement wallon veut lui aussi des contr\u00f4les myst\u00e8res pour lutter contre la discrimination \u00e0 l&#039;embauche: fausse bonne id\u00e9e? - Peoplesphere\" \/>\n<meta property=\"og:description\" content=\"Ce 9 janvier 2018, des auditions sont organis\u00e9es au Parlement wallon autour du projet de lutte contre les discriminations \u00e0 l\u2019emploi via un \u00ab\u00a0contr\u00f4le myst\u00e8re\u00a0\u00bb des employeurs. La volont\u00e9 du projet d\u00e9pos\u00e9 par certains parlementaires wallons est, comme \u00e0 Bruxelles [&hellip;]\" \/>\n<meta property=\"og:url\" content=\"https:\/\/peoplesphere.be\/fr\/parlement-wallon-veut-lui-controles-mysteres-lutter-contre-discrimination-a-lembauche-fausse-bonne-idee\/\" \/>\n<meta property=\"og:site_name\" content=\"Peoplesphere\" \/>\n<meta property=\"article:publisher\" content=\"https:\/\/www.facebook.com\/peoplesphere\" \/>\n<meta property=\"article:published_time\" content=\"2018-01-09T15:58:22+00:00\" \/>\n<meta property=\"og:image\" content=\"http:\/\/www.peoplesphere.be\/fr\/wp-content\/uploads\/2016\/07\/facebook-default-posting-1200x628px.jpg\" \/>\n<meta name=\"author\" content=\"Jean-Paul Erhard\" \/>\n<meta name=\"twitter:card\" content=\"summary_large_image\" \/>\n<meta name=\"twitter:creator\" content=\"@PeoplesphereMag\" \/>\n<meta name=\"twitter:site\" content=\"@PeoplesphereMag\" \/>\n<meta name=\"twitter:label1\" content=\"\u00c9crit par\" \/>\n\t<meta name=\"twitter:data1\" content=\"Jean-Paul Erhard\" \/>\n\t<meta name=\"twitter:label2\" content=\"Dur\u00e9e de lecture estim\u00e9e\" \/>\n\t<meta name=\"twitter:data2\" content=\"2 minutes\" \/>\n<script type=\"application\/ld+json\" class=\"yoast-schema-graph\">{\"@context\":\"https:\/\/schema.org\",\"@graph\":[{\"@type\":\"Article\",\"@id\":\"https:\/\/peoplesphere.be\/fr\/parlement-wallon-veut-lui-controles-mysteres-lutter-contre-discrimination-a-lembauche-fausse-bonne-idee\/#article\",\"isPartOf\":{\"@id\":\"https:\/\/peoplesphere.be\/fr\/parlement-wallon-veut-lui-controles-mysteres-lutter-contre-discrimination-a-lembauche-fausse-bonne-idee\/\"},\"author\":{\"name\":\"Jean-Paul Erhard\",\"@id\":\"https:\/\/peoplesphere.be\/fr\/#\/schema\/person\/7976225ff17988604334abb7b3536a7e\"},\"headline\":\"Le Parlement wallon veut lui aussi des contr\u00f4les myst\u00e8res pour lutter contre la discrimination \u00e0 l&#8217;embauche: fausse bonne id\u00e9e?\",\"datePublished\":\"2018-01-09T15:58:22+00:00\",\"dateModified\":\"2018-01-09T15:58:22+00:00\",\"mainEntityOfPage\":{\"@id\":\"https:\/\/peoplesphere.be\/fr\/parlement-wallon-veut-lui-controles-mysteres-lutter-contre-discrimination-a-lembauche-fausse-bonne-idee\/\"},\"wordCount\":417,\"publisher\":{\"@id\":\"https:\/\/peoplesphere.be\/fr\/#organization\"},\"keywords\":[\"entretiens d'embauche\",\"parlement wallon\",\"recrutement\",\"ucm\"],\"articleSection\":[\"Actualit\u00e9s\",\"Digital\"],\"inLanguage\":\"fr-FR\"},{\"@type\":\"WebPage\",\"@id\":\"https:\/\/peoplesphere.be\/fr\/parlement-wallon-veut-lui-controles-mysteres-lutter-contre-discrimination-a-lembauche-fausse-bonne-idee\/\",\"url\":\"https:\/\/peoplesphere.be\/fr\/parlement-wallon-veut-lui-controles-mysteres-lutter-contre-discrimination-a-lembauche-fausse-bonne-idee\/\",\"name\":\"Le Parlement wallon veut lui aussi des contr\u00f4les myst\u00e8res pour lutter contre la discrimination \u00e0 l'embauche: fausse bonne id\u00e9e? - Peoplesphere\",\"isPartOf\":{\"@id\":\"https:\/\/peoplesphere.be\/fr\/#website\"},\"datePublished\":\"2018-01-09T15:58:22+00:00\",\"dateModified\":\"2018-01-09T15:58:22+00:00\",\"breadcrumb\":{\"@id\":\"https:\/\/peoplesphere.be\/fr\/parlement-wallon-veut-lui-controles-mysteres-lutter-contre-discrimination-a-lembauche-fausse-bonne-idee\/#breadcrumb\"},\"inLanguage\":\"fr-FR\",\"potentialAction\":[{\"@type\":\"ReadAction\",\"target\":[\"https:\/\/peoplesphere.be\/fr\/parlement-wallon-veut-lui-controles-mysteres-lutter-contre-discrimination-a-lembauche-fausse-bonne-idee\/\"]}]},{\"@type\":\"BreadcrumbList\",\"@id\":\"https:\/\/peoplesphere.be\/fr\/parlement-wallon-veut-lui-controles-mysteres-lutter-contre-discrimination-a-lembauche-fausse-bonne-idee\/#breadcrumb\",\"itemListElement\":[{\"@type\":\"ListItem\",\"position\":1,\"name\":\"Accueil\",\"item\":\"https:\/\/peoplesphere.be\/fr\/\"},{\"@type\":\"ListItem\",\"position\":2,\"name\":\"Le Parlement wallon veut lui aussi des contr\u00f4les myst\u00e8res pour lutter contre la discrimination \u00e0 l&#8217;embauche: fausse bonne id\u00e9e?\"}]},{\"@type\":\"WebSite\",\"@id\":\"https:\/\/peoplesphere.be\/fr\/#website\",\"url\":\"https:\/\/peoplesphere.be\/fr\/\",\"name\":\"Peoplesphere\",\"description\":\"The People Managers Magazine\",\"publisher\":{\"@id\":\"https:\/\/peoplesphere.be\/fr\/#organization\"},\"potentialAction\":[{\"@type\":\"SearchAction\",\"target\":{\"@type\":\"EntryPoint\",\"urlTemplate\":\"https:\/\/peoplesphere.be\/fr\/?s={search_term_string}\"},\"query-input\":\"required name=search_term_string\"}],\"inLanguage\":\"fr-FR\"},{\"@type\":\"Organization\",\"@id\":\"https:\/\/peoplesphere.be\/fr\/#organization\",\"name\":\"Peoplesphere Company srl\",\"url\":\"https:\/\/peoplesphere.be\/fr\/\",\"logo\":{\"@type\":\"ImageObject\",\"inLanguage\":\"fr-FR\",\"@id\":\"https:\/\/peoplesphere.be\/fr\/#\/schema\/logo\/image\/\",\"url\":\"https:\/\/peoplesphere.be\/fr\/wp-content\/uploads\/2023\/07\/peoplesphere-lgo-new-generik.jpg\",\"contentUrl\":\"https:\/\/peoplesphere.be\/fr\/wp-content\/uploads\/2023\/07\/peoplesphere-lgo-new-generik.jpg\",\"width\":1031,\"height\":1479,\"caption\":\"Peoplesphere Company srl\"},\"image\":{\"@id\":\"https:\/\/peoplesphere.be\/fr\/#\/schema\/logo\/image\/\"},\"sameAs\":[\"https:\/\/www.facebook.com\/peoplesphere\",\"https:\/\/twitter.com\/PeoplesphereMag\",\"https:\/\/www.linkedin.com\/company\/7587361?trk\",\"http:\/\/youtube.com\/peoplesphere\"]},{\"@type\":\"Person\",\"@id\":\"https:\/\/peoplesphere.be\/fr\/#\/schema\/person\/7976225ff17988604334abb7b3536a7e\",\"name\":\"Jean-Paul Erhard\",\"image\":{\"@type\":\"ImageObject\",\"inLanguage\":\"fr-FR\",\"@id\":\"https:\/\/peoplesphere.be\/fr\/#\/schema\/person\/image\/\",\"url\":\"https:\/\/secure.gravatar.com\/avatar\/f941e681460179738071629a51574930?s=96&d=mm&r=g\",\"contentUrl\":\"https:\/\/secure.gravatar.com\/avatar\/f941e681460179738071629a51574930?s=96&d=mm&r=g\",\"caption\":\"Jean-Paul Erhard\"},\"url\":\"https:\/\/peoplesphere.be\/fr\/author\/jpe\/\"}]}<\/script>\n<!-- \/ Yoast SEO plugin. -->","yoast_head_json":{"title":"Le Parlement wallon veut lui aussi des contr\u00f4les myst\u00e8res pour lutter contre la discrimination \u00e0 l'embauche: fausse bonne id\u00e9e? - Peoplesphere","robots":{"index":"index","follow":"follow","max-snippet":"max-snippet:-1","max-image-preview":"max-image-preview:large","max-video-preview":"max-video-preview:-1"},"canonical":"https:\/\/peoplesphere.be\/fr\/parlement-wallon-veut-lui-controles-mysteres-lutter-contre-discrimination-a-lembauche-fausse-bonne-idee\/","og_locale":"fr_FR","og_type":"article","og_title":"Le Parlement wallon veut lui aussi des contr\u00f4les myst\u00e8res pour lutter contre la discrimination \u00e0 l'embauche: fausse bonne id\u00e9e? - Peoplesphere","og_description":"Ce 9 janvier 2018, des auditions sont organis\u00e9es au Parlement wallon autour du projet de lutte contre les discriminations \u00e0 l\u2019emploi via un \u00ab\u00a0contr\u00f4le myst\u00e8re\u00a0\u00bb des employeurs. La volont\u00e9 du projet d\u00e9pos\u00e9 par certains parlementaires wallons est, comme \u00e0 Bruxelles [&hellip;]","og_url":"https:\/\/peoplesphere.be\/fr\/parlement-wallon-veut-lui-controles-mysteres-lutter-contre-discrimination-a-lembauche-fausse-bonne-idee\/","og_site_name":"Peoplesphere","article_publisher":"https:\/\/www.facebook.com\/peoplesphere","article_published_time":"2018-01-09T15:58:22+00:00","og_image":[{"url":"http:\/\/www.peoplesphere.be\/fr\/wp-content\/uploads\/2016\/07\/facebook-default-posting-1200x628px.jpg"}],"author":"Jean-Paul Erhard","twitter_card":"summary_large_image","twitter_creator":"@PeoplesphereMag","twitter_site":"@PeoplesphereMag","twitter_misc":{"\u00c9crit par":"Jean-Paul Erhard","Dur\u00e9e de lecture estim\u00e9e":"2 minutes"},"schema":{"@context":"https:\/\/schema.org","@graph":[{"@type":"Article","@id":"https:\/\/peoplesphere.be\/fr\/parlement-wallon-veut-lui-controles-mysteres-lutter-contre-discrimination-a-lembauche-fausse-bonne-idee\/#article","isPartOf":{"@id":"https:\/\/peoplesphere.be\/fr\/parlement-wallon-veut-lui-controles-mysteres-lutter-contre-discrimination-a-lembauche-fausse-bonne-idee\/"},"author":{"name":"Jean-Paul Erhard","@id":"https:\/\/peoplesphere.be\/fr\/#\/schema\/person\/7976225ff17988604334abb7b3536a7e"},"headline":"Le Parlement wallon veut lui aussi des contr\u00f4les myst\u00e8res pour lutter contre la discrimination \u00e0 l&#8217;embauche: fausse bonne id\u00e9e?","datePublished":"2018-01-09T15:58:22+00:00","dateModified":"2018-01-09T15:58:22+00:00","mainEntityOfPage":{"@id":"https:\/\/peoplesphere.be\/fr\/parlement-wallon-veut-lui-controles-mysteres-lutter-contre-discrimination-a-lembauche-fausse-bonne-idee\/"},"wordCount":417,"publisher":{"@id":"https:\/\/peoplesphere.be\/fr\/#organization"},"keywords":["entretiens d'embauche","parlement wallon","recrutement","ucm"],"articleSection":["Actualit\u00e9s","Digital"],"inLanguage":"fr-FR"},{"@type":"WebPage","@id":"https:\/\/peoplesphere.be\/fr\/parlement-wallon-veut-lui-controles-mysteres-lutter-contre-discrimination-a-lembauche-fausse-bonne-idee\/","url":"https:\/\/peoplesphere.be\/fr\/parlement-wallon-veut-lui-controles-mysteres-lutter-contre-discrimination-a-lembauche-fausse-bonne-idee\/","name":"Le Parlement wallon veut lui aussi des contr\u00f4les myst\u00e8res pour lutter contre la discrimination \u00e0 l'embauche: fausse bonne id\u00e9e? - Peoplesphere","isPartOf":{"@id":"https:\/\/peoplesphere.be\/fr\/#website"},"datePublished":"2018-01-09T15:58:22+00:00","dateModified":"2018-01-09T15:58:22+00:00","breadcrumb":{"@id":"https:\/\/peoplesphere.be\/fr\/parlement-wallon-veut-lui-controles-mysteres-lutter-contre-discrimination-a-lembauche-fausse-bonne-idee\/#breadcrumb"},"inLanguage":"fr-FR","potentialAction":[{"@type":"ReadAction","target":["https:\/\/peoplesphere.be\/fr\/parlement-wallon-veut-lui-controles-mysteres-lutter-contre-discrimination-a-lembauche-fausse-bonne-idee\/"]}]},{"@type":"BreadcrumbList","@id":"https:\/\/peoplesphere.be\/fr\/parlement-wallon-veut-lui-controles-mysteres-lutter-contre-discrimination-a-lembauche-fausse-bonne-idee\/#breadcrumb","itemListElement":[{"@type":"ListItem","position":1,"name":"Accueil","item":"https:\/\/peoplesphere.be\/fr\/"},{"@type":"ListItem","position":2,"name":"Le Parlement wallon veut lui aussi des contr\u00f4les myst\u00e8res pour lutter contre la discrimination \u00e0 l&#8217;embauche: fausse bonne id\u00e9e?"}]},{"@type":"WebSite","@id":"https:\/\/peoplesphere.be\/fr\/#website","url":"https:\/\/peoplesphere.be\/fr\/","name":"Peoplesphere","description":"The People Managers Magazine","publisher":{"@id":"https:\/\/peoplesphere.be\/fr\/#organization"},"potentialAction":[{"@type":"SearchAction","target":{"@type":"EntryPoint","urlTemplate":"https:\/\/peoplesphere.be\/fr\/?s={search_term_string}"},"query-input":"required name=search_term_string"}],"inLanguage":"fr-FR"},{"@type":"Organization","@id":"https:\/\/peoplesphere.be\/fr\/#organization","name":"Peoplesphere Company srl","url":"https:\/\/peoplesphere.be\/fr\/","logo":{"@type":"ImageObject","inLanguage":"fr-FR","@id":"https:\/\/peoplesphere.be\/fr\/#\/schema\/logo\/image\/","url":"https:\/\/peoplesphere.be\/fr\/wp-content\/uploads\/2023\/07\/peoplesphere-lgo-new-generik.jpg","contentUrl":"https:\/\/peoplesphere.be\/fr\/wp-content\/uploads\/2023\/07\/peoplesphere-lgo-new-generik.jpg","width":1031,"height":1479,"caption":"Peoplesphere Company srl"},"image":{"@id":"https:\/\/peoplesphere.be\/fr\/#\/schema\/logo\/image\/"},"sameAs":["https:\/\/www.facebook.com\/peoplesphere","https:\/\/twitter.com\/PeoplesphereMag","https:\/\/www.linkedin.com\/company\/7587361?trk","http:\/\/youtube.com\/peoplesphere"]},{"@type":"Person","@id":"https:\/\/peoplesphere.be\/fr\/#\/schema\/person\/7976225ff17988604334abb7b3536a7e","name":"Jean-Paul Erhard","image":{"@type":"ImageObject","inLanguage":"fr-FR","@id":"https:\/\/peoplesphere.be\/fr\/#\/schema\/person\/image\/","url":"https:\/\/secure.gravatar.com\/avatar\/f941e681460179738071629a51574930?s=96&d=mm&r=g","contentUrl":"https:\/\/secure.gravatar.com\/avatar\/f941e681460179738071629a51574930?s=96&d=mm&r=g","caption":"Jean-Paul Erhard"},"url":"https:\/\/peoplesphere.be\/fr\/author\/jpe\/"}]}},"_links":{"self":[{"href":"https:\/\/peoplesphere.be\/fr\/wp-json\/wp\/v2\/posts\/5391"}],"collection":[{"href":"https:\/\/peoplesphere.be\/fr\/wp-json\/wp\/v2\/posts"}],"about":[{"href":"https:\/\/peoplesphere.be\/fr\/wp-json\/wp\/v2\/types\/post"}],"author":[{"embeddable":true,"href":"https:\/\/peoplesphere.be\/fr\/wp-json\/wp\/v2\/users\/2"}],"replies":[{"embeddable":true,"href":"https:\/\/peoplesphere.be\/fr\/wp-json\/wp\/v2\/comments?post=5391"}],"version-history":[{"count":1,"href":"https:\/\/peoplesphere.be\/fr\/wp-json\/wp\/v2\/posts\/5391\/revisions"}],"predecessor-version":[{"id":5392,"href":"https:\/\/peoplesphere.be\/fr\/wp-json\/wp\/v2\/posts\/5391\/revisions\/5392"}],"wp:attachment":[{"href":"https:\/\/peoplesphere.be\/fr\/wp-json\/wp\/v2\/media?parent=5391"}],"wp:term":[{"taxonomy":"category","embeddable":true,"href":"https:\/\/peoplesphere.be\/fr\/wp-json\/wp\/v2\/categories?post=5391"},{"taxonomy":"post_tag","embeddable":true,"href":"https:\/\/peoplesphere.be\/fr\/wp-json\/wp\/v2\/tags?post=5391"}],"curies":[{"name":"wp","href":"https:\/\/api.w.org\/{rel}","templated":true}]}}