









{"id":5412,"date":"2018-01-12T13:47:29","date_gmt":"2018-01-12T11:47:29","guid":{"rendered":"http:\/\/www.peoplesphere.be\/fr\/?p=5412"},"modified":"2018-01-12T13:47:29","modified_gmt":"2018-01-12T11:47:29","slug":"cash-for-budget-mobilite-travailleurs-veulent-possibilite-de-choisir","status":"publish","type":"post","link":"https:\/\/peoplesphere.be\/fr\/cash-for-budget-mobilite-travailleurs-veulent-possibilite-de-choisir\/","title":{"rendered":"Cash for car ou un budget mobilit\u00e9? Les travailleurs veulent avant tout avoir la possibilit\u00e9 de choisir"},"content":{"rendered":"<p>La loi est loin d&rsquo;\u00eatre fig\u00e9e puisque m\u00eame l&rsquo;allocation mobilit\u00e9 (cash for car) n&rsquo;a pas encore \u00e9t\u00e9 vot\u00e9e alors que la mesure est suppos\u00e9e entr\u00e9e en vigueur depuis le 1er janvier 2018. L&rsquo;enqu\u00eate men\u00e9e par le secr\u00e9tariat social SD Worx aupr\u00e8s de 2.000 travailleurs et 500 employeurs en Belgique tente d&rsquo;identifier ce que veulent vraiment les collaborateurs&#8230;<!--more--><\/p>\n<p>Pour r\u00e9duire le nombre de voitures de soci\u00e9t\u00e9 et traiter le probl\u00e8me des embouteillages, le gouvernement f\u00e9d\u00e9ral a cr\u00e9\u00e9 l\u2019allocation de mobilit\u00e9 (\u00e9galement connue comme le principe cash-for-car), gr\u00e2ce \u00e0 laquelle les travailleurs avec une voiture de soci\u00e9t\u00e9 peuvent en principe l\u2019\u00e9changer depuis le 1er janvier 2018 contre un montant additionnel en esp\u00e8ces qui b\u00e9n\u00e9ficie d\u2019un traitement social et fiscal favorable.<\/p>\n<p>Le budget mobilit\u00e9 franchit encore une \u00e9tape suppl\u00e9mentaire : l\u2019employeur met un budget \u00e0 la disposition des collaborateurs pour financer leur transport vers le lieu de travail. Les travailleurs re\u00e7oivent ainsi la libert\u00e9 de choix et les moyens financiers n\u00e9cessaires pour d\u00e9cider du ou des moyen(s) de transport qu\u2019ils utilisent pour se rendre au travail. Cette mesure offre donc plus de flexibilit\u00e9. Il n\u2019existe pas encore de l\u00e9gislation concr\u00e8te relative au budget mobilit\u00e9. Les entreprises peuvent toutefois d\u00e9j\u00e0 l\u2019appliquer via un plan caf\u00e9t\u00e9ria, dans le cadre duquel le collaborateur peut choisir de consacrer un budget d\u00e9termin\u00e9 \u00e0 tout un \u00e9ventail de solutions de mobilit\u00e9. Le budget mobilit\u00e9 et l\u2019allocation de mobilit\u00e9 visent la neutralit\u00e9 budg\u00e9taire, tant pour les employeurs et les travailleurs que pour les pouvoirs publics.<\/p>\n<p><strong><em>L\u2019allocation de mobilit\u00e9 plus connue que le budget mobilit\u00e9<\/em><\/strong><\/p>\n<p>\u00c9tant donn\u00e9 que le budget mobilit\u00e9 et l\u2019allocation de mobilit\u00e9 sont encore tr\u00e8s r\u00e9cents, de nombreuses incertitudes subsistent chez les employeurs et les travailleurs quant \u00e0 leur contenu exact. L\u2019allocation de mobilit\u00e9 est un peu plus connue que le budget mobilit\u00e9, chez les employeurs comme chez les travailleurs. 27% des employeurs interrog\u00e9s sont au fait des conditions du budget mobilit\u00e9, tandis que 34% connaissent celles de l\u2019allocation de mobilit\u00e9.<\/p>\n<p>Les travailleurs aussi sont plus familiaris\u00e9s avec l\u2019allocation de mobilit\u00e9 qu\u2019avec le budget mobilit\u00e9 : 63% des navetteurs la connaissent, contre 53% qui savent ce qu\u2019est le budget mobilit\u00e9. 72% des travailleurs interrog\u00e9s ignorent si leur employeur proposera l\u2019allocation de mobilit\u00e9. Tout juste moins d\u2019un travailleur sur dix (9%) r\u00e9pond que son entreprise la propose,\u00a0et 19% disent que ce n\u2019est pas une option. Inversement, les employeurs ne remarquent pas encore un grand int\u00e9r\u00eat de leurs travailleurs pour l\u2019allocation de mobilit\u00e9. Un employeur sur cinq (19,5%) a d\u00e9j\u00e0 re\u00e7u des questions \u00e0 ce sujet. Dans les petites entreprises (avec moins de 20 travailleurs), c\u2019est m\u00eame le cas d\u2019un peu plus d\u2019un employeur sur dix (11,4%).<\/p>\n<p><em><strong>Le budget mobilit\u00e9 moins int\u00e9ressant pour ceux qui ont une voiture de soci\u00e9t\u00e9<\/strong><\/em><\/p>\n<p>De mani\u00e8re g\u00e9n\u00e9rale, un peu plus de la moiti\u00e9 des travailleurs (51,8%) sont ouverts \u00e0 un budget mobilit\u00e9. Cet int\u00e9r\u00eat des navetteurs est nettement plus important du c\u00f4t\u00e9 des travailleurs qui n\u2019ont pas de voiture de soci\u00e9t\u00e9 : 56,9% d\u2019entre eux y sont favorables, contre 26,7% de ceux qui disposent actuellement d\u2019une voiture de soci\u00e9t\u00e9.<br \/>\nEn outre, seuls 5 % des travailleurs sont pr\u00eats \u00e0 abandonner totalement leur voiture de soci\u00e9t\u00e9 en \u00e9change d\u2019autres solutions de mobilit\u00e9. 61% opteraient pour la m\u00eame voiture de soci\u00e9t\u00e9 ; 20 % choisiraient un mod\u00e8le plus petit afin de pr\u00e9server un budget pour d\u2019autres moyens de transport. 9% envisageraient m\u00eame une voiture de soci\u00e9t\u00e9 d\u2019une gamme sup\u00e9rieure, et seraient pr\u00eats pour cela \u00e0 renoncer \u00e0 d\u2019autres avantages.<\/p>\n<p><em>\u00ab Le principe central du budget mobilit\u00e9 est que la voiture de soci\u00e9t\u00e9 peut continuer \u00e0 en faire partie, et ne doit donc pas compl\u00e8tement dispara\u00eetre. Ceci s\u2019accorde au constat que la grande majorit\u00e9 des personnes interrog\u00e9es opteraient toujours pour une voiture de soci\u00e9t\u00e9 dans le cadre d\u2019un budget mobilit\u00e9. Avec un budget mobilit\u00e9, les collaborateurs peuvent eux-m\u00eames d\u00e9cider comment r\u00e9gler leurs d\u00e9placements entre le domicile et le lieu de travail de mani\u00e8re optimale. Ils choisissent la meilleure combinaison de moyens de transport avec le budget mis \u00e0 leur disposition par l\u2019employeur. Bien s\u00fbr, ne plus monter dans sa voiture chaque jour en pilotage automatique demande un changement de mentalit\u00e9 de la part des travailleurs. Il va plus loin et offre plus de libert\u00e9 de choix que l\u2019allocation de mobilit\u00e9 \u00bb<\/em>, commente Jean-Luc Vannieuwenhuyse, manager au Centre de connaissances juridiques de SD Worx.<\/p>\n<p>Les employeurs aussi adh\u00e8rent au budget mobilit\u00e9. Deux employeurs sur cinq (42,8%) s\u2019int\u00e9ressent \u00e0 cette mesure, et plus de la moiti\u00e9 d\u2019entre eux (52,1%) envisagent de l\u2019introduire dans un futur proche ou l\u2019ont d\u00e9j\u00e0 fait.<br \/>\n\u00c9tant donn\u00e9 qu\u2019un budget mobilit\u00e9 ne doit pas exclusivement viser les travailleurs avec une voiture de soci\u00e9t\u00e9, cette mesure pourrait \u00e9galement avoir un impact sur les navetteurs en g\u00e9n\u00e9ral. Ainsi, pr\u00e8s d\u2019un navetteur sans voiture de soci\u00e9t\u00e9 sur cinq (18%) affirme qu\u2019il se rendrait au travail autrement si un budget mobilit\u00e9 lui \u00e9tait propos\u00e9. 33% d\u2019entre eux opteraient pour une combinaison entre le v\u00e9lo, les transports publics ou la voiture, 29% passeraient totalement au v\u00e9lo, 17% viendraient en voiture et 14% emprunteraient les transports publics.<\/p>\n<p><strong><em>L\u2019allocation de mobilit\u00e9 n\u2019est pas encore acquise<\/em><\/strong><\/p>\n<p>L\u2019allocation de mobilit\u00e9 g\u00e9n\u00e8re moins d\u2019enthousiasme chez les navetteurs qui disposent d\u2019une voiture de soci\u00e9t\u00e9. Seuls 16% d\u2019entre eux manifestent un int\u00e9r\u00eat. La r\u00e9sistance \u00e0 ce r\u00e9gime repose sur diverses raisons : 53% des personnes interrog\u00e9es disent ne pas pouvoir se rendre\u00a0au travail autrement qu\u2019en voiture (de soci\u00e9t\u00e9), 46% d\u00e9clarent en avoir besoin pour l\u2019exercice de leur fonction, 36% appr\u00e9cient le confort d\u2019une voiture de soci\u00e9t\u00e9, et 35% craignent que le montant de l\u2019allocation de mobilit\u00e9 ne soit trop bas.<\/p>\n<p>Parmi les navetteurs avec une voiture de soci\u00e9t\u00e9 qui sont int\u00e9ress\u00e9s par une allocation de mobilit\u00e9, 46% opteraient \u00e0 nouveau pour la voiture comme moyen de transport s\u2019ils devaient \u00e9changer leur voiture de soci\u00e9t\u00e9, 42% utiliseraient le v\u00e9lo, et 29% les transports publics. 20% d\u2019entre eux auraient recours \u00e0 une combinaison entre plusieurs moyens de transport.<\/p>\n<p>En ce qui concerne la mise \u00e0 disposition future d\u2019une allocation de mobilit\u00e9, les employeurs sont partag\u00e9s. 43% d\u2019entre eux d\u00e9clarent qu\u2019ils n\u2019en feront pas usage. Les raisons cit\u00e9es sont un manque d\u2019int\u00e9r\u00eat des collaborateurs (51%), un impact probablement n\u00e9gligeable sur les embouteillages (28%), et trop de travail administratif (13%). N\u00e9anmoins, pr\u00e8s de six employeurs interrog\u00e9s sur dix (56,5%) sont ouverts \u00e0 l\u2019id\u00e9e. Seules 14% des entreprises ont d\u00e9j\u00e0 d\u00e9cid\u00e9 d\u2019octroyer l\u2019allocation de mobilit\u00e9.<\/p>\n<p><em>Source : SD Worx<\/em><\/p>\n","protected":false},"excerpt":{"rendered":"<p>La loi est loin d&rsquo;\u00eatre fig\u00e9e puisque m\u00eame l&rsquo;allocation mobilit\u00e9 (cash for car) n&rsquo;a pas encore \u00e9t\u00e9 vot\u00e9e alors que la mesure est suppos\u00e9e entr\u00e9e en vigueur depuis le 1er janvier 2018. L&rsquo;enqu\u00eate men\u00e9e par le secr\u00e9tariat social SD Worx [&hellip;]<\/p>\n","protected":false},"author":2,"featured_media":0,"comment_status":"closed","ping_status":"open","sticky":false,"template":"","format":"standard","meta":[],"categories":[65,10],"tags":[562,1269,1492,136,1721],"yoast_head":"<!-- This site is optimized with the Yoast SEO plugin v21.0 - https:\/\/yoast.com\/wordpress\/plugins\/seo\/ -->\n<title>Cash for car ou un budget mobilit\u00e9? Les travailleurs veulent avant tout avoir la possibilit\u00e9 de choisir - Peoplesphere<\/title>\n<meta name=\"robots\" content=\"index, follow, max-snippet:-1, max-image-preview:large, max-video-preview:-1\" \/>\n<link rel=\"canonical\" href=\"https:\/\/peoplesphere.be\/fr\/cash-for-budget-mobilite-travailleurs-veulent-possibilite-de-choisir\/\" \/>\n<meta property=\"og:locale\" content=\"fr_FR\" \/>\n<meta property=\"og:type\" content=\"article\" \/>\n<meta property=\"og:title\" content=\"Cash for car ou un budget mobilit\u00e9? Les travailleurs veulent avant tout avoir la possibilit\u00e9 de choisir - Peoplesphere\" \/>\n<meta property=\"og:description\" content=\"La loi est loin d&rsquo;\u00eatre fig\u00e9e puisque m\u00eame l&rsquo;allocation mobilit\u00e9 (cash for car) n&rsquo;a pas encore \u00e9t\u00e9 vot\u00e9e alors que la mesure est suppos\u00e9e entr\u00e9e en vigueur depuis le 1er janvier 2018. L&rsquo;enqu\u00eate men\u00e9e par le secr\u00e9tariat social SD Worx [&hellip;]\" \/>\n<meta property=\"og:url\" content=\"https:\/\/peoplesphere.be\/fr\/cash-for-budget-mobilite-travailleurs-veulent-possibilite-de-choisir\/\" \/>\n<meta property=\"og:site_name\" content=\"Peoplesphere\" \/>\n<meta property=\"article:publisher\" content=\"https:\/\/www.facebook.com\/peoplesphere\" \/>\n<meta property=\"article:published_time\" content=\"2018-01-12T11:47:29+00:00\" \/>\n<meta property=\"og:image\" content=\"http:\/\/www.peoplesphere.be\/fr\/wp-content\/uploads\/2016\/07\/facebook-default-posting-1200x628px.jpg\" \/>\n<meta name=\"author\" content=\"Jean-Paul Erhard\" \/>\n<meta name=\"twitter:card\" content=\"summary_large_image\" \/>\n<meta name=\"twitter:creator\" content=\"@PeoplesphereMag\" \/>\n<meta name=\"twitter:site\" content=\"@PeoplesphereMag\" \/>\n<meta name=\"twitter:label1\" content=\"\u00c9crit par\" \/>\n\t<meta name=\"twitter:data1\" content=\"Jean-Paul Erhard\" \/>\n\t<meta name=\"twitter:label2\" content=\"Dur\u00e9e de lecture estim\u00e9e\" \/>\n\t<meta name=\"twitter:data2\" content=\"6 minutes\" \/>\n<script type=\"application\/ld+json\" class=\"yoast-schema-graph\">{\"@context\":\"https:\/\/schema.org\",\"@graph\":[{\"@type\":\"Article\",\"@id\":\"https:\/\/peoplesphere.be\/fr\/cash-for-budget-mobilite-travailleurs-veulent-possibilite-de-choisir\/#article\",\"isPartOf\":{\"@id\":\"https:\/\/peoplesphere.be\/fr\/cash-for-budget-mobilite-travailleurs-veulent-possibilite-de-choisir\/\"},\"author\":{\"name\":\"Jean-Paul Erhard\",\"@id\":\"https:\/\/peoplesphere.be\/fr\/#\/schema\/person\/7976225ff17988604334abb7b3536a7e\"},\"headline\":\"Cash for car ou un budget mobilit\u00e9? Les travailleurs veulent avant tout avoir la possibilit\u00e9 de choisir\",\"datePublished\":\"2018-01-12T11:47:29+00:00\",\"dateModified\":\"2018-01-12T11:47:29+00:00\",\"mainEntityOfPage\":{\"@id\":\"https:\/\/peoplesphere.be\/fr\/cash-for-budget-mobilite-travailleurs-veulent-possibilite-de-choisir\/\"},\"wordCount\":1180,\"publisher\":{\"@id\":\"https:\/\/peoplesphere.be\/fr\/#organization\"},\"keywords\":[\"avantages extra-l\u00e9gaux\",\"budget mobilit\u00e9\",\"cash for car\",\"mobilit\u00e9\",\"optimisation des r\u00e9mun\u00e9rations\"],\"articleSection\":[\"Actualit\u00e9s\",\"Digital\"],\"inLanguage\":\"fr-FR\"},{\"@type\":\"WebPage\",\"@id\":\"https:\/\/peoplesphere.be\/fr\/cash-for-budget-mobilite-travailleurs-veulent-possibilite-de-choisir\/\",\"url\":\"https:\/\/peoplesphere.be\/fr\/cash-for-budget-mobilite-travailleurs-veulent-possibilite-de-choisir\/\",\"name\":\"Cash for car ou un budget mobilit\u00e9? Les travailleurs veulent avant tout avoir la possibilit\u00e9 de choisir - Peoplesphere\",\"isPartOf\":{\"@id\":\"https:\/\/peoplesphere.be\/fr\/#website\"},\"datePublished\":\"2018-01-12T11:47:29+00:00\",\"dateModified\":\"2018-01-12T11:47:29+00:00\",\"breadcrumb\":{\"@id\":\"https:\/\/peoplesphere.be\/fr\/cash-for-budget-mobilite-travailleurs-veulent-possibilite-de-choisir\/#breadcrumb\"},\"inLanguage\":\"fr-FR\",\"potentialAction\":[{\"@type\":\"ReadAction\",\"target\":[\"https:\/\/peoplesphere.be\/fr\/cash-for-budget-mobilite-travailleurs-veulent-possibilite-de-choisir\/\"]}]},{\"@type\":\"BreadcrumbList\",\"@id\":\"https:\/\/peoplesphere.be\/fr\/cash-for-budget-mobilite-travailleurs-veulent-possibilite-de-choisir\/#breadcrumb\",\"itemListElement\":[{\"@type\":\"ListItem\",\"position\":1,\"name\":\"Accueil\",\"item\":\"https:\/\/peoplesphere.be\/fr\/\"},{\"@type\":\"ListItem\",\"position\":2,\"name\":\"Cash for car ou un budget mobilit\u00e9? Les travailleurs veulent avant tout avoir la possibilit\u00e9 de choisir\"}]},{\"@type\":\"WebSite\",\"@id\":\"https:\/\/peoplesphere.be\/fr\/#website\",\"url\":\"https:\/\/peoplesphere.be\/fr\/\",\"name\":\"Peoplesphere\",\"description\":\"The People Managers Magazine\",\"publisher\":{\"@id\":\"https:\/\/peoplesphere.be\/fr\/#organization\"},\"potentialAction\":[{\"@type\":\"SearchAction\",\"target\":{\"@type\":\"EntryPoint\",\"urlTemplate\":\"https:\/\/peoplesphere.be\/fr\/?s={search_term_string}\"},\"query-input\":\"required name=search_term_string\"}],\"inLanguage\":\"fr-FR\"},{\"@type\":\"Organization\",\"@id\":\"https:\/\/peoplesphere.be\/fr\/#organization\",\"name\":\"Peoplesphere Company srl\",\"url\":\"https:\/\/peoplesphere.be\/fr\/\",\"logo\":{\"@type\":\"ImageObject\",\"inLanguage\":\"fr-FR\",\"@id\":\"https:\/\/peoplesphere.be\/fr\/#\/schema\/logo\/image\/\",\"url\":\"https:\/\/peoplesphere.be\/fr\/wp-content\/uploads\/2023\/07\/peoplesphere-lgo-new-generik.jpg\",\"contentUrl\":\"https:\/\/peoplesphere.be\/fr\/wp-content\/uploads\/2023\/07\/peoplesphere-lgo-new-generik.jpg\",\"width\":1031,\"height\":1479,\"caption\":\"Peoplesphere Company srl\"},\"image\":{\"@id\":\"https:\/\/peoplesphere.be\/fr\/#\/schema\/logo\/image\/\"},\"sameAs\":[\"https:\/\/www.facebook.com\/peoplesphere\",\"https:\/\/twitter.com\/PeoplesphereMag\",\"https:\/\/www.linkedin.com\/company\/7587361?trk\",\"http:\/\/youtube.com\/peoplesphere\"]},{\"@type\":\"Person\",\"@id\":\"https:\/\/peoplesphere.be\/fr\/#\/schema\/person\/7976225ff17988604334abb7b3536a7e\",\"name\":\"Jean-Paul Erhard\",\"image\":{\"@type\":\"ImageObject\",\"inLanguage\":\"fr-FR\",\"@id\":\"https:\/\/peoplesphere.be\/fr\/#\/schema\/person\/image\/\",\"url\":\"https:\/\/secure.gravatar.com\/avatar\/f941e681460179738071629a51574930?s=96&d=mm&r=g\",\"contentUrl\":\"https:\/\/secure.gravatar.com\/avatar\/f941e681460179738071629a51574930?s=96&d=mm&r=g\",\"caption\":\"Jean-Paul Erhard\"},\"url\":\"https:\/\/peoplesphere.be\/fr\/author\/jpe\/\"}]}<\/script>\n<!-- \/ Yoast SEO plugin. -->","yoast_head_json":{"title":"Cash for car ou un budget mobilit\u00e9? Les travailleurs veulent avant tout avoir la possibilit\u00e9 de choisir - Peoplesphere","robots":{"index":"index","follow":"follow","max-snippet":"max-snippet:-1","max-image-preview":"max-image-preview:large","max-video-preview":"max-video-preview:-1"},"canonical":"https:\/\/peoplesphere.be\/fr\/cash-for-budget-mobilite-travailleurs-veulent-possibilite-de-choisir\/","og_locale":"fr_FR","og_type":"article","og_title":"Cash for car ou un budget mobilit\u00e9? Les travailleurs veulent avant tout avoir la possibilit\u00e9 de choisir - Peoplesphere","og_description":"La loi est loin d&rsquo;\u00eatre fig\u00e9e puisque m\u00eame l&rsquo;allocation mobilit\u00e9 (cash for car) n&rsquo;a pas encore \u00e9t\u00e9 vot\u00e9e alors que la mesure est suppos\u00e9e entr\u00e9e en vigueur depuis le 1er janvier 2018. L&rsquo;enqu\u00eate men\u00e9e par le secr\u00e9tariat social SD Worx [&hellip;]","og_url":"https:\/\/peoplesphere.be\/fr\/cash-for-budget-mobilite-travailleurs-veulent-possibilite-de-choisir\/","og_site_name":"Peoplesphere","article_publisher":"https:\/\/www.facebook.com\/peoplesphere","article_published_time":"2018-01-12T11:47:29+00:00","og_image":[{"url":"http:\/\/www.peoplesphere.be\/fr\/wp-content\/uploads\/2016\/07\/facebook-default-posting-1200x628px.jpg"}],"author":"Jean-Paul Erhard","twitter_card":"summary_large_image","twitter_creator":"@PeoplesphereMag","twitter_site":"@PeoplesphereMag","twitter_misc":{"\u00c9crit par":"Jean-Paul Erhard","Dur\u00e9e de lecture estim\u00e9e":"6 minutes"},"schema":{"@context":"https:\/\/schema.org","@graph":[{"@type":"Article","@id":"https:\/\/peoplesphere.be\/fr\/cash-for-budget-mobilite-travailleurs-veulent-possibilite-de-choisir\/#article","isPartOf":{"@id":"https:\/\/peoplesphere.be\/fr\/cash-for-budget-mobilite-travailleurs-veulent-possibilite-de-choisir\/"},"author":{"name":"Jean-Paul Erhard","@id":"https:\/\/peoplesphere.be\/fr\/#\/schema\/person\/7976225ff17988604334abb7b3536a7e"},"headline":"Cash for car ou un budget mobilit\u00e9? Les travailleurs veulent avant tout avoir la possibilit\u00e9 de choisir","datePublished":"2018-01-12T11:47:29+00:00","dateModified":"2018-01-12T11:47:29+00:00","mainEntityOfPage":{"@id":"https:\/\/peoplesphere.be\/fr\/cash-for-budget-mobilite-travailleurs-veulent-possibilite-de-choisir\/"},"wordCount":1180,"publisher":{"@id":"https:\/\/peoplesphere.be\/fr\/#organization"},"keywords":["avantages extra-l\u00e9gaux","budget mobilit\u00e9","cash for car","mobilit\u00e9","optimisation des r\u00e9mun\u00e9rations"],"articleSection":["Actualit\u00e9s","Digital"],"inLanguage":"fr-FR"},{"@type":"WebPage","@id":"https:\/\/peoplesphere.be\/fr\/cash-for-budget-mobilite-travailleurs-veulent-possibilite-de-choisir\/","url":"https:\/\/peoplesphere.be\/fr\/cash-for-budget-mobilite-travailleurs-veulent-possibilite-de-choisir\/","name":"Cash for car ou un budget mobilit\u00e9? Les travailleurs veulent avant tout avoir la possibilit\u00e9 de choisir - Peoplesphere","isPartOf":{"@id":"https:\/\/peoplesphere.be\/fr\/#website"},"datePublished":"2018-01-12T11:47:29+00:00","dateModified":"2018-01-12T11:47:29+00:00","breadcrumb":{"@id":"https:\/\/peoplesphere.be\/fr\/cash-for-budget-mobilite-travailleurs-veulent-possibilite-de-choisir\/#breadcrumb"},"inLanguage":"fr-FR","potentialAction":[{"@type":"ReadAction","target":["https:\/\/peoplesphere.be\/fr\/cash-for-budget-mobilite-travailleurs-veulent-possibilite-de-choisir\/"]}]},{"@type":"BreadcrumbList","@id":"https:\/\/peoplesphere.be\/fr\/cash-for-budget-mobilite-travailleurs-veulent-possibilite-de-choisir\/#breadcrumb","itemListElement":[{"@type":"ListItem","position":1,"name":"Accueil","item":"https:\/\/peoplesphere.be\/fr\/"},{"@type":"ListItem","position":2,"name":"Cash for car ou un budget mobilit\u00e9? Les travailleurs veulent avant tout avoir la possibilit\u00e9 de choisir"}]},{"@type":"WebSite","@id":"https:\/\/peoplesphere.be\/fr\/#website","url":"https:\/\/peoplesphere.be\/fr\/","name":"Peoplesphere","description":"The People Managers Magazine","publisher":{"@id":"https:\/\/peoplesphere.be\/fr\/#organization"},"potentialAction":[{"@type":"SearchAction","target":{"@type":"EntryPoint","urlTemplate":"https:\/\/peoplesphere.be\/fr\/?s={search_term_string}"},"query-input":"required name=search_term_string"}],"inLanguage":"fr-FR"},{"@type":"Organization","@id":"https:\/\/peoplesphere.be\/fr\/#organization","name":"Peoplesphere Company srl","url":"https:\/\/peoplesphere.be\/fr\/","logo":{"@type":"ImageObject","inLanguage":"fr-FR","@id":"https:\/\/peoplesphere.be\/fr\/#\/schema\/logo\/image\/","url":"https:\/\/peoplesphere.be\/fr\/wp-content\/uploads\/2023\/07\/peoplesphere-lgo-new-generik.jpg","contentUrl":"https:\/\/peoplesphere.be\/fr\/wp-content\/uploads\/2023\/07\/peoplesphere-lgo-new-generik.jpg","width":1031,"height":1479,"caption":"Peoplesphere Company srl"},"image":{"@id":"https:\/\/peoplesphere.be\/fr\/#\/schema\/logo\/image\/"},"sameAs":["https:\/\/www.facebook.com\/peoplesphere","https:\/\/twitter.com\/PeoplesphereMag","https:\/\/www.linkedin.com\/company\/7587361?trk","http:\/\/youtube.com\/peoplesphere"]},{"@type":"Person","@id":"https:\/\/peoplesphere.be\/fr\/#\/schema\/person\/7976225ff17988604334abb7b3536a7e","name":"Jean-Paul Erhard","image":{"@type":"ImageObject","inLanguage":"fr-FR","@id":"https:\/\/peoplesphere.be\/fr\/#\/schema\/person\/image\/","url":"https:\/\/secure.gravatar.com\/avatar\/f941e681460179738071629a51574930?s=96&d=mm&r=g","contentUrl":"https:\/\/secure.gravatar.com\/avatar\/f941e681460179738071629a51574930?s=96&d=mm&r=g","caption":"Jean-Paul Erhard"},"url":"https:\/\/peoplesphere.be\/fr\/author\/jpe\/"}]}},"_links":{"self":[{"href":"https:\/\/peoplesphere.be\/fr\/wp-json\/wp\/v2\/posts\/5412"}],"collection":[{"href":"https:\/\/peoplesphere.be\/fr\/wp-json\/wp\/v2\/posts"}],"about":[{"href":"https:\/\/peoplesphere.be\/fr\/wp-json\/wp\/v2\/types\/post"}],"author":[{"embeddable":true,"href":"https:\/\/peoplesphere.be\/fr\/wp-json\/wp\/v2\/users\/2"}],"replies":[{"embeddable":true,"href":"https:\/\/peoplesphere.be\/fr\/wp-json\/wp\/v2\/comments?post=5412"}],"version-history":[{"count":1,"href":"https:\/\/peoplesphere.be\/fr\/wp-json\/wp\/v2\/posts\/5412\/revisions"}],"predecessor-version":[{"id":5413,"href":"https:\/\/peoplesphere.be\/fr\/wp-json\/wp\/v2\/posts\/5412\/revisions\/5413"}],"wp:attachment":[{"href":"https:\/\/peoplesphere.be\/fr\/wp-json\/wp\/v2\/media?parent=5412"}],"wp:term":[{"taxonomy":"category","embeddable":true,"href":"https:\/\/peoplesphere.be\/fr\/wp-json\/wp\/v2\/categories?post=5412"},{"taxonomy":"post_tag","embeddable":true,"href":"https:\/\/peoplesphere.be\/fr\/wp-json\/wp\/v2\/tags?post=5412"}],"curies":[{"name":"wp","href":"https:\/\/api.w.org\/{rel}","templated":true}]}}