









{"id":5459,"date":"2018-01-20T11:41:31","date_gmt":"2018-01-20T09:41:31","guid":{"rendered":"http:\/\/www.peoplesphere.be\/fr\/?p=5459"},"modified":"2018-01-20T11:41:31","modified_gmt":"2018-01-20T09:41:31","slug":"place-syndicats-modeles-low-cost-internationaux-dossier-ryanair-sera-cas-decole","status":"publish","type":"post","link":"https:\/\/peoplesphere.be\/fr\/place-syndicats-modeles-low-cost-internationaux-dossier-ryanair-sera-cas-decole\/","title":{"rendered":"Quelle place pour les syndicats dans les mod\u00e8les low cost internationaux? Le dossier Ryanair sera un cas d&rsquo;\u00e9cole."},"content":{"rendered":"<p>Un choc de cultures annonc\u00e9&#8230; La rencontre pr\u00e9vue en cette fin de semaine entre les repr\u00e9sentants de Ryanair et le syndicat chr\u00e9tien, en l&rsquo;occurence la CNE, devait permettre de voir comment le premier op\u00e9rateur bien low cost appr\u00e9hende la r\u00e9alit\u00e9 de la concertation sociale. Pas question en effet d&rsquo;aller jouer sur ce terrain glissant jusqu&rsquo;\u00e0 pr\u00e9sent&#8230; Cette premi\u00e8re ouverture correspond-elle \u00e0 l&rsquo;ouverture d&rsquo;une nouvelle \u00e8re? Pas certain.\u00a0<!--more--><\/p>\n<p>La RTBF offre un compte-rendu plut\u00f4t d\u00e9taill\u00e9 de la rencontre, qualifi\u00e9e d&rsquo;historique. <em>\u00ab\u00a0Les deux parties ont qualifi\u00e9 la r\u00e9union de \u00ab\u00a0constructive\u00a0\u00bb, mais \u00e0 13H, la compagnie a\u00e9rienne refusait toujours de reconna\u00eetre une d\u00e9l\u00e9gation syndicale. Ryanair s\u2019en tient \u00e0 une proposition d\u2019augmentation salariale pour les seuls pilotes, et seulement pour une p\u00e9riode d\u00e9termin\u00e9e. Une nouvelle entrevue est pr\u00e9vue \u00e0 la fin du mois de f\u00e9vrier.\u00a0L&rsquo;annulation de 20 000 vols, l&rsquo;ann\u00e9e pass\u00e9e avait provoqu\u00e9 une crise sans pr\u00e9c\u00e9dent au sein de la soci\u00e9t\u00e9 irlandaise. Face au danger de perdre ses pilotes, Ryanair avait d\u00fb faire des concessions. Ce vendredi, les responsables syndicaux de la CNE rencontraient pour la premi\u00e8re fois la direction de Ryanair \u00e0 l&rsquo;h\u00f4tel Sheraton \u00e0 Bruxelles. Une r\u00e9union qui suscitait l&rsquo;espoir d&rsquo;entamer un dialogue avec la compagnie \u00e0 bas co\u00fbts et l&rsquo;am\u00e9lioration des conditions de travail du personnel bas\u00e9 en Belgique. Eddie Wilson chef du personnel a d\u00e9clar\u00e9 que c\u2019\u00e9tait une premi\u00e8re prise de contact avec les pilotes.\u00a0Et de fait, c&rsquo;est la premi\u00e8re fois que Ryanair acceptait de rencontrer une d\u00e9l\u00e9gation syndicale. Ryanair a d\u00e9cid\u00e9 de s&rsquo;attaquer au probl\u00e8me de fond en entamant une tourn\u00e9e europ\u00e9enne de ses 87 bases. La Belgique \u00e9tait, ce vendredi, le 8e pays dans lequel se rendait la d\u00e9l\u00e9gation de Ryanair.\u00a0\u00bb<\/em><\/p>\n<p><em><strong>Installer une d\u00e9l\u00e9gation syndicale ? <\/strong><\/em><\/p>\n<p>Yves Lambot de la CNE, a tent\u00e9 de piloter la r\u00e9union. Il explique \u00e0 la RTBF:\u00a0<em>\u00ab\u00a0C\u2019\u00e9taient des intentions affich\u00e9es par Ryanair, mais jamais nous n\u2019avons eu l\u2019occasion de les rencontrer. Cette ouverture a \u00e9t\u00e9 faite fin d\u00e9cembre. Et nous l\u2019avons saisie aujourd\u2019hui&#8230;\u00a0\u00bb \u00a0<\/em>La premi\u00e8re revendication de la CNE est la reconnaissance par Ryanair d&rsquo;une d\u00e9l\u00e9gation syndicale belge. Venus de Dublin, le chef du personnel de Ryanair Eddie Wilson et le num\u00e9ro deux de la compagnie Peter Bellew n&rsquo;ont cependant pas accept\u00e9 cette demande. <em>\u00ab\u00a0Ryanair a peur qu&rsquo;en reconnaissant les syndicats, elle doive se plier au droit belge.\u00a0Nous voulons mettre concr\u00e8tement sur la table les \u00e9l\u00e9ments qui permettre cela. On veut \u00eatre certain de bien se comprendre. Je suppose qu\u2019entre des d\u00e9l\u00e9gations syndicales belge et irlandaise, il y a des diff\u00e9rences. Il faut gommer ces diff\u00e9rences et s\u2019assurer que toutes les parties soient sur la m\u00eame longueur d\u2019onde\u00a0\u00bb<\/em>.<\/p>\n<p>L&rsquo;analyse de la strat\u00e9gie de n\u00e9gociation de Ryanair porte sur un autre domaine, celui des r\u00e9mun\u00e9rations. <em>\u00ab\u00a0Ryanair s\u2019est content\u00e9e de r\u00e9it\u00e9rer une proposition d\u00e9j\u00e0 faite devant les pilotes anglais. Elle a propos\u00e9 vendredi une augmentation de salaire d&rsquo;environ 20% pour les pilotes belges. La soci\u00e9t\u00e9 annon\u00e7ait jeudi que les pilotes britanniques avaient accept\u00e9 cette augmentation salariale allant jusqu&rsquo;\u00e0 20%. Mais pour le syndicats, cette offre pourrait \u00eatre un pi\u00e8ge. Ce niveau d&rsquo;augmentation ne concerne que certaines cat\u00e9gories de pilotes et ne porterait que sur une p\u00e9riode limit\u00e9e \u00e0 3 ans. On devrait alors plut\u00f4t parler de prime. Et 3 ans et le temps n\u00e9cessaire pour former de nouveaux pilotes, plus jeunes et moins chers. Ceux-ci pourraient alors venir combler les baisses d&rsquo;effectifs provoqu\u00e9es par les d\u00e9parts des pilotes plus chevronn\u00e9s et plus chers.\u00a0\u00bb<\/em><\/p>\n<p><strong><em>Avant tout, la question de la pression sociale&#8230;<\/em><\/strong><\/p>\n<p>Selon les organisations syndicales relay\u00e9es par la RTBF, la reconnaissance des syndicats par Ryanair doit permettre d&rsquo;apaiser les tensions sociales. <em>\u00ab\u00a0Depuis sa cr\u00e9ation en 1985, Ryanair a toujours refus\u00e9 de reconna\u00eetre les syndicats. Mais la compagnie vit depuis quelques mois une vague de protestation sans pr\u00e9c\u00e9dent de son personnel, sur fond d&rsquo;exode de ses pilotes vers d&rsquo;autres compagnies a\u00e9riennes.\u00a0Le 22 d\u00e9cembre, la soci\u00e9t\u00e9 avait d\u00e9j\u00e0 subi en Allemagne la premi\u00e8re gr\u00e8ve de son histoire, m\u00eame si celle-ci a remport\u00e9 un succ\u00e8s mitig\u00e9. Ryanair a ensuite amorc\u00e9 un virage en commen\u00e7ant \u00e0 reconna\u00eetre des syndicats, face \u00e0 des menaces de gr\u00e8ve historiques en Italie, en Irlande et au Portugal. Une mani\u00e8re d&rsquo;accentuer la pression sur Ryanair, d\u00e9j\u00e0 mise en difficult\u00e9 par des milliers d&rsquo;annulations de vols depuis septembre.<\/em><\/p>\n<p><em>En Belgique, le bras de fer a d\u00e9but\u00e9 en 2011, lorsque la CNE a attaqu\u00e9 Ryanair en justice pour la contraindre d&rsquo;appliquer la l\u00e9gislations sociale belge plut\u00f4t qu&rsquo;irlandaise. La Cour de Justice de l&rsquo;Union europ\u00e9enne lui a donn\u00e9 raison mi-septembre. Un arr\u00eat de la cour d&rsquo;appel de Mons est d\u00e9sormais attendu en juin pour r\u00e9gler la question.\u00a0La rencontre de vendredi fait suite \u00e0 une demande de la CNE en collaboration avec l&rsquo;association de pilotes belges Beca (Belgian cockpit association). Mais elle r\u00e9sulte aussi d&rsquo;une ouverture de Ryanair elle-m\u00eame, souligne Yves Lambot. \u00ab\u00a0Ryanair \u00e9voque la possibilit\u00e9 de reconna\u00eetre les syndicats en Belgique, mais nous allons demander des explications et des garanties sur ce que cette reconnaissance signifie pour la direction.\u00a0\u00bb.<\/em><\/p>\n<p><em>Source : RTBF<\/em><\/p>\n<p>&nbsp;<\/p>\n","protected":false},"excerpt":{"rendered":"<p>Un choc de cultures annonc\u00e9&#8230; La rencontre pr\u00e9vue en cette fin de semaine entre les repr\u00e9sentants de Ryanair et le syndicat chr\u00e9tien, en l&rsquo;occurence la CNE, devait permettre de voir comment le premier op\u00e9rateur bien low cost appr\u00e9hende la r\u00e9alit\u00e9 [&hellip;]<\/p>\n","protected":false},"author":2,"featured_media":0,"comment_status":"closed","ping_status":"open","sticky":false,"template":"","format":"standard","meta":[],"categories":[65,10],"tags":[111,332,1742,374,1509,108,110],"yoast_head":"<!-- This site is optimized with the Yoast SEO plugin v21.0 - https:\/\/yoast.com\/wordpress\/plugins\/seo\/ -->\n<title>Quelle place pour les syndicats dans les mod\u00e8les low cost internationaux? Le dossier Ryanair sera un cas d&#039;\u00e9cole. - Peoplesphere<\/title>\n<meta name=\"robots\" content=\"index, follow, max-snippet:-1, max-image-preview:large, max-video-preview:-1\" \/>\n<link rel=\"canonical\" href=\"https:\/\/peoplesphere.be\/fr\/place-syndicats-modeles-low-cost-internationaux-dossier-ryanair-sera-cas-decole\/\" \/>\n<meta property=\"og:locale\" content=\"fr_FR\" \/>\n<meta property=\"og:type\" content=\"article\" \/>\n<meta property=\"og:title\" content=\"Quelle place pour les syndicats dans les mod\u00e8les low cost internationaux? Le dossier Ryanair sera un cas d&#039;\u00e9cole. - Peoplesphere\" \/>\n<meta property=\"og:description\" content=\"Un choc de cultures annonc\u00e9&#8230; La rencontre pr\u00e9vue en cette fin de semaine entre les repr\u00e9sentants de Ryanair et le syndicat chr\u00e9tien, en l&rsquo;occurence la CNE, devait permettre de voir comment le premier op\u00e9rateur bien low cost appr\u00e9hende la r\u00e9alit\u00e9 [&hellip;]\" \/>\n<meta property=\"og:url\" content=\"https:\/\/peoplesphere.be\/fr\/place-syndicats-modeles-low-cost-internationaux-dossier-ryanair-sera-cas-decole\/\" \/>\n<meta property=\"og:site_name\" content=\"Peoplesphere\" \/>\n<meta property=\"article:publisher\" content=\"https:\/\/www.facebook.com\/peoplesphere\" \/>\n<meta property=\"article:published_time\" content=\"2018-01-20T09:41:31+00:00\" \/>\n<meta property=\"og:image\" content=\"http:\/\/www.peoplesphere.be\/fr\/wp-content\/uploads\/2016\/07\/facebook-default-posting-1200x628px.jpg\" \/>\n<meta name=\"author\" content=\"Jean-Paul Erhard\" \/>\n<meta name=\"twitter:card\" content=\"summary_large_image\" \/>\n<meta name=\"twitter:creator\" content=\"@PeoplesphereMag\" \/>\n<meta name=\"twitter:site\" content=\"@PeoplesphereMag\" \/>\n<meta name=\"twitter:label1\" content=\"\u00c9crit par\" \/>\n\t<meta name=\"twitter:data1\" content=\"Jean-Paul Erhard\" \/>\n\t<meta name=\"twitter:label2\" content=\"Dur\u00e9e de lecture estim\u00e9e\" \/>\n\t<meta name=\"twitter:data2\" content=\"5 minutes\" \/>\n<script type=\"application\/ld+json\" class=\"yoast-schema-graph\">{\"@context\":\"https:\/\/schema.org\",\"@graph\":[{\"@type\":\"Article\",\"@id\":\"https:\/\/peoplesphere.be\/fr\/place-syndicats-modeles-low-cost-internationaux-dossier-ryanair-sera-cas-decole\/#article\",\"isPartOf\":{\"@id\":\"https:\/\/peoplesphere.be\/fr\/place-syndicats-modeles-low-cost-internationaux-dossier-ryanair-sera-cas-decole\/\"},\"author\":{\"name\":\"Jean-Paul Erhard\",\"@id\":\"https:\/\/peoplesphere.be\/fr\/#\/schema\/person\/7976225ff17988604334abb7b3536a7e\"},\"headline\":\"Quelle place pour les syndicats dans les mod\u00e8les low cost internationaux? Le dossier Ryanair sera un cas d&rsquo;\u00e9cole.\",\"datePublished\":\"2018-01-20T09:41:31+00:00\",\"dateModified\":\"2018-01-20T09:41:31+00:00\",\"mainEntityOfPage\":{\"@id\":\"https:\/\/peoplesphere.be\/fr\/place-syndicats-modeles-low-cost-internationaux-dossier-ryanair-sera-cas-decole\/\"},\"wordCount\":936,\"publisher\":{\"@id\":\"https:\/\/peoplesphere.be\/fr\/#organization\"},\"keywords\":[\"CNE\",\"concertation sociale\",\"d\u00e9l\u00e9gation syndicale\",\"r\u00e9mun\u00e9rations\",\"Ryanair\",\"salaires\",\"syndicats\"],\"articleSection\":[\"Actualit\u00e9s\",\"Digital\"],\"inLanguage\":\"fr-FR\"},{\"@type\":\"WebPage\",\"@id\":\"https:\/\/peoplesphere.be\/fr\/place-syndicats-modeles-low-cost-internationaux-dossier-ryanair-sera-cas-decole\/\",\"url\":\"https:\/\/peoplesphere.be\/fr\/place-syndicats-modeles-low-cost-internationaux-dossier-ryanair-sera-cas-decole\/\",\"name\":\"Quelle place pour les syndicats dans les mod\u00e8les low cost internationaux? Le dossier Ryanair sera un cas d'\u00e9cole. - Peoplesphere\",\"isPartOf\":{\"@id\":\"https:\/\/peoplesphere.be\/fr\/#website\"},\"datePublished\":\"2018-01-20T09:41:31+00:00\",\"dateModified\":\"2018-01-20T09:41:31+00:00\",\"breadcrumb\":{\"@id\":\"https:\/\/peoplesphere.be\/fr\/place-syndicats-modeles-low-cost-internationaux-dossier-ryanair-sera-cas-decole\/#breadcrumb\"},\"inLanguage\":\"fr-FR\",\"potentialAction\":[{\"@type\":\"ReadAction\",\"target\":[\"https:\/\/peoplesphere.be\/fr\/place-syndicats-modeles-low-cost-internationaux-dossier-ryanair-sera-cas-decole\/\"]}]},{\"@type\":\"BreadcrumbList\",\"@id\":\"https:\/\/peoplesphere.be\/fr\/place-syndicats-modeles-low-cost-internationaux-dossier-ryanair-sera-cas-decole\/#breadcrumb\",\"itemListElement\":[{\"@type\":\"ListItem\",\"position\":1,\"name\":\"Accueil\",\"item\":\"https:\/\/peoplesphere.be\/fr\/\"},{\"@type\":\"ListItem\",\"position\":2,\"name\":\"Quelle place pour les syndicats dans les mod\u00e8les low cost internationaux? Le dossier Ryanair sera un cas d&rsquo;\u00e9cole.\"}]},{\"@type\":\"WebSite\",\"@id\":\"https:\/\/peoplesphere.be\/fr\/#website\",\"url\":\"https:\/\/peoplesphere.be\/fr\/\",\"name\":\"Peoplesphere\",\"description\":\"The People Managers Magazine\",\"publisher\":{\"@id\":\"https:\/\/peoplesphere.be\/fr\/#organization\"},\"potentialAction\":[{\"@type\":\"SearchAction\",\"target\":{\"@type\":\"EntryPoint\",\"urlTemplate\":\"https:\/\/peoplesphere.be\/fr\/?s={search_term_string}\"},\"query-input\":\"required name=search_term_string\"}],\"inLanguage\":\"fr-FR\"},{\"@type\":\"Organization\",\"@id\":\"https:\/\/peoplesphere.be\/fr\/#organization\",\"name\":\"Peoplesphere Company srl\",\"url\":\"https:\/\/peoplesphere.be\/fr\/\",\"logo\":{\"@type\":\"ImageObject\",\"inLanguage\":\"fr-FR\",\"@id\":\"https:\/\/peoplesphere.be\/fr\/#\/schema\/logo\/image\/\",\"url\":\"https:\/\/peoplesphere.be\/fr\/wp-content\/uploads\/2023\/07\/peoplesphere-lgo-new-generik.jpg\",\"contentUrl\":\"https:\/\/peoplesphere.be\/fr\/wp-content\/uploads\/2023\/07\/peoplesphere-lgo-new-generik.jpg\",\"width\":1031,\"height\":1479,\"caption\":\"Peoplesphere Company srl\"},\"image\":{\"@id\":\"https:\/\/peoplesphere.be\/fr\/#\/schema\/logo\/image\/\"},\"sameAs\":[\"https:\/\/www.facebook.com\/peoplesphere\",\"https:\/\/twitter.com\/PeoplesphereMag\",\"https:\/\/www.linkedin.com\/company\/7587361?trk\",\"http:\/\/youtube.com\/peoplesphere\"]},{\"@type\":\"Person\",\"@id\":\"https:\/\/peoplesphere.be\/fr\/#\/schema\/person\/7976225ff17988604334abb7b3536a7e\",\"name\":\"Jean-Paul Erhard\",\"image\":{\"@type\":\"ImageObject\",\"inLanguage\":\"fr-FR\",\"@id\":\"https:\/\/peoplesphere.be\/fr\/#\/schema\/person\/image\/\",\"url\":\"https:\/\/secure.gravatar.com\/avatar\/f941e681460179738071629a51574930?s=96&d=mm&r=g\",\"contentUrl\":\"https:\/\/secure.gravatar.com\/avatar\/f941e681460179738071629a51574930?s=96&d=mm&r=g\",\"caption\":\"Jean-Paul Erhard\"},\"url\":\"https:\/\/peoplesphere.be\/fr\/author\/jpe\/\"}]}<\/script>\n<!-- \/ Yoast SEO plugin. -->","yoast_head_json":{"title":"Quelle place pour les syndicats dans les mod\u00e8les low cost internationaux? Le dossier Ryanair sera un cas d'\u00e9cole. - Peoplesphere","robots":{"index":"index","follow":"follow","max-snippet":"max-snippet:-1","max-image-preview":"max-image-preview:large","max-video-preview":"max-video-preview:-1"},"canonical":"https:\/\/peoplesphere.be\/fr\/place-syndicats-modeles-low-cost-internationaux-dossier-ryanair-sera-cas-decole\/","og_locale":"fr_FR","og_type":"article","og_title":"Quelle place pour les syndicats dans les mod\u00e8les low cost internationaux? Le dossier Ryanair sera un cas d'\u00e9cole. - Peoplesphere","og_description":"Un choc de cultures annonc\u00e9&#8230; La rencontre pr\u00e9vue en cette fin de semaine entre les repr\u00e9sentants de Ryanair et le syndicat chr\u00e9tien, en l&rsquo;occurence la CNE, devait permettre de voir comment le premier op\u00e9rateur bien low cost appr\u00e9hende la r\u00e9alit\u00e9 [&hellip;]","og_url":"https:\/\/peoplesphere.be\/fr\/place-syndicats-modeles-low-cost-internationaux-dossier-ryanair-sera-cas-decole\/","og_site_name":"Peoplesphere","article_publisher":"https:\/\/www.facebook.com\/peoplesphere","article_published_time":"2018-01-20T09:41:31+00:00","og_image":[{"url":"http:\/\/www.peoplesphere.be\/fr\/wp-content\/uploads\/2016\/07\/facebook-default-posting-1200x628px.jpg"}],"author":"Jean-Paul Erhard","twitter_card":"summary_large_image","twitter_creator":"@PeoplesphereMag","twitter_site":"@PeoplesphereMag","twitter_misc":{"\u00c9crit par":"Jean-Paul Erhard","Dur\u00e9e de lecture estim\u00e9e":"5 minutes"},"schema":{"@context":"https:\/\/schema.org","@graph":[{"@type":"Article","@id":"https:\/\/peoplesphere.be\/fr\/place-syndicats-modeles-low-cost-internationaux-dossier-ryanair-sera-cas-decole\/#article","isPartOf":{"@id":"https:\/\/peoplesphere.be\/fr\/place-syndicats-modeles-low-cost-internationaux-dossier-ryanair-sera-cas-decole\/"},"author":{"name":"Jean-Paul Erhard","@id":"https:\/\/peoplesphere.be\/fr\/#\/schema\/person\/7976225ff17988604334abb7b3536a7e"},"headline":"Quelle place pour les syndicats dans les mod\u00e8les low cost internationaux? Le dossier Ryanair sera un cas d&rsquo;\u00e9cole.","datePublished":"2018-01-20T09:41:31+00:00","dateModified":"2018-01-20T09:41:31+00:00","mainEntityOfPage":{"@id":"https:\/\/peoplesphere.be\/fr\/place-syndicats-modeles-low-cost-internationaux-dossier-ryanair-sera-cas-decole\/"},"wordCount":936,"publisher":{"@id":"https:\/\/peoplesphere.be\/fr\/#organization"},"keywords":["CNE","concertation sociale","d\u00e9l\u00e9gation syndicale","r\u00e9mun\u00e9rations","Ryanair","salaires","syndicats"],"articleSection":["Actualit\u00e9s","Digital"],"inLanguage":"fr-FR"},{"@type":"WebPage","@id":"https:\/\/peoplesphere.be\/fr\/place-syndicats-modeles-low-cost-internationaux-dossier-ryanair-sera-cas-decole\/","url":"https:\/\/peoplesphere.be\/fr\/place-syndicats-modeles-low-cost-internationaux-dossier-ryanair-sera-cas-decole\/","name":"Quelle place pour les syndicats dans les mod\u00e8les low cost internationaux? Le dossier Ryanair sera un cas d'\u00e9cole. - Peoplesphere","isPartOf":{"@id":"https:\/\/peoplesphere.be\/fr\/#website"},"datePublished":"2018-01-20T09:41:31+00:00","dateModified":"2018-01-20T09:41:31+00:00","breadcrumb":{"@id":"https:\/\/peoplesphere.be\/fr\/place-syndicats-modeles-low-cost-internationaux-dossier-ryanair-sera-cas-decole\/#breadcrumb"},"inLanguage":"fr-FR","potentialAction":[{"@type":"ReadAction","target":["https:\/\/peoplesphere.be\/fr\/place-syndicats-modeles-low-cost-internationaux-dossier-ryanair-sera-cas-decole\/"]}]},{"@type":"BreadcrumbList","@id":"https:\/\/peoplesphere.be\/fr\/place-syndicats-modeles-low-cost-internationaux-dossier-ryanair-sera-cas-decole\/#breadcrumb","itemListElement":[{"@type":"ListItem","position":1,"name":"Accueil","item":"https:\/\/peoplesphere.be\/fr\/"},{"@type":"ListItem","position":2,"name":"Quelle place pour les syndicats dans les mod\u00e8les low cost internationaux? Le dossier Ryanair sera un cas d&rsquo;\u00e9cole."}]},{"@type":"WebSite","@id":"https:\/\/peoplesphere.be\/fr\/#website","url":"https:\/\/peoplesphere.be\/fr\/","name":"Peoplesphere","description":"The People Managers Magazine","publisher":{"@id":"https:\/\/peoplesphere.be\/fr\/#organization"},"potentialAction":[{"@type":"SearchAction","target":{"@type":"EntryPoint","urlTemplate":"https:\/\/peoplesphere.be\/fr\/?s={search_term_string}"},"query-input":"required name=search_term_string"}],"inLanguage":"fr-FR"},{"@type":"Organization","@id":"https:\/\/peoplesphere.be\/fr\/#organization","name":"Peoplesphere Company srl","url":"https:\/\/peoplesphere.be\/fr\/","logo":{"@type":"ImageObject","inLanguage":"fr-FR","@id":"https:\/\/peoplesphere.be\/fr\/#\/schema\/logo\/image\/","url":"https:\/\/peoplesphere.be\/fr\/wp-content\/uploads\/2023\/07\/peoplesphere-lgo-new-generik.jpg","contentUrl":"https:\/\/peoplesphere.be\/fr\/wp-content\/uploads\/2023\/07\/peoplesphere-lgo-new-generik.jpg","width":1031,"height":1479,"caption":"Peoplesphere Company srl"},"image":{"@id":"https:\/\/peoplesphere.be\/fr\/#\/schema\/logo\/image\/"},"sameAs":["https:\/\/www.facebook.com\/peoplesphere","https:\/\/twitter.com\/PeoplesphereMag","https:\/\/www.linkedin.com\/company\/7587361?trk","http:\/\/youtube.com\/peoplesphere"]},{"@type":"Person","@id":"https:\/\/peoplesphere.be\/fr\/#\/schema\/person\/7976225ff17988604334abb7b3536a7e","name":"Jean-Paul Erhard","image":{"@type":"ImageObject","inLanguage":"fr-FR","@id":"https:\/\/peoplesphere.be\/fr\/#\/schema\/person\/image\/","url":"https:\/\/secure.gravatar.com\/avatar\/f941e681460179738071629a51574930?s=96&d=mm&r=g","contentUrl":"https:\/\/secure.gravatar.com\/avatar\/f941e681460179738071629a51574930?s=96&d=mm&r=g","caption":"Jean-Paul Erhard"},"url":"https:\/\/peoplesphere.be\/fr\/author\/jpe\/"}]}},"_links":{"self":[{"href":"https:\/\/peoplesphere.be\/fr\/wp-json\/wp\/v2\/posts\/5459"}],"collection":[{"href":"https:\/\/peoplesphere.be\/fr\/wp-json\/wp\/v2\/posts"}],"about":[{"href":"https:\/\/peoplesphere.be\/fr\/wp-json\/wp\/v2\/types\/post"}],"author":[{"embeddable":true,"href":"https:\/\/peoplesphere.be\/fr\/wp-json\/wp\/v2\/users\/2"}],"replies":[{"embeddable":true,"href":"https:\/\/peoplesphere.be\/fr\/wp-json\/wp\/v2\/comments?post=5459"}],"version-history":[{"count":1,"href":"https:\/\/peoplesphere.be\/fr\/wp-json\/wp\/v2\/posts\/5459\/revisions"}],"predecessor-version":[{"id":5460,"href":"https:\/\/peoplesphere.be\/fr\/wp-json\/wp\/v2\/posts\/5459\/revisions\/5460"}],"wp:attachment":[{"href":"https:\/\/peoplesphere.be\/fr\/wp-json\/wp\/v2\/media?parent=5459"}],"wp:term":[{"taxonomy":"category","embeddable":true,"href":"https:\/\/peoplesphere.be\/fr\/wp-json\/wp\/v2\/categories?post=5459"},{"taxonomy":"post_tag","embeddable":true,"href":"https:\/\/peoplesphere.be\/fr\/wp-json\/wp\/v2\/tags?post=5459"}],"curies":[{"name":"wp","href":"https:\/\/api.w.org\/{rel}","templated":true}]}}