









{"id":5495,"date":"2018-01-28T12:22:43","date_gmt":"2018-01-28T10:22:43","guid":{"rendered":"http:\/\/www.peoplesphere.be\/fr\/?p=5495"},"modified":"2018-01-28T12:22:43","modified_gmt":"2018-01-28T10:22:43","slug":"multiplication-restructurations-mouvements-sociaux-dissue-ne-repensons-distribution-revenus-explique-marie-helene-ska","status":"publish","type":"post","link":"https:\/\/peoplesphere.be\/fr\/multiplication-restructurations-mouvements-sociaux-dissue-ne-repensons-distribution-revenus-explique-marie-helene-ska\/","title":{"rendered":"Multiplication des restructurations et des mouvements sociaux: \u00ab\u00a0pas d&rsquo;issue si nous ne repensons pas la distribution des revenus\u00a0\u00bb, explique Marie-H\u00e9l\u00e8ne Ska."},"content":{"rendered":"<p>Retour sur l&rsquo;entretien men\u00e9 avec Marie-H\u00e9l\u00e8ne Ska \u00e0 la sortie de l&rsquo;\u00e9t\u00e9 dernier (cfr Peoplesphere n\u00b0213) \u00e0 l&rsquo;occasion de sa pr\u00e9sence en tant qu&rsquo;inivit\u00e9e du Grand Oral RTBF &#8211; Le Soir sur la Premi\u00e8re ce samedi 27 janvier. Souvenons-nous que la secr\u00e9taire g\u00e9n\u00e9rale de la CSC nous expliquait regretter l&rsquo;absence de perspectives \u00e0 long terme et la difficult\u00e9 de mener des discussions constructives avec le gouvernement. Des propos qu&rsquo;elle confirme \u00e0 l&rsquo;aune des restructurations et mouvements sociaux qui se multiplient en expliquant dans que \u00ab\u00a0la marmite sociale est pr\u00eate \u00e0 exploser.<!--more--><\/p>\n<p>Carrefour, Durobor, Aviapartner mais aussi Davos. Marie-H\u00e9l\u00e8ne Ska, sociologue de formation pour rappel, analyse la situation de mani\u00e8re plus globale sur les ondes de la Premi\u00e8re : <em>\u00ab\u00a0La premi\u00e8re fracture se trouve entre celles et ceux qui sont \u00e0 Davos et celles et ceux qui n\u2019y sont pas. Les responsables politiques et \u00e9conomiques qui sont l\u00e0-bas gagnent simplement en quatre jours jusqu\u2019\u00e0 deux ans du salaire moyen des travailleurs chez nous en Belgique.\u00a0\u00bb<\/em>. Elle d\u00e9nonce donc <em>\u00ab\u00a0l\u2019explosion des in\u00e9galit\u00e9s dans notre soci\u00e9t\u00e9. Ce que nous vivons en Belgique, en Europe et dans le monde, c\u2019est une coupure croissante entre un nombre limit\u00e9 de personnes, souvent \u00e9duqu\u00e9es, un milieu socio-culturel favoris\u00e9, qui ont perdu tout lien, tout contact, toute pr\u00e9occupation sur ce qui fait la vie des travailleurs et des travailleuses de ce pays.\u00a0Quand le progr\u00e8s social n\u2019est plus accompagn\u00e9 par une juste distribution des revenus, il y a un effritement, une esp\u00e8ce de fracture de la coh\u00e9sion sociale et cela m\u2019inqui\u00e8te \u00ab\u00a0.<\/em><\/p>\n<p>Revenant donc sur le r\u00f4le que nous pourrions attendre dans le chef des acteurs politiques et publics, elle d\u00e9clare <em>\u00ab\u00a0Le r\u00f4le du politique n\u2019est pas simplement d\u2019accompagner le changement. C\u2019est aussi de d\u00e9finir quels sont les secteurs dans lesquels nous voulons voir s\u2019implanter du travail, et \u00e0 quelles conditions.\u00a0Or aujourd\u2019hui, et ce n\u2019est pas l\u2019apanage de ce dernier gouvernement, il y a eu une esp\u00e8ce de course au moins disant social ou environnemental pour attirer \u00e0 tout prix des grandes entreprises qui restent un an, deux ans, dix ans, et puis qui s\u2019en vont. Pour moi, les pays qui gagnent aujourd\u2019hui, ce sont les pays qui ont su garder une pr\u00e9occupation de mettre l\u2019homme aux commandes de la digitalisation. Et ce d\u00e9bat-l\u00e0 aujourd\u2019hui, il manque ! \u00ab\u00a0<\/em><\/p>\n<p><strong><em>Repenser les formes d&rsquo;actions syndicales ?<\/em><\/strong><\/p>\n<p>Les gr\u00e8ves et autres mouvements syndicaux semblent de plus en plus&#8230; inutiles. De quoi s&rsquo;interroger sur la forme de ceux-ci ? <em>\u00ab\u00a0Face \u00e0 un gouvernement de droite dont l\u2019objectif est de casser tous les corps interm\u00e9diaires, nous avons l\u2019obligation de r\u00e9fl\u00e9chir \u00e0 la forme de nos actions.\u00a0Mais je n\u2019ai pas l\u2019intention de remiser au frigo des forces d\u2018action de nature \u00e0 changer les choses.\u00a0\u00bb<\/em><\/p>\n<p>L&rsquo;\u00e9motion et l&rsquo;imm\u00e9diatet\u00e9 des r\u00e9actions suscit\u00e9es par l&rsquo;annonce du plan de transformation de Carrefour Belgique ne la surprend pas compl\u00e8tement : <em>\u00ab\u00a0Je suis en col\u00e8re parce que ce n\u2019est pas la premi\u00e8re fois. Cette situation \u00e9tait inattendue dans l\u2019ampleur mais il y avait des signaux lanc\u00e9s par les interlocuteurs sociaux.\u00a0Plus de 24 millions d\u2019euros d\u2019int\u00e9r\u00eats notionnels ont \u00e9t\u00e9 octroy\u00e9s \u00e0 Carrefour en une ann\u00e9e.\u00a016,789 millions d\u2019euros touch\u00e9s par Carrefour li\u00e9s au saut d\u2019index et au tax-shift. Dans le m\u00eame temps, Carrefour a vers\u00e9 en 2016 50 millions de dividendes \u00e0 ses actionnaires. Pour le dire platement, le gouvernement belge a pay\u00e9 les dividendes aux actionnaires de Carrefour et aujourd\u2019hui, Carrefour, qui n\u2019a rien anticip\u00e9, va faire payer \u00e0 la s\u00e9curit\u00e9 sociale et aux travailleurs une r\u00e9organisation dans laquelle ils ne sont pour rien. C\u2019est proprement d\u00e9go\u00fbtant<\/em> \u00ab\u00a0.\u00a0Elle se dit d\u00e8s lors\u00a0en attente du politique: <em>\u00ab\u00a0Nous ne sommes pas l\u00e0 juste pour mettre le couvercle sur une marmite pr\u00eate \u00e0 exploser socialement. Ce que j\u2019attends des progressistes, c\u2019est de reconstruire des espaces de possibilit\u00e9s pour tout un chacun dans la soci\u00e9t\u00e9, des espaces dans lesquels les uns et les autres ont leur place. Et \u00e7a veut dire un d\u00e9bat fondamental sur la distribution primaire des richesses. \u00ab\u00a0<\/em><\/p>\n<p><em>Source : RTBF &#8211; La Premi\u00e8re<\/em><\/p>\n","protected":false},"excerpt":{"rendered":"<p>Retour sur l&rsquo;entretien men\u00e9 avec Marie-H\u00e9l\u00e8ne Ska \u00e0 la sortie de l&rsquo;\u00e9t\u00e9 dernier (cfr Peoplesphere n\u00b0213) \u00e0 l&rsquo;occasion de sa pr\u00e9sence en tant qu&rsquo;inivit\u00e9e du Grand Oral RTBF &#8211; Le Soir sur la Premi\u00e8re ce samedi 27 janvier. Souvenons-nous que [&hellip;]<\/p>\n","protected":false},"author":2,"featured_media":5496,"comment_status":"closed","ping_status":"open","sticky":false,"template":"","format":"standard","meta":[],"categories":[65,10],"tags":[162,332,200,1577,342,110],"yoast_head":"<!-- This site is optimized with the Yoast SEO plugin v21.0 - https:\/\/yoast.com\/wordpress\/plugins\/seo\/ -->\n<title>Multiplication des restructurations et des mouvements sociaux: &quot;pas d&#039;issue si nous ne repensons pas la distribution des revenus&quot;, explique Marie-H\u00e9l\u00e8ne Ska. - Peoplesphere<\/title>\n<meta name=\"robots\" content=\"index, follow, max-snippet:-1, max-image-preview:large, max-video-preview:-1\" \/>\n<link rel=\"canonical\" href=\"https:\/\/peoplesphere.be\/fr\/multiplication-restructurations-mouvements-sociaux-dissue-ne-repensons-distribution-revenus-explique-marie-helene-ska\/\" \/>\n<meta property=\"og:locale\" content=\"fr_FR\" \/>\n<meta property=\"og:type\" content=\"article\" \/>\n<meta property=\"og:title\" content=\"Multiplication des restructurations et des mouvements sociaux: &quot;pas d&#039;issue si nous ne repensons pas la distribution des revenus&quot;, explique Marie-H\u00e9l\u00e8ne Ska. - Peoplesphere\" \/>\n<meta property=\"og:description\" content=\"Retour sur l&rsquo;entretien men\u00e9 avec Marie-H\u00e9l\u00e8ne Ska \u00e0 la sortie de l&rsquo;\u00e9t\u00e9 dernier (cfr Peoplesphere n\u00b0213) \u00e0 l&rsquo;occasion de sa pr\u00e9sence en tant qu&rsquo;inivit\u00e9e du Grand Oral RTBF &#8211; Le Soir sur la Premi\u00e8re ce samedi 27 janvier. Souvenons-nous que [&hellip;]\" \/>\n<meta property=\"og:url\" content=\"https:\/\/peoplesphere.be\/fr\/multiplication-restructurations-mouvements-sociaux-dissue-ne-repensons-distribution-revenus-explique-marie-helene-ska\/\" \/>\n<meta property=\"og:site_name\" content=\"Peoplesphere\" \/>\n<meta property=\"article:publisher\" content=\"https:\/\/www.facebook.com\/peoplesphere\" \/>\n<meta property=\"article:published_time\" content=\"2018-01-28T10:22:43+00:00\" \/>\n<meta property=\"og:image\" content=\"https:\/\/peoplesphere.be\/fr\/wp-content\/uploads\/2018\/01\/marie-h\u00e9l\u00e8ne-ska-cover-story.png\" \/>\n\t<meta property=\"og:image:width\" content=\"500\" \/>\n\t<meta property=\"og:image:height\" content=\"407\" \/>\n\t<meta property=\"og:image:type\" content=\"image\/png\" \/>\n<meta name=\"author\" content=\"Jean-Paul Erhard\" \/>\n<meta name=\"twitter:card\" content=\"summary_large_image\" \/>\n<meta name=\"twitter:creator\" content=\"@PeoplesphereMag\" \/>\n<meta name=\"twitter:site\" content=\"@PeoplesphereMag\" \/>\n<meta name=\"twitter:label1\" content=\"\u00c9crit par\" \/>\n\t<meta name=\"twitter:data1\" content=\"Jean-Paul Erhard\" \/>\n\t<meta name=\"twitter:label2\" content=\"Dur\u00e9e de lecture estim\u00e9e\" \/>\n\t<meta name=\"twitter:data2\" content=\"4 minutes\" \/>\n<script type=\"application\/ld+json\" class=\"yoast-schema-graph\">{\"@context\":\"https:\/\/schema.org\",\"@graph\":[{\"@type\":\"Article\",\"@id\":\"https:\/\/peoplesphere.be\/fr\/multiplication-restructurations-mouvements-sociaux-dissue-ne-repensons-distribution-revenus-explique-marie-helene-ska\/#article\",\"isPartOf\":{\"@id\":\"https:\/\/peoplesphere.be\/fr\/multiplication-restructurations-mouvements-sociaux-dissue-ne-repensons-distribution-revenus-explique-marie-helene-ska\/\"},\"author\":{\"name\":\"Jean-Paul Erhard\",\"@id\":\"https:\/\/peoplesphere.be\/fr\/#\/schema\/person\/7976225ff17988604334abb7b3536a7e\"},\"headline\":\"Multiplication des restructurations et des mouvements sociaux: \u00ab\u00a0pas d&rsquo;issue si nous ne repensons pas la distribution des revenus\u00a0\u00bb, explique Marie-H\u00e9l\u00e8ne Ska.\",\"datePublished\":\"2018-01-28T10:22:43+00:00\",\"dateModified\":\"2018-01-28T10:22:43+00:00\",\"mainEntityOfPage\":{\"@id\":\"https:\/\/peoplesphere.be\/fr\/multiplication-restructurations-mouvements-sociaux-dissue-ne-repensons-distribution-revenus-explique-marie-helene-ska\/\"},\"wordCount\":756,\"publisher\":{\"@id\":\"https:\/\/peoplesphere.be\/fr\/#organization\"},\"keywords\":[\"Carrefour Belgium\",\"concertation sociale\",\"CSC\",\"Marie H\u00e9l\u00e8ne SKA\",\"restructuration\",\"syndicats\"],\"articleSection\":[\"Actualit\u00e9s\",\"Digital\"],\"inLanguage\":\"fr-FR\"},{\"@type\":\"WebPage\",\"@id\":\"https:\/\/peoplesphere.be\/fr\/multiplication-restructurations-mouvements-sociaux-dissue-ne-repensons-distribution-revenus-explique-marie-helene-ska\/\",\"url\":\"https:\/\/peoplesphere.be\/fr\/multiplication-restructurations-mouvements-sociaux-dissue-ne-repensons-distribution-revenus-explique-marie-helene-ska\/\",\"name\":\"Multiplication des restructurations et des mouvements sociaux: \\\"pas d'issue si nous ne repensons pas la distribution des revenus\\\", explique Marie-H\u00e9l\u00e8ne Ska. - Peoplesphere\",\"isPartOf\":{\"@id\":\"https:\/\/peoplesphere.be\/fr\/#website\"},\"datePublished\":\"2018-01-28T10:22:43+00:00\",\"dateModified\":\"2018-01-28T10:22:43+00:00\",\"breadcrumb\":{\"@id\":\"https:\/\/peoplesphere.be\/fr\/multiplication-restructurations-mouvements-sociaux-dissue-ne-repensons-distribution-revenus-explique-marie-helene-ska\/#breadcrumb\"},\"inLanguage\":\"fr-FR\",\"potentialAction\":[{\"@type\":\"ReadAction\",\"target\":[\"https:\/\/peoplesphere.be\/fr\/multiplication-restructurations-mouvements-sociaux-dissue-ne-repensons-distribution-revenus-explique-marie-helene-ska\/\"]}]},{\"@type\":\"BreadcrumbList\",\"@id\":\"https:\/\/peoplesphere.be\/fr\/multiplication-restructurations-mouvements-sociaux-dissue-ne-repensons-distribution-revenus-explique-marie-helene-ska\/#breadcrumb\",\"itemListElement\":[{\"@type\":\"ListItem\",\"position\":1,\"name\":\"Accueil\",\"item\":\"https:\/\/peoplesphere.be\/fr\/\"},{\"@type\":\"ListItem\",\"position\":2,\"name\":\"Multiplication des restructurations et des mouvements sociaux: \u00ab\u00a0pas d&rsquo;issue si nous ne repensons pas la distribution des revenus\u00a0\u00bb, explique Marie-H\u00e9l\u00e8ne Ska.\"}]},{\"@type\":\"WebSite\",\"@id\":\"https:\/\/peoplesphere.be\/fr\/#website\",\"url\":\"https:\/\/peoplesphere.be\/fr\/\",\"name\":\"Peoplesphere\",\"description\":\"The People Managers Magazine\",\"publisher\":{\"@id\":\"https:\/\/peoplesphere.be\/fr\/#organization\"},\"potentialAction\":[{\"@type\":\"SearchAction\",\"target\":{\"@type\":\"EntryPoint\",\"urlTemplate\":\"https:\/\/peoplesphere.be\/fr\/?s={search_term_string}\"},\"query-input\":\"required name=search_term_string\"}],\"inLanguage\":\"fr-FR\"},{\"@type\":\"Organization\",\"@id\":\"https:\/\/peoplesphere.be\/fr\/#organization\",\"name\":\"Peoplesphere Company srl\",\"url\":\"https:\/\/peoplesphere.be\/fr\/\",\"logo\":{\"@type\":\"ImageObject\",\"inLanguage\":\"fr-FR\",\"@id\":\"https:\/\/peoplesphere.be\/fr\/#\/schema\/logo\/image\/\",\"url\":\"https:\/\/peoplesphere.be\/fr\/wp-content\/uploads\/2023\/07\/peoplesphere-lgo-new-generik.jpg\",\"contentUrl\":\"https:\/\/peoplesphere.be\/fr\/wp-content\/uploads\/2023\/07\/peoplesphere-lgo-new-generik.jpg\",\"width\":1031,\"height\":1479,\"caption\":\"Peoplesphere Company srl\"},\"image\":{\"@id\":\"https:\/\/peoplesphere.be\/fr\/#\/schema\/logo\/image\/\"},\"sameAs\":[\"https:\/\/www.facebook.com\/peoplesphere\",\"https:\/\/twitter.com\/PeoplesphereMag\",\"https:\/\/www.linkedin.com\/company\/7587361?trk\",\"http:\/\/youtube.com\/peoplesphere\"]},{\"@type\":\"Person\",\"@id\":\"https:\/\/peoplesphere.be\/fr\/#\/schema\/person\/7976225ff17988604334abb7b3536a7e\",\"name\":\"Jean-Paul Erhard\",\"image\":{\"@type\":\"ImageObject\",\"inLanguage\":\"fr-FR\",\"@id\":\"https:\/\/peoplesphere.be\/fr\/#\/schema\/person\/image\/\",\"url\":\"https:\/\/secure.gravatar.com\/avatar\/f941e681460179738071629a51574930?s=96&d=mm&r=g\",\"contentUrl\":\"https:\/\/secure.gravatar.com\/avatar\/f941e681460179738071629a51574930?s=96&d=mm&r=g\",\"caption\":\"Jean-Paul Erhard\"},\"url\":\"https:\/\/peoplesphere.be\/fr\/author\/jpe\/\"}]}<\/script>\n<!-- \/ Yoast SEO plugin. -->","yoast_head_json":{"title":"Multiplication des restructurations et des mouvements sociaux: \"pas d'issue si nous ne repensons pas la distribution des revenus\", explique Marie-H\u00e9l\u00e8ne Ska. - Peoplesphere","robots":{"index":"index","follow":"follow","max-snippet":"max-snippet:-1","max-image-preview":"max-image-preview:large","max-video-preview":"max-video-preview:-1"},"canonical":"https:\/\/peoplesphere.be\/fr\/multiplication-restructurations-mouvements-sociaux-dissue-ne-repensons-distribution-revenus-explique-marie-helene-ska\/","og_locale":"fr_FR","og_type":"article","og_title":"Multiplication des restructurations et des mouvements sociaux: \"pas d'issue si nous ne repensons pas la distribution des revenus\", explique Marie-H\u00e9l\u00e8ne Ska. - Peoplesphere","og_description":"Retour sur l&rsquo;entretien men\u00e9 avec Marie-H\u00e9l\u00e8ne Ska \u00e0 la sortie de l&rsquo;\u00e9t\u00e9 dernier (cfr Peoplesphere n\u00b0213) \u00e0 l&rsquo;occasion de sa pr\u00e9sence en tant qu&rsquo;inivit\u00e9e du Grand Oral RTBF &#8211; Le Soir sur la Premi\u00e8re ce samedi 27 janvier. Souvenons-nous que [&hellip;]","og_url":"https:\/\/peoplesphere.be\/fr\/multiplication-restructurations-mouvements-sociaux-dissue-ne-repensons-distribution-revenus-explique-marie-helene-ska\/","og_site_name":"Peoplesphere","article_publisher":"https:\/\/www.facebook.com\/peoplesphere","article_published_time":"2018-01-28T10:22:43+00:00","og_image":[{"width":500,"height":407,"url":"https:\/\/peoplesphere.be\/fr\/wp-content\/uploads\/2018\/01\/marie-h\u00e9l\u00e8ne-ska-cover-story.png","type":"image\/png"}],"author":"Jean-Paul Erhard","twitter_card":"summary_large_image","twitter_creator":"@PeoplesphereMag","twitter_site":"@PeoplesphereMag","twitter_misc":{"\u00c9crit par":"Jean-Paul Erhard","Dur\u00e9e de lecture estim\u00e9e":"4 minutes"},"schema":{"@context":"https:\/\/schema.org","@graph":[{"@type":"Article","@id":"https:\/\/peoplesphere.be\/fr\/multiplication-restructurations-mouvements-sociaux-dissue-ne-repensons-distribution-revenus-explique-marie-helene-ska\/#article","isPartOf":{"@id":"https:\/\/peoplesphere.be\/fr\/multiplication-restructurations-mouvements-sociaux-dissue-ne-repensons-distribution-revenus-explique-marie-helene-ska\/"},"author":{"name":"Jean-Paul Erhard","@id":"https:\/\/peoplesphere.be\/fr\/#\/schema\/person\/7976225ff17988604334abb7b3536a7e"},"headline":"Multiplication des restructurations et des mouvements sociaux: \u00ab\u00a0pas d&rsquo;issue si nous ne repensons pas la distribution des revenus\u00a0\u00bb, explique Marie-H\u00e9l\u00e8ne Ska.","datePublished":"2018-01-28T10:22:43+00:00","dateModified":"2018-01-28T10:22:43+00:00","mainEntityOfPage":{"@id":"https:\/\/peoplesphere.be\/fr\/multiplication-restructurations-mouvements-sociaux-dissue-ne-repensons-distribution-revenus-explique-marie-helene-ska\/"},"wordCount":756,"publisher":{"@id":"https:\/\/peoplesphere.be\/fr\/#organization"},"keywords":["Carrefour Belgium","concertation sociale","CSC","Marie H\u00e9l\u00e8ne SKA","restructuration","syndicats"],"articleSection":["Actualit\u00e9s","Digital"],"inLanguage":"fr-FR"},{"@type":"WebPage","@id":"https:\/\/peoplesphere.be\/fr\/multiplication-restructurations-mouvements-sociaux-dissue-ne-repensons-distribution-revenus-explique-marie-helene-ska\/","url":"https:\/\/peoplesphere.be\/fr\/multiplication-restructurations-mouvements-sociaux-dissue-ne-repensons-distribution-revenus-explique-marie-helene-ska\/","name":"Multiplication des restructurations et des mouvements sociaux: \"pas d'issue si nous ne repensons pas la distribution des revenus\", explique Marie-H\u00e9l\u00e8ne Ska. - Peoplesphere","isPartOf":{"@id":"https:\/\/peoplesphere.be\/fr\/#website"},"datePublished":"2018-01-28T10:22:43+00:00","dateModified":"2018-01-28T10:22:43+00:00","breadcrumb":{"@id":"https:\/\/peoplesphere.be\/fr\/multiplication-restructurations-mouvements-sociaux-dissue-ne-repensons-distribution-revenus-explique-marie-helene-ska\/#breadcrumb"},"inLanguage":"fr-FR","potentialAction":[{"@type":"ReadAction","target":["https:\/\/peoplesphere.be\/fr\/multiplication-restructurations-mouvements-sociaux-dissue-ne-repensons-distribution-revenus-explique-marie-helene-ska\/"]}]},{"@type":"BreadcrumbList","@id":"https:\/\/peoplesphere.be\/fr\/multiplication-restructurations-mouvements-sociaux-dissue-ne-repensons-distribution-revenus-explique-marie-helene-ska\/#breadcrumb","itemListElement":[{"@type":"ListItem","position":1,"name":"Accueil","item":"https:\/\/peoplesphere.be\/fr\/"},{"@type":"ListItem","position":2,"name":"Multiplication des restructurations et des mouvements sociaux: \u00ab\u00a0pas d&rsquo;issue si nous ne repensons pas la distribution des revenus\u00a0\u00bb, explique Marie-H\u00e9l\u00e8ne Ska."}]},{"@type":"WebSite","@id":"https:\/\/peoplesphere.be\/fr\/#website","url":"https:\/\/peoplesphere.be\/fr\/","name":"Peoplesphere","description":"The People Managers Magazine","publisher":{"@id":"https:\/\/peoplesphere.be\/fr\/#organization"},"potentialAction":[{"@type":"SearchAction","target":{"@type":"EntryPoint","urlTemplate":"https:\/\/peoplesphere.be\/fr\/?s={search_term_string}"},"query-input":"required name=search_term_string"}],"inLanguage":"fr-FR"},{"@type":"Organization","@id":"https:\/\/peoplesphere.be\/fr\/#organization","name":"Peoplesphere Company srl","url":"https:\/\/peoplesphere.be\/fr\/","logo":{"@type":"ImageObject","inLanguage":"fr-FR","@id":"https:\/\/peoplesphere.be\/fr\/#\/schema\/logo\/image\/","url":"https:\/\/peoplesphere.be\/fr\/wp-content\/uploads\/2023\/07\/peoplesphere-lgo-new-generik.jpg","contentUrl":"https:\/\/peoplesphere.be\/fr\/wp-content\/uploads\/2023\/07\/peoplesphere-lgo-new-generik.jpg","width":1031,"height":1479,"caption":"Peoplesphere Company srl"},"image":{"@id":"https:\/\/peoplesphere.be\/fr\/#\/schema\/logo\/image\/"},"sameAs":["https:\/\/www.facebook.com\/peoplesphere","https:\/\/twitter.com\/PeoplesphereMag","https:\/\/www.linkedin.com\/company\/7587361?trk","http:\/\/youtube.com\/peoplesphere"]},{"@type":"Person","@id":"https:\/\/peoplesphere.be\/fr\/#\/schema\/person\/7976225ff17988604334abb7b3536a7e","name":"Jean-Paul Erhard","image":{"@type":"ImageObject","inLanguage":"fr-FR","@id":"https:\/\/peoplesphere.be\/fr\/#\/schema\/person\/image\/","url":"https:\/\/secure.gravatar.com\/avatar\/f941e681460179738071629a51574930?s=96&d=mm&r=g","contentUrl":"https:\/\/secure.gravatar.com\/avatar\/f941e681460179738071629a51574930?s=96&d=mm&r=g","caption":"Jean-Paul Erhard"},"url":"https:\/\/peoplesphere.be\/fr\/author\/jpe\/"}]}},"_links":{"self":[{"href":"https:\/\/peoplesphere.be\/fr\/wp-json\/wp\/v2\/posts\/5495"}],"collection":[{"href":"https:\/\/peoplesphere.be\/fr\/wp-json\/wp\/v2\/posts"}],"about":[{"href":"https:\/\/peoplesphere.be\/fr\/wp-json\/wp\/v2\/types\/post"}],"author":[{"embeddable":true,"href":"https:\/\/peoplesphere.be\/fr\/wp-json\/wp\/v2\/users\/2"}],"replies":[{"embeddable":true,"href":"https:\/\/peoplesphere.be\/fr\/wp-json\/wp\/v2\/comments?post=5495"}],"version-history":[{"count":2,"href":"https:\/\/peoplesphere.be\/fr\/wp-json\/wp\/v2\/posts\/5495\/revisions"}],"predecessor-version":[{"id":5498,"href":"https:\/\/peoplesphere.be\/fr\/wp-json\/wp\/v2\/posts\/5495\/revisions\/5498"}],"wp:featuredmedia":[{"embeddable":true,"href":"https:\/\/peoplesphere.be\/fr\/wp-json\/wp\/v2\/media\/5496"}],"wp:attachment":[{"href":"https:\/\/peoplesphere.be\/fr\/wp-json\/wp\/v2\/media?parent=5495"}],"wp:term":[{"taxonomy":"category","embeddable":true,"href":"https:\/\/peoplesphere.be\/fr\/wp-json\/wp\/v2\/categories?post=5495"},{"taxonomy":"post_tag","embeddable":true,"href":"https:\/\/peoplesphere.be\/fr\/wp-json\/wp\/v2\/tags?post=5495"}],"curies":[{"name":"wp","href":"https:\/\/api.w.org\/{rel}","templated":true}]}}