









{"id":5539,"date":"2018-02-02T17:29:59","date_gmt":"2018-02-02T15:29:59","guid":{"rendered":"http:\/\/www.peoplesphere.be\/fr\/?p=5539"},"modified":"2018-02-08T15:56:44","modified_gmt":"2018-02-08T13:56:44","slug":"nomines-learning-award-2018-connus-rendez-lors-de-29eme-hrm-night-retrouver","status":"publish","type":"post","link":"https:\/\/peoplesphere.be\/fr\/nomines-learning-award-2018-connus-rendez-lors-de-29eme-hrm-night-retrouver\/","title":{"rendered":"Les nomin\u00e9s au Learning Award 2018 sont connus! Rendez-vous lors de la 29\u00e8me HRM Night pour les retrouver."},"content":{"rendered":"<p>Le Jury du Learning Award 2018 (propos\u00e9 par Epsilon) compos\u00e9 de 8 professionnels des Ressources Humaines et du Learning &amp; Development a examin\u00e9 les 8 projets candidats re\u00e7us cette ann\u00e9e et en a retenu 4. Rendez-vous le 22 mars prochain, \u00e0 l&rsquo;occasion de la 29\u00e8me HRM Night\u00a9 (\u00e9lection du HR Manager of the Year\u00a9), afin de rencontrer l&rsquo;ensemble des laur\u00e9ats.<!--more--><\/p>\n<p>Pour rappel, la th\u00e9matique propos\u00e9e aux candidats cette ann\u00e9e \u00e9tait la suivante : &lsquo;Ceci n&rsquo;est pas une formation&rsquo;. Apr\u00e8s un examen approfondi des huit dossiers soumis \u00e0 leur analyse, les membres du jury ont souhait\u00e9 nominer les projets suivants :<\/p>\n<p><strong><em>\u2022 Horizon jeunes : apprendre pour innover ou innover pour apprendre?<\/em><\/strong><br \/>\nProjet pr\u00e9sent\u00e9 par Solidaris<\/p>\n<p><strong><em>\u2022 Acc\u00e9l\u00e9ration du d\u00e9veloppement personnel gr\u00e2ce au coaching interne<\/em><\/strong><br \/>\nProjet pr\u00e9sent\u00e9 par UCB<\/p>\n<p><strong><em>\u2022 Trajet Initiateur : A chacun son puzzle !<\/em><\/strong><br \/>\nProjet pr\u00e9sent\u00e9 par La Ligue francophone de Hockey (LFH)<\/p>\n<p><strong><em>\u2022 From Elia\u2019s Training Center to a Competence Center<\/em><\/strong><br \/>\nProjet pr\u00e9sent\u00e9 par Elia<\/p>\n<p>Afin de les d\u00e9partager, le Jury les rencontrera le jeudi 22 f\u00e9vrier 2018 apr\u00e8s-midi. La s\u00e9ance est publique. Tout membre de la communaut\u00e9 L&amp;D, ou tout (futur) professionnel RH y est le bienvenu!<\/p>\n<p>Pour vous inscrire \u00e0 la session de pr\u00e9sentation des dossiers :\u00a0<a href=\"http:\/\/www.epsilon.be\/events\/learning-award-2018-presentation-des-actions-ld-nominees\/\">http:\/\/www.epsilon.be\/events\/learning-award-2018-presentation-des-actions-ld-nominees\/<\/a><\/p>\n<p>Le laur\u00e9at sera annonc\u00e9 lors de la 29\u00e8me HRM Night\u00a9 qui se tiendra le 22 mars 2018 \u00e0 l&rsquo;Autoworld \u00e0 Bruxelles (<a href=\"http:\/\/www.hrmnight.be\">www.hrmnight.be<\/a>).<\/p>\n","protected":false},"excerpt":{"rendered":"<p>Le Jury du Learning Award 2018 (propos\u00e9 par Epsilon) compos\u00e9 de 8 professionnels des Ressources Humaines et du Learning &amp; Development a examin\u00e9 les 8 projets candidats re\u00e7us cette ann\u00e9e et en a retenu 4. Rendez-vous le 22 mars prochain, [&hellip;]<\/p>\n","protected":false},"author":2,"featured_media":5540,"comment_status":"closed","ping_status":"open","sticky":false,"template":"","format":"standard","meta":[],"categories":[67,8],"tags":[877,48,690,628,683,1050,1057,1771],"yoast_head":"<!-- This site is optimized with the Yoast SEO plugin v21.0 - https:\/\/yoast.com\/wordpress\/plugins\/seo\/ -->\n<title>Les nomin\u00e9s au Learning Award 2018 sont connus! Rendez-vous lors de la 29\u00e8me HRM Night pour les retrouver. - Peoplesphere<\/title>\n<meta name=\"robots\" content=\"index, follow, max-snippet:-1, max-image-preview:large, max-video-preview:-1\" \/>\n<link rel=\"canonical\" href=\"https:\/\/peoplesphere.be\/fr\/nomines-learning-award-2018-connus-rendez-lors-de-29eme-hrm-night-retrouver\/\" \/>\n<meta property=\"og:locale\" content=\"fr_FR\" \/>\n<meta property=\"og:type\" content=\"article\" \/>\n<meta property=\"og:title\" content=\"Les nomin\u00e9s au Learning Award 2018 sont connus! Rendez-vous lors de la 29\u00e8me HRM Night pour les retrouver. - Peoplesphere\" \/>\n<meta property=\"og:description\" content=\"Le Jury du Learning Award 2018 (propos\u00e9 par Epsilon) compos\u00e9 de 8 professionnels des Ressources Humaines et du Learning &amp; Development a examin\u00e9 les 8 projets candidats re\u00e7us cette ann\u00e9e et en a retenu 4. Rendez-vous le 22 mars prochain, [&hellip;]\" \/>\n<meta property=\"og:url\" content=\"https:\/\/peoplesphere.be\/fr\/nomines-learning-award-2018-connus-rendez-lors-de-29eme-hrm-night-retrouver\/\" \/>\n<meta property=\"og:site_name\" content=\"Peoplesphere\" \/>\n<meta property=\"article:publisher\" content=\"https:\/\/www.facebook.com\/peoplesphere\" \/>\n<meta property=\"article:published_time\" content=\"2018-02-02T15:29:59+00:00\" \/>\n<meta property=\"article:modified_time\" content=\"2018-02-08T13:56:44+00:00\" \/>\n<meta property=\"og:image\" content=\"https:\/\/peoplesphere.be\/fr\/wp-content\/uploads\/2018\/02\/LearningAward18.png\" \/>\n\t<meta property=\"og:image:width\" content=\"440\" \/>\n\t<meta property=\"og:image:height\" content=\"184\" \/>\n\t<meta property=\"og:image:type\" content=\"image\/png\" \/>\n<meta name=\"author\" content=\"Jean-Paul Erhard\" \/>\n<meta name=\"twitter:card\" content=\"summary_large_image\" \/>\n<meta name=\"twitter:creator\" content=\"@PeoplesphereMag\" \/>\n<meta name=\"twitter:site\" content=\"@PeoplesphereMag\" \/>\n<meta name=\"twitter:label1\" content=\"\u00c9crit par\" \/>\n\t<meta name=\"twitter:data1\" content=\"Jean-Paul Erhard\" \/>\n\t<meta name=\"twitter:label2\" content=\"Dur\u00e9e de lecture estim\u00e9e\" \/>\n\t<meta name=\"twitter:data2\" content=\"1 minute\" \/>\n<script type=\"application\/ld+json\" class=\"yoast-schema-graph\">{\"@context\":\"https:\/\/schema.org\",\"@graph\":[{\"@type\":\"Article\",\"@id\":\"https:\/\/peoplesphere.be\/fr\/nomines-learning-award-2018-connus-rendez-lors-de-29eme-hrm-night-retrouver\/#article\",\"isPartOf\":{\"@id\":\"https:\/\/peoplesphere.be\/fr\/nomines-learning-award-2018-connus-rendez-lors-de-29eme-hrm-night-retrouver\/\"},\"author\":{\"name\":\"Jean-Paul Erhard\",\"@id\":\"https:\/\/peoplesphere.be\/fr\/#\/schema\/person\/7976225ff17988604334abb7b3536a7e\"},\"headline\":\"Les nomin\u00e9s au Learning Award 2018 sont connus! Rendez-vous lors de la 29\u00e8me HRM Night pour les retrouver.\",\"datePublished\":\"2018-02-02T15:29:59+00:00\",\"dateModified\":\"2018-02-08T13:56:44+00:00\",\"mainEntityOfPage\":{\"@id\":\"https:\/\/peoplesphere.be\/fr\/nomines-learning-award-2018-connus-rendez-lors-de-29eme-hrm-night-retrouver\/\"},\"wordCount\":252,\"publisher\":{\"@id\":\"https:\/\/peoplesphere.be\/fr\/#organization\"},\"keywords\":[\"epsilon\",\"Formation\",\"hr manager of the year\",\"HR Team of the Year\",\"HRM Night\",\"learning &amp; development\",\"learning award\",\"Young HR Leader of the Year\"],\"articleSection\":[\"Calendrier\",\"Events\"],\"inLanguage\":\"fr-FR\"},{\"@type\":\"WebPage\",\"@id\":\"https:\/\/peoplesphere.be\/fr\/nomines-learning-award-2018-connus-rendez-lors-de-29eme-hrm-night-retrouver\/\",\"url\":\"https:\/\/peoplesphere.be\/fr\/nomines-learning-award-2018-connus-rendez-lors-de-29eme-hrm-night-retrouver\/\",\"name\":\"Les nomin\u00e9s au Learning Award 2018 sont connus! Rendez-vous lors de la 29\u00e8me HRM Night pour les retrouver. - Peoplesphere\",\"isPartOf\":{\"@id\":\"https:\/\/peoplesphere.be\/fr\/#website\"},\"datePublished\":\"2018-02-02T15:29:59+00:00\",\"dateModified\":\"2018-02-08T13:56:44+00:00\",\"breadcrumb\":{\"@id\":\"https:\/\/peoplesphere.be\/fr\/nomines-learning-award-2018-connus-rendez-lors-de-29eme-hrm-night-retrouver\/#breadcrumb\"},\"inLanguage\":\"fr-FR\",\"potentialAction\":[{\"@type\":\"ReadAction\",\"target\":[\"https:\/\/peoplesphere.be\/fr\/nomines-learning-award-2018-connus-rendez-lors-de-29eme-hrm-night-retrouver\/\"]}]},{\"@type\":\"BreadcrumbList\",\"@id\":\"https:\/\/peoplesphere.be\/fr\/nomines-learning-award-2018-connus-rendez-lors-de-29eme-hrm-night-retrouver\/#breadcrumb\",\"itemListElement\":[{\"@type\":\"ListItem\",\"position\":1,\"name\":\"Accueil\",\"item\":\"https:\/\/peoplesphere.be\/fr\/\"},{\"@type\":\"ListItem\",\"position\":2,\"name\":\"Les nomin\u00e9s au Learning Award 2018 sont connus! Rendez-vous lors de la 29\u00e8me HRM Night pour les retrouver.\"}]},{\"@type\":\"WebSite\",\"@id\":\"https:\/\/peoplesphere.be\/fr\/#website\",\"url\":\"https:\/\/peoplesphere.be\/fr\/\",\"name\":\"Peoplesphere\",\"description\":\"The People Managers Magazine\",\"publisher\":{\"@id\":\"https:\/\/peoplesphere.be\/fr\/#organization\"},\"potentialAction\":[{\"@type\":\"SearchAction\",\"target\":{\"@type\":\"EntryPoint\",\"urlTemplate\":\"https:\/\/peoplesphere.be\/fr\/?s={search_term_string}\"},\"query-input\":\"required name=search_term_string\"}],\"inLanguage\":\"fr-FR\"},{\"@type\":\"Organization\",\"@id\":\"https:\/\/peoplesphere.be\/fr\/#organization\",\"name\":\"Peoplesphere Company srl\",\"url\":\"https:\/\/peoplesphere.be\/fr\/\",\"logo\":{\"@type\":\"ImageObject\",\"inLanguage\":\"fr-FR\",\"@id\":\"https:\/\/peoplesphere.be\/fr\/#\/schema\/logo\/image\/\",\"url\":\"https:\/\/peoplesphere.be\/fr\/wp-content\/uploads\/2023\/07\/peoplesphere-lgo-new-generik.jpg\",\"contentUrl\":\"https:\/\/peoplesphere.be\/fr\/wp-content\/uploads\/2023\/07\/peoplesphere-lgo-new-generik.jpg\",\"width\":1031,\"height\":1479,\"caption\":\"Peoplesphere Company srl\"},\"image\":{\"@id\":\"https:\/\/peoplesphere.be\/fr\/#\/schema\/logo\/image\/\"},\"sameAs\":[\"https:\/\/www.facebook.com\/peoplesphere\",\"https:\/\/twitter.com\/PeoplesphereMag\",\"https:\/\/www.linkedin.com\/company\/7587361?trk\",\"http:\/\/youtube.com\/peoplesphere\"]},{\"@type\":\"Person\",\"@id\":\"https:\/\/peoplesphere.be\/fr\/#\/schema\/person\/7976225ff17988604334abb7b3536a7e\",\"name\":\"Jean-Paul Erhard\",\"image\":{\"@type\":\"ImageObject\",\"inLanguage\":\"fr-FR\",\"@id\":\"https:\/\/peoplesphere.be\/fr\/#\/schema\/person\/image\/\",\"url\":\"https:\/\/secure.gravatar.com\/avatar\/f941e681460179738071629a51574930?s=96&d=mm&r=g\",\"contentUrl\":\"https:\/\/secure.gravatar.com\/avatar\/f941e681460179738071629a51574930?s=96&d=mm&r=g\",\"caption\":\"Jean-Paul Erhard\"},\"url\":\"https:\/\/peoplesphere.be\/fr\/author\/jpe\/\"}]}<\/script>\n<!-- \/ Yoast SEO plugin. -->","yoast_head_json":{"title":"Les nomin\u00e9s au Learning Award 2018 sont connus! Rendez-vous lors de la 29\u00e8me HRM Night pour les retrouver. - Peoplesphere","robots":{"index":"index","follow":"follow","max-snippet":"max-snippet:-1","max-image-preview":"max-image-preview:large","max-video-preview":"max-video-preview:-1"},"canonical":"https:\/\/peoplesphere.be\/fr\/nomines-learning-award-2018-connus-rendez-lors-de-29eme-hrm-night-retrouver\/","og_locale":"fr_FR","og_type":"article","og_title":"Les nomin\u00e9s au Learning Award 2018 sont connus! Rendez-vous lors de la 29\u00e8me HRM Night pour les retrouver. - Peoplesphere","og_description":"Le Jury du Learning Award 2018 (propos\u00e9 par Epsilon) compos\u00e9 de 8 professionnels des Ressources Humaines et du Learning &amp; Development a examin\u00e9 les 8 projets candidats re\u00e7us cette ann\u00e9e et en a retenu 4. Rendez-vous le 22 mars prochain, [&hellip;]","og_url":"https:\/\/peoplesphere.be\/fr\/nomines-learning-award-2018-connus-rendez-lors-de-29eme-hrm-night-retrouver\/","og_site_name":"Peoplesphere","article_publisher":"https:\/\/www.facebook.com\/peoplesphere","article_published_time":"2018-02-02T15:29:59+00:00","article_modified_time":"2018-02-08T13:56:44+00:00","og_image":[{"width":440,"height":184,"url":"https:\/\/peoplesphere.be\/fr\/wp-content\/uploads\/2018\/02\/LearningAward18.png","type":"image\/png"}],"author":"Jean-Paul Erhard","twitter_card":"summary_large_image","twitter_creator":"@PeoplesphereMag","twitter_site":"@PeoplesphereMag","twitter_misc":{"\u00c9crit par":"Jean-Paul Erhard","Dur\u00e9e de lecture estim\u00e9e":"1 minute"},"schema":{"@context":"https:\/\/schema.org","@graph":[{"@type":"Article","@id":"https:\/\/peoplesphere.be\/fr\/nomines-learning-award-2018-connus-rendez-lors-de-29eme-hrm-night-retrouver\/#article","isPartOf":{"@id":"https:\/\/peoplesphere.be\/fr\/nomines-learning-award-2018-connus-rendez-lors-de-29eme-hrm-night-retrouver\/"},"author":{"name":"Jean-Paul Erhard","@id":"https:\/\/peoplesphere.be\/fr\/#\/schema\/person\/7976225ff17988604334abb7b3536a7e"},"headline":"Les nomin\u00e9s au Learning Award 2018 sont connus! Rendez-vous lors de la 29\u00e8me HRM Night pour les retrouver.","datePublished":"2018-02-02T15:29:59+00:00","dateModified":"2018-02-08T13:56:44+00:00","mainEntityOfPage":{"@id":"https:\/\/peoplesphere.be\/fr\/nomines-learning-award-2018-connus-rendez-lors-de-29eme-hrm-night-retrouver\/"},"wordCount":252,"publisher":{"@id":"https:\/\/peoplesphere.be\/fr\/#organization"},"keywords":["epsilon","Formation","hr manager of the year","HR Team of the Year","HRM Night","learning &amp; development","learning award","Young HR Leader of the Year"],"articleSection":["Calendrier","Events"],"inLanguage":"fr-FR"},{"@type":"WebPage","@id":"https:\/\/peoplesphere.be\/fr\/nomines-learning-award-2018-connus-rendez-lors-de-29eme-hrm-night-retrouver\/","url":"https:\/\/peoplesphere.be\/fr\/nomines-learning-award-2018-connus-rendez-lors-de-29eme-hrm-night-retrouver\/","name":"Les nomin\u00e9s au Learning Award 2018 sont connus! Rendez-vous lors de la 29\u00e8me HRM Night pour les retrouver. - Peoplesphere","isPartOf":{"@id":"https:\/\/peoplesphere.be\/fr\/#website"},"datePublished":"2018-02-02T15:29:59+00:00","dateModified":"2018-02-08T13:56:44+00:00","breadcrumb":{"@id":"https:\/\/peoplesphere.be\/fr\/nomines-learning-award-2018-connus-rendez-lors-de-29eme-hrm-night-retrouver\/#breadcrumb"},"inLanguage":"fr-FR","potentialAction":[{"@type":"ReadAction","target":["https:\/\/peoplesphere.be\/fr\/nomines-learning-award-2018-connus-rendez-lors-de-29eme-hrm-night-retrouver\/"]}]},{"@type":"BreadcrumbList","@id":"https:\/\/peoplesphere.be\/fr\/nomines-learning-award-2018-connus-rendez-lors-de-29eme-hrm-night-retrouver\/#breadcrumb","itemListElement":[{"@type":"ListItem","position":1,"name":"Accueil","item":"https:\/\/peoplesphere.be\/fr\/"},{"@type":"ListItem","position":2,"name":"Les nomin\u00e9s au Learning Award 2018 sont connus! Rendez-vous lors de la 29\u00e8me HRM Night pour les retrouver."}]},{"@type":"WebSite","@id":"https:\/\/peoplesphere.be\/fr\/#website","url":"https:\/\/peoplesphere.be\/fr\/","name":"Peoplesphere","description":"The People Managers Magazine","publisher":{"@id":"https:\/\/peoplesphere.be\/fr\/#organization"},"potentialAction":[{"@type":"SearchAction","target":{"@type":"EntryPoint","urlTemplate":"https:\/\/peoplesphere.be\/fr\/?s={search_term_string}"},"query-input":"required name=search_term_string"}],"inLanguage":"fr-FR"},{"@type":"Organization","@id":"https:\/\/peoplesphere.be\/fr\/#organization","name":"Peoplesphere Company srl","url":"https:\/\/peoplesphere.be\/fr\/","logo":{"@type":"ImageObject","inLanguage":"fr-FR","@id":"https:\/\/peoplesphere.be\/fr\/#\/schema\/logo\/image\/","url":"https:\/\/peoplesphere.be\/fr\/wp-content\/uploads\/2023\/07\/peoplesphere-lgo-new-generik.jpg","contentUrl":"https:\/\/peoplesphere.be\/fr\/wp-content\/uploads\/2023\/07\/peoplesphere-lgo-new-generik.jpg","width":1031,"height":1479,"caption":"Peoplesphere Company srl"},"image":{"@id":"https:\/\/peoplesphere.be\/fr\/#\/schema\/logo\/image\/"},"sameAs":["https:\/\/www.facebook.com\/peoplesphere","https:\/\/twitter.com\/PeoplesphereMag","https:\/\/www.linkedin.com\/company\/7587361?trk","http:\/\/youtube.com\/peoplesphere"]},{"@type":"Person","@id":"https:\/\/peoplesphere.be\/fr\/#\/schema\/person\/7976225ff17988604334abb7b3536a7e","name":"Jean-Paul Erhard","image":{"@type":"ImageObject","inLanguage":"fr-FR","@id":"https:\/\/peoplesphere.be\/fr\/#\/schema\/person\/image\/","url":"https:\/\/secure.gravatar.com\/avatar\/f941e681460179738071629a51574930?s=96&d=mm&r=g","contentUrl":"https:\/\/secure.gravatar.com\/avatar\/f941e681460179738071629a51574930?s=96&d=mm&r=g","caption":"Jean-Paul Erhard"},"url":"https:\/\/peoplesphere.be\/fr\/author\/jpe\/"}]}},"_links":{"self":[{"href":"https:\/\/peoplesphere.be\/fr\/wp-json\/wp\/v2\/posts\/5539"}],"collection":[{"href":"https:\/\/peoplesphere.be\/fr\/wp-json\/wp\/v2\/posts"}],"about":[{"href":"https:\/\/peoplesphere.be\/fr\/wp-json\/wp\/v2\/types\/post"}],"author":[{"embeddable":true,"href":"https:\/\/peoplesphere.be\/fr\/wp-json\/wp\/v2\/users\/2"}],"replies":[{"embeddable":true,"href":"https:\/\/peoplesphere.be\/fr\/wp-json\/wp\/v2\/comments?post=5539"}],"version-history":[{"count":3,"href":"https:\/\/peoplesphere.be\/fr\/wp-json\/wp\/v2\/posts\/5539\/revisions"}],"predecessor-version":[{"id":5573,"href":"https:\/\/peoplesphere.be\/fr\/wp-json\/wp\/v2\/posts\/5539\/revisions\/5573"}],"wp:featuredmedia":[{"embeddable":true,"href":"https:\/\/peoplesphere.be\/fr\/wp-json\/wp\/v2\/media\/5540"}],"wp:attachment":[{"href":"https:\/\/peoplesphere.be\/fr\/wp-json\/wp\/v2\/media?parent=5539"}],"wp:term":[{"taxonomy":"category","embeddable":true,"href":"https:\/\/peoplesphere.be\/fr\/wp-json\/wp\/v2\/categories?post=5539"},{"taxonomy":"post_tag","embeddable":true,"href":"https:\/\/peoplesphere.be\/fr\/wp-json\/wp\/v2\/tags?post=5539"}],"curies":[{"name":"wp","href":"https:\/\/api.w.org\/{rel}","templated":true}]}}