









{"id":5548,"date":"2018-02-05T13:57:28","date_gmt":"2018-02-05T11:57:28","guid":{"rendered":"http:\/\/www.peoplesphere.be\/fr\/?p=5548"},"modified":"2018-02-05T13:57:28","modified_gmt":"2018-02-05T11:57:28","slug":"inquiets-pragmatiques-80-jeunes-belges-inquiets-quant-a-protection-de-leurs-donnees","status":"publish","type":"post","link":"https:\/\/peoplesphere.be\/fr\/inquiets-pragmatiques-80-jeunes-belges-inquiets-quant-a-protection-de-leurs-donnees\/","title":{"rendered":"Inquiets et pragmatiques: 80% des jeunes Belges sont inquiets quant \u00e0 la protection de leurs donn\u00e9es."},"content":{"rendered":"<p>La protection des donn\u00e9es priv\u00e9es sur le web est LE sujet du moment. Mais les jeunes Belges sont-ils conscients des enjeux? Huit Belges sur dix s\u2019inqui\u00e8tent de la protection de leurs donn\u00e9es en ligne. Toutefois,\u00a0quatre Belges sur dix seraient dispos\u00e9s \u00e0 vendre une partie de leurs donn\u00e9es priv\u00e9es \u00e0 des entreprises&#8230;<!--more--><\/p>\n<p>En 2015, le bureau d\u2019analyse de tendances Trendwolves a enqu\u00eat\u00e9, \u00e0 la demande de Hello bank!, sur la mani\u00e8re dont les jeunes Belges assuraient la protection de leur vie priv\u00e9e sur le web. Une nouvelle enqu\u00eate a \u00e9t\u00e9 men\u00e9e r\u00e9cemment pour mesurer les changements \u00e9ventuels. Un nouvel \u00e9chantillon repr\u00e9sentatif de 750 compatriotes \u00e2g\u00e9s entre 18 et 40 ans a \u00e9t\u00e9 soumis \u00e0 un questionnaire sur la protection de la vie priv\u00e9e en ligne.<\/p>\n<p><em><strong>82% des Belges sont insuffisamment inform\u00e9s<\/strong><\/em><\/p>\n<p>Les chiffres de la derni\u00e8re enqu\u00eate confirment largement les tendances d\u00e9gag\u00e9es en 2015. A souligner : malgr\u00e9 l\u2019augmentation de l\u2019attention accord\u00e9e par les m\u00e9dias et le monde politique \u00e0 la protection de la vie priv\u00e9e en ligne, 82% des Belges estiment qu\u2019ils ne sont pas suffisamment inform\u00e9s sur la mani\u00e8re dont ils peuvent prot\u00e9ger leurs donn\u00e9es priv\u00e9es. Seuls 18% estiment n\u2019avoir pas besoin d\u2019informations suppl\u00e9mentaires. Pr\u00e8s de sept personnes sur dix (68%) reconnaissent les publicit\u00e9s cibl\u00e9es, mais pr\u00e8s de 60% ne savent pas comment v\u00e9rifier la fiabilit\u00e9 d\u2019un site internet ou d\u2019une application.<\/p>\n<p><em><strong>Perte de contr\u00f4le<\/strong><\/em><\/p>\n<p>Huit Belges sur dix \u00e2g\u00e9s de 18 \u00e0 40 ans s\u2019inqui\u00e8tent de la mani\u00e8re dont leurs donn\u00e9es priv\u00e9es sont utilis\u00e9es \u00e0 leur insu. Ils sont aussi tr\u00e8s fatalistes : pr\u00e8s de neuf personnes interrog\u00e9es sur dix (87%) estiment que quoi qu\u2019ils fassent, ils ne pourront jamais se prot\u00e9ger \u00e0 100%. Cette inqui\u00e9tude, combin\u00e9e \u00e0 des connaissances limit\u00e9es en informatique, cr\u00e9e une situation assez probl\u00e9matique, o\u00f9 les citoyens ont le sentiment de perdre le contr\u00f4le de la fronti\u00e8re entre donn\u00e9es priv\u00e9es et publiques.<\/p>\n<p>&nbsp;<\/p>\n<p><strong><em>Quatre Belges sur dix envisageraient de vendre leurs donn\u00e9es personnelles<\/em><\/strong><\/p>\n<p>M\u00eame si la plupart des personnes interrog\u00e9es (70%) ne souhaitent pas que les entreprises et pouvoirs publics utilisent leurs donn\u00e9es personnelles, 36% pr\u00e9f\u00e8rent payer pour des services en ligne en argent plut\u00f4t qu\u2019en donn\u00e9es priv\u00e9es.<\/p>\n<p>L\u2019enqu\u00eate d\u00e9voile \u00e9galement que 4 personnes interrog\u00e9es sur 10 seraient pr\u00eates \u00e0 vendre leurs donn\u00e9es personnelles \u00e0 des entreprises priv\u00e9es. A noter que plus les Belges ont l\u2019impression de contr\u00f4ler leurs donn\u00e9es, plus ils ont confiance dans les entreprises ou les services publics qui les utilisent.<\/p>\n<p>Et les Belges les plus enclins \u00e0 \u00e9changer leurs informations personnelles le feraient pour des promotions et r\u00e9ductions int\u00e9ressantes ou pour avoir la chance de gagner un prix int\u00e9ressant. En revanche, l\u2019\u00e9change des donn\u00e9es personnelles pour obtenir une meilleure qualit\u00e9 des contenus et\/ou des services les inspirent beaucoup moins.<\/p>\n<p><em>Source : BNP Paribas Fortis<\/em><\/p>\n","protected":false},"excerpt":{"rendered":"<p>La protection des donn\u00e9es priv\u00e9es sur le web est LE sujet du moment. Mais les jeunes Belges sont-ils conscients des enjeux? Huit Belges sur dix s\u2019inqui\u00e8tent de la protection de leurs donn\u00e9es en ligne. Toutefois,\u00a0quatre Belges sur dix seraient dispos\u00e9s [&hellip;]<\/p>\n","protected":false},"author":2,"featured_media":0,"comment_status":"closed","ping_status":"open","sticky":false,"template":"","format":"standard","meta":[],"categories":[65,10],"tags":[1535,260,1774,224,833],"yoast_head":"<!-- This site is optimized with the Yoast SEO plugin v21.0 - https:\/\/yoast.com\/wordpress\/plugins\/seo\/ -->\n<title>Inquiets et pragmatiques: 80% des jeunes Belges sont inquiets quant \u00e0 la protection de leurs donn\u00e9es. - Peoplesphere<\/title>\n<meta name=\"robots\" content=\"index, follow, max-snippet:-1, max-image-preview:large, max-video-preview:-1\" \/>\n<link rel=\"canonical\" href=\"https:\/\/peoplesphere.be\/fr\/inquiets-pragmatiques-80-jeunes-belges-inquiets-quant-a-protection-de-leurs-donnees\/\" \/>\n<meta property=\"og:locale\" content=\"fr_FR\" \/>\n<meta property=\"og:type\" content=\"article\" \/>\n<meta property=\"og:title\" content=\"Inquiets et pragmatiques: 80% des jeunes Belges sont inquiets quant \u00e0 la protection de leurs donn\u00e9es. - Peoplesphere\" \/>\n<meta property=\"og:description\" content=\"La protection des donn\u00e9es priv\u00e9es sur le web est LE sujet du moment. Mais les jeunes Belges sont-ils conscients des enjeux? Huit Belges sur dix s\u2019inqui\u00e8tent de la protection de leurs donn\u00e9es en ligne. Toutefois,\u00a0quatre Belges sur dix seraient dispos\u00e9s [&hellip;]\" \/>\n<meta property=\"og:url\" content=\"https:\/\/peoplesphere.be\/fr\/inquiets-pragmatiques-80-jeunes-belges-inquiets-quant-a-protection-de-leurs-donnees\/\" \/>\n<meta property=\"og:site_name\" content=\"Peoplesphere\" \/>\n<meta property=\"article:publisher\" content=\"https:\/\/www.facebook.com\/peoplesphere\" \/>\n<meta property=\"article:published_time\" content=\"2018-02-05T11:57:28+00:00\" \/>\n<meta property=\"og:image\" content=\"http:\/\/www.peoplesphere.be\/fr\/wp-content\/uploads\/2016\/07\/facebook-default-posting-1200x628px.jpg\" \/>\n<meta name=\"author\" content=\"Jean-Paul Erhard\" \/>\n<meta name=\"twitter:card\" content=\"summary_large_image\" \/>\n<meta name=\"twitter:creator\" content=\"@PeoplesphereMag\" \/>\n<meta name=\"twitter:site\" content=\"@PeoplesphereMag\" \/>\n<meta name=\"twitter:label1\" content=\"\u00c9crit par\" \/>\n\t<meta name=\"twitter:data1\" content=\"Jean-Paul Erhard\" \/>\n\t<meta name=\"twitter:label2\" content=\"Dur\u00e9e de lecture estim\u00e9e\" \/>\n\t<meta name=\"twitter:data2\" content=\"3 minutes\" \/>\n<script type=\"application\/ld+json\" class=\"yoast-schema-graph\">{\"@context\":\"https:\/\/schema.org\",\"@graph\":[{\"@type\":\"Article\",\"@id\":\"https:\/\/peoplesphere.be\/fr\/inquiets-pragmatiques-80-jeunes-belges-inquiets-quant-a-protection-de-leurs-donnees\/#article\",\"isPartOf\":{\"@id\":\"https:\/\/peoplesphere.be\/fr\/inquiets-pragmatiques-80-jeunes-belges-inquiets-quant-a-protection-de-leurs-donnees\/\"},\"author\":{\"name\":\"Jean-Paul Erhard\",\"@id\":\"https:\/\/peoplesphere.be\/fr\/#\/schema\/person\/7976225ff17988604334abb7b3536a7e\"},\"headline\":\"Inquiets et pragmatiques: 80% des jeunes Belges sont inquiets quant \u00e0 la protection de leurs donn\u00e9es.\",\"datePublished\":\"2018-02-05T11:57:28+00:00\",\"dateModified\":\"2018-02-05T11:57:28+00:00\",\"mainEntityOfPage\":{\"@id\":\"https:\/\/peoplesphere.be\/fr\/inquiets-pragmatiques-80-jeunes-belges-inquiets-quant-a-protection-de-leurs-donnees\/\"},\"wordCount\":529,\"publisher\":{\"@id\":\"https:\/\/peoplesphere.be\/fr\/#organization\"},\"keywords\":[\"GDPR\",\"protection des donn\u00e9es\",\"RGPD\",\"s\u00e9curit\u00e9 informatique\",\"transformation digitale\"],\"articleSection\":[\"Actualit\u00e9s\",\"Digital\"],\"inLanguage\":\"fr-FR\"},{\"@type\":\"WebPage\",\"@id\":\"https:\/\/peoplesphere.be\/fr\/inquiets-pragmatiques-80-jeunes-belges-inquiets-quant-a-protection-de-leurs-donnees\/\",\"url\":\"https:\/\/peoplesphere.be\/fr\/inquiets-pragmatiques-80-jeunes-belges-inquiets-quant-a-protection-de-leurs-donnees\/\",\"name\":\"Inquiets et pragmatiques: 80% des jeunes Belges sont inquiets quant \u00e0 la protection de leurs donn\u00e9es. - Peoplesphere\",\"isPartOf\":{\"@id\":\"https:\/\/peoplesphere.be\/fr\/#website\"},\"datePublished\":\"2018-02-05T11:57:28+00:00\",\"dateModified\":\"2018-02-05T11:57:28+00:00\",\"breadcrumb\":{\"@id\":\"https:\/\/peoplesphere.be\/fr\/inquiets-pragmatiques-80-jeunes-belges-inquiets-quant-a-protection-de-leurs-donnees\/#breadcrumb\"},\"inLanguage\":\"fr-FR\",\"potentialAction\":[{\"@type\":\"ReadAction\",\"target\":[\"https:\/\/peoplesphere.be\/fr\/inquiets-pragmatiques-80-jeunes-belges-inquiets-quant-a-protection-de-leurs-donnees\/\"]}]},{\"@type\":\"BreadcrumbList\",\"@id\":\"https:\/\/peoplesphere.be\/fr\/inquiets-pragmatiques-80-jeunes-belges-inquiets-quant-a-protection-de-leurs-donnees\/#breadcrumb\",\"itemListElement\":[{\"@type\":\"ListItem\",\"position\":1,\"name\":\"Accueil\",\"item\":\"https:\/\/peoplesphere.be\/fr\/\"},{\"@type\":\"ListItem\",\"position\":2,\"name\":\"Inquiets et pragmatiques: 80% des jeunes Belges sont inquiets quant \u00e0 la protection de leurs donn\u00e9es.\"}]},{\"@type\":\"WebSite\",\"@id\":\"https:\/\/peoplesphere.be\/fr\/#website\",\"url\":\"https:\/\/peoplesphere.be\/fr\/\",\"name\":\"Peoplesphere\",\"description\":\"The People Managers Magazine\",\"publisher\":{\"@id\":\"https:\/\/peoplesphere.be\/fr\/#organization\"},\"potentialAction\":[{\"@type\":\"SearchAction\",\"target\":{\"@type\":\"EntryPoint\",\"urlTemplate\":\"https:\/\/peoplesphere.be\/fr\/?s={search_term_string}\"},\"query-input\":\"required name=search_term_string\"}],\"inLanguage\":\"fr-FR\"},{\"@type\":\"Organization\",\"@id\":\"https:\/\/peoplesphere.be\/fr\/#organization\",\"name\":\"Peoplesphere Company srl\",\"url\":\"https:\/\/peoplesphere.be\/fr\/\",\"logo\":{\"@type\":\"ImageObject\",\"inLanguage\":\"fr-FR\",\"@id\":\"https:\/\/peoplesphere.be\/fr\/#\/schema\/logo\/image\/\",\"url\":\"https:\/\/peoplesphere.be\/fr\/wp-content\/uploads\/2023\/07\/peoplesphere-lgo-new-generik.jpg\",\"contentUrl\":\"https:\/\/peoplesphere.be\/fr\/wp-content\/uploads\/2023\/07\/peoplesphere-lgo-new-generik.jpg\",\"width\":1031,\"height\":1479,\"caption\":\"Peoplesphere Company srl\"},\"image\":{\"@id\":\"https:\/\/peoplesphere.be\/fr\/#\/schema\/logo\/image\/\"},\"sameAs\":[\"https:\/\/www.facebook.com\/peoplesphere\",\"https:\/\/twitter.com\/PeoplesphereMag\",\"https:\/\/www.linkedin.com\/company\/7587361?trk\",\"http:\/\/youtube.com\/peoplesphere\"]},{\"@type\":\"Person\",\"@id\":\"https:\/\/peoplesphere.be\/fr\/#\/schema\/person\/7976225ff17988604334abb7b3536a7e\",\"name\":\"Jean-Paul Erhard\",\"image\":{\"@type\":\"ImageObject\",\"inLanguage\":\"fr-FR\",\"@id\":\"https:\/\/peoplesphere.be\/fr\/#\/schema\/person\/image\/\",\"url\":\"https:\/\/secure.gravatar.com\/avatar\/f941e681460179738071629a51574930?s=96&d=mm&r=g\",\"contentUrl\":\"https:\/\/secure.gravatar.com\/avatar\/f941e681460179738071629a51574930?s=96&d=mm&r=g\",\"caption\":\"Jean-Paul Erhard\"},\"url\":\"https:\/\/peoplesphere.be\/fr\/author\/jpe\/\"}]}<\/script>\n<!-- \/ Yoast SEO plugin. -->","yoast_head_json":{"title":"Inquiets et pragmatiques: 80% des jeunes Belges sont inquiets quant \u00e0 la protection de leurs donn\u00e9es. - Peoplesphere","robots":{"index":"index","follow":"follow","max-snippet":"max-snippet:-1","max-image-preview":"max-image-preview:large","max-video-preview":"max-video-preview:-1"},"canonical":"https:\/\/peoplesphere.be\/fr\/inquiets-pragmatiques-80-jeunes-belges-inquiets-quant-a-protection-de-leurs-donnees\/","og_locale":"fr_FR","og_type":"article","og_title":"Inquiets et pragmatiques: 80% des jeunes Belges sont inquiets quant \u00e0 la protection de leurs donn\u00e9es. - Peoplesphere","og_description":"La protection des donn\u00e9es priv\u00e9es sur le web est LE sujet du moment. Mais les jeunes Belges sont-ils conscients des enjeux? Huit Belges sur dix s\u2019inqui\u00e8tent de la protection de leurs donn\u00e9es en ligne. Toutefois,\u00a0quatre Belges sur dix seraient dispos\u00e9s [&hellip;]","og_url":"https:\/\/peoplesphere.be\/fr\/inquiets-pragmatiques-80-jeunes-belges-inquiets-quant-a-protection-de-leurs-donnees\/","og_site_name":"Peoplesphere","article_publisher":"https:\/\/www.facebook.com\/peoplesphere","article_published_time":"2018-02-05T11:57:28+00:00","og_image":[{"url":"http:\/\/www.peoplesphere.be\/fr\/wp-content\/uploads\/2016\/07\/facebook-default-posting-1200x628px.jpg"}],"author":"Jean-Paul Erhard","twitter_card":"summary_large_image","twitter_creator":"@PeoplesphereMag","twitter_site":"@PeoplesphereMag","twitter_misc":{"\u00c9crit par":"Jean-Paul Erhard","Dur\u00e9e de lecture estim\u00e9e":"3 minutes"},"schema":{"@context":"https:\/\/schema.org","@graph":[{"@type":"Article","@id":"https:\/\/peoplesphere.be\/fr\/inquiets-pragmatiques-80-jeunes-belges-inquiets-quant-a-protection-de-leurs-donnees\/#article","isPartOf":{"@id":"https:\/\/peoplesphere.be\/fr\/inquiets-pragmatiques-80-jeunes-belges-inquiets-quant-a-protection-de-leurs-donnees\/"},"author":{"name":"Jean-Paul Erhard","@id":"https:\/\/peoplesphere.be\/fr\/#\/schema\/person\/7976225ff17988604334abb7b3536a7e"},"headline":"Inquiets et pragmatiques: 80% des jeunes Belges sont inquiets quant \u00e0 la protection de leurs donn\u00e9es.","datePublished":"2018-02-05T11:57:28+00:00","dateModified":"2018-02-05T11:57:28+00:00","mainEntityOfPage":{"@id":"https:\/\/peoplesphere.be\/fr\/inquiets-pragmatiques-80-jeunes-belges-inquiets-quant-a-protection-de-leurs-donnees\/"},"wordCount":529,"publisher":{"@id":"https:\/\/peoplesphere.be\/fr\/#organization"},"keywords":["GDPR","protection des donn\u00e9es","RGPD","s\u00e9curit\u00e9 informatique","transformation digitale"],"articleSection":["Actualit\u00e9s","Digital"],"inLanguage":"fr-FR"},{"@type":"WebPage","@id":"https:\/\/peoplesphere.be\/fr\/inquiets-pragmatiques-80-jeunes-belges-inquiets-quant-a-protection-de-leurs-donnees\/","url":"https:\/\/peoplesphere.be\/fr\/inquiets-pragmatiques-80-jeunes-belges-inquiets-quant-a-protection-de-leurs-donnees\/","name":"Inquiets et pragmatiques: 80% des jeunes Belges sont inquiets quant \u00e0 la protection de leurs donn\u00e9es. - Peoplesphere","isPartOf":{"@id":"https:\/\/peoplesphere.be\/fr\/#website"},"datePublished":"2018-02-05T11:57:28+00:00","dateModified":"2018-02-05T11:57:28+00:00","breadcrumb":{"@id":"https:\/\/peoplesphere.be\/fr\/inquiets-pragmatiques-80-jeunes-belges-inquiets-quant-a-protection-de-leurs-donnees\/#breadcrumb"},"inLanguage":"fr-FR","potentialAction":[{"@type":"ReadAction","target":["https:\/\/peoplesphere.be\/fr\/inquiets-pragmatiques-80-jeunes-belges-inquiets-quant-a-protection-de-leurs-donnees\/"]}]},{"@type":"BreadcrumbList","@id":"https:\/\/peoplesphere.be\/fr\/inquiets-pragmatiques-80-jeunes-belges-inquiets-quant-a-protection-de-leurs-donnees\/#breadcrumb","itemListElement":[{"@type":"ListItem","position":1,"name":"Accueil","item":"https:\/\/peoplesphere.be\/fr\/"},{"@type":"ListItem","position":2,"name":"Inquiets et pragmatiques: 80% des jeunes Belges sont inquiets quant \u00e0 la protection de leurs donn\u00e9es."}]},{"@type":"WebSite","@id":"https:\/\/peoplesphere.be\/fr\/#website","url":"https:\/\/peoplesphere.be\/fr\/","name":"Peoplesphere","description":"The People Managers Magazine","publisher":{"@id":"https:\/\/peoplesphere.be\/fr\/#organization"},"potentialAction":[{"@type":"SearchAction","target":{"@type":"EntryPoint","urlTemplate":"https:\/\/peoplesphere.be\/fr\/?s={search_term_string}"},"query-input":"required name=search_term_string"}],"inLanguage":"fr-FR"},{"@type":"Organization","@id":"https:\/\/peoplesphere.be\/fr\/#organization","name":"Peoplesphere Company srl","url":"https:\/\/peoplesphere.be\/fr\/","logo":{"@type":"ImageObject","inLanguage":"fr-FR","@id":"https:\/\/peoplesphere.be\/fr\/#\/schema\/logo\/image\/","url":"https:\/\/peoplesphere.be\/fr\/wp-content\/uploads\/2023\/07\/peoplesphere-lgo-new-generik.jpg","contentUrl":"https:\/\/peoplesphere.be\/fr\/wp-content\/uploads\/2023\/07\/peoplesphere-lgo-new-generik.jpg","width":1031,"height":1479,"caption":"Peoplesphere Company srl"},"image":{"@id":"https:\/\/peoplesphere.be\/fr\/#\/schema\/logo\/image\/"},"sameAs":["https:\/\/www.facebook.com\/peoplesphere","https:\/\/twitter.com\/PeoplesphereMag","https:\/\/www.linkedin.com\/company\/7587361?trk","http:\/\/youtube.com\/peoplesphere"]},{"@type":"Person","@id":"https:\/\/peoplesphere.be\/fr\/#\/schema\/person\/7976225ff17988604334abb7b3536a7e","name":"Jean-Paul Erhard","image":{"@type":"ImageObject","inLanguage":"fr-FR","@id":"https:\/\/peoplesphere.be\/fr\/#\/schema\/person\/image\/","url":"https:\/\/secure.gravatar.com\/avatar\/f941e681460179738071629a51574930?s=96&d=mm&r=g","contentUrl":"https:\/\/secure.gravatar.com\/avatar\/f941e681460179738071629a51574930?s=96&d=mm&r=g","caption":"Jean-Paul Erhard"},"url":"https:\/\/peoplesphere.be\/fr\/author\/jpe\/"}]}},"_links":{"self":[{"href":"https:\/\/peoplesphere.be\/fr\/wp-json\/wp\/v2\/posts\/5548"}],"collection":[{"href":"https:\/\/peoplesphere.be\/fr\/wp-json\/wp\/v2\/posts"}],"about":[{"href":"https:\/\/peoplesphere.be\/fr\/wp-json\/wp\/v2\/types\/post"}],"author":[{"embeddable":true,"href":"https:\/\/peoplesphere.be\/fr\/wp-json\/wp\/v2\/users\/2"}],"replies":[{"embeddable":true,"href":"https:\/\/peoplesphere.be\/fr\/wp-json\/wp\/v2\/comments?post=5548"}],"version-history":[{"count":1,"href":"https:\/\/peoplesphere.be\/fr\/wp-json\/wp\/v2\/posts\/5548\/revisions"}],"predecessor-version":[{"id":5549,"href":"https:\/\/peoplesphere.be\/fr\/wp-json\/wp\/v2\/posts\/5548\/revisions\/5549"}],"wp:attachment":[{"href":"https:\/\/peoplesphere.be\/fr\/wp-json\/wp\/v2\/media?parent=5548"}],"wp:term":[{"taxonomy":"category","embeddable":true,"href":"https:\/\/peoplesphere.be\/fr\/wp-json\/wp\/v2\/categories?post=5548"},{"taxonomy":"post_tag","embeddable":true,"href":"https:\/\/peoplesphere.be\/fr\/wp-json\/wp\/v2\/tags?post=5548"}],"curies":[{"name":"wp","href":"https:\/\/api.w.org\/{rel}","templated":true}]}}