









{"id":5590,"date":"2018-02-14T16:40:50","date_gmt":"2018-02-14T14:40:50","guid":{"rendered":"http:\/\/www.peoplesphere.be\/fr\/?p=5590"},"modified":"2018-02-14T16:40:50","modified_gmt":"2018-02-14T14:40:50","slug":"17-syndicalistes-liegeois-renvoyes-devant-tribunal-correctionnel","status":"publish","type":"post","link":"https:\/\/peoplesphere.be\/fr\/17-syndicalistes-liegeois-renvoyes-devant-tribunal-correctionnel\/","title":{"rendered":"17 syndicalistes li\u00e9geois renvoy\u00e9s devant le tribunal correctionnel."},"content":{"rendered":"<p>Un rappel des faits s&rsquo;impose sans doute. Octobre 2015. Lors d&rsquo;une manifestation syndicale nationale, des repr\u00e9sentants de la FGTB M\u00e9tal avaient bloqu\u00e9 la circulation sur la E40 au niveau du viaduc de Cheratte (Li\u00e8ge). La poursuite devant les tribunaux des syndicalistes est importante car elle repose indirectement la question du droit de gr\u00e8ve, \u00e9voqu\u00e9e alors par les repr\u00e9sentants politiques interpell\u00e9s par la gravit\u00e9 de l&rsquo;impact des blocages.<!--more--><\/p>\n<p>La chambre du conseil de Li\u00e8ge a donc d\u00e9cid\u00e9 du renvoi devant le tribunal correctionnel de 17 syndicalistes, presque tous membres de la FGTB m\u00e9tal. Ils sont poursuivis pour entrave m\u00e9chante \u00e0 la circulation.<\/p>\n<p>Rappelons l&rsquo;\u00e9motion suscit\u00e9e par cette action: un chirurgien \u00e9tait rest\u00e9 bloqu\u00e9 dans les embouteillages et n\u2019a pas pu arriver \u00e0 temps pour op\u00e9rer sa patiente. Celle-ci est d\u00e9c\u00e9d\u00e9e.<\/p>\n<p>Pour rappel, notre article publi\u00e9 \u00e0 l&rsquo;issue des d\u00e9bats cons\u00e9cutifs \u00e0 ces \u00e9v\u00e9nements (Le MR veut-il tuer le droit de gr\u00e8ve?:<br \/>\n<a href=\"http:\/\/www.peoplesphere.be\/fr\/le-mr-veut-il-tuer-le-droit-de-greve\/\">http:\/\/www.peoplesphere.be\/fr\/le-mr-veut-il-tuer-le-droit-de-greve\/<\/a><\/p>\n<p><em>Source : RTBF<\/em><\/p>\n","protected":false},"excerpt":{"rendered":"<p>Un rappel des faits s&rsquo;impose sans doute. Octobre 2015. Lors d&rsquo;une manifestation syndicale nationale, des repr\u00e9sentants de la FGTB M\u00e9tal avaient bloqu\u00e9 la circulation sur la E40 au niveau du viaduc de Cheratte (Li\u00e8ge). La poursuite devant les tribunaux des [&hellip;]<\/p>\n","protected":false},"author":2,"featured_media":0,"comment_status":"closed","ping_status":"open","sticky":false,"template":"","format":"standard","meta":[],"categories":[65,10],"tags":[452,1186,281,564,110],"yoast_head":"<!-- This site is optimized with the Yoast SEO plugin v21.0 - https:\/\/yoast.com\/wordpress\/plugins\/seo\/ -->\n<title>17 syndicalistes li\u00e9geois renvoy\u00e9s devant le tribunal correctionnel. - Peoplesphere<\/title>\n<meta name=\"robots\" content=\"index, follow, max-snippet:-1, max-image-preview:large, max-video-preview:-1\" \/>\n<link rel=\"canonical\" href=\"https:\/\/peoplesphere.be\/fr\/17-syndicalistes-liegeois-renvoyes-devant-tribunal-correctionnel\/\" \/>\n<meta property=\"og:locale\" content=\"fr_FR\" \/>\n<meta property=\"og:type\" content=\"article\" \/>\n<meta property=\"og:title\" content=\"17 syndicalistes li\u00e9geois renvoy\u00e9s devant le tribunal correctionnel. - Peoplesphere\" \/>\n<meta property=\"og:description\" content=\"Un rappel des faits s&rsquo;impose sans doute. Octobre 2015. Lors d&rsquo;une manifestation syndicale nationale, des repr\u00e9sentants de la FGTB M\u00e9tal avaient bloqu\u00e9 la circulation sur la E40 au niveau du viaduc de Cheratte (Li\u00e8ge). La poursuite devant les tribunaux des [&hellip;]\" \/>\n<meta property=\"og:url\" content=\"https:\/\/peoplesphere.be\/fr\/17-syndicalistes-liegeois-renvoyes-devant-tribunal-correctionnel\/\" \/>\n<meta property=\"og:site_name\" content=\"Peoplesphere\" \/>\n<meta property=\"article:publisher\" content=\"https:\/\/www.facebook.com\/peoplesphere\" \/>\n<meta property=\"article:published_time\" content=\"2018-02-14T14:40:50+00:00\" \/>\n<meta property=\"og:image\" content=\"http:\/\/www.peoplesphere.be\/fr\/wp-content\/uploads\/2016\/07\/facebook-default-posting-1200x628px.jpg\" \/>\n<meta name=\"author\" content=\"Jean-Paul Erhard\" \/>\n<meta name=\"twitter:card\" content=\"summary_large_image\" \/>\n<meta name=\"twitter:creator\" content=\"@PeoplesphereMag\" \/>\n<meta name=\"twitter:site\" content=\"@PeoplesphereMag\" \/>\n<meta name=\"twitter:label1\" content=\"\u00c9crit par\" \/>\n\t<meta name=\"twitter:data1\" content=\"Jean-Paul Erhard\" \/>\n\t<meta name=\"twitter:label2\" content=\"Dur\u00e9e de lecture estim\u00e9e\" \/>\n\t<meta name=\"twitter:data2\" content=\"1 minute\" \/>\n<script type=\"application\/ld+json\" class=\"yoast-schema-graph\">{\"@context\":\"https:\/\/schema.org\",\"@graph\":[{\"@type\":\"Article\",\"@id\":\"https:\/\/peoplesphere.be\/fr\/17-syndicalistes-liegeois-renvoyes-devant-tribunal-correctionnel\/#article\",\"isPartOf\":{\"@id\":\"https:\/\/peoplesphere.be\/fr\/17-syndicalistes-liegeois-renvoyes-devant-tribunal-correctionnel\/\"},\"author\":{\"name\":\"Jean-Paul Erhard\",\"@id\":\"https:\/\/peoplesphere.be\/fr\/#\/schema\/person\/7976225ff17988604334abb7b3536a7e\"},\"headline\":\"17 syndicalistes li\u00e9geois renvoy\u00e9s devant le tribunal correctionnel.\",\"datePublished\":\"2018-02-14T14:40:50+00:00\",\"dateModified\":\"2018-02-14T14:40:50+00:00\",\"mainEntityOfPage\":{\"@id\":\"https:\/\/peoplesphere.be\/fr\/17-syndicalistes-liegeois-renvoyes-devant-tribunal-correctionnel\/\"},\"wordCount\":183,\"publisher\":{\"@id\":\"https:\/\/peoplesphere.be\/fr\/#organization\"},\"keywords\":[\"actions syndicales\",\"FGTB\",\"gr\u00e8ve\",\"justice\",\"syndicats\"],\"articleSection\":[\"Actualit\u00e9s\",\"Digital\"],\"inLanguage\":\"fr-FR\"},{\"@type\":\"WebPage\",\"@id\":\"https:\/\/peoplesphere.be\/fr\/17-syndicalistes-liegeois-renvoyes-devant-tribunal-correctionnel\/\",\"url\":\"https:\/\/peoplesphere.be\/fr\/17-syndicalistes-liegeois-renvoyes-devant-tribunal-correctionnel\/\",\"name\":\"17 syndicalistes li\u00e9geois renvoy\u00e9s devant le tribunal correctionnel. - Peoplesphere\",\"isPartOf\":{\"@id\":\"https:\/\/peoplesphere.be\/fr\/#website\"},\"datePublished\":\"2018-02-14T14:40:50+00:00\",\"dateModified\":\"2018-02-14T14:40:50+00:00\",\"breadcrumb\":{\"@id\":\"https:\/\/peoplesphere.be\/fr\/17-syndicalistes-liegeois-renvoyes-devant-tribunal-correctionnel\/#breadcrumb\"},\"inLanguage\":\"fr-FR\",\"potentialAction\":[{\"@type\":\"ReadAction\",\"target\":[\"https:\/\/peoplesphere.be\/fr\/17-syndicalistes-liegeois-renvoyes-devant-tribunal-correctionnel\/\"]}]},{\"@type\":\"BreadcrumbList\",\"@id\":\"https:\/\/peoplesphere.be\/fr\/17-syndicalistes-liegeois-renvoyes-devant-tribunal-correctionnel\/#breadcrumb\",\"itemListElement\":[{\"@type\":\"ListItem\",\"position\":1,\"name\":\"Accueil\",\"item\":\"https:\/\/peoplesphere.be\/fr\/\"},{\"@type\":\"ListItem\",\"position\":2,\"name\":\"17 syndicalistes li\u00e9geois renvoy\u00e9s devant le tribunal correctionnel.\"}]},{\"@type\":\"WebSite\",\"@id\":\"https:\/\/peoplesphere.be\/fr\/#website\",\"url\":\"https:\/\/peoplesphere.be\/fr\/\",\"name\":\"Peoplesphere\",\"description\":\"The People Managers Magazine\",\"publisher\":{\"@id\":\"https:\/\/peoplesphere.be\/fr\/#organization\"},\"potentialAction\":[{\"@type\":\"SearchAction\",\"target\":{\"@type\":\"EntryPoint\",\"urlTemplate\":\"https:\/\/peoplesphere.be\/fr\/?s={search_term_string}\"},\"query-input\":\"required name=search_term_string\"}],\"inLanguage\":\"fr-FR\"},{\"@type\":\"Organization\",\"@id\":\"https:\/\/peoplesphere.be\/fr\/#organization\",\"name\":\"Peoplesphere Company srl\",\"url\":\"https:\/\/peoplesphere.be\/fr\/\",\"logo\":{\"@type\":\"ImageObject\",\"inLanguage\":\"fr-FR\",\"@id\":\"https:\/\/peoplesphere.be\/fr\/#\/schema\/logo\/image\/\",\"url\":\"https:\/\/peoplesphere.be\/fr\/wp-content\/uploads\/2023\/07\/peoplesphere-lgo-new-generik.jpg\",\"contentUrl\":\"https:\/\/peoplesphere.be\/fr\/wp-content\/uploads\/2023\/07\/peoplesphere-lgo-new-generik.jpg\",\"width\":1031,\"height\":1479,\"caption\":\"Peoplesphere Company srl\"},\"image\":{\"@id\":\"https:\/\/peoplesphere.be\/fr\/#\/schema\/logo\/image\/\"},\"sameAs\":[\"https:\/\/www.facebook.com\/peoplesphere\",\"https:\/\/twitter.com\/PeoplesphereMag\",\"https:\/\/www.linkedin.com\/company\/7587361?trk\",\"http:\/\/youtube.com\/peoplesphere\"]},{\"@type\":\"Person\",\"@id\":\"https:\/\/peoplesphere.be\/fr\/#\/schema\/person\/7976225ff17988604334abb7b3536a7e\",\"name\":\"Jean-Paul Erhard\",\"image\":{\"@type\":\"ImageObject\",\"inLanguage\":\"fr-FR\",\"@id\":\"https:\/\/peoplesphere.be\/fr\/#\/schema\/person\/image\/\",\"url\":\"https:\/\/secure.gravatar.com\/avatar\/f941e681460179738071629a51574930?s=96&d=mm&r=g\",\"contentUrl\":\"https:\/\/secure.gravatar.com\/avatar\/f941e681460179738071629a51574930?s=96&d=mm&r=g\",\"caption\":\"Jean-Paul Erhard\"},\"url\":\"https:\/\/peoplesphere.be\/fr\/author\/jpe\/\"}]}<\/script>\n<!-- \/ Yoast SEO plugin. -->","yoast_head_json":{"title":"17 syndicalistes li\u00e9geois renvoy\u00e9s devant le tribunal correctionnel. - Peoplesphere","robots":{"index":"index","follow":"follow","max-snippet":"max-snippet:-1","max-image-preview":"max-image-preview:large","max-video-preview":"max-video-preview:-1"},"canonical":"https:\/\/peoplesphere.be\/fr\/17-syndicalistes-liegeois-renvoyes-devant-tribunal-correctionnel\/","og_locale":"fr_FR","og_type":"article","og_title":"17 syndicalistes li\u00e9geois renvoy\u00e9s devant le tribunal correctionnel. - Peoplesphere","og_description":"Un rappel des faits s&rsquo;impose sans doute. Octobre 2015. Lors d&rsquo;une manifestation syndicale nationale, des repr\u00e9sentants de la FGTB M\u00e9tal avaient bloqu\u00e9 la circulation sur la E40 au niveau du viaduc de Cheratte (Li\u00e8ge). La poursuite devant les tribunaux des [&hellip;]","og_url":"https:\/\/peoplesphere.be\/fr\/17-syndicalistes-liegeois-renvoyes-devant-tribunal-correctionnel\/","og_site_name":"Peoplesphere","article_publisher":"https:\/\/www.facebook.com\/peoplesphere","article_published_time":"2018-02-14T14:40:50+00:00","og_image":[{"url":"http:\/\/www.peoplesphere.be\/fr\/wp-content\/uploads\/2016\/07\/facebook-default-posting-1200x628px.jpg"}],"author":"Jean-Paul Erhard","twitter_card":"summary_large_image","twitter_creator":"@PeoplesphereMag","twitter_site":"@PeoplesphereMag","twitter_misc":{"\u00c9crit par":"Jean-Paul Erhard","Dur\u00e9e de lecture estim\u00e9e":"1 minute"},"schema":{"@context":"https:\/\/schema.org","@graph":[{"@type":"Article","@id":"https:\/\/peoplesphere.be\/fr\/17-syndicalistes-liegeois-renvoyes-devant-tribunal-correctionnel\/#article","isPartOf":{"@id":"https:\/\/peoplesphere.be\/fr\/17-syndicalistes-liegeois-renvoyes-devant-tribunal-correctionnel\/"},"author":{"name":"Jean-Paul Erhard","@id":"https:\/\/peoplesphere.be\/fr\/#\/schema\/person\/7976225ff17988604334abb7b3536a7e"},"headline":"17 syndicalistes li\u00e9geois renvoy\u00e9s devant le tribunal correctionnel.","datePublished":"2018-02-14T14:40:50+00:00","dateModified":"2018-02-14T14:40:50+00:00","mainEntityOfPage":{"@id":"https:\/\/peoplesphere.be\/fr\/17-syndicalistes-liegeois-renvoyes-devant-tribunal-correctionnel\/"},"wordCount":183,"publisher":{"@id":"https:\/\/peoplesphere.be\/fr\/#organization"},"keywords":["actions syndicales","FGTB","gr\u00e8ve","justice","syndicats"],"articleSection":["Actualit\u00e9s","Digital"],"inLanguage":"fr-FR"},{"@type":"WebPage","@id":"https:\/\/peoplesphere.be\/fr\/17-syndicalistes-liegeois-renvoyes-devant-tribunal-correctionnel\/","url":"https:\/\/peoplesphere.be\/fr\/17-syndicalistes-liegeois-renvoyes-devant-tribunal-correctionnel\/","name":"17 syndicalistes li\u00e9geois renvoy\u00e9s devant le tribunal correctionnel. - Peoplesphere","isPartOf":{"@id":"https:\/\/peoplesphere.be\/fr\/#website"},"datePublished":"2018-02-14T14:40:50+00:00","dateModified":"2018-02-14T14:40:50+00:00","breadcrumb":{"@id":"https:\/\/peoplesphere.be\/fr\/17-syndicalistes-liegeois-renvoyes-devant-tribunal-correctionnel\/#breadcrumb"},"inLanguage":"fr-FR","potentialAction":[{"@type":"ReadAction","target":["https:\/\/peoplesphere.be\/fr\/17-syndicalistes-liegeois-renvoyes-devant-tribunal-correctionnel\/"]}]},{"@type":"BreadcrumbList","@id":"https:\/\/peoplesphere.be\/fr\/17-syndicalistes-liegeois-renvoyes-devant-tribunal-correctionnel\/#breadcrumb","itemListElement":[{"@type":"ListItem","position":1,"name":"Accueil","item":"https:\/\/peoplesphere.be\/fr\/"},{"@type":"ListItem","position":2,"name":"17 syndicalistes li\u00e9geois renvoy\u00e9s devant le tribunal correctionnel."}]},{"@type":"WebSite","@id":"https:\/\/peoplesphere.be\/fr\/#website","url":"https:\/\/peoplesphere.be\/fr\/","name":"Peoplesphere","description":"The People Managers Magazine","publisher":{"@id":"https:\/\/peoplesphere.be\/fr\/#organization"},"potentialAction":[{"@type":"SearchAction","target":{"@type":"EntryPoint","urlTemplate":"https:\/\/peoplesphere.be\/fr\/?s={search_term_string}"},"query-input":"required name=search_term_string"}],"inLanguage":"fr-FR"},{"@type":"Organization","@id":"https:\/\/peoplesphere.be\/fr\/#organization","name":"Peoplesphere Company srl","url":"https:\/\/peoplesphere.be\/fr\/","logo":{"@type":"ImageObject","inLanguage":"fr-FR","@id":"https:\/\/peoplesphere.be\/fr\/#\/schema\/logo\/image\/","url":"https:\/\/peoplesphere.be\/fr\/wp-content\/uploads\/2023\/07\/peoplesphere-lgo-new-generik.jpg","contentUrl":"https:\/\/peoplesphere.be\/fr\/wp-content\/uploads\/2023\/07\/peoplesphere-lgo-new-generik.jpg","width":1031,"height":1479,"caption":"Peoplesphere Company srl"},"image":{"@id":"https:\/\/peoplesphere.be\/fr\/#\/schema\/logo\/image\/"},"sameAs":["https:\/\/www.facebook.com\/peoplesphere","https:\/\/twitter.com\/PeoplesphereMag","https:\/\/www.linkedin.com\/company\/7587361?trk","http:\/\/youtube.com\/peoplesphere"]},{"@type":"Person","@id":"https:\/\/peoplesphere.be\/fr\/#\/schema\/person\/7976225ff17988604334abb7b3536a7e","name":"Jean-Paul Erhard","image":{"@type":"ImageObject","inLanguage":"fr-FR","@id":"https:\/\/peoplesphere.be\/fr\/#\/schema\/person\/image\/","url":"https:\/\/secure.gravatar.com\/avatar\/f941e681460179738071629a51574930?s=96&d=mm&r=g","contentUrl":"https:\/\/secure.gravatar.com\/avatar\/f941e681460179738071629a51574930?s=96&d=mm&r=g","caption":"Jean-Paul Erhard"},"url":"https:\/\/peoplesphere.be\/fr\/author\/jpe\/"}]}},"_links":{"self":[{"href":"https:\/\/peoplesphere.be\/fr\/wp-json\/wp\/v2\/posts\/5590"}],"collection":[{"href":"https:\/\/peoplesphere.be\/fr\/wp-json\/wp\/v2\/posts"}],"about":[{"href":"https:\/\/peoplesphere.be\/fr\/wp-json\/wp\/v2\/types\/post"}],"author":[{"embeddable":true,"href":"https:\/\/peoplesphere.be\/fr\/wp-json\/wp\/v2\/users\/2"}],"replies":[{"embeddable":true,"href":"https:\/\/peoplesphere.be\/fr\/wp-json\/wp\/v2\/comments?post=5590"}],"version-history":[{"count":1,"href":"https:\/\/peoplesphere.be\/fr\/wp-json\/wp\/v2\/posts\/5590\/revisions"}],"predecessor-version":[{"id":5592,"href":"https:\/\/peoplesphere.be\/fr\/wp-json\/wp\/v2\/posts\/5590\/revisions\/5592"}],"wp:attachment":[{"href":"https:\/\/peoplesphere.be\/fr\/wp-json\/wp\/v2\/media?parent=5590"}],"wp:term":[{"taxonomy":"category","embeddable":true,"href":"https:\/\/peoplesphere.be\/fr\/wp-json\/wp\/v2\/categories?post=5590"},{"taxonomy":"post_tag","embeddable":true,"href":"https:\/\/peoplesphere.be\/fr\/wp-json\/wp\/v2\/tags?post=5590"}],"curies":[{"name":"wp","href":"https:\/\/api.w.org\/{rel}","templated":true}]}}