









{"id":5623,"date":"2018-02-20T16:59:49","date_gmt":"2018-02-20T14:59:49","guid":{"rendered":"http:\/\/www.peoplesphere.be\/fr\/?p=5623"},"modified":"2018-02-20T16:59:49","modified_gmt":"2018-02-20T14:59:49","slug":"securite-sociale-independants-a-50-ans-bien-defis-a-relever","status":"publish","type":"post","link":"https:\/\/peoplesphere.be\/fr\/securite-sociale-independants-a-50-ans-bien-defis-a-relever\/","title":{"rendered":"La s\u00e9curit\u00e9 sociale des ind\u00e9pendants a 50 ans&#8230; et bien des d\u00e9fis \u00e0 relever encore."},"content":{"rendered":"<p>Ce 21 f\u00e9vrier, \u00e0 l\u2019occasion des 50 ans du Statut Social des Travailleurs Ind\u00e9pendants, la campagne Happy Independant\u2019s Year (HIY) sera officiellement lanc\u00e9e en collaboration avec l\u2019INASTI et 50 ind\u00e9pendants qui sont les ambassadeurs du projet. L\u2019objectif de cette campagne est de c\u00e9l\u00e9brer tous les ind\u00e9pendants, de mettre en avant les partenaires qui font \u00e9voluer leur protection sociale et de lancer une plateforme d\u2019id\u00e9es en vue de continuer \u00e0 renforcer l&rsquo;attractivit\u00e9 du statut social des travailleurs ind\u00e9pendants.<!--more--><br \/>\nComme le souligne le ministre f\u00e9d\u00e9ral en charge des ind\u00e9pendants, M. Denis Ducarme: <em>\u00ab\u00a0Renforcer l&rsquo;attractivit\u00e9 de leur statut social a contribu\u00e9 \u00e0 promouvoir l&rsquo;entrepreneuriat dans notre pays. Une s\u00e9rie d&rsquo;indicateurs du tableau de bord des PME et des entrepreneurs ind\u00e9pendants publi\u00e9 par le SPF Economie tend d&rsquo;ailleurs \u00e0 d\u00e9montrer l&rsquo;effet positif entre d&rsquo;une part, l&rsquo;am\u00e9lioration du statut social des travailleurs ind\u00e9pendants et, d&rsquo;autre part, l&rsquo;augmentation du nombre d&rsquo;ind\u00e9pendants ainsi que du nombre d&#8217;emplois qu&rsquo;ils cr\u00e9ent.\u00a0\u00bb<\/em><\/p>\n<p>On constate en effet que le nombre d\u2019ind\u00e9pendants a connu une croissance de plus de 13 % entre 2009 et 2016 et plus de 90.000 nouvelles entreprises ont \u00e9t\u00e9 cr\u00e9\u00e9es en 2016.<\/p>\n<p>L\u2019emploi dans les micro-entreprises, c\u2019est-\u00e0-dire les entreprises qui emploient de 1 \u00e0 4 employ\u00e9s, a augment\u00e9 de mani\u00e8re significative, gr\u00e2ce notamment \u00e0 la mesure du gouvernement concernant la mesure \u00ab\u00a0cotisation z\u00e9ro\u00a0\u00bb et la r\u00e9duction des cotisations patronales principales pour les deuxi\u00e8me \u00e0 sixi\u00e8me employ\u00e9s.<\/p>\n<p>Les nouvelles mesures adopt\u00e9es par le gouvernement visent \u00e0\u00a0continuer \u00e0 renforcer le statut social des travailleurs ind\u00e9pendants. Parmi les\u00a0quelques avanc\u00e9es engrang\u00e9es ces derniers mois, la cr\u00e9ation d&rsquo;un second pilier de pension pour les ind\u00e9pendants personnes physiques ; la mise en place de quatre nouveaux seuils de cotisations sociales ainsi que d&rsquo;un seuil adapt\u00e9 aux starters; la diminution de la p\u00e9riode de carence d&rsquo;un mois \u00e0 15 jours ou encore l&rsquo;extension du cong\u00e9 de maternit\u00e9 pour les ind\u00e9pendantes de 8 \u00e0 12 semaines.<\/p>\n<p>Le lancement de la campagne Happy Independants\u2019 Year aura lieu ce 21 f\u00e9vrier \u00e0 17h au BOZAR de Bruxelles. Des actions concr\u00e8tes seront men\u00e9es tout au long de l\u2019ann\u00e9e afin de continuer \u00e0 informer au mieux les ind\u00e9pendants des avanc\u00e9es relatives \u00e0 leur statut social mais aussi de r\u00e9colter de nouvelles id\u00e9es, d\u2019une part via des \u00e9v\u00e9nements organis\u00e9s par les partenaires et, d\u2019autre part, \u00e0 travers la plateforme web interactive mise en place par l\u2019INASTI. Sur cette plateforme web, toutes et tous, ind\u00e9pendants ou non, pourront d\u00e9poser leurs id\u00e9es en vue d&rsquo;am\u00e9liorer le quotidien des ind\u00e9pendants.<\/p>\n<p>L&rsquo;UCM, pr\u00e9sente \u00e0 la cr\u00e9ation de l&rsquo;institution, note que <em>\u00ab\u00a0le chemin parcouru en cinquante ans est consid\u00e9rable et donne un sentiment de fiert\u00e9. Ce fut un long et dur combat! L&rsquo;assurance indemnit\u00e9 en cas de maladie a \u00e9t\u00e9 cr\u00e9\u00e9e en 1971, avec trois mois de p\u00e9riode de carence&#8230; contre quinze jours actuellement. Le cong\u00e9 de maternit\u00e9 a \u00e9t\u00e9 instaur\u00e9 en 1990. L&rsquo;acc\u00e8s aux \u00ab\u00a0petits risques\u00a0\u00bb en soins de sant\u00e9 ne remonte qu&rsquo;\u00e0 2008. L&rsquo;\u00e9galisation des allocations familiales et de la pension minimale avec les salari\u00e9s est toute r\u00e9cente (2014 et 2016). Il reste toutefois des progr\u00e8s \u00e0 accomplir (montants de pension li\u00e9s aux montants des cotisations, indemnisation de la maladie d\u00e8s le premier jour, extension de l&rsquo;assurance faillite en sorte de droit au ch\u00f4mage&#8230;).\u00a0\u00bb<\/em><\/p>\n<p><em>\u00ab\u00a0Si le nombre d&rsquo;ind\u00e9pendants est en constante augmentation, pointe le pr\u00e9sident de l&rsquo;UCM Pierre-Fr\u00e9d\u00e9ric Nyst, c&rsquo;est en grande partie d\u00fb au fait que leur protection sociale est aujourd&rsquo;hui digne de ce nom. Il faut poursuivre le travail.<\/em>\u00a0\u00bb<\/p>\n<p><em>Source : Cabinet du Ministre D. Ducarme &#8211; UCM<\/em><\/p>\n","protected":false},"excerpt":{"rendered":"<p>Ce 21 f\u00e9vrier, \u00e0 l\u2019occasion des 50 ans du Statut Social des Travailleurs Ind\u00e9pendants, la campagne Happy Independant\u2019s Year (HIY) sera officiellement lanc\u00e9e en collaboration avec l\u2019INASTI et 50 ind\u00e9pendants qui sont les ambassadeurs du projet. L\u2019objectif de cette campagne [&hellip;]<\/p>\n","protected":false},"author":2,"featured_media":0,"comment_status":"closed","ping_status":"open","sticky":false,"template":"","format":"standard","meta":[],"categories":[65,10],"tags":[1758,1814,58,1516,1815,978],"yoast_head":"<!-- This site is optimized with the Yoast SEO plugin v21.0 - https:\/\/yoast.com\/wordpress\/plugins\/seo\/ -->\n<title>La s\u00e9curit\u00e9 sociale des ind\u00e9pendants a 50 ans... et bien des d\u00e9fis \u00e0 relever encore. - Peoplesphere<\/title>\n<meta name=\"robots\" content=\"index, follow, max-snippet:-1, max-image-preview:large, max-video-preview:-1\" \/>\n<link rel=\"canonical\" href=\"https:\/\/peoplesphere.be\/fr\/securite-sociale-independants-a-50-ans-bien-defis-a-relever\/\" \/>\n<meta property=\"og:locale\" content=\"fr_FR\" \/>\n<meta property=\"og:type\" content=\"article\" \/>\n<meta property=\"og:title\" content=\"La s\u00e9curit\u00e9 sociale des ind\u00e9pendants a 50 ans... et bien des d\u00e9fis \u00e0 relever encore. - Peoplesphere\" \/>\n<meta property=\"og:description\" content=\"Ce 21 f\u00e9vrier, \u00e0 l\u2019occasion des 50 ans du Statut Social des Travailleurs Ind\u00e9pendants, la campagne Happy Independant\u2019s Year (HIY) sera officiellement lanc\u00e9e en collaboration avec l\u2019INASTI et 50 ind\u00e9pendants qui sont les ambassadeurs du projet. L\u2019objectif de cette campagne [&hellip;]\" \/>\n<meta property=\"og:url\" content=\"https:\/\/peoplesphere.be\/fr\/securite-sociale-independants-a-50-ans-bien-defis-a-relever\/\" \/>\n<meta property=\"og:site_name\" content=\"Peoplesphere\" \/>\n<meta property=\"article:publisher\" content=\"https:\/\/www.facebook.com\/peoplesphere\" \/>\n<meta property=\"article:published_time\" content=\"2018-02-20T14:59:49+00:00\" \/>\n<meta property=\"og:image\" content=\"http:\/\/www.peoplesphere.be\/fr\/wp-content\/uploads\/2016\/07\/facebook-default-posting-1200x628px.jpg\" \/>\n<meta name=\"author\" content=\"Jean-Paul Erhard\" \/>\n<meta name=\"twitter:card\" content=\"summary_large_image\" \/>\n<meta name=\"twitter:creator\" content=\"@PeoplesphereMag\" \/>\n<meta name=\"twitter:site\" content=\"@PeoplesphereMag\" \/>\n<meta name=\"twitter:label1\" content=\"\u00c9crit par\" \/>\n\t<meta name=\"twitter:data1\" content=\"Jean-Paul Erhard\" \/>\n\t<meta name=\"twitter:label2\" content=\"Dur\u00e9e de lecture estim\u00e9e\" \/>\n\t<meta name=\"twitter:data2\" content=\"3 minutes\" \/>\n<script type=\"application\/ld+json\" class=\"yoast-schema-graph\">{\"@context\":\"https:\/\/schema.org\",\"@graph\":[{\"@type\":\"Article\",\"@id\":\"https:\/\/peoplesphere.be\/fr\/securite-sociale-independants-a-50-ans-bien-defis-a-relever\/#article\",\"isPartOf\":{\"@id\":\"https:\/\/peoplesphere.be\/fr\/securite-sociale-independants-a-50-ans-bien-defis-a-relever\/\"},\"author\":{\"name\":\"Jean-Paul Erhard\",\"@id\":\"https:\/\/peoplesphere.be\/fr\/#\/schema\/person\/7976225ff17988604334abb7b3536a7e\"},\"headline\":\"La s\u00e9curit\u00e9 sociale des ind\u00e9pendants a 50 ans&#8230; et bien des d\u00e9fis \u00e0 relever encore.\",\"datePublished\":\"2018-02-20T14:59:49+00:00\",\"dateModified\":\"2018-02-20T14:59:49+00:00\",\"mainEntityOfPage\":{\"@id\":\"https:\/\/peoplesphere.be\/fr\/securite-sociale-independants-a-50-ans-bien-defis-a-relever\/\"},\"wordCount\":637,\"publisher\":{\"@id\":\"https:\/\/peoplesphere.be\/fr\/#organization\"},\"keywords\":[\"Denis Ducarme\",\"happy ind\u00e9pendants\",\"s\u00e9curit\u00e9 sociale\",\"SPF Economie\",\"statut social\",\"travailleurs ind\u00e9pendants\"],\"articleSection\":[\"Actualit\u00e9s\",\"Digital\"],\"inLanguage\":\"fr-FR\"},{\"@type\":\"WebPage\",\"@id\":\"https:\/\/peoplesphere.be\/fr\/securite-sociale-independants-a-50-ans-bien-defis-a-relever\/\",\"url\":\"https:\/\/peoplesphere.be\/fr\/securite-sociale-independants-a-50-ans-bien-defis-a-relever\/\",\"name\":\"La s\u00e9curit\u00e9 sociale des ind\u00e9pendants a 50 ans... et bien des d\u00e9fis \u00e0 relever encore. - Peoplesphere\",\"isPartOf\":{\"@id\":\"https:\/\/peoplesphere.be\/fr\/#website\"},\"datePublished\":\"2018-02-20T14:59:49+00:00\",\"dateModified\":\"2018-02-20T14:59:49+00:00\",\"breadcrumb\":{\"@id\":\"https:\/\/peoplesphere.be\/fr\/securite-sociale-independants-a-50-ans-bien-defis-a-relever\/#breadcrumb\"},\"inLanguage\":\"fr-FR\",\"potentialAction\":[{\"@type\":\"ReadAction\",\"target\":[\"https:\/\/peoplesphere.be\/fr\/securite-sociale-independants-a-50-ans-bien-defis-a-relever\/\"]}]},{\"@type\":\"BreadcrumbList\",\"@id\":\"https:\/\/peoplesphere.be\/fr\/securite-sociale-independants-a-50-ans-bien-defis-a-relever\/#breadcrumb\",\"itemListElement\":[{\"@type\":\"ListItem\",\"position\":1,\"name\":\"Accueil\",\"item\":\"https:\/\/peoplesphere.be\/fr\/\"},{\"@type\":\"ListItem\",\"position\":2,\"name\":\"La s\u00e9curit\u00e9 sociale des ind\u00e9pendants a 50 ans&#8230; et bien des d\u00e9fis \u00e0 relever encore.\"}]},{\"@type\":\"WebSite\",\"@id\":\"https:\/\/peoplesphere.be\/fr\/#website\",\"url\":\"https:\/\/peoplesphere.be\/fr\/\",\"name\":\"Peoplesphere\",\"description\":\"The People Managers Magazine\",\"publisher\":{\"@id\":\"https:\/\/peoplesphere.be\/fr\/#organization\"},\"potentialAction\":[{\"@type\":\"SearchAction\",\"target\":{\"@type\":\"EntryPoint\",\"urlTemplate\":\"https:\/\/peoplesphere.be\/fr\/?s={search_term_string}\"},\"query-input\":\"required name=search_term_string\"}],\"inLanguage\":\"fr-FR\"},{\"@type\":\"Organization\",\"@id\":\"https:\/\/peoplesphere.be\/fr\/#organization\",\"name\":\"Peoplesphere Company srl\",\"url\":\"https:\/\/peoplesphere.be\/fr\/\",\"logo\":{\"@type\":\"ImageObject\",\"inLanguage\":\"fr-FR\",\"@id\":\"https:\/\/peoplesphere.be\/fr\/#\/schema\/logo\/image\/\",\"url\":\"https:\/\/peoplesphere.be\/fr\/wp-content\/uploads\/2023\/07\/peoplesphere-lgo-new-generik.jpg\",\"contentUrl\":\"https:\/\/peoplesphere.be\/fr\/wp-content\/uploads\/2023\/07\/peoplesphere-lgo-new-generik.jpg\",\"width\":1031,\"height\":1479,\"caption\":\"Peoplesphere Company srl\"},\"image\":{\"@id\":\"https:\/\/peoplesphere.be\/fr\/#\/schema\/logo\/image\/\"},\"sameAs\":[\"https:\/\/www.facebook.com\/peoplesphere\",\"https:\/\/twitter.com\/PeoplesphereMag\",\"https:\/\/www.linkedin.com\/company\/7587361?trk\",\"http:\/\/youtube.com\/peoplesphere\"]},{\"@type\":\"Person\",\"@id\":\"https:\/\/peoplesphere.be\/fr\/#\/schema\/person\/7976225ff17988604334abb7b3536a7e\",\"name\":\"Jean-Paul Erhard\",\"image\":{\"@type\":\"ImageObject\",\"inLanguage\":\"fr-FR\",\"@id\":\"https:\/\/peoplesphere.be\/fr\/#\/schema\/person\/image\/\",\"url\":\"https:\/\/secure.gravatar.com\/avatar\/f941e681460179738071629a51574930?s=96&d=mm&r=g\",\"contentUrl\":\"https:\/\/secure.gravatar.com\/avatar\/f941e681460179738071629a51574930?s=96&d=mm&r=g\",\"caption\":\"Jean-Paul Erhard\"},\"url\":\"https:\/\/peoplesphere.be\/fr\/author\/jpe\/\"}]}<\/script>\n<!-- \/ Yoast SEO plugin. -->","yoast_head_json":{"title":"La s\u00e9curit\u00e9 sociale des ind\u00e9pendants a 50 ans... et bien des d\u00e9fis \u00e0 relever encore. - Peoplesphere","robots":{"index":"index","follow":"follow","max-snippet":"max-snippet:-1","max-image-preview":"max-image-preview:large","max-video-preview":"max-video-preview:-1"},"canonical":"https:\/\/peoplesphere.be\/fr\/securite-sociale-independants-a-50-ans-bien-defis-a-relever\/","og_locale":"fr_FR","og_type":"article","og_title":"La s\u00e9curit\u00e9 sociale des ind\u00e9pendants a 50 ans... et bien des d\u00e9fis \u00e0 relever encore. - Peoplesphere","og_description":"Ce 21 f\u00e9vrier, \u00e0 l\u2019occasion des 50 ans du Statut Social des Travailleurs Ind\u00e9pendants, la campagne Happy Independant\u2019s Year (HIY) sera officiellement lanc\u00e9e en collaboration avec l\u2019INASTI et 50 ind\u00e9pendants qui sont les ambassadeurs du projet. L\u2019objectif de cette campagne [&hellip;]","og_url":"https:\/\/peoplesphere.be\/fr\/securite-sociale-independants-a-50-ans-bien-defis-a-relever\/","og_site_name":"Peoplesphere","article_publisher":"https:\/\/www.facebook.com\/peoplesphere","article_published_time":"2018-02-20T14:59:49+00:00","og_image":[{"url":"http:\/\/www.peoplesphere.be\/fr\/wp-content\/uploads\/2016\/07\/facebook-default-posting-1200x628px.jpg"}],"author":"Jean-Paul Erhard","twitter_card":"summary_large_image","twitter_creator":"@PeoplesphereMag","twitter_site":"@PeoplesphereMag","twitter_misc":{"\u00c9crit par":"Jean-Paul Erhard","Dur\u00e9e de lecture estim\u00e9e":"3 minutes"},"schema":{"@context":"https:\/\/schema.org","@graph":[{"@type":"Article","@id":"https:\/\/peoplesphere.be\/fr\/securite-sociale-independants-a-50-ans-bien-defis-a-relever\/#article","isPartOf":{"@id":"https:\/\/peoplesphere.be\/fr\/securite-sociale-independants-a-50-ans-bien-defis-a-relever\/"},"author":{"name":"Jean-Paul Erhard","@id":"https:\/\/peoplesphere.be\/fr\/#\/schema\/person\/7976225ff17988604334abb7b3536a7e"},"headline":"La s\u00e9curit\u00e9 sociale des ind\u00e9pendants a 50 ans&#8230; et bien des d\u00e9fis \u00e0 relever encore.","datePublished":"2018-02-20T14:59:49+00:00","dateModified":"2018-02-20T14:59:49+00:00","mainEntityOfPage":{"@id":"https:\/\/peoplesphere.be\/fr\/securite-sociale-independants-a-50-ans-bien-defis-a-relever\/"},"wordCount":637,"publisher":{"@id":"https:\/\/peoplesphere.be\/fr\/#organization"},"keywords":["Denis Ducarme","happy ind\u00e9pendants","s\u00e9curit\u00e9 sociale","SPF Economie","statut social","travailleurs ind\u00e9pendants"],"articleSection":["Actualit\u00e9s","Digital"],"inLanguage":"fr-FR"},{"@type":"WebPage","@id":"https:\/\/peoplesphere.be\/fr\/securite-sociale-independants-a-50-ans-bien-defis-a-relever\/","url":"https:\/\/peoplesphere.be\/fr\/securite-sociale-independants-a-50-ans-bien-defis-a-relever\/","name":"La s\u00e9curit\u00e9 sociale des ind\u00e9pendants a 50 ans... et bien des d\u00e9fis \u00e0 relever encore. - Peoplesphere","isPartOf":{"@id":"https:\/\/peoplesphere.be\/fr\/#website"},"datePublished":"2018-02-20T14:59:49+00:00","dateModified":"2018-02-20T14:59:49+00:00","breadcrumb":{"@id":"https:\/\/peoplesphere.be\/fr\/securite-sociale-independants-a-50-ans-bien-defis-a-relever\/#breadcrumb"},"inLanguage":"fr-FR","potentialAction":[{"@type":"ReadAction","target":["https:\/\/peoplesphere.be\/fr\/securite-sociale-independants-a-50-ans-bien-defis-a-relever\/"]}]},{"@type":"BreadcrumbList","@id":"https:\/\/peoplesphere.be\/fr\/securite-sociale-independants-a-50-ans-bien-defis-a-relever\/#breadcrumb","itemListElement":[{"@type":"ListItem","position":1,"name":"Accueil","item":"https:\/\/peoplesphere.be\/fr\/"},{"@type":"ListItem","position":2,"name":"La s\u00e9curit\u00e9 sociale des ind\u00e9pendants a 50 ans&#8230; et bien des d\u00e9fis \u00e0 relever encore."}]},{"@type":"WebSite","@id":"https:\/\/peoplesphere.be\/fr\/#website","url":"https:\/\/peoplesphere.be\/fr\/","name":"Peoplesphere","description":"The People Managers Magazine","publisher":{"@id":"https:\/\/peoplesphere.be\/fr\/#organization"},"potentialAction":[{"@type":"SearchAction","target":{"@type":"EntryPoint","urlTemplate":"https:\/\/peoplesphere.be\/fr\/?s={search_term_string}"},"query-input":"required name=search_term_string"}],"inLanguage":"fr-FR"},{"@type":"Organization","@id":"https:\/\/peoplesphere.be\/fr\/#organization","name":"Peoplesphere Company srl","url":"https:\/\/peoplesphere.be\/fr\/","logo":{"@type":"ImageObject","inLanguage":"fr-FR","@id":"https:\/\/peoplesphere.be\/fr\/#\/schema\/logo\/image\/","url":"https:\/\/peoplesphere.be\/fr\/wp-content\/uploads\/2023\/07\/peoplesphere-lgo-new-generik.jpg","contentUrl":"https:\/\/peoplesphere.be\/fr\/wp-content\/uploads\/2023\/07\/peoplesphere-lgo-new-generik.jpg","width":1031,"height":1479,"caption":"Peoplesphere Company srl"},"image":{"@id":"https:\/\/peoplesphere.be\/fr\/#\/schema\/logo\/image\/"},"sameAs":["https:\/\/www.facebook.com\/peoplesphere","https:\/\/twitter.com\/PeoplesphereMag","https:\/\/www.linkedin.com\/company\/7587361?trk","http:\/\/youtube.com\/peoplesphere"]},{"@type":"Person","@id":"https:\/\/peoplesphere.be\/fr\/#\/schema\/person\/7976225ff17988604334abb7b3536a7e","name":"Jean-Paul Erhard","image":{"@type":"ImageObject","inLanguage":"fr-FR","@id":"https:\/\/peoplesphere.be\/fr\/#\/schema\/person\/image\/","url":"https:\/\/secure.gravatar.com\/avatar\/f941e681460179738071629a51574930?s=96&d=mm&r=g","contentUrl":"https:\/\/secure.gravatar.com\/avatar\/f941e681460179738071629a51574930?s=96&d=mm&r=g","caption":"Jean-Paul Erhard"},"url":"https:\/\/peoplesphere.be\/fr\/author\/jpe\/"}]}},"_links":{"self":[{"href":"https:\/\/peoplesphere.be\/fr\/wp-json\/wp\/v2\/posts\/5623"}],"collection":[{"href":"https:\/\/peoplesphere.be\/fr\/wp-json\/wp\/v2\/posts"}],"about":[{"href":"https:\/\/peoplesphere.be\/fr\/wp-json\/wp\/v2\/types\/post"}],"author":[{"embeddable":true,"href":"https:\/\/peoplesphere.be\/fr\/wp-json\/wp\/v2\/users\/2"}],"replies":[{"embeddable":true,"href":"https:\/\/peoplesphere.be\/fr\/wp-json\/wp\/v2\/comments?post=5623"}],"version-history":[{"count":1,"href":"https:\/\/peoplesphere.be\/fr\/wp-json\/wp\/v2\/posts\/5623\/revisions"}],"predecessor-version":[{"id":5624,"href":"https:\/\/peoplesphere.be\/fr\/wp-json\/wp\/v2\/posts\/5623\/revisions\/5624"}],"wp:attachment":[{"href":"https:\/\/peoplesphere.be\/fr\/wp-json\/wp\/v2\/media?parent=5623"}],"wp:term":[{"taxonomy":"category","embeddable":true,"href":"https:\/\/peoplesphere.be\/fr\/wp-json\/wp\/v2\/categories?post=5623"},{"taxonomy":"post_tag","embeddable":true,"href":"https:\/\/peoplesphere.be\/fr\/wp-json\/wp\/v2\/tags?post=5623"}],"curies":[{"name":"wp","href":"https:\/\/api.w.org\/{rel}","templated":true}]}}