









{"id":5649,"date":"2018-02-26T17:13:31","date_gmt":"2018-02-26T15:13:31","guid":{"rendered":"http:\/\/www.peoplesphere.be\/fr\/?p=5649"},"modified":"2018-03-08T14:22:38","modified_gmt":"2018-03-08T12:22:38","slug":"comptoir-entrepreneurs-29-mars-mobiliser-vos-collaborateurs-developper-entretenir-strategie-dinnovation","status":"publish","type":"post","link":"https:\/\/peoplesphere.be\/fr\/comptoir-entrepreneurs-29-mars-mobiliser-vos-collaborateurs-developper-entretenir-strategie-dinnovation\/","title":{"rendered":"Comptoir des Entrepreneurs le 29 mars: comment mobiliser vos collaborateurs pour d\u00e9velopper et entretenir une strat\u00e9gie d&rsquo;innovation?"},"content":{"rendered":"<p>Quels sont les liens entre innovation et facteur humain? Rendez-vous le 29 mars prochain, lors du Comptoir des Entrepreneurs pour partager les t\u00e9moignages et projets de l&rsquo;ensemble des participants.<!--more--><\/p>\n<p>Le Comptoir des Entrepreneurs est le point de rencontre o\u00f9 grandes entreprises, PME et Startups partagent leurs secrets et leurs pratiques en mati\u00e8re d\u2019innovation.\u00a0Cette\u00a0\u00e9dition, s&rsquo;int\u00e9ressera sp\u00e9cifiquement aux liens entre innovation et facteur humain.<\/p>\n<p>Entre 17h et 19h, ENGINE rassemble, adoss\u00e9s au comptoir, des entrepreneurs et des dirigeants qui ont choisi d\u2019impl\u00e9menter dans leur entreprise de nouvelles m\u00e9thodologies inspir\u00e9es du monde des startups.\u00a0Ils ont test\u00e9 et en t\u00e9moignent !<\/p>\n<ul>\n<li>Jean-Jacques NONET &#8211; Administrateur de l&rsquo;entreprise qui porte son nom et pr\u00e9sident de la Conf\u00e9d\u00e9ration de construction wallonne. Participant du PME Camp 2017<\/li>\n<li>Georges LAUWERYS &#8211; R\u00e9dacteur en chef et responsable du Campus m\u00e9dia \u00e0 la RTBF. Participant du M\u00e9dia Camp 2017<\/li>\n<li>Charles DE GROOTE &#8211; Co-Fondateur &amp; CTO de Sortlist. Participant du Nest&rsquo;up 2014<\/li>\n<li>David VALENTINY &#8211; Co-Fondateur de GEEK Impact et Directeur d&rsquo;ENGINE Innovation Methods Provider<\/li>\n<\/ul>\n<p>60 minutes de retour sur exp\u00e9riences, \u00e9changes et d\u00e9bat sur la pertinence d&rsquo;adopter l\u2019innovation multi-facettes : celle qui permet de repenser les mod\u00e8les d\u2019affaires, les types de coop\u00e9ration, les modes d\u2019acquisition de clients, l\u2019implication de l\u2019utilisateur, la validation rapide des hypoth\u00e8ses march\u00e9s, le management agile et toutes ces nouvelles pratiques que les startups pratiquent au quotidien.<\/p>\n<p>La formule \u2018Comptoir\u2019 vous offre par ailleurs une occasion id\u00e9ale de partager votre propre exp\u00e9rience avec les intervenants et d\u2019identifier ensemble comment installer durablement une culture et des m\u00e9thodes d\u2019innovation dans votre organisation.<\/p>\n<p>Infos pratiques et inscription: <a href=\"https:\/\/www.eventbrite.com\/e\/le-comptoir-des-entrepreneurs-tickets-43505715767?aff=eac2\">https:\/\/www.eventbrite.com\/e\/le-comptoir-des-entrepreneurs-tickets-43505715767<\/a><\/p>\n<p>&nbsp;<\/p>\n<p>&nbsp;<\/p>\n","protected":false},"excerpt":{"rendered":"<p>Quels sont les liens entre innovation et facteur humain? Rendez-vous le 29 mars prochain, lors du Comptoir des Entrepreneurs pour partager les t\u00e9moignages et projets de l&rsquo;ensemble des participants.<\/p>\n","protected":false},"author":2,"featured_media":0,"comment_status":"closed","ping_status":"open","sticky":false,"template":"","format":"standard","meta":[],"categories":[67,8],"tags":[1827,208,1826,279,25,217,90],"yoast_head":"<!-- This site is optimized with the Yoast SEO plugin v21.0 - https:\/\/yoast.com\/wordpress\/plugins\/seo\/ -->\n<title>Comptoir des Entrepreneurs le 29 mars: comment mobiliser vos collaborateurs pour d\u00e9velopper et entretenir une strat\u00e9gie d&#039;innovation? - Peoplesphere<\/title>\n<meta name=\"robots\" content=\"index, follow, max-snippet:-1, max-image-preview:large, max-video-preview:-1\" \/>\n<link rel=\"canonical\" href=\"https:\/\/peoplesphere.be\/fr\/comptoir-entrepreneurs-29-mars-mobiliser-vos-collaborateurs-developper-entretenir-strategie-dinnovation\/\" \/>\n<meta property=\"og:locale\" content=\"fr_FR\" \/>\n<meta property=\"og:type\" content=\"article\" \/>\n<meta property=\"og:title\" content=\"Comptoir des Entrepreneurs le 29 mars: comment mobiliser vos collaborateurs pour d\u00e9velopper et entretenir une strat\u00e9gie d&#039;innovation? - Peoplesphere\" \/>\n<meta property=\"og:description\" content=\"Quels sont les liens entre innovation et facteur humain? Rendez-vous le 29 mars prochain, lors du Comptoir des Entrepreneurs pour partager les t\u00e9moignages et projets de l&rsquo;ensemble des participants.\" \/>\n<meta property=\"og:url\" content=\"https:\/\/peoplesphere.be\/fr\/comptoir-entrepreneurs-29-mars-mobiliser-vos-collaborateurs-developper-entretenir-strategie-dinnovation\/\" \/>\n<meta property=\"og:site_name\" content=\"Peoplesphere\" \/>\n<meta property=\"article:publisher\" content=\"https:\/\/www.facebook.com\/peoplesphere\" \/>\n<meta property=\"article:published_time\" content=\"2018-02-26T15:13:31+00:00\" \/>\n<meta property=\"article:modified_time\" content=\"2018-03-08T12:22:38+00:00\" \/>\n<meta property=\"og:image\" content=\"http:\/\/www.peoplesphere.be\/fr\/wp-content\/uploads\/2016\/07\/facebook-default-posting-1200x628px.jpg\" \/>\n<meta name=\"author\" content=\"Jean-Paul Erhard\" \/>\n<meta name=\"twitter:card\" content=\"summary_large_image\" \/>\n<meta name=\"twitter:creator\" content=\"@PeoplesphereMag\" \/>\n<meta name=\"twitter:site\" content=\"@PeoplesphereMag\" \/>\n<meta name=\"twitter:label1\" content=\"\u00c9crit par\" \/>\n\t<meta name=\"twitter:data1\" content=\"Jean-Paul Erhard\" \/>\n\t<meta name=\"twitter:label2\" content=\"Dur\u00e9e de lecture estim\u00e9e\" \/>\n\t<meta name=\"twitter:data2\" content=\"1 minute\" \/>\n<script type=\"application\/ld+json\" class=\"yoast-schema-graph\">{\"@context\":\"https:\/\/schema.org\",\"@graph\":[{\"@type\":\"Article\",\"@id\":\"https:\/\/peoplesphere.be\/fr\/comptoir-entrepreneurs-29-mars-mobiliser-vos-collaborateurs-developper-entretenir-strategie-dinnovation\/#article\",\"isPartOf\":{\"@id\":\"https:\/\/peoplesphere.be\/fr\/comptoir-entrepreneurs-29-mars-mobiliser-vos-collaborateurs-developper-entretenir-strategie-dinnovation\/\"},\"author\":{\"name\":\"Jean-Paul Erhard\",\"@id\":\"https:\/\/peoplesphere.be\/fr\/#\/schema\/person\/7976225ff17988604334abb7b3536a7e\"},\"headline\":\"Comptoir des Entrepreneurs le 29 mars: comment mobiliser vos collaborateurs pour d\u00e9velopper et entretenir une strat\u00e9gie d&rsquo;innovation?\",\"datePublished\":\"2018-02-26T15:13:31+00:00\",\"dateModified\":\"2018-03-08T12:22:38+00:00\",\"mainEntityOfPage\":{\"@id\":\"https:\/\/peoplesphere.be\/fr\/comptoir-entrepreneurs-29-mars-mobiliser-vos-collaborateurs-developper-entretenir-strategie-dinnovation\/\"},\"wordCount\":312,\"publisher\":{\"@id\":\"https:\/\/peoplesphere.be\/fr\/#organization\"},\"keywords\":[\"Creative Wallonia\",\"engagement\",\"Engine\",\"entrepreneuriat\",\"Innovation\",\"intrapreneuriat\",\"motivation\"],\"articleSection\":[\"Calendrier\",\"Events\"],\"inLanguage\":\"fr-FR\"},{\"@type\":\"WebPage\",\"@id\":\"https:\/\/peoplesphere.be\/fr\/comptoir-entrepreneurs-29-mars-mobiliser-vos-collaborateurs-developper-entretenir-strategie-dinnovation\/\",\"url\":\"https:\/\/peoplesphere.be\/fr\/comptoir-entrepreneurs-29-mars-mobiliser-vos-collaborateurs-developper-entretenir-strategie-dinnovation\/\",\"name\":\"Comptoir des Entrepreneurs le 29 mars: comment mobiliser vos collaborateurs pour d\u00e9velopper et entretenir une strat\u00e9gie d'innovation? - Peoplesphere\",\"isPartOf\":{\"@id\":\"https:\/\/peoplesphere.be\/fr\/#website\"},\"datePublished\":\"2018-02-26T15:13:31+00:00\",\"dateModified\":\"2018-03-08T12:22:38+00:00\",\"breadcrumb\":{\"@id\":\"https:\/\/peoplesphere.be\/fr\/comptoir-entrepreneurs-29-mars-mobiliser-vos-collaborateurs-developper-entretenir-strategie-dinnovation\/#breadcrumb\"},\"inLanguage\":\"fr-FR\",\"potentialAction\":[{\"@type\":\"ReadAction\",\"target\":[\"https:\/\/peoplesphere.be\/fr\/comptoir-entrepreneurs-29-mars-mobiliser-vos-collaborateurs-developper-entretenir-strategie-dinnovation\/\"]}]},{\"@type\":\"BreadcrumbList\",\"@id\":\"https:\/\/peoplesphere.be\/fr\/comptoir-entrepreneurs-29-mars-mobiliser-vos-collaborateurs-developper-entretenir-strategie-dinnovation\/#breadcrumb\",\"itemListElement\":[{\"@type\":\"ListItem\",\"position\":1,\"name\":\"Accueil\",\"item\":\"https:\/\/peoplesphere.be\/fr\/\"},{\"@type\":\"ListItem\",\"position\":2,\"name\":\"Comptoir des Entrepreneurs le 29 mars: comment mobiliser vos collaborateurs pour d\u00e9velopper et entretenir une strat\u00e9gie d&rsquo;innovation?\"}]},{\"@type\":\"WebSite\",\"@id\":\"https:\/\/peoplesphere.be\/fr\/#website\",\"url\":\"https:\/\/peoplesphere.be\/fr\/\",\"name\":\"Peoplesphere\",\"description\":\"The People Managers Magazine\",\"publisher\":{\"@id\":\"https:\/\/peoplesphere.be\/fr\/#organization\"},\"potentialAction\":[{\"@type\":\"SearchAction\",\"target\":{\"@type\":\"EntryPoint\",\"urlTemplate\":\"https:\/\/peoplesphere.be\/fr\/?s={search_term_string}\"},\"query-input\":\"required name=search_term_string\"}],\"inLanguage\":\"fr-FR\"},{\"@type\":\"Organization\",\"@id\":\"https:\/\/peoplesphere.be\/fr\/#organization\",\"name\":\"Peoplesphere Company srl\",\"url\":\"https:\/\/peoplesphere.be\/fr\/\",\"logo\":{\"@type\":\"ImageObject\",\"inLanguage\":\"fr-FR\",\"@id\":\"https:\/\/peoplesphere.be\/fr\/#\/schema\/logo\/image\/\",\"url\":\"https:\/\/peoplesphere.be\/fr\/wp-content\/uploads\/2023\/07\/peoplesphere-lgo-new-generik.jpg\",\"contentUrl\":\"https:\/\/peoplesphere.be\/fr\/wp-content\/uploads\/2023\/07\/peoplesphere-lgo-new-generik.jpg\",\"width\":1031,\"height\":1479,\"caption\":\"Peoplesphere Company srl\"},\"image\":{\"@id\":\"https:\/\/peoplesphere.be\/fr\/#\/schema\/logo\/image\/\"},\"sameAs\":[\"https:\/\/www.facebook.com\/peoplesphere\",\"https:\/\/twitter.com\/PeoplesphereMag\",\"https:\/\/www.linkedin.com\/company\/7587361?trk\",\"http:\/\/youtube.com\/peoplesphere\"]},{\"@type\":\"Person\",\"@id\":\"https:\/\/peoplesphere.be\/fr\/#\/schema\/person\/7976225ff17988604334abb7b3536a7e\",\"name\":\"Jean-Paul Erhard\",\"image\":{\"@type\":\"ImageObject\",\"inLanguage\":\"fr-FR\",\"@id\":\"https:\/\/peoplesphere.be\/fr\/#\/schema\/person\/image\/\",\"url\":\"https:\/\/secure.gravatar.com\/avatar\/f941e681460179738071629a51574930?s=96&d=mm&r=g\",\"contentUrl\":\"https:\/\/secure.gravatar.com\/avatar\/f941e681460179738071629a51574930?s=96&d=mm&r=g\",\"caption\":\"Jean-Paul Erhard\"},\"url\":\"https:\/\/peoplesphere.be\/fr\/author\/jpe\/\"}]}<\/script>\n<!-- \/ Yoast SEO plugin. -->","yoast_head_json":{"title":"Comptoir des Entrepreneurs le 29 mars: comment mobiliser vos collaborateurs pour d\u00e9velopper et entretenir une strat\u00e9gie d'innovation? - Peoplesphere","robots":{"index":"index","follow":"follow","max-snippet":"max-snippet:-1","max-image-preview":"max-image-preview:large","max-video-preview":"max-video-preview:-1"},"canonical":"https:\/\/peoplesphere.be\/fr\/comptoir-entrepreneurs-29-mars-mobiliser-vos-collaborateurs-developper-entretenir-strategie-dinnovation\/","og_locale":"fr_FR","og_type":"article","og_title":"Comptoir des Entrepreneurs le 29 mars: comment mobiliser vos collaborateurs pour d\u00e9velopper et entretenir une strat\u00e9gie d'innovation? - Peoplesphere","og_description":"Quels sont les liens entre innovation et facteur humain? Rendez-vous le 29 mars prochain, lors du Comptoir des Entrepreneurs pour partager les t\u00e9moignages et projets de l&rsquo;ensemble des participants.","og_url":"https:\/\/peoplesphere.be\/fr\/comptoir-entrepreneurs-29-mars-mobiliser-vos-collaborateurs-developper-entretenir-strategie-dinnovation\/","og_site_name":"Peoplesphere","article_publisher":"https:\/\/www.facebook.com\/peoplesphere","article_published_time":"2018-02-26T15:13:31+00:00","article_modified_time":"2018-03-08T12:22:38+00:00","og_image":[{"url":"http:\/\/www.peoplesphere.be\/fr\/wp-content\/uploads\/2016\/07\/facebook-default-posting-1200x628px.jpg"}],"author":"Jean-Paul Erhard","twitter_card":"summary_large_image","twitter_creator":"@PeoplesphereMag","twitter_site":"@PeoplesphereMag","twitter_misc":{"\u00c9crit par":"Jean-Paul Erhard","Dur\u00e9e de lecture estim\u00e9e":"1 minute"},"schema":{"@context":"https:\/\/schema.org","@graph":[{"@type":"Article","@id":"https:\/\/peoplesphere.be\/fr\/comptoir-entrepreneurs-29-mars-mobiliser-vos-collaborateurs-developper-entretenir-strategie-dinnovation\/#article","isPartOf":{"@id":"https:\/\/peoplesphere.be\/fr\/comptoir-entrepreneurs-29-mars-mobiliser-vos-collaborateurs-developper-entretenir-strategie-dinnovation\/"},"author":{"name":"Jean-Paul Erhard","@id":"https:\/\/peoplesphere.be\/fr\/#\/schema\/person\/7976225ff17988604334abb7b3536a7e"},"headline":"Comptoir des Entrepreneurs le 29 mars: comment mobiliser vos collaborateurs pour d\u00e9velopper et entretenir une strat\u00e9gie d&rsquo;innovation?","datePublished":"2018-02-26T15:13:31+00:00","dateModified":"2018-03-08T12:22:38+00:00","mainEntityOfPage":{"@id":"https:\/\/peoplesphere.be\/fr\/comptoir-entrepreneurs-29-mars-mobiliser-vos-collaborateurs-developper-entretenir-strategie-dinnovation\/"},"wordCount":312,"publisher":{"@id":"https:\/\/peoplesphere.be\/fr\/#organization"},"keywords":["Creative Wallonia","engagement","Engine","entrepreneuriat","Innovation","intrapreneuriat","motivation"],"articleSection":["Calendrier","Events"],"inLanguage":"fr-FR"},{"@type":"WebPage","@id":"https:\/\/peoplesphere.be\/fr\/comptoir-entrepreneurs-29-mars-mobiliser-vos-collaborateurs-developper-entretenir-strategie-dinnovation\/","url":"https:\/\/peoplesphere.be\/fr\/comptoir-entrepreneurs-29-mars-mobiliser-vos-collaborateurs-developper-entretenir-strategie-dinnovation\/","name":"Comptoir des Entrepreneurs le 29 mars: comment mobiliser vos collaborateurs pour d\u00e9velopper et entretenir une strat\u00e9gie d'innovation? - Peoplesphere","isPartOf":{"@id":"https:\/\/peoplesphere.be\/fr\/#website"},"datePublished":"2018-02-26T15:13:31+00:00","dateModified":"2018-03-08T12:22:38+00:00","breadcrumb":{"@id":"https:\/\/peoplesphere.be\/fr\/comptoir-entrepreneurs-29-mars-mobiliser-vos-collaborateurs-developper-entretenir-strategie-dinnovation\/#breadcrumb"},"inLanguage":"fr-FR","potentialAction":[{"@type":"ReadAction","target":["https:\/\/peoplesphere.be\/fr\/comptoir-entrepreneurs-29-mars-mobiliser-vos-collaborateurs-developper-entretenir-strategie-dinnovation\/"]}]},{"@type":"BreadcrumbList","@id":"https:\/\/peoplesphere.be\/fr\/comptoir-entrepreneurs-29-mars-mobiliser-vos-collaborateurs-developper-entretenir-strategie-dinnovation\/#breadcrumb","itemListElement":[{"@type":"ListItem","position":1,"name":"Accueil","item":"https:\/\/peoplesphere.be\/fr\/"},{"@type":"ListItem","position":2,"name":"Comptoir des Entrepreneurs le 29 mars: comment mobiliser vos collaborateurs pour d\u00e9velopper et entretenir une strat\u00e9gie d&rsquo;innovation?"}]},{"@type":"WebSite","@id":"https:\/\/peoplesphere.be\/fr\/#website","url":"https:\/\/peoplesphere.be\/fr\/","name":"Peoplesphere","description":"The People Managers Magazine","publisher":{"@id":"https:\/\/peoplesphere.be\/fr\/#organization"},"potentialAction":[{"@type":"SearchAction","target":{"@type":"EntryPoint","urlTemplate":"https:\/\/peoplesphere.be\/fr\/?s={search_term_string}"},"query-input":"required name=search_term_string"}],"inLanguage":"fr-FR"},{"@type":"Organization","@id":"https:\/\/peoplesphere.be\/fr\/#organization","name":"Peoplesphere Company srl","url":"https:\/\/peoplesphere.be\/fr\/","logo":{"@type":"ImageObject","inLanguage":"fr-FR","@id":"https:\/\/peoplesphere.be\/fr\/#\/schema\/logo\/image\/","url":"https:\/\/peoplesphere.be\/fr\/wp-content\/uploads\/2023\/07\/peoplesphere-lgo-new-generik.jpg","contentUrl":"https:\/\/peoplesphere.be\/fr\/wp-content\/uploads\/2023\/07\/peoplesphere-lgo-new-generik.jpg","width":1031,"height":1479,"caption":"Peoplesphere Company srl"},"image":{"@id":"https:\/\/peoplesphere.be\/fr\/#\/schema\/logo\/image\/"},"sameAs":["https:\/\/www.facebook.com\/peoplesphere","https:\/\/twitter.com\/PeoplesphereMag","https:\/\/www.linkedin.com\/company\/7587361?trk","http:\/\/youtube.com\/peoplesphere"]},{"@type":"Person","@id":"https:\/\/peoplesphere.be\/fr\/#\/schema\/person\/7976225ff17988604334abb7b3536a7e","name":"Jean-Paul Erhard","image":{"@type":"ImageObject","inLanguage":"fr-FR","@id":"https:\/\/peoplesphere.be\/fr\/#\/schema\/person\/image\/","url":"https:\/\/secure.gravatar.com\/avatar\/f941e681460179738071629a51574930?s=96&d=mm&r=g","contentUrl":"https:\/\/secure.gravatar.com\/avatar\/f941e681460179738071629a51574930?s=96&d=mm&r=g","caption":"Jean-Paul Erhard"},"url":"https:\/\/peoplesphere.be\/fr\/author\/jpe\/"}]}},"_links":{"self":[{"href":"https:\/\/peoplesphere.be\/fr\/wp-json\/wp\/v2\/posts\/5649"}],"collection":[{"href":"https:\/\/peoplesphere.be\/fr\/wp-json\/wp\/v2\/posts"}],"about":[{"href":"https:\/\/peoplesphere.be\/fr\/wp-json\/wp\/v2\/types\/post"}],"author":[{"embeddable":true,"href":"https:\/\/peoplesphere.be\/fr\/wp-json\/wp\/v2\/users\/2"}],"replies":[{"embeddable":true,"href":"https:\/\/peoplesphere.be\/fr\/wp-json\/wp\/v2\/comments?post=5649"}],"version-history":[{"count":2,"href":"https:\/\/peoplesphere.be\/fr\/wp-json\/wp\/v2\/posts\/5649\/revisions"}],"predecessor-version":[{"id":5702,"href":"https:\/\/peoplesphere.be\/fr\/wp-json\/wp\/v2\/posts\/5649\/revisions\/5702"}],"wp:attachment":[{"href":"https:\/\/peoplesphere.be\/fr\/wp-json\/wp\/v2\/media?parent=5649"}],"wp:term":[{"taxonomy":"category","embeddable":true,"href":"https:\/\/peoplesphere.be\/fr\/wp-json\/wp\/v2\/categories?post=5649"},{"taxonomy":"post_tag","embeddable":true,"href":"https:\/\/peoplesphere.be\/fr\/wp-json\/wp\/v2\/tags?post=5649"}],"curies":[{"name":"wp","href":"https:\/\/api.w.org\/{rel}","templated":true}]}}